{"id":10625,"date":"2021-06-18T13:32:56","date_gmt":"2021-06-18T11:32:56","guid":{"rendered":"https:\/\/www.predsjednik.hr\/?post_type=news&#038;p=10625"},"modified":"2021-06-18T14:28:59","modified_gmt":"2021-06-18T12:28:59","slug":"president-milanovic-were-purchasing-rafale-fighter-jets-to-make-croatia-and-those-who-fly-them-more-secure","status":"publish","type":"news","link":"https:\/\/www.predsjednik.hr\/en\/news\/president-milanovic-were-purchasing-rafale-fighter-jets-to-make-croatia-and-those-who-fly-them-more-secure\/","title":{"rendered":"President Milanovi\u0107: We\u2019re Purchasing Rafale Fighter Jets to Make Croatia and Those Who Fly Them More Secure"},"content":{"rendered":"\n<p>The President of the Republic and Commander in Chief of the Croatian Armed Forces Zoran Milanovi\u0107 took part in an aviator badges presentation ceremony to the 25<sup>th<\/sup> generation of Croatian Air Force pilots in the \u201cPukovnik Marko \u017divkovi\u0107\u201c barracks at Pleso.<\/p>\n\n\n\n<p>Congratulating the pilots on successfully completing their studies, President Milanovi\u0107 told them that \u201cyour youth, your strong productive years will be marked by flying of which I have always been in awe\u201d. In the presence of the new air force pilots, the President talked about the procurement of fighter jets.<\/p>\n\n\n\n<p>\u201cToday, in accordance with a Government decision and the money of the Croatian people, we are close to the point of finalizing the procurement of the most modern or nearly most modern aircraft that no one in our neighbourhood has\u201d, President Milanovi\u0107 stated. He underscored that this is the right moment and the right period in our more recent history to obtain and secure something that will serve Croatia the next twenty or thirty years with the money that in reality represents less than the budget of the city of Zagreb. \u201cThis is a very long period. Our state will last much longer than that, but this is something that waited for the right moment and that moment has come\u201d, he noted.<\/p>\n\n\n\n<p>The President recalled that in the past Croatia had to procure its fighter aircraft under totally different circumstances. Referring to the procurement of fighter aircraft during the Homeland War, he said: \u201cAt that time it was possible to procure such things only thanks to the competence, ingenuity, even insolence of the people who led Croatia and who defended it from the aggressors and occupying forces. That was the only way to lead the country and all the praise goes to those who succeeded during conditions of an unfair and dishonourable embargo that was forced upon Croatia. Croatia and its leaders had to be ingenious for something that meant the difference between life and death, freedom and lack of freedom. Thanks to them for that\u201d, the President said.<\/p>\n\n\n\n<p>\u201cNow we are entering a new period and you will be proud. It\u2019ll be prestigious in your careers. You\u2019ll just have the time to be mature to fly and train your other younger colleagues in something that is modern, excellent and top-notch. Croatia is procuring Rafale fighter jets for us to be more secure and that those who fly them to be more secure. This is something that is respected, and that frightens the enemy whoever he may be\u201d, President Milanovi\u0107 concluded.<\/p>\n\n\n\n<p>The President of the Republic and Commander in Chief of the Croatian Armed Forces presented certificates and aviator badges to five pilots of the Croatian Air Force in the company of Defense Minister Mario Bano\u017ei\u0107, the Chief of the General Staff of the Croatian Armed Forces Admiral Robert Hranj and the Commander of the Croatian Air Force Brigadier General Michael Kri\u017eanec.<\/p>\n\n\n\n<p>Accompanying President Milanovi\u0107 at the ceremony were the Head of the Cabinet of the President of the Republic of Croatia Bartol \u0160imuni\u0107 and the Adviser to the President of the Republic of Croatia for Defense and National Security Dragan Lozan\u010di\u0107.<\/p>\n\n\n<!--GALLERY BLOCK-->\n<div class=\"c-lightbox-gallery js-lightbox\">\n                <!--single-->\n            <a data-no-swup class=\"c-lightbox-gallery__single js-lightbox-single\"\n               href=\"https:\/\/www.predsjednik.hr\/wp-content\/uploads\/2021\/06\/DSC_4606-1024x576.jpg\"\n               style=\"background-image: url('https:\/\/www.predsjednik.hr\/wp-content\/uploads\/2021\/06\/DSC_4606-768x432.jpg')\"><\/a>\n            <!--end single-->\n                    <!--single-->\n            <a data-no-swup class=\"c-lightbox-gallery__single js-lightbox-single\"\n               href=\"https:\/\/www.predsjednik.hr\/wp-content\/uploads\/2021\/06\/DSC_4610-1024x576.jpg\"\n               style=\"background-image: url('https:\/\/www.predsjednik.hr\/wp-content\/uploads\/2021\/06\/DSC_4610-768x432.jpg')\"><\/a>\n            <!--end single-->\n                    <!--single-->\n            <a data-no-swup class=\"c-lightbox-gallery__single js-lightbox-single\"\n               href=\"https:\/\/www.predsjednik.hr\/wp-content\/uploads\/2021\/06\/DSC_4614-1024x576.jpg\"\n               style=\"background-image: url('https:\/\/www.predsjednik.hr\/wp-content\/uploads\/2021\/06\/DSC_4614-768x432.jpg')\"><\/a>\n            <!--end single-->\n                    <!--single-->\n            <a data-no-swup class=\"c-lightbox-gallery__single js-lightbox-single\"\n               href=\"https:\/\/www.predsjednik.hr\/wp-content\/uploads\/2021\/06\/DSC_4655-1024x576.jpg\"\n               style=\"background-image: url('https:\/\/www.predsjednik.hr\/wp-content\/uploads\/2021\/06\/DSC_4655-768x432.jpg')\"><\/a>\n            <!--end single-->\n                    <!--single-->\n            <a data-no-swup class=\"c-lightbox-gallery__single js-lightbox-single\"\n               href=\"https:\/\/www.predsjednik.hr\/wp-content\/uploads\/2021\/06\/DSC_4670-1024x576.jpg\"\n               style=\"background-image: url('https:\/\/www.predsjednik.hr\/wp-content\/uploads\/2021\/06\/DSC_4670-768x432.jpg')\"><\/a>\n            <!--end single-->\n                    <!--single-->\n            <a data-no-swup class=\"c-lightbox-gallery__single js-lightbox-single\"\n               href=\"https:\/\/www.predsjednik.hr\/wp-content\/uploads\/2021\/06\/DSC_4838-1024x768.jpg\"\n               style=\"background-image: url('https:\/\/www.predsjednik.hr\/wp-content\/uploads\/2021\/06\/DSC_4838-768x576.jpg')\"><\/a>\n            <!--end single-->\n                    <!--single-->\n            <a data-no-swup class=\"c-lightbox-gallery__single js-lightbox-single\"\n               href=\"https:\/\/www.predsjednik.hr\/wp-content\/uploads\/2021\/06\/DSC_4862-1024x576.jpg\"\n               style=\"background-image: url('https:\/\/www.predsjednik.hr\/wp-content\/uploads\/2021\/06\/DSC_4862-768x432.jpg')\"><\/a>\n            <!--end single-->\n                    <!--single-->\n            <a data-no-swup class=\"c-lightbox-gallery__single js-lightbox-single\"\n               href=\"https:\/\/www.predsjednik.hr\/wp-content\/uploads\/2021\/06\/DSC_4821-1024x768.jpg\"\n               style=\"background-image: url('https:\/\/www.predsjednik.hr\/wp-content\/uploads\/2021\/06\/DSC_4821-768x576.jpg')\"><\/a>\n            <!--end single-->\n                    <!--single-->\n            <a data-no-swup class=\"c-lightbox-gallery__single js-lightbox-single\"\n               href=\"https:\/\/www.predsjednik.hr\/wp-content\/uploads\/2021\/06\/DSC_4947-1024x768.jpg\"\n               style=\"background-image: url('https:\/\/www.predsjednik.hr\/wp-content\/uploads\/2021\/06\/DSC_4947-768x576.jpg')\"><\/a>\n            <!--end single-->\n                    <!--single-->\n            <a data-no-swup class=\"c-lightbox-gallery__single js-lightbox-single\"\n               href=\"https:\/\/www.predsjednik.hr\/wp-content\/uploads\/2021\/06\/DSC_4960-1024x576.jpg\"\n               style=\"background-image: url('https:\/\/www.predsjednik.hr\/wp-content\/uploads\/2021\/06\/DSC_4960-768x432.jpg')\"><\/a>\n            <!--end single-->\n                    <!--single-->\n            <a data-no-swup class=\"c-lightbox-gallery__single js-lightbox-single\"\n               href=\"https:\/\/www.predsjednik.hr\/wp-content\/uploads\/2021\/06\/DSC_5009-1024x768.jpg\"\n               style=\"background-image: url('https:\/\/www.predsjednik.hr\/wp-content\/uploads\/2021\/06\/DSC_5009-768x576.jpg')\"><\/a>\n            <!--end single-->\n                    <!--single-->\n            <a data-no-swup class=\"c-lightbox-gallery__single js-lightbox-single\"\n               href=\"https:\/\/www.predsjednik.hr\/wp-content\/uploads\/2021\/06\/DSC_5102-1024x576.jpg\"\n               style=\"background-image: url('https:\/\/www.predsjednik.hr\/wp-content\/uploads\/2021\/06\/DSC_5102-768x432.jpg')\"><\/a>\n            <!--end single-->\n                    <!--single-->\n            <a data-no-swup class=\"c-lightbox-gallery__single js-lightbox-single\"\n               href=\"https:\/\/www.predsjednik.hr\/wp-content\/uploads\/2021\/06\/DSC_5157-1024x576.jpg\"\n               style=\"background-image: url('https:\/\/www.predsjednik.hr\/wp-content\/uploads\/2021\/06\/DSC_5157-768x432.jpg')\"><\/a>\n            <!--end single-->\n        <\/div>\n<!--end GALLERY BLOCK-->\n\n\n\n<p>PHOTO: Office of the President of the Republic of Croatia \/ Ana Marija Kati\u0107<\/p>\n","protected":false},"excerpt":{"rendered":"<p>The President of the Republic and Commander in Chief of the Croatian Armed Forces Zoran Milanovi\u0107 took part in an aviator badges presentation ceremony to the 25th generation of Croatian Air Force pilots in the \u201cPukovnik Marko \u017divkovi\u0107\u201c barracks at Pleso.<\/p>\n","protected":false},"featured_media":10622,"template":"","news-cat":[12],"class_list":["post-10625","news","type-news","status-publish","has-post-thumbnail","hentry","news-cat-news"],"acf":[],"yoast_head":"<!-- This site is optimized with the Yoast SEO plugin v27.5 - https:\/\/yoast.com\/product\/yoast-seo-wordpress\/ -->\n<title>President Milanovi\u0107: We\u2019re Purchasing Rafale Fighter Jets to Make Croatia and Those Who Fly Them More Secure - President of the Republic of Croatia - Zoran Milanovi\u0107<\/title>\n<meta name=\"robots\" content=\"index, follow, max-snippet:-1, max-image-preview:large, max-video-preview:-1\" \/>\n<link rel=\"canonical\" href=\"https:\/\/www.predsjednik.hr\/en\/news\/president-milanovic-were-purchasing-rafale-fighter-jets-to-make-croatia-and-those-who-fly-them-more-secure\/\" \/>\n<meta property=\"og:locale\" content=\"en_US\" \/>\n<meta property=\"og:type\" content=\"article\" \/>\n<meta property=\"og:title\" content=\"President Milanovi\u0107: We\u2019re Purchasing Rafale Fighter Jets to Make Croatia and Those Who Fly Them More Secure - President of the Republic of Croatia - Zoran Milanovi\u0107\" \/>\n<meta property=\"og:description\" content=\"The President of the Republic and Commander in Chief of the Croatian Armed Forces Zoran Milanovi\u0107 took part in an aviator badges presentation ceremony to the 25th generation of Croatian Air Force pilots in the \u201cPukovnik Marko \u017divkovi\u0107\u201c barracks at Pleso.\" \/>\n<meta property=\"og:url\" content=\"https:\/\/www.predsjednik.hr\/en\/news\/president-milanovic-were-purchasing-rafale-fighter-jets-to-make-croatia-and-those-who-fly-them-more-secure\/\" \/>\n<meta property=\"og:site_name\" content=\"President of the Republic of Croatia - Zoran Milanovi\u0107\" \/>\n<meta property=\"article:modified_time\" content=\"2021-06-18T12:28:59+00:00\" \/>\n<meta property=\"og:image\" content=\"https:\/\/www.predsjednik.hr\/wp-content\/uploads\/2021\/06\/DSC_5102.jpg\" \/>\n\t<meta property=\"og:image:width\" content=\"3665\" \/>\n\t<meta property=\"og:image:height\" content=\"2062\" \/>\n\t<meta property=\"og:image:type\" content=\"image\/jpeg\" \/>\n<meta name=\"twitter:card\" content=\"summary_large_image\" \/>\n<meta name=\"twitter:label1\" content=\"Est. reading time\" \/>\n\t<meta name=\"twitter:data1\" content=\"3 minutes\" \/>\n<script type=\"application\/ld+json\" class=\"yoast-schema-graph\">{\"@context\":\"https:\\\/\\\/schema.org\",\"@graph\":[{\"@type\":\"WebPage\",\"@id\":\"https:\\\/\\\/www.predsjednik.hr\\\/en\\\/news\\\/president-milanovic-were-purchasing-rafale-fighter-jets-to-make-croatia-and-those-who-fly-them-more-secure\\\/\",\"url\":\"https:\\\/\\\/www.predsjednik.hr\\\/en\\\/news\\\/president-milanovic-were-purchasing-rafale-fighter-jets-to-make-croatia-and-those-who-fly-them-more-secure\\\/\",\"name\":\"President Milanovi\u0107: We\u2019re Purchasing Rafale Fighter Jets to Make Croatia and Those Who Fly Them More Secure - President of the Republic of Croatia - Zoran Milanovi\u0107\",\"isPartOf\":{\"@id\":\"https:\\\/\\\/www.predsjednik.hr\\\/en\\\/#website\"},\"primaryImageOfPage\":{\"@id\":\"https:\\\/\\\/www.predsjednik.hr\\\/en\\\/news\\\/president-milanovic-were-purchasing-rafale-fighter-jets-to-make-croatia-and-those-who-fly-them-more-secure\\\/#primaryimage\"},\"image\":{\"@id\":\"https:\\\/\\\/www.predsjednik.hr\\\/en\\\/news\\\/president-milanovic-were-purchasing-rafale-fighter-jets-to-make-croatia-and-those-who-fly-them-more-secure\\\/#primaryimage\"},\"thumbnailUrl\":\"https:\\\/\\\/www.predsjednik.hr\\\/wp-content\\\/uploads\\\/2021\\\/06\\\/DSC_5102.jpg\",\"datePublished\":\"2021-06-18T11:32:56+00:00\",\"dateModified\":\"2021-06-18T12:28:59+00:00\",\"breadcrumb\":{\"@id\":\"https:\\\/\\\/www.predsjednik.hr\\\/en\\\/news\\\/president-milanovic-were-purchasing-rafale-fighter-jets-to-make-croatia-and-those-who-fly-them-more-secure\\\/#breadcrumb\"},\"inLanguage\":\"en-US\",\"potentialAction\":[{\"@type\":\"ReadAction\",\"target\":[\"https:\\\/\\\/www.predsjednik.hr\\\/en\\\/news\\\/president-milanovic-were-purchasing-rafale-fighter-jets-to-make-croatia-and-those-who-fly-them-more-secure\\\/\"]}]},{\"@type\":\"ImageObject\",\"inLanguage\":\"en-US\",\"@id\":\"https:\\\/\\\/www.predsjednik.hr\\\/en\\\/news\\\/president-milanovic-were-purchasing-rafale-fighter-jets-to-make-croatia-and-those-who-fly-them-more-secure\\\/#primaryimage\",\"url\":\"https:\\\/\\\/www.predsjednik.hr\\\/wp-content\\\/uploads\\\/2021\\\/06\\\/DSC_5102.jpg\",\"contentUrl\":\"https:\\\/\\\/www.predsjednik.hr\\\/wp-content\\\/uploads\\\/2021\\\/06\\\/DSC_5102.jpg\",\"width\":3665,\"height\":2062,\"caption\":\"The President of the Republic and Commander in Chief of the Croatian Armed Forces Zoran Milanovi\u0107 took part in an aviator badges presentation ceremony to the 25th generation of Croatian Air Force pilots in the \u201cPukovnik Marko \u017divkovi\u0107\u201c barracks at Pleso.\"},{\"@type\":\"BreadcrumbList\",\"@id\":\"https:\\\/\\\/www.predsjednik.hr\\\/en\\\/news\\\/president-milanovic-were-purchasing-rafale-fighter-jets-to-make-croatia-and-those-who-fly-them-more-secure\\\/#breadcrumb\",\"itemListElement\":[{\"@type\":\"ListItem\",\"position\":1,\"name\":\"Home\",\"item\":\"https:\\\/\\\/www.predsjednik.hr\\\/en\\\/\"},{\"@type\":\"ListItem\",\"position\":2,\"name\":\"Vijesti\",\"item\":\"https:\\\/\\\/www.predsjednik.hr\\\/en\\\/news\\\/\"},{\"@type\":\"ListItem\",\"position\":3,\"name\":\"President Milanovi\u0107: We\u2019re Purchasing Rafale Fighter Jets to Make Croatia and Those Who Fly Them More Secure\"}]},{\"@type\":\"WebSite\",\"@id\":\"https:\\\/\\\/www.predsjednik.hr\\\/en\\\/#website\",\"url\":\"https:\\\/\\\/www.predsjednik.hr\\\/en\\\/\",\"name\":\"President of the Republic of Croatia - Zoran Milanovi\u0107\",\"description\":\"Just another WordPress site\",\"potentialAction\":[{\"@type\":\"SearchAction\",\"target\":{\"@type\":\"EntryPoint\",\"urlTemplate\":\"https:\\\/\\\/www.predsjednik.hr\\\/en\\\/?s={search_term_string}\"},\"query-input\":{\"@type\":\"PropertyValueSpecification\",\"valueRequired\":true,\"valueName\":\"search_term_string\"}}],\"inLanguage\":\"en-US\"}]}<\/script>\n<!-- \/ Yoast SEO plugin. -->","yoast_head_json":{"title":"President Milanovi\u0107: We\u2019re Purchasing Rafale Fighter Jets to Make Croatia and Those Who Fly Them More Secure - President of the Republic of Croatia - Zoran Milanovi\u0107","robots":{"index":"index","follow":"follow","max-snippet":"max-snippet:-1","max-image-preview":"max-image-preview:large","max-video-preview":"max-video-preview:-1"},"canonical":"https:\/\/www.predsjednik.hr\/en\/news\/president-milanovic-were-purchasing-rafale-fighter-jets-to-make-croatia-and-those-who-fly-them-more-secure\/","og_locale":"en_US","og_type":"article","og_title":"President Milanovi\u0107: We\u2019re Purchasing Rafale Fighter Jets to Make Croatia and Those Who Fly Them More Secure - President of the Republic of Croatia - Zoran Milanovi\u0107","og_description":"The President of the Republic and Commander in Chief of the Croatian Armed Forces Zoran Milanovi\u0107 took part in an aviator badges presentation ceremony to the 25th generation of Croatian Air Force pilots in the \u201cPukovnik Marko \u017divkovi\u0107\u201c barracks at Pleso.","og_url":"https:\/\/www.predsjednik.hr\/en\/news\/president-milanovic-were-purchasing-rafale-fighter-jets-to-make-croatia-and-those-who-fly-them-more-secure\/","og_site_name":"President of the Republic of Croatia - Zoran Milanovi\u0107","article_modified_time":"2021-06-18T12:28:59+00:00","og_image":[{"width":3665,"height":2062,"url":"https:\/\/www.predsjednik.hr\/wp-content\/uploads\/2021\/06\/DSC_5102.jpg","type":"image\/jpeg"}],"twitter_card":"summary_large_image","twitter_misc":{"Est. reading time":"3 minutes"},"schema":{"@context":"https:\/\/schema.org","@graph":[{"@type":"WebPage","@id":"https:\/\/www.predsjednik.hr\/en\/news\/president-milanovic-were-purchasing-rafale-fighter-jets-to-make-croatia-and-those-who-fly-them-more-secure\/","url":"https:\/\/www.predsjednik.hr\/en\/news\/president-milanovic-were-purchasing-rafale-fighter-jets-to-make-croatia-and-those-who-fly-them-more-secure\/","name":"President Milanovi\u0107: We\u2019re Purchasing Rafale Fighter Jets to Make Croatia and Those Who Fly Them More Secure - President of the Republic of Croatia - Zoran Milanovi\u0107","isPartOf":{"@id":"https:\/\/www.predsjednik.hr\/en\/#website"},"primaryImageOfPage":{"@id":"https:\/\/www.predsjednik.hr\/en\/news\/president-milanovic-were-purchasing-rafale-fighter-jets-to-make-croatia-and-those-who-fly-them-more-secure\/#primaryimage"},"image":{"@id":"https:\/\/www.predsjednik.hr\/en\/news\/president-milanovic-were-purchasing-rafale-fighter-jets-to-make-croatia-and-those-who-fly-them-more-secure\/#primaryimage"},"thumbnailUrl":"https:\/\/www.predsjednik.hr\/wp-content\/uploads\/2021\/06\/DSC_5102.jpg","datePublished":"2021-06-18T11:32:56+00:00","dateModified":"2021-06-18T12:28:59+00:00","breadcrumb":{"@id":"https:\/\/www.predsjednik.hr\/en\/news\/president-milanovic-were-purchasing-rafale-fighter-jets-to-make-croatia-and-those-who-fly-them-more-secure\/#breadcrumb"},"inLanguage":"en-US","potentialAction":[{"@type":"ReadAction","target":["https:\/\/www.predsjednik.hr\/en\/news\/president-milanovic-were-purchasing-rafale-fighter-jets-to-make-croatia-and-those-who-fly-them-more-secure\/"]}]},{"@type":"ImageObject","inLanguage":"en-US","@id":"https:\/\/www.predsjednik.hr\/en\/news\/president-milanovic-were-purchasing-rafale-fighter-jets-to-make-croatia-and-those-who-fly-them-more-secure\/#primaryimage","url":"https:\/\/www.predsjednik.hr\/wp-content\/uploads\/2021\/06\/DSC_5102.jpg","contentUrl":"https:\/\/www.predsjednik.hr\/wp-content\/uploads\/2021\/06\/DSC_5102.jpg","width":3665,"height":2062,"caption":"The President of the Republic and Commander in Chief of the Croatian Armed Forces Zoran Milanovi\u0107 took part in an aviator badges presentation ceremony to the 25th generation of Croatian Air Force pilots in the \u201cPukovnik Marko \u017divkovi\u0107\u201c barracks at Pleso."},{"@type":"BreadcrumbList","@id":"https:\/\/www.predsjednik.hr\/en\/news\/president-milanovic-were-purchasing-rafale-fighter-jets-to-make-croatia-and-those-who-fly-them-more-secure\/#breadcrumb","itemListElement":[{"@type":"ListItem","position":1,"name":"Home","item":"https:\/\/www.predsjednik.hr\/en\/"},{"@type":"ListItem","position":2,"name":"Vijesti","item":"https:\/\/www.predsjednik.hr\/en\/news\/"},{"@type":"ListItem","position":3,"name":"President Milanovi\u0107: We\u2019re Purchasing Rafale Fighter Jets to Make Croatia and Those Who Fly Them More Secure"}]},{"@type":"WebSite","@id":"https:\/\/www.predsjednik.hr\/en\/#website","url":"https:\/\/www.predsjednik.hr\/en\/","name":"President of the Republic of Croatia - Zoran Milanovi\u0107","description":"Just another WordPress site","potentialAction":[{"@type":"SearchAction","target":{"@type":"EntryPoint","urlTemplate":"https:\/\/www.predsjednik.hr\/en\/?s={search_term_string}"},"query-input":{"@type":"PropertyValueSpecification","valueRequired":true,"valueName":"search_term_string"}}],"inLanguage":"en-US"}]}},"_links":{"self":[{"href":"https:\/\/www.predsjednik.hr\/en\/wp-json\/wp\/v2\/news\/10625","targetHints":{"allow":["GET"]}}],"collection":[{"href":"https:\/\/www.predsjednik.hr\/en\/wp-json\/wp\/v2\/news"}],"about":[{"href":"https:\/\/www.predsjednik.hr\/en\/wp-json\/wp\/v2\/types\/news"}],"wp:featuredmedia":[{"embeddable":true,"href":"https:\/\/www.predsjednik.hr\/en\/wp-json\/wp\/v2\/media\/10622"}],"wp:attachment":[{"href":"https:\/\/www.predsjednik.hr\/en\/wp-json\/wp\/v2\/media?parent=10625"}],"wp:term":[{"taxonomy":"news-cat","embeddable":true,"href":"https:\/\/www.predsjednik.hr\/en\/wp-json\/wp\/v2\/news-cat?post=10625"}],"curies":[{"name":"wp","href":"https:\/\/api.w.org\/{rel}","templated":true}]}}