{"id":11550,"date":"2021-08-07T10:02:06","date_gmt":"2021-08-07T08:02:06","guid":{"rendered":"https:\/\/www.predsjednik.hr\/?post_type=news&#038;p=11550"},"modified":"2021-08-07T10:02:08","modified_gmt":"2021-08-07T08:02:08","slug":"president-milanovic-at-victory-and-homeland-gratitude-day-ceremony-operation-storm-one-of-the-boldest-and-best-planned-feats-in-croatian-history","status":"publish","type":"news","link":"https:\/\/www.predsjednik.hr\/en\/news\/president-milanovic-at-victory-and-homeland-gratitude-day-ceremony-operation-storm-one-of-the-boldest-and-best-planned-feats-in-croatian-history\/","title":{"rendered":"President Milanovi\u0107 at Victory and Homeland Gratitude Day Ceremony: Operation Storm \u2013 One of the Boldest and Best Planned Feats in Croatian History"},"content":{"rendered":"\n<p>The President of the Republic and Commander in Chief of the Croatian Armed Forces Zoran Milanovi\u0107 attended the ceremony of Victory and Homeland Gratitude Day and Croatian Defenders Day, and the 26<sup>th<\/sup> anniversary of the joint military and police Operation Storm in Knin.<\/p>\n\n\n\n<p>Following the wreath-laying ceremony, the President addressed the gathering at the main celebration held at \u201cDinara\u201d Football Club stadium: \u201cDear friends, mothers, fathers, relatives of fallen Croatian heroes, missing defenders, Croatian soldiers, Croatian police officers, brothers in arms whose joint actions resulted in defending and liberating Croatia, all of them Croatian citizens, Croatian women and men, and all those who feel so, those who are loyal to this country and who love it \u2013 happy Victory Day, Homeland Gratitude Day and Croatian Defenders Day!<\/p>\n\n\n\n<p>Operation Storm was one of the boldest and best planned feats in Croatian history. This was no ordinary business transaction. The people who advanced at dawn on the 4<sup>th<\/sup> to the 5<sup>th<\/sup> (of August) via the Miljevci Plateau \u2013 where I arrived from this morning and last year in Knin \u2013 who knows what all went through the minds of those young men at the time. It certainly wasn\u2019t peace of mind, most probably fear, as well as hope and faith in a victory. Fear, man\u2019s damn companion, but sometimes wise adviser was not stronger than they were. There was nothing else but courage and love, not foolishness, it was courage and good organization. I often wish that the Croatian state were as organized and disciplined in its aspirations, ambitions, activities, successes and confusion, although in a democratic society, as the Croatian army was at that time.<\/p>\n\n\n\n<p>Here on Vje\u0161ti\u0107 Gora, located on the territory of Bosnia and Herzegovina, on the Dinara mountain range, the Croatian army was for months making plans for an encirclement to defeat the enemy in these areas as well as towards the south and all over. In 1991 the Croatian army was not by far the army it was in 1995. It developed through work, successes and rare defeats, by procuring arms, which was by no means an ordinary business decision, but a job on the fringe and on the dark side of international law. Someone had to lead all of this, but even in 1995 the Croatian army was not a superior military power in terms of technology, it had no modern air force. It had more capabilities than in 1991, but the human factor was crucial. Today when we are developing and procuring state-of-the-art technology, which I wholeheartedly welcome, there\u2019s still nothing without people.<\/p>\n\n\n\n<p>Let us recall some of those people, here in this region, since we are here today. This is not the only battlefield, but perhaps the most important one: sons of Dalmatia, of the Cetina River region, of the Zagora region, of Bosnia and Herzegovina. Several thousands of them, but no more, as always a small number of right people who put their lives on the line. Their mothers, girlfriends, fathers and friends dreading the worst, yet they accomplished something that in its approach to the tasks and organization seldom happens in Croatian history. The pressure and the fear were immense. Those are our commanders, professional soldiers, but also individuals who had no connection to the army until the war and would very unlikely have had any had the war not caught them on their doorstep. They are: Ante Gotovina, Rahim Ademi, Damir Krsti\u010devi\u0107, Ante Kotromanovi\u0107 and the late commander of the Pumas Ivan Korade. Those are individuals without whom this wouldn\u2019t be possible today. And of course there is the political leadership that can do nothing without top notch soldiers, without faith and enthusiasm, but when the two are combined giving what is called synergy, I call this enthusiasm, passion and love. Those were the President of the Republic Franjo Tu\u0111man and two key wartime ministers \u2013 Gojko \u0160u\u0161ak and Ivan Jarnjak, for whom I regret that he is not here today. But I suppose he will be next year. Without a few good people, key people at key moments no major undertaking can succeed.<\/p>\n\n\n\n<p>Last year we had a celebration of gestures. Aware that we have nothing to hide, nothing to be ashamed of, that around a war, in a war and after a war there were actions and crimes that were prohibited. However, crimes were committed by all sides. We talk and should talk about all crimes. I\u2019m not an advocate of the principle that every victim is equal, every victim cannot be equal because in the end every victim will be less significant. Every victim killed is already a victim killed. People of both Croatian and Serbian ethnicity were killed. I have no problem with gestures since my entire political career was very often a gesture towards the weaker one, in this case in Croatia the members of the minority ethnic communities. I belong to the Croatian community and the Croatian state.<\/p>\n\n\n\n<p>Events in Oklaj village across Promina mountain should not be forgotten not because we want to rub it making someone feel responsible, or put an equal sign between two things, because here there is no equal sign. The pain is so severe on both sides that the lever at the centre of the weighing scale is threatening to break. These people were killed not in 1991, but in 1992, 1993 and in 1994 on their doorstep, elderly people, grandmothers and grandfathers, people who were naive enough to think that they could remain in their homes, yet were nevertheless killed. There was a betrayal of fundamental human trust. Practically no one has been called to account for these killings. It should be stressed that these were dozens of people who deserved dutiful respect. Those people were all citizens of our state.<\/p>\n\n\n\n<p>Another matter I would like to bring up here since those who have spoken before me, namely the Prime Minister, have talked about important development issues. I will talk about a security issue. Twenty-six years since the war have passed, a difficult series, not episodes, of relations with the Hague tribunal in which we were held accountable for some things, and also accused for things that have nothing to do with common sense. Even today in neighbouring countries, including Bosnia and Herzegovina, which I want to believe is our friend,&nbsp;we are still witnessing accusations piling up against Croatian wartime commanders for unproven or fabricated crimes of&nbsp;collective or command responsibility of twenty-six years ago. This is not good for our joint relations. In this case, the Croatian state, the totality of the Croatian state, not only the government, but other institutions, should simply say no to such accusations. These individuals will not be put on trial in Croatia and we will protect them at any cost. Just like that! Those are our wartime commanders. We can expect to be taken seriously. Indeed we don\u2019t want anything that isn\u2019t ours, this area has always been settled by the strongest, the toughest, it was hard to survive here. All those battles, all those wars here were in fact wars to take control of the territory, but not to take control of a territory where life was easy and carefree. And now we are where we are. Croatian men and women, a small nation, a small community, a community of spirit, not of soil and blood, a community of upbringing, awareness of a common origin, certain mutual features and a joint journey from the present through to the future.<\/p>\n\n\n\n<p>If we begin to feel sorry for ourselves and consider ourselves victims, complain, I understand the motives, that there aren\u2019t enough of us, that we\u2019ll face extinction, we won\u2019t make much progress. There\u2019s no threat of extinction or disappearance! It\u2019s a fact that this area, as unfortunate and difficult as it is, came to be at all, and that in general several million have survived for one hundred and fifty years to this day. That we are less populous now than 20 years ago is no cause for alarm. There is reason for the creative energy of this nation to be encouraged first of all by the political authorities. We shall not become extinct. Our circumstances are not more difficult, and they were never more favourable than they are today. We are in the European Union, there are enough of us. We have to define our national interests in terms of population policy. How many people will we import to do the jobs that Croatian people don\u2019t want to or can\u2019t do anymore? How will we conduct ourselves towards them and do all of this with a cool head. I will repeat something that I say quite often and I think I won\u2019t be wrongly understood \u2013 selfishly, as a nation. Not evil, not maliciously, but selfishly and in our own interest.<\/p>\n\n\n\n<p>As we and I have presented decorations this year, I believe to the last group of wartime commanders and units, including Bosnia and Herzegovina, not to be malicious towards anyone on the other side, but because these individuals deserve it. That is our debt of honour. And here I have no authority, but my conscience and an expectation that Croatian people will understand. And that is why I once again thank from the bottom of my heart all those who were unselfish and that small number of right people who put themselves out for Croatia with limited resources in circumstances of semi-isolation, in circumstances when even our major allies didn\u2019t say \u201cgo ahead\u201d, but \u201cgo, if you stumble we\u2019ll see, if you succeed we\u2019ll see\u201d. That was far from what was assigned. Therefore, we are our only ally. We\u2019re not autistic, we\u2019re not isolated, we recognize our friends and allies. I hope we have enough experience in this these days, but this victory is exclusively and purely a Croatian victory. The victory of Croatian weapons, Croatian planning, Croatian faith and enthusiasm that we are capable of achieving our state, and that it is better than the states of those we had conflicts with.<\/p>\n\n\n\n<p>I wish them all the best! I hope, probably in vain, that this year we will avoid petty incriminations and recriminations. We are for cooperation. We cannot give up on our missing persons. We cannot give up looking for several thousand people or at least two thousand people whose fate we don\u2019t know, and we cannot agree for them to be put on an equal footing with those who are supposedly also missing in Croatia, but are of another ethnicity. They are all our citizens. We\u2019re not doing this out of malice, we\u2019re doing this not just because we feel we should, there\u2019s no authority in Croatia that would turn a deaf ear and act as if this problem didn\u2019t exist. This is also a message to our friends or neighbours in Belgrade. Everything else can be agreed upon, we can even negotiate. Negotiating has created rich nations out of the most cunning and most ambitious ones, and money buys security, builds walls like in Dubrovnik, weapons, culture, intelligence and everything else that distinguishes between civilization and barbarism.<\/p>\n\n\n\n<p>Dear friends, in memory of all those who have fallen, all the glorious living and deceased Croatian commanders, those who have given everything when many didn\u2019t know what or how, thank you very much! Long live! Long live our homeland the Republic of Croatia!<\/p>\n\n\n\n<p>Thank you!\u201d<\/p>\n\n\n\n<p>Prior to the main ceremony, President Milanovi\u0107 laid a wreath and lit a candle in front of the Memorial to the Croatian Victory \u201cOluja 95\u201d. Alongside President Milanovi\u0107 were the Head of Office of the President of the Republic Orsat Miljeni\u0107, the Chief of the General Staff of the Croatian Armed Forces Admiral Robert Hranj, the Adviser to the President of the Republic for Defense and National Security Dragan Lozan\u010di\u0107 and the Special Adviser to the President of the Republic for Homeland War Veterans Marijan Marekovi\u0107.<\/p>\n\n\n\n<p>Joining the President of the Republic and Commander in Chief of the Croatian Armed Forces at the wreath-laying and candle-lighting ceremony was a delegation of counties, cities and municipalities led by \u0160ibenik-Knin County Prefect Marko Jeli\u0107 and Mayor of Knin Marijo \u0106a\u0107i\u0107.<\/p>\n\n\n<!--GALLERY BLOCK-->\n<div class=\"c-lightbox-gallery js-lightbox\">\n                <!--single-->\n            <a data-no-swup class=\"c-lightbox-gallery__single js-lightbox-single\"\n               href=\"https:\/\/www.predsjednik.hr\/wp-content\/uploads\/2021\/08\/DSC_62051-1024x731.jpg\"\n               style=\"background-image: url('https:\/\/www.predsjednik.hr\/wp-content\/uploads\/2021\/08\/DSC_62051-768x549.jpg')\"><\/a>\n            <!--end single-->\n                    <!--single-->\n            <a data-no-swup class=\"c-lightbox-gallery__single js-lightbox-single\"\n               href=\"https:\/\/www.predsjednik.hr\/wp-content\/uploads\/2021\/08\/DSC_6278-1024x731.jpg\"\n               style=\"background-image: url('https:\/\/www.predsjednik.hr\/wp-content\/uploads\/2021\/08\/DSC_6278-768x549.jpg')\"><\/a>\n            <!--end single-->\n                    <!--single-->\n            <a data-no-swup class=\"c-lightbox-gallery__single js-lightbox-single\"\n               href=\"https:\/\/www.predsjednik.hr\/wp-content\/uploads\/2021\/08\/DSC_6330-1024x732.jpg\"\n               style=\"background-image: url('https:\/\/www.predsjednik.hr\/wp-content\/uploads\/2021\/08\/DSC_6330-768x549.jpg')\"><\/a>\n            <!--end single-->\n                    <!--single-->\n            <a data-no-swup class=\"c-lightbox-gallery__single js-lightbox-single\"\n               href=\"https:\/\/www.predsjednik.hr\/wp-content\/uploads\/2021\/08\/DSC_6390-1024x731.jpg\"\n               style=\"background-image: url('https:\/\/www.predsjednik.hr\/wp-content\/uploads\/2021\/08\/DSC_6390-768x549.jpg')\"><\/a>\n            <!--end single-->\n                    <!--single-->\n            <a data-no-swup class=\"c-lightbox-gallery__single js-lightbox-single\"\n               href=\"https:\/\/www.predsjednik.hr\/wp-content\/uploads\/2021\/08\/DSC_6496-731x1024.jpg\"\n               style=\"background-image: url('https:\/\/www.predsjednik.hr\/wp-content\/uploads\/2021\/08\/DSC_6496-768x1075.jpg')\"><\/a>\n            <!--end single-->\n                    <!--single-->\n            <a data-no-swup class=\"c-lightbox-gallery__single js-lightbox-single\"\n               href=\"https:\/\/www.predsjednik.hr\/wp-content\/uploads\/2021\/08\/DSC_6512-1024x576.jpg\"\n               style=\"background-image: url('https:\/\/www.predsjednik.hr\/wp-content\/uploads\/2021\/08\/DSC_6512-768x432.jpg')\"><\/a>\n            <!--end single-->\n                    <!--single-->\n            <a data-no-swup class=\"c-lightbox-gallery__single js-lightbox-single\"\n               href=\"https:\/\/www.predsjednik.hr\/wp-content\/uploads\/2021\/08\/DSC_6554-1024x731.jpg\"\n               style=\"background-image: url('https:\/\/www.predsjednik.hr\/wp-content\/uploads\/2021\/08\/DSC_6554-768x549.jpg')\"><\/a>\n            <!--end single-->\n                    <!--single-->\n            <a data-no-swup class=\"c-lightbox-gallery__single js-lightbox-single\"\n               href=\"https:\/\/www.predsjednik.hr\/wp-content\/uploads\/2021\/08\/DSC_6752-1024x732.jpg\"\n               style=\"background-image: url('https:\/\/www.predsjednik.hr\/wp-content\/uploads\/2021\/08\/DSC_6752-768x549.jpg')\"><\/a>\n            <!--end single-->\n                    <!--single-->\n            <a data-no-swup class=\"c-lightbox-gallery__single js-lightbox-single\"\n               href=\"https:\/\/www.predsjednik.hr\/wp-content\/uploads\/2021\/08\/DSC_6314-1024x576.jpg\"\n               style=\"background-image: url('https:\/\/www.predsjednik.hr\/wp-content\/uploads\/2021\/08\/DSC_6314-768x432.jpg')\"><\/a>\n            <!--end single-->\n                    <!--single-->\n            <a data-no-swup class=\"c-lightbox-gallery__single js-lightbox-single\"\n               href=\"https:\/\/www.predsjednik.hr\/wp-content\/uploads\/2021\/08\/DSC_6762-1-1024x576.jpg\"\n               style=\"background-image: url('https:\/\/www.predsjednik.hr\/wp-content\/uploads\/2021\/08\/DSC_6762-1-768x432.jpg')\"><\/a>\n            <!--end single-->\n                    <!--single-->\n            <a data-no-swup class=\"c-lightbox-gallery__single js-lightbox-single\"\n               href=\"https:\/\/www.predsjednik.hr\/wp-content\/uploads\/2021\/08\/DSC_6797-1024x576.jpg\"\n               style=\"background-image: url('https:\/\/www.predsjednik.hr\/wp-content\/uploads\/2021\/08\/DSC_6797-768x432.jpg')\"><\/a>\n            <!--end single-->\n        <\/div>\n<!--end GALLERY BLOCK-->\n\n\n\n<p>PHOTO : Office of the President of the Republic of Croatia \/ Marko Beljan<\/p>\n","protected":false},"excerpt":{"rendered":"<p>The President of the Republic and Commander in Chief of the Croatian Armed Forces Zoran Milanovi\u0107 attended the ceremony of Victory and Homeland Gratitude Day and Croatian Defenders Day, and the 26th anniversary of the joint military and police Operation Storm in Knin.<\/p>\n","protected":false},"featured_media":11523,"template":"","news-cat":[12],"class_list":["post-11550","news","type-news","status-publish","has-post-thumbnail","hentry","news-cat-news"],"acf":[],"yoast_head":"<!-- This site is optimized with the Yoast SEO plugin v27.5 - https:\/\/yoast.com\/product\/yoast-seo-wordpress\/ -->\n<title>President Milanovi\u0107 at Victory and Homeland Gratitude Day Ceremony: Operation Storm \u2013 One of the Boldest and Best Planned Feats in Croatian History - President of the Republic of Croatia - Zoran Milanovi\u0107<\/title>\n<meta name=\"robots\" content=\"index, follow, max-snippet:-1, max-image-preview:large, max-video-preview:-1\" \/>\n<link rel=\"canonical\" href=\"https:\/\/www.predsjednik.hr\/en\/news\/president-milanovic-at-victory-and-homeland-gratitude-day-ceremony-operation-storm-one-of-the-boldest-and-best-planned-feats-in-croatian-history\/\" \/>\n<meta property=\"og:locale\" content=\"en_US\" \/>\n<meta property=\"og:type\" content=\"article\" \/>\n<meta property=\"og:title\" content=\"President Milanovi\u0107 at Victory and Homeland Gratitude Day Ceremony: Operation Storm \u2013 One of the Boldest and Best Planned Feats in Croatian History - President of the Republic of Croatia - Zoran Milanovi\u0107\" \/>\n<meta property=\"og:description\" content=\"The President of the Republic and Commander in Chief of the Croatian Armed Forces Zoran Milanovi\u0107 attended the ceremony of Victory and Homeland Gratitude Day and Croatian Defenders Day, and the 26th anniversary of the joint military and police Operation Storm in Knin.\" \/>\n<meta property=\"og:url\" content=\"https:\/\/www.predsjednik.hr\/en\/news\/president-milanovic-at-victory-and-homeland-gratitude-day-ceremony-operation-storm-one-of-the-boldest-and-best-planned-feats-in-croatian-history\/\" \/>\n<meta property=\"og:site_name\" content=\"President of the Republic of Croatia - Zoran Milanovi\u0107\" \/>\n<meta property=\"article:modified_time\" content=\"2021-08-07T08:02:08+00:00\" \/>\n<meta property=\"og:image\" content=\"https:\/\/www.predsjednik.hr\/wp-content\/uploads\/2021\/08\/DSC_6390.jpg\" \/>\n\t<meta property=\"og:image:width\" content=\"3654\" \/>\n\t<meta property=\"og:image:height\" content=\"2610\" \/>\n\t<meta property=\"og:image:type\" content=\"image\/jpeg\" \/>\n<meta name=\"twitter:card\" content=\"summary_large_image\" \/>\n<meta name=\"twitter:label1\" content=\"Est. reading time\" \/>\n\t<meta name=\"twitter:data1\" content=\"9 minutes\" \/>\n<script type=\"application\/ld+json\" class=\"yoast-schema-graph\">{\"@context\":\"https:\\\/\\\/schema.org\",\"@graph\":[{\"@type\":\"WebPage\",\"@id\":\"https:\\\/\\\/www.predsjednik.hr\\\/en\\\/news\\\/president-milanovic-at-victory-and-homeland-gratitude-day-ceremony-operation-storm-one-of-the-boldest-and-best-planned-feats-in-croatian-history\\\/\",\"url\":\"https:\\\/\\\/www.predsjednik.hr\\\/en\\\/news\\\/president-milanovic-at-victory-and-homeland-gratitude-day-ceremony-operation-storm-one-of-the-boldest-and-best-planned-feats-in-croatian-history\\\/\",\"name\":\"President Milanovi\u0107 at Victory and Homeland Gratitude Day Ceremony: Operation Storm \u2013 One of the Boldest and Best Planned Feats in Croatian History - President of the Republic of Croatia - Zoran Milanovi\u0107\",\"isPartOf\":{\"@id\":\"https:\\\/\\\/www.predsjednik.hr\\\/en\\\/#website\"},\"primaryImageOfPage\":{\"@id\":\"https:\\\/\\\/www.predsjednik.hr\\\/en\\\/news\\\/president-milanovic-at-victory-and-homeland-gratitude-day-ceremony-operation-storm-one-of-the-boldest-and-best-planned-feats-in-croatian-history\\\/#primaryimage\"},\"image\":{\"@id\":\"https:\\\/\\\/www.predsjednik.hr\\\/en\\\/news\\\/president-milanovic-at-victory-and-homeland-gratitude-day-ceremony-operation-storm-one-of-the-boldest-and-best-planned-feats-in-croatian-history\\\/#primaryimage\"},\"thumbnailUrl\":\"https:\\\/\\\/www.predsjednik.hr\\\/wp-content\\\/uploads\\\/2021\\\/08\\\/DSC_6390.jpg\",\"datePublished\":\"2021-08-07T08:02:06+00:00\",\"dateModified\":\"2021-08-07T08:02:08+00:00\",\"breadcrumb\":{\"@id\":\"https:\\\/\\\/www.predsjednik.hr\\\/en\\\/news\\\/president-milanovic-at-victory-and-homeland-gratitude-day-ceremony-operation-storm-one-of-the-boldest-and-best-planned-feats-in-croatian-history\\\/#breadcrumb\"},\"inLanguage\":\"en-US\",\"potentialAction\":[{\"@type\":\"ReadAction\",\"target\":[\"https:\\\/\\\/www.predsjednik.hr\\\/en\\\/news\\\/president-milanovic-at-victory-and-homeland-gratitude-day-ceremony-operation-storm-one-of-the-boldest-and-best-planned-feats-in-croatian-history\\\/\"]}]},{\"@type\":\"ImageObject\",\"inLanguage\":\"en-US\",\"@id\":\"https:\\\/\\\/www.predsjednik.hr\\\/en\\\/news\\\/president-milanovic-at-victory-and-homeland-gratitude-day-ceremony-operation-storm-one-of-the-boldest-and-best-planned-feats-in-croatian-history\\\/#primaryimage\",\"url\":\"https:\\\/\\\/www.predsjednik.hr\\\/wp-content\\\/uploads\\\/2021\\\/08\\\/DSC_6390.jpg\",\"contentUrl\":\"https:\\\/\\\/www.predsjednik.hr\\\/wp-content\\\/uploads\\\/2021\\\/08\\\/DSC_6390.jpg\",\"width\":3654,\"height\":2610,\"caption\":\"The President of the Republic and Commander in Chief of the Croatian Armed Forces Zoran Milanovi\u0107 attended the ceremony of Victory and Homeland Gratitude Day and Croatian Defenders Day, and the 26th anniversary of the joint military and police Operation Storm in Knin.\"},{\"@type\":\"BreadcrumbList\",\"@id\":\"https:\\\/\\\/www.predsjednik.hr\\\/en\\\/news\\\/president-milanovic-at-victory-and-homeland-gratitude-day-ceremony-operation-storm-one-of-the-boldest-and-best-planned-feats-in-croatian-history\\\/#breadcrumb\",\"itemListElement\":[{\"@type\":\"ListItem\",\"position\":1,\"name\":\"Home\",\"item\":\"https:\\\/\\\/www.predsjednik.hr\\\/en\\\/\"},{\"@type\":\"ListItem\",\"position\":2,\"name\":\"Vijesti\",\"item\":\"https:\\\/\\\/www.predsjednik.hr\\\/en\\\/news\\\/\"},{\"@type\":\"ListItem\",\"position\":3,\"name\":\"President Milanovi\u0107 at Victory and Homeland Gratitude Day Ceremony: Operation Storm \u2013 One of the Boldest and Best Planned Feats in Croatian History\"}]},{\"@type\":\"WebSite\",\"@id\":\"https:\\\/\\\/www.predsjednik.hr\\\/en\\\/#website\",\"url\":\"https:\\\/\\\/www.predsjednik.hr\\\/en\\\/\",\"name\":\"President of the Republic of Croatia - Zoran Milanovi\u0107\",\"description\":\"Just another WordPress site\",\"potentialAction\":[{\"@type\":\"SearchAction\",\"target\":{\"@type\":\"EntryPoint\",\"urlTemplate\":\"https:\\\/\\\/www.predsjednik.hr\\\/en\\\/?s={search_term_string}\"},\"query-input\":{\"@type\":\"PropertyValueSpecification\",\"valueRequired\":true,\"valueName\":\"search_term_string\"}}],\"inLanguage\":\"en-US\"}]}<\/script>\n<!-- \/ Yoast SEO plugin. -->","yoast_head_json":{"title":"President Milanovi\u0107 at Victory and Homeland Gratitude Day Ceremony: Operation Storm \u2013 One of the Boldest and Best Planned Feats in Croatian History - President of the Republic of Croatia - Zoran Milanovi\u0107","robots":{"index":"index","follow":"follow","max-snippet":"max-snippet:-1","max-image-preview":"max-image-preview:large","max-video-preview":"max-video-preview:-1"},"canonical":"https:\/\/www.predsjednik.hr\/en\/news\/president-milanovic-at-victory-and-homeland-gratitude-day-ceremony-operation-storm-one-of-the-boldest-and-best-planned-feats-in-croatian-history\/","og_locale":"en_US","og_type":"article","og_title":"President Milanovi\u0107 at Victory and Homeland Gratitude Day Ceremony: Operation Storm \u2013 One of the Boldest and Best Planned Feats in Croatian History - President of the Republic of Croatia - Zoran Milanovi\u0107","og_description":"The President of the Republic and Commander in Chief of the Croatian Armed Forces Zoran Milanovi\u0107 attended the ceremony of Victory and Homeland Gratitude Day and Croatian Defenders Day, and the 26th anniversary of the joint military and police Operation Storm in Knin.","og_url":"https:\/\/www.predsjednik.hr\/en\/news\/president-milanovic-at-victory-and-homeland-gratitude-day-ceremony-operation-storm-one-of-the-boldest-and-best-planned-feats-in-croatian-history\/","og_site_name":"President of the Republic of Croatia - Zoran Milanovi\u0107","article_modified_time":"2021-08-07T08:02:08+00:00","og_image":[{"width":3654,"height":2610,"url":"https:\/\/www.predsjednik.hr\/wp-content\/uploads\/2021\/08\/DSC_6390.jpg","type":"image\/jpeg"}],"twitter_card":"summary_large_image","twitter_misc":{"Est. reading time":"9 minutes"},"schema":{"@context":"https:\/\/schema.org","@graph":[{"@type":"WebPage","@id":"https:\/\/www.predsjednik.hr\/en\/news\/president-milanovic-at-victory-and-homeland-gratitude-day-ceremony-operation-storm-one-of-the-boldest-and-best-planned-feats-in-croatian-history\/","url":"https:\/\/www.predsjednik.hr\/en\/news\/president-milanovic-at-victory-and-homeland-gratitude-day-ceremony-operation-storm-one-of-the-boldest-and-best-planned-feats-in-croatian-history\/","name":"President Milanovi\u0107 at Victory and Homeland Gratitude Day Ceremony: Operation Storm \u2013 One of the Boldest and Best Planned Feats in Croatian History - President of the Republic of Croatia - Zoran Milanovi\u0107","isPartOf":{"@id":"https:\/\/www.predsjednik.hr\/en\/#website"},"primaryImageOfPage":{"@id":"https:\/\/www.predsjednik.hr\/en\/news\/president-milanovic-at-victory-and-homeland-gratitude-day-ceremony-operation-storm-one-of-the-boldest-and-best-planned-feats-in-croatian-history\/#primaryimage"},"image":{"@id":"https:\/\/www.predsjednik.hr\/en\/news\/president-milanovic-at-victory-and-homeland-gratitude-day-ceremony-operation-storm-one-of-the-boldest-and-best-planned-feats-in-croatian-history\/#primaryimage"},"thumbnailUrl":"https:\/\/www.predsjednik.hr\/wp-content\/uploads\/2021\/08\/DSC_6390.jpg","datePublished":"2021-08-07T08:02:06+00:00","dateModified":"2021-08-07T08:02:08+00:00","breadcrumb":{"@id":"https:\/\/www.predsjednik.hr\/en\/news\/president-milanovic-at-victory-and-homeland-gratitude-day-ceremony-operation-storm-one-of-the-boldest-and-best-planned-feats-in-croatian-history\/#breadcrumb"},"inLanguage":"en-US","potentialAction":[{"@type":"ReadAction","target":["https:\/\/www.predsjednik.hr\/en\/news\/president-milanovic-at-victory-and-homeland-gratitude-day-ceremony-operation-storm-one-of-the-boldest-and-best-planned-feats-in-croatian-history\/"]}]},{"@type":"ImageObject","inLanguage":"en-US","@id":"https:\/\/www.predsjednik.hr\/en\/news\/president-milanovic-at-victory-and-homeland-gratitude-day-ceremony-operation-storm-one-of-the-boldest-and-best-planned-feats-in-croatian-history\/#primaryimage","url":"https:\/\/www.predsjednik.hr\/wp-content\/uploads\/2021\/08\/DSC_6390.jpg","contentUrl":"https:\/\/www.predsjednik.hr\/wp-content\/uploads\/2021\/08\/DSC_6390.jpg","width":3654,"height":2610,"caption":"The President of the Republic and Commander in Chief of the Croatian Armed Forces Zoran Milanovi\u0107 attended the ceremony of Victory and Homeland Gratitude Day and Croatian Defenders Day, and the 26th anniversary of the joint military and police Operation Storm in Knin."},{"@type":"BreadcrumbList","@id":"https:\/\/www.predsjednik.hr\/en\/news\/president-milanovic-at-victory-and-homeland-gratitude-day-ceremony-operation-storm-one-of-the-boldest-and-best-planned-feats-in-croatian-history\/#breadcrumb","itemListElement":[{"@type":"ListItem","position":1,"name":"Home","item":"https:\/\/www.predsjednik.hr\/en\/"},{"@type":"ListItem","position":2,"name":"Vijesti","item":"https:\/\/www.predsjednik.hr\/en\/news\/"},{"@type":"ListItem","position":3,"name":"President Milanovi\u0107 at Victory and Homeland Gratitude Day Ceremony: Operation Storm \u2013 One of the Boldest and Best Planned Feats in Croatian History"}]},{"@type":"WebSite","@id":"https:\/\/www.predsjednik.hr\/en\/#website","url":"https:\/\/www.predsjednik.hr\/en\/","name":"President of the Republic of Croatia - Zoran Milanovi\u0107","description":"Just another WordPress site","potentialAction":[{"@type":"SearchAction","target":{"@type":"EntryPoint","urlTemplate":"https:\/\/www.predsjednik.hr\/en\/?s={search_term_string}"},"query-input":{"@type":"PropertyValueSpecification","valueRequired":true,"valueName":"search_term_string"}}],"inLanguage":"en-US"}]}},"_links":{"self":[{"href":"https:\/\/www.predsjednik.hr\/en\/wp-json\/wp\/v2\/news\/11550","targetHints":{"allow":["GET"]}}],"collection":[{"href":"https:\/\/www.predsjednik.hr\/en\/wp-json\/wp\/v2\/news"}],"about":[{"href":"https:\/\/www.predsjednik.hr\/en\/wp-json\/wp\/v2\/types\/news"}],"wp:featuredmedia":[{"embeddable":true,"href":"https:\/\/www.predsjednik.hr\/en\/wp-json\/wp\/v2\/media\/11523"}],"wp:attachment":[{"href":"https:\/\/www.predsjednik.hr\/en\/wp-json\/wp\/v2\/media?parent=11550"}],"wp:term":[{"taxonomy":"news-cat","embeddable":true,"href":"https:\/\/www.predsjednik.hr\/en\/wp-json\/wp\/v2\/news-cat?post=11550"}],"curies":[{"name":"wp","href":"https:\/\/api.w.org\/{rel}","templated":true}]}}