{"id":12352,"date":"2021-09-25T15:33:00","date_gmt":"2021-09-25T13:33:00","guid":{"rendered":"https:\/\/www.predsjednik.hr\/?post_type=news&#038;p=12352"},"modified":"2021-09-27T10:38:11","modified_gmt":"2021-09-27T08:38:11","slug":"president-milanovic-in-varazdin-croatias-success-measured-by-a-fight-for-the-right-to-a-good-life-for-the-croatian-citizen","status":"publish","type":"news","link":"https:\/\/www.predsjednik.hr\/en\/news\/president-milanovic-in-varazdin-croatias-success-measured-by-a-fight-for-the-right-to-a-good-life-for-the-croatian-citizen\/","title":{"rendered":"President Milanovi\u0107 in Vara\u017edin: Croatia\u2019s success measured by a fight for the right to a good life for the Croatian citizen"},"content":{"rendered":"\n<p>The President of the Republic and Commander in Chief of the Croatian Armed Forces Zoran Milanovi\u0107 attended a ceremony marking the 30<sup>th<\/sup> anniversary of the liberation of Vara\u017edin and Vara\u017edin County Defenders Day held on Capuchin Square in Vara\u017edin.<\/p>\n\n\n\n<p>President Milanovi\u0107 congratulated Liberation Day and Defenders Day to the residents of Vara\u017edin and their guests, and noted that 22 September 1991 was a special day and an extraordonary event in which a small number of good and right people participated.<\/p>\n\n\n\n<p>He underlined two events that were engraved in his memory. \u201cThe first event was the liberation of \u0160ibenik, which prevented the occupation of \u0160ibenik. The courage, determination, boldness, knowledge and dedication of a small number of small people who captured two barracks, armed themselves and for the first shook their fists to the conquerors or rather bullies and killers from the Knin garrison. The second more important event was Vara\u017edin. So much military equipment was captured here thanks to a small number of brave and resourceful people who knew how and what to do, people who led the headquarters at that time and those who fought with weapons. Those people are also with us here today\u201d, the President noted.<\/p>\n\n\n\n<p>Moreover, he said that we had to pay a heavy price, which was justifiable in order to ultimately enjoy what we have today. He underlined that many years have passed since 1991, and that the European Union is not what it once was. \u201cIt is good, it is the place in which we are fulfilling ourselves, in which we are making progress, and in which we are primarily for our own sake. Croatia\u2019s success is not measured by big words, slogans, fights for the rights of some group of other, but by a fight for the right of the Croatian citizen to a polite, pleasant, structured and predictable life\u201d, President Milanovi\u0107 stated, adding that this is our task. \u201cThis task is measured first of all by the funds we absorb because that is our money, and everything else can be more or less important. But this organization and focus to get the most out of ourselves is what we owe the Croatian men and women, Croatian defenders, Croatian heroes. They would be happy to see that we are living better, safer. The only way for a small, self-conscious and tough Croatia is to fight for our rights, for what belongs to us\u201d, President Milanovi\u0107 remarked.<\/p>\n\n\n\n<p>He said that the Croatian brigades from Croatia\u2019s north made a huge contribution to the liberation, and before that to the defense of Croatia. \u201cThe Croatian defenders of the south, the 7<sup>th<\/sup> Guards brigade \u2018Pume\u2019 led by the famous war commander Ivan Korade, and he will remain a famous war commander despite subsequent events, had a critical and key role in liberating Croatia. The role of the \u2018Puma\u2019, the role of the people from Croatia\u2019s north was incredibly important. Without the citizens of Vara\u017edin and the people of Dalmatia and Herzegovina, things would have turned out different\u201d, President Milanovi\u0107 noted.<\/p>\n\n\n\n<p>In concluding his address, the President of the Republic said that we must know who and what we are. \u201cA small nation, but a more and more organized state. We will not call upon our minorities, our sisters and brothers who live abroad, in neighbouring countries to cause disturbance, and to spite those with whom they live, but to live in peace and with respect. We are not creating any great Croatian worlds, we are here, sons and daughters of the homeland, wherever we are in the world we know each other, we understand each other, and to those who enabled this many thanks and glory forever\u201d, President Milanovi\u0107 remarked.<\/p>\n\n\n\n<p>Prior to attending the ceremony marking the liberation of Vara\u017edin and the Day of Vara\u017edin County Defenders, President Milanovi\u0107 laid a wreath and lit a candle in honour of all the killed, the fallen and missing Croatian defenders at the Cross of Thanksgiving on Liberty Square. Accompanying President Milanovi\u0107 at the event was the Special Adviser to the President for Homeland War Veterans Marijan Marekovi\u0107.<\/p>\n\n\n\n<p><\/p>\n\n\n<!--GALLERY BLOCK-->\n<div class=\"c-lightbox-gallery js-lightbox\">\n                <!--single-->\n            <a data-no-swup class=\"c-lightbox-gallery__single js-lightbox-single\"\n               href=\"https:\/\/www.predsjednik.hr\/wp-content\/uploads\/2021\/09\/DSC_4063-1024x576.jpg\"\n               style=\"background-image: url('https:\/\/www.predsjednik.hr\/wp-content\/uploads\/2021\/09\/DSC_4063-768x432.jpg')\"><\/a>\n            <!--end single-->\n                    <!--single-->\n            <a data-no-swup class=\"c-lightbox-gallery__single js-lightbox-single\"\n               href=\"https:\/\/www.predsjednik.hr\/wp-content\/uploads\/2021\/09\/DSC_4098-1024x731.jpg\"\n               style=\"background-image: url('https:\/\/www.predsjednik.hr\/wp-content\/uploads\/2021\/09\/DSC_4098-768x549.jpg')\"><\/a>\n            <!--end single-->\n                    <!--single-->\n            <a data-no-swup class=\"c-lightbox-gallery__single js-lightbox-single\"\n               href=\"https:\/\/www.predsjednik.hr\/wp-content\/uploads\/2021\/09\/DSC_4116-1024x576.jpg\"\n               style=\"background-image: url('https:\/\/www.predsjednik.hr\/wp-content\/uploads\/2021\/09\/DSC_4116-768x432.jpg')\"><\/a>\n            <!--end single-->\n                    <!--single-->\n            <a data-no-swup class=\"c-lightbox-gallery__single js-lightbox-single\"\n               href=\"https:\/\/www.predsjednik.hr\/wp-content\/uploads\/2021\/09\/DSC_4229-1024x731.jpg\"\n               style=\"background-image: url('https:\/\/www.predsjednik.hr\/wp-content\/uploads\/2021\/09\/DSC_4229-768x549.jpg')\"><\/a>\n            <!--end single-->\n                    <!--single-->\n            <a data-no-swup class=\"c-lightbox-gallery__single js-lightbox-single\"\n               href=\"https:\/\/www.predsjednik.hr\/wp-content\/uploads\/2021\/09\/DSC_4248-1024x732.jpg\"\n               style=\"background-image: url('https:\/\/www.predsjednik.hr\/wp-content\/uploads\/2021\/09\/DSC_4248-768x549.jpg')\"><\/a>\n            <!--end single-->\n                    <!--single-->\n            <a data-no-swup class=\"c-lightbox-gallery__single js-lightbox-single\"\n               href=\"https:\/\/www.predsjednik.hr\/wp-content\/uploads\/2021\/09\/DSC_4254-1024x732.jpg\"\n               style=\"background-image: url('https:\/\/www.predsjednik.hr\/wp-content\/uploads\/2021\/09\/DSC_4254-768x549.jpg')\"><\/a>\n            <!--end single-->\n                    <!--single-->\n            <a data-no-swup class=\"c-lightbox-gallery__single js-lightbox-single\"\n               href=\"https:\/\/www.predsjednik.hr\/wp-content\/uploads\/2021\/09\/DSC_4290-1024x731.jpg\"\n               style=\"background-image: url('https:\/\/www.predsjednik.hr\/wp-content\/uploads\/2021\/09\/DSC_4290-768x549.jpg')\"><\/a>\n            <!--end single-->\n                    <!--single-->\n            <a data-no-swup class=\"c-lightbox-gallery__single js-lightbox-single\"\n               href=\"https:\/\/www.predsjednik.hr\/wp-content\/uploads\/2021\/09\/DSC_4407-1024x731.jpg\"\n               style=\"background-image: url('https:\/\/www.predsjednik.hr\/wp-content\/uploads\/2021\/09\/DSC_4407-768x549.jpg')\"><\/a>\n            <!--end single-->\n                    <!--single-->\n            <a data-no-swup class=\"c-lightbox-gallery__single js-lightbox-single\"\n               href=\"https:\/\/www.predsjednik.hr\/wp-content\/uploads\/2021\/09\/DSC_4472-1024x731.jpg\"\n               style=\"background-image: url('https:\/\/www.predsjednik.hr\/wp-content\/uploads\/2021\/09\/DSC_4472-768x549.jpg')\"><\/a>\n            <!--end single-->\n                    <!--single-->\n            <a data-no-swup class=\"c-lightbox-gallery__single js-lightbox-single\"\n               href=\"https:\/\/www.predsjednik.hr\/wp-content\/uploads\/2021\/09\/DSC_4487-1024x576.jpg\"\n               style=\"background-image: url('https:\/\/www.predsjednik.hr\/wp-content\/uploads\/2021\/09\/DSC_4487-768x432.jpg')\"><\/a>\n            <!--end single-->\n                    <!--single-->\n            <a data-no-swup class=\"c-lightbox-gallery__single js-lightbox-single\"\n               href=\"https:\/\/www.predsjednik.hr\/wp-content\/uploads\/2021\/09\/DSC_4519-1024x576.jpg\"\n               style=\"background-image: url('https:\/\/www.predsjednik.hr\/wp-content\/uploads\/2021\/09\/DSC_4519-768x432.jpg')\"><\/a>\n            <!--end single-->\n                    <!--single-->\n            <a data-no-swup class=\"c-lightbox-gallery__single js-lightbox-single\"\n               href=\"https:\/\/www.predsjednik.hr\/wp-content\/uploads\/2021\/09\/DSC_4551-1024x576.jpg\"\n               style=\"background-image: url('https:\/\/www.predsjednik.hr\/wp-content\/uploads\/2021\/09\/DSC_4551-768x432.jpg')\"><\/a>\n            <!--end single-->\n                    <!--single-->\n            <a data-no-swup class=\"c-lightbox-gallery__single js-lightbox-single\"\n               href=\"https:\/\/www.predsjednik.hr\/wp-content\/uploads\/2021\/09\/DSC_4557-1024x576.jpg\"\n               style=\"background-image: url('https:\/\/www.predsjednik.hr\/wp-content\/uploads\/2021\/09\/DSC_4557-768x432.jpg')\"><\/a>\n            <!--end single-->\n                    <!--single-->\n            <a data-no-swup class=\"c-lightbox-gallery__single js-lightbox-single\"\n               href=\"https:\/\/www.predsjednik.hr\/wp-content\/uploads\/2021\/09\/DSC_4580-1-1024x576.jpg\"\n               style=\"background-image: url('https:\/\/www.predsjednik.hr\/wp-content\/uploads\/2021\/09\/DSC_4580-1-768x432.jpg')\"><\/a>\n            <!--end single-->\n                    <!--single-->\n            <a data-no-swup class=\"c-lightbox-gallery__single js-lightbox-single\"\n               href=\"https:\/\/www.predsjednik.hr\/wp-content\/uploads\/2021\/09\/DSC_4746-1024x731.jpg\"\n               style=\"background-image: url('https:\/\/www.predsjednik.hr\/wp-content\/uploads\/2021\/09\/DSC_4746-768x549.jpg')\"><\/a>\n            <!--end single-->\n                    <!--single-->\n            <a data-no-swup class=\"c-lightbox-gallery__single js-lightbox-single\"\n               href=\"https:\/\/www.predsjednik.hr\/wp-content\/uploads\/2021\/09\/DSC_4762-1024x576.jpg\"\n               style=\"background-image: url('https:\/\/www.predsjednik.hr\/wp-content\/uploads\/2021\/09\/DSC_4762-768x432.jpg')\"><\/a>\n            <!--end single-->\n                    <!--single-->\n            <a data-no-swup class=\"c-lightbox-gallery__single js-lightbox-single\"\n               href=\"https:\/\/www.predsjednik.hr\/wp-content\/uploads\/2021\/09\/DSC_4809-1024x576.jpg\"\n               style=\"background-image: url('https:\/\/www.predsjednik.hr\/wp-content\/uploads\/2021\/09\/DSC_4809-768x432.jpg')\"><\/a>\n            <!--end single-->\n        <\/div>\n<!--end GALLERY BLOCK-->\n\n\n\n<p>PHOTO: Office of the President of the Republic of Croatia \/ Marko Beljan<\/p>\n","protected":false},"excerpt":{"rendered":"<p>The President of the Republic and Commander in Chief of the Croatian Armed Forces Zoran Milanovi\u0107 attended a ceremony marking the 30th anniversary of the liberation of Vara\u017edin and Vara\u017edin County Defenders Day held on Capuchin Square in Vara\u017edin.<\/p>\n","protected":false},"featured_media":12347,"template":"","news-cat":[12],"class_list":["post-12352","news","type-news","status-publish","has-post-thumbnail","hentry","news-cat-news"],"acf":[],"yoast_head":"<!-- This site is optimized with the Yoast SEO plugin v27.5 - https:\/\/yoast.com\/product\/yoast-seo-wordpress\/ -->\n<title>President Milanovi\u0107 in Vara\u017edin: Croatia\u2019s success measured by a fight for the right to a good life for the Croatian citizen - President of the Republic of Croatia - Zoran Milanovi\u0107<\/title>\n<meta name=\"robots\" content=\"index, follow, max-snippet:-1, max-image-preview:large, max-video-preview:-1\" \/>\n<link rel=\"canonical\" href=\"https:\/\/www.predsjednik.hr\/en\/news\/president-milanovic-in-varazdin-croatias-success-measured-by-a-fight-for-the-right-to-a-good-life-for-the-croatian-citizen\/\" \/>\n<meta property=\"og:locale\" content=\"en_US\" \/>\n<meta property=\"og:type\" content=\"article\" \/>\n<meta property=\"og:title\" content=\"President Milanovi\u0107 in Vara\u017edin: Croatia\u2019s success measured by a fight for the right to a good life for the Croatian citizen - President of the Republic of Croatia - Zoran Milanovi\u0107\" \/>\n<meta property=\"og:description\" content=\"The President of the Republic and Commander in Chief of the Croatian Armed Forces Zoran Milanovi\u0107 attended a ceremony marking the 30th anniversary of the liberation of Vara\u017edin and Vara\u017edin County Defenders Day held on Capuchin Square in Vara\u017edin.\" \/>\n<meta property=\"og:url\" content=\"https:\/\/www.predsjednik.hr\/en\/news\/president-milanovic-in-varazdin-croatias-success-measured-by-a-fight-for-the-right-to-a-good-life-for-the-croatian-citizen\/\" \/>\n<meta property=\"og:site_name\" content=\"President of the Republic of Croatia - Zoran Milanovi\u0107\" \/>\n<meta property=\"article:modified_time\" content=\"2021-09-27T08:38:11+00:00\" \/>\n<meta property=\"og:image\" content=\"https:\/\/www.predsjednik.hr\/wp-content\/uploads\/2021\/09\/DSC_4762.jpg\" \/>\n\t<meta property=\"og:image:width\" content=\"2624\" \/>\n\t<meta property=\"og:image:height\" content=\"1476\" \/>\n\t<meta property=\"og:image:type\" content=\"image\/jpeg\" \/>\n<meta name=\"twitter:card\" content=\"summary_large_image\" \/>\n<meta name=\"twitter:label1\" content=\"Est. reading time\" \/>\n\t<meta name=\"twitter:data1\" content=\"4 minutes\" \/>\n<script type=\"application\/ld+json\" class=\"yoast-schema-graph\">{\"@context\":\"https:\\\/\\\/schema.org\",\"@graph\":[{\"@type\":\"WebPage\",\"@id\":\"https:\\\/\\\/www.predsjednik.hr\\\/en\\\/news\\\/president-milanovic-in-varazdin-croatias-success-measured-by-a-fight-for-the-right-to-a-good-life-for-the-croatian-citizen\\\/\",\"url\":\"https:\\\/\\\/www.predsjednik.hr\\\/en\\\/news\\\/president-milanovic-in-varazdin-croatias-success-measured-by-a-fight-for-the-right-to-a-good-life-for-the-croatian-citizen\\\/\",\"name\":\"President Milanovi\u0107 in Vara\u017edin: Croatia\u2019s success measured by a fight for the right to a good life for the Croatian citizen - President of the Republic of Croatia - Zoran Milanovi\u0107\",\"isPartOf\":{\"@id\":\"https:\\\/\\\/www.predsjednik.hr\\\/en\\\/#website\"},\"primaryImageOfPage\":{\"@id\":\"https:\\\/\\\/www.predsjednik.hr\\\/en\\\/news\\\/president-milanovic-in-varazdin-croatias-success-measured-by-a-fight-for-the-right-to-a-good-life-for-the-croatian-citizen\\\/#primaryimage\"},\"image\":{\"@id\":\"https:\\\/\\\/www.predsjednik.hr\\\/en\\\/news\\\/president-milanovic-in-varazdin-croatias-success-measured-by-a-fight-for-the-right-to-a-good-life-for-the-croatian-citizen\\\/#primaryimage\"},\"thumbnailUrl\":\"https:\\\/\\\/www.predsjednik.hr\\\/wp-content\\\/uploads\\\/2021\\\/09\\\/DSC_4762.jpg\",\"datePublished\":\"2021-09-25T13:33:00+00:00\",\"dateModified\":\"2021-09-27T08:38:11+00:00\",\"breadcrumb\":{\"@id\":\"https:\\\/\\\/www.predsjednik.hr\\\/en\\\/news\\\/president-milanovic-in-varazdin-croatias-success-measured-by-a-fight-for-the-right-to-a-good-life-for-the-croatian-citizen\\\/#breadcrumb\"},\"inLanguage\":\"en-US\",\"potentialAction\":[{\"@type\":\"ReadAction\",\"target\":[\"https:\\\/\\\/www.predsjednik.hr\\\/en\\\/news\\\/president-milanovic-in-varazdin-croatias-success-measured-by-a-fight-for-the-right-to-a-good-life-for-the-croatian-citizen\\\/\"]}]},{\"@type\":\"ImageObject\",\"inLanguage\":\"en-US\",\"@id\":\"https:\\\/\\\/www.predsjednik.hr\\\/en\\\/news\\\/president-milanovic-in-varazdin-croatias-success-measured-by-a-fight-for-the-right-to-a-good-life-for-the-croatian-citizen\\\/#primaryimage\",\"url\":\"https:\\\/\\\/www.predsjednik.hr\\\/wp-content\\\/uploads\\\/2021\\\/09\\\/DSC_4762.jpg\",\"contentUrl\":\"https:\\\/\\\/www.predsjednik.hr\\\/wp-content\\\/uploads\\\/2021\\\/09\\\/DSC_4762.jpg\",\"width\":2624,\"height\":1476,\"caption\":\"The President of the Republic and Commander in Chief of the Croatian Armed Forces Zoran Milanovi\u0107 attended a ceremony marking the 30th anniversary of the liberation of Vara\u017edin and Vara\u017edin County Defenders Day held on Capuchin Square in Vara\u017edin.\"},{\"@type\":\"BreadcrumbList\",\"@id\":\"https:\\\/\\\/www.predsjednik.hr\\\/en\\\/news\\\/president-milanovic-in-varazdin-croatias-success-measured-by-a-fight-for-the-right-to-a-good-life-for-the-croatian-citizen\\\/#breadcrumb\",\"itemListElement\":[{\"@type\":\"ListItem\",\"position\":1,\"name\":\"Home\",\"item\":\"https:\\\/\\\/www.predsjednik.hr\\\/en\\\/\"},{\"@type\":\"ListItem\",\"position\":2,\"name\":\"Vijesti\",\"item\":\"https:\\\/\\\/www.predsjednik.hr\\\/en\\\/news\\\/\"},{\"@type\":\"ListItem\",\"position\":3,\"name\":\"President Milanovi\u0107 in Vara\u017edin: Croatia\u2019s success measured by a fight for the right to a good life for the Croatian citizen\"}]},{\"@type\":\"WebSite\",\"@id\":\"https:\\\/\\\/www.predsjednik.hr\\\/en\\\/#website\",\"url\":\"https:\\\/\\\/www.predsjednik.hr\\\/en\\\/\",\"name\":\"President of the Republic of Croatia - Zoran Milanovi\u0107\",\"description\":\"Just another WordPress site\",\"potentialAction\":[{\"@type\":\"SearchAction\",\"target\":{\"@type\":\"EntryPoint\",\"urlTemplate\":\"https:\\\/\\\/www.predsjednik.hr\\\/en\\\/?s={search_term_string}\"},\"query-input\":{\"@type\":\"PropertyValueSpecification\",\"valueRequired\":true,\"valueName\":\"search_term_string\"}}],\"inLanguage\":\"en-US\"}]}<\/script>\n<!-- \/ Yoast SEO plugin. -->","yoast_head_json":{"title":"President Milanovi\u0107 in Vara\u017edin: Croatia\u2019s success measured by a fight for the right to a good life for the Croatian citizen - President of the Republic of Croatia - Zoran Milanovi\u0107","robots":{"index":"index","follow":"follow","max-snippet":"max-snippet:-1","max-image-preview":"max-image-preview:large","max-video-preview":"max-video-preview:-1"},"canonical":"https:\/\/www.predsjednik.hr\/en\/news\/president-milanovic-in-varazdin-croatias-success-measured-by-a-fight-for-the-right-to-a-good-life-for-the-croatian-citizen\/","og_locale":"en_US","og_type":"article","og_title":"President Milanovi\u0107 in Vara\u017edin: Croatia\u2019s success measured by a fight for the right to a good life for the Croatian citizen - President of the Republic of Croatia - Zoran Milanovi\u0107","og_description":"The President of the Republic and Commander in Chief of the Croatian Armed Forces Zoran Milanovi\u0107 attended a ceremony marking the 30th anniversary of the liberation of Vara\u017edin and Vara\u017edin County Defenders Day held on Capuchin Square in Vara\u017edin.","og_url":"https:\/\/www.predsjednik.hr\/en\/news\/president-milanovic-in-varazdin-croatias-success-measured-by-a-fight-for-the-right-to-a-good-life-for-the-croatian-citizen\/","og_site_name":"President of the Republic of Croatia - Zoran Milanovi\u0107","article_modified_time":"2021-09-27T08:38:11+00:00","og_image":[{"width":2624,"height":1476,"url":"https:\/\/www.predsjednik.hr\/wp-content\/uploads\/2021\/09\/DSC_4762.jpg","type":"image\/jpeg"}],"twitter_card":"summary_large_image","twitter_misc":{"Est. reading time":"4 minutes"},"schema":{"@context":"https:\/\/schema.org","@graph":[{"@type":"WebPage","@id":"https:\/\/www.predsjednik.hr\/en\/news\/president-milanovic-in-varazdin-croatias-success-measured-by-a-fight-for-the-right-to-a-good-life-for-the-croatian-citizen\/","url":"https:\/\/www.predsjednik.hr\/en\/news\/president-milanovic-in-varazdin-croatias-success-measured-by-a-fight-for-the-right-to-a-good-life-for-the-croatian-citizen\/","name":"President Milanovi\u0107 in Vara\u017edin: Croatia\u2019s success measured by a fight for the right to a good life for the Croatian citizen - President of the Republic of Croatia - Zoran Milanovi\u0107","isPartOf":{"@id":"https:\/\/www.predsjednik.hr\/en\/#website"},"primaryImageOfPage":{"@id":"https:\/\/www.predsjednik.hr\/en\/news\/president-milanovic-in-varazdin-croatias-success-measured-by-a-fight-for-the-right-to-a-good-life-for-the-croatian-citizen\/#primaryimage"},"image":{"@id":"https:\/\/www.predsjednik.hr\/en\/news\/president-milanovic-in-varazdin-croatias-success-measured-by-a-fight-for-the-right-to-a-good-life-for-the-croatian-citizen\/#primaryimage"},"thumbnailUrl":"https:\/\/www.predsjednik.hr\/wp-content\/uploads\/2021\/09\/DSC_4762.jpg","datePublished":"2021-09-25T13:33:00+00:00","dateModified":"2021-09-27T08:38:11+00:00","breadcrumb":{"@id":"https:\/\/www.predsjednik.hr\/en\/news\/president-milanovic-in-varazdin-croatias-success-measured-by-a-fight-for-the-right-to-a-good-life-for-the-croatian-citizen\/#breadcrumb"},"inLanguage":"en-US","potentialAction":[{"@type":"ReadAction","target":["https:\/\/www.predsjednik.hr\/en\/news\/president-milanovic-in-varazdin-croatias-success-measured-by-a-fight-for-the-right-to-a-good-life-for-the-croatian-citizen\/"]}]},{"@type":"ImageObject","inLanguage":"en-US","@id":"https:\/\/www.predsjednik.hr\/en\/news\/president-milanovic-in-varazdin-croatias-success-measured-by-a-fight-for-the-right-to-a-good-life-for-the-croatian-citizen\/#primaryimage","url":"https:\/\/www.predsjednik.hr\/wp-content\/uploads\/2021\/09\/DSC_4762.jpg","contentUrl":"https:\/\/www.predsjednik.hr\/wp-content\/uploads\/2021\/09\/DSC_4762.jpg","width":2624,"height":1476,"caption":"The President of the Republic and Commander in Chief of the Croatian Armed Forces Zoran Milanovi\u0107 attended a ceremony marking the 30th anniversary of the liberation of Vara\u017edin and Vara\u017edin County Defenders Day held on Capuchin Square in Vara\u017edin."},{"@type":"BreadcrumbList","@id":"https:\/\/www.predsjednik.hr\/en\/news\/president-milanovic-in-varazdin-croatias-success-measured-by-a-fight-for-the-right-to-a-good-life-for-the-croatian-citizen\/#breadcrumb","itemListElement":[{"@type":"ListItem","position":1,"name":"Home","item":"https:\/\/www.predsjednik.hr\/en\/"},{"@type":"ListItem","position":2,"name":"Vijesti","item":"https:\/\/www.predsjednik.hr\/en\/news\/"},{"@type":"ListItem","position":3,"name":"President Milanovi\u0107 in Vara\u017edin: Croatia\u2019s success measured by a fight for the right to a good life for the Croatian citizen"}]},{"@type":"WebSite","@id":"https:\/\/www.predsjednik.hr\/en\/#website","url":"https:\/\/www.predsjednik.hr\/en\/","name":"President of the Republic of Croatia - Zoran Milanovi\u0107","description":"Just another WordPress site","potentialAction":[{"@type":"SearchAction","target":{"@type":"EntryPoint","urlTemplate":"https:\/\/www.predsjednik.hr\/en\/?s={search_term_string}"},"query-input":{"@type":"PropertyValueSpecification","valueRequired":true,"valueName":"search_term_string"}}],"inLanguage":"en-US"}]}},"_links":{"self":[{"href":"https:\/\/www.predsjednik.hr\/en\/wp-json\/wp\/v2\/news\/12352","targetHints":{"allow":["GET"]}}],"collection":[{"href":"https:\/\/www.predsjednik.hr\/en\/wp-json\/wp\/v2\/news"}],"about":[{"href":"https:\/\/www.predsjednik.hr\/en\/wp-json\/wp\/v2\/types\/news"}],"wp:featuredmedia":[{"embeddable":true,"href":"https:\/\/www.predsjednik.hr\/en\/wp-json\/wp\/v2\/media\/12347"}],"wp:attachment":[{"href":"https:\/\/www.predsjednik.hr\/en\/wp-json\/wp\/v2\/media?parent=12352"}],"wp:term":[{"taxonomy":"news-cat","embeddable":true,"href":"https:\/\/www.predsjednik.hr\/en\/wp-json\/wp\/v2\/news-cat?post=12352"}],"curies":[{"name":"wp","href":"https:\/\/api.w.org\/{rel}","templated":true}]}}