{"id":12548,"date":"2021-09-29T16:26:00","date_gmt":"2021-09-29T14:26:00","guid":{"rendered":"https:\/\/www.predsjednik.hr\/?post_type=news&#038;p=12548"},"modified":"2021-09-30T09:28:56","modified_gmt":"2021-09-30T07:28:56","slug":"president-milanovic-takes-part-in-dan-velikih-planova-business-conference-every-euro-from-the-eu-should-be-utilized-that-is-the-task-above-all-others-of-this-generation","status":"publish","type":"news","link":"https:\/\/www.predsjednik.hr\/en\/news\/president-milanovic-takes-part-in-dan-velikih-planova-business-conference-every-euro-from-the-eu-should-be-utilized-that-is-the-task-above-all-others-of-this-generation\/","title":{"rendered":"President Milanovi\u0107 Takes Part in \u201cDan velikih planova\u201d Business Conference: Every euro from the EU should be utilized, that is the task above all others of this generation"},"content":{"rendered":"\n<p>The President of the Republic Zoran Milanovi\u0107 participated in the \u201cDan velikih planova\u201d (Big Plans Day) business conference. The 13<sup>th<\/sup> edition of the conference, which has traditionally been organized by the \u201cLider\u201d weekly, was held under the patronage of the President of the Republic. In his address to the conference participants, President Milanovi\u0107 spoke about the effects of the corona crisis on Croatia\u2019s economy.<\/p>\n\n\n\n<p>\u201cCroatia is getting out of this crisis well. The Government should be given credit for doing everything in its power. It did not perform miracles, but it stepped up and its actions will have an impact on Croatia\u2019s fiscal standing. There really was no other path. This crisis is not financial, it is not a crisis of demand, but it is becoming a crisis of supply,\u201d said the President, reminding that inflation has arrived in the United States. \u201cIn recent months, inflation in the U.S. has been five percent \u2013 and until yesterday there was deflation \u2013 only because the price of used cars has risen by 50 percent and there are no cars because they cannot be produced to meet market demand. This factor alone has contributed to the five percent rise in inflation,\u201d he said, cautioning that the supply crisis is a major challenge for everyone.<\/p>\n\n\n\n<p>In reference to the situation in Croatia, President Milanovi\u0107 highlighted tourism, which, he said, can be seen as a competitive advantage, but also as a problem if Croatia relies only on good tourist results. \u201cBut how do we increase competitiveness, productivity and newly created value? Productivity isn\u2019t everything, but in the long run it is almost everything. These are the words of Nobel laureate Paul Krugman, with whom I agree. And what does this mean in the Croatian context? How do we increase productivity in the tourism sector, in the transport sector? How do we ensure a larger share of private investments, of 75 percent,\u201d President Milanovi\u0107 asked.<\/p>\n\n\n\n<p>In the President\u2019s opinion, the solution is to make the best use of the money available through European funds. \u201cThis money is available to us in enormous amounts, as to all new democracies, as part of the new reconstruction package. That is the task above all others of this generation. Every euro from the EU should be utilized. Those who are in charge of that should be held accountable for every euro we fail to make use of,\u201d emphasized President Milanovi\u0107.<\/p>\n\n\n\n<p>The President reminded that in its eight years of EU membership, Croatia absorbed 43 billion kunas more than it paid in. The President holds that this is insufficient as it amounts to some five billion kunas annually. If allocations for agriculture are deducted (the so-called \u2018helicopter money\u2019), then the figure falls to just over two billion kunas per year. \u201cIt\u2019s too little. We want more, I want more. And only then does our decision to submit to someone else\u2019s will in the next few decades become justified,\u201d President Milanovi\u0107 cautioned, referring to Croatia\u2019s membership in the EU.<\/p>\n\n\n\n<p>Expressing his hope that the situation will change for the better, \u201cbecause we can indeed do better,\u201d the President concluded his address at the conference with these words: \u201cWe are a small country, we need to be open and constantly compare ourselves with the best. I want us to be a successful country on the fringes of Europe\u2019s core that knows what its interests are, that has its own clear goal and plan and that will be secure, that is the most important thing.\u201d<\/p>\n\n\n\n<p>Welcoming remarks to the participants of the 13<sup>th<\/sup> edition of the \u201cDan velikih planova\u201d business conference were made by the Editor-in-chief of the \u201cLider\u201d weekly Miodrag \u0160ajatovi\u0107 and the Director General of the Croatian Employers\u2019 Association Damir Zori\u0107. Apart from President Milanovi\u0107, the following persons delivered speeches: Governor of the Croatian National Bank Boris Vuj\u010di\u0107 on the topic \u201cCorporate sector in the pandemic: who is immune to COVID-19?\u201d; Director for Transition Impact and Global Economics at the Office of the Chief Economist of the European Bank for Reconstruction and Development (EBRD) Alexander Plekhanov on the topic \u201cGlobal and regional trends\u201d; Minister of the Economy and Sustainable Development of the Republic of Croatia and envoy of the Prime Minister Tomislav \u0106ori\u0107 on the topic \u201cEconomic Policy of the Government of the Republic of Croatia in 2022.\u201d<\/p>\n\n\n\n<p>Special Adviser to the President of the Republic for the Economy Velibor Ma\u010dki\u0107 was alongside President Milanovi\u0107 at the conference.<\/p>\n\n\n<!--GALLERY BLOCK-->\n<div class=\"c-lightbox-gallery js-lightbox\">\n                <!--single-->\n            <a data-no-swup class=\"c-lightbox-gallery__single js-lightbox-single\"\n               href=\"https:\/\/www.predsjednik.hr\/wp-content\/uploads\/2021\/09\/DSC_6946-1024x731.jpg\"\n               style=\"background-image: url('https:\/\/www.predsjednik.hr\/wp-content\/uploads\/2021\/09\/DSC_6946-768x549.jpg')\"><\/a>\n            <!--end single-->\n                    <!--single-->\n            <a data-no-swup class=\"c-lightbox-gallery__single js-lightbox-single\"\n               href=\"https:\/\/www.predsjednik.hr\/wp-content\/uploads\/2021\/09\/DSC_6988-1024x732.jpg\"\n               style=\"background-image: url('https:\/\/www.predsjednik.hr\/wp-content\/uploads\/2021\/09\/DSC_6988-768x549.jpg')\"><\/a>\n            <!--end single-->\n                    <!--single-->\n            <a data-no-swup class=\"c-lightbox-gallery__single js-lightbox-single\"\n               href=\"https:\/\/www.predsjednik.hr\/wp-content\/uploads\/2021\/09\/DSC_7070-1024x731.jpg\"\n               style=\"background-image: url('https:\/\/www.predsjednik.hr\/wp-content\/uploads\/2021\/09\/DSC_7070-768x549.jpg')\"><\/a>\n            <!--end single-->\n                    <!--single-->\n            <a data-no-swup class=\"c-lightbox-gallery__single js-lightbox-single\"\n               href=\"https:\/\/www.predsjednik.hr\/wp-content\/uploads\/2021\/09\/DSC_7167-1024x731.jpg\"\n               style=\"background-image: url('https:\/\/www.predsjednik.hr\/wp-content\/uploads\/2021\/09\/DSC_7167-768x549.jpg')\"><\/a>\n            <!--end single-->\n        <\/div>\n<!--end GALLERY BLOCK-->\n\n\n\n<p>PHOTO: Office of the President of the Republic of Croatia \/ Ana Marija Kati\u0107<\/p>\n","protected":false},"excerpt":{"rendered":"<p>The President of the Republic Zoran Milanovi\u0107 participated in the \u201cDan velikih planova\u201d (Big Plans Day) business conference. The 13th edition of the conference, which has traditionally been organized by the \u201cLider\u201d weekly, was held under the patronage of the President of the Republic. In his address to the conference participants, President Milanovi\u0107 spoke about the effects of the corona crisis on Croatia\u2019s economy.<\/p>\n","protected":false},"featured_media":12490,"template":"","news-cat":[12],"class_list":["post-12548","news","type-news","status-publish","has-post-thumbnail","hentry","news-cat-news"],"acf":[],"yoast_head":"<!-- This site is optimized with the Yoast SEO plugin v27.5 - https:\/\/yoast.com\/product\/yoast-seo-wordpress\/ -->\n<title>President Milanovi\u0107 Takes Part in \u201cDan velikih planova\u201d Business Conference: Every euro from the EU should be utilized, that is the task above all others of this generation - President of the Republic of Croatia - Zoran Milanovi\u0107<\/title>\n<meta name=\"robots\" content=\"index, follow, max-snippet:-1, max-image-preview:large, max-video-preview:-1\" \/>\n<link rel=\"canonical\" href=\"https:\/\/www.predsjednik.hr\/en\/news\/president-milanovic-takes-part-in-dan-velikih-planova-business-conference-every-euro-from-the-eu-should-be-utilized-that-is-the-task-above-all-others-of-this-generation\/\" \/>\n<meta property=\"og:locale\" content=\"en_US\" \/>\n<meta property=\"og:type\" content=\"article\" \/>\n<meta property=\"og:title\" content=\"President Milanovi\u0107 Takes Part in \u201cDan velikih planova\u201d Business Conference: Every euro from the EU should be utilized, that is the task above all others of this generation - President of the Republic of Croatia - Zoran Milanovi\u0107\" \/>\n<meta property=\"og:description\" content=\"The President of the Republic Zoran Milanovi\u0107 participated in the \u201cDan velikih planova\u201d (Big Plans Day) business conference. The 13th edition of the conference, which has traditionally been organized by the \u201cLider\u201d weekly, was held under the patronage of the President of the Republic. In his address to the conference participants, President Milanovi\u0107 spoke about the effects of the corona crisis on Croatia\u2019s economy.\" \/>\n<meta property=\"og:url\" content=\"https:\/\/www.predsjednik.hr\/en\/news\/president-milanovic-takes-part-in-dan-velikih-planova-business-conference-every-euro-from-the-eu-should-be-utilized-that-is-the-task-above-all-others-of-this-generation\/\" \/>\n<meta property=\"og:site_name\" content=\"President of the Republic of Croatia - Zoran Milanovi\u0107\" \/>\n<meta property=\"article:modified_time\" content=\"2021-09-30T07:28:56+00:00\" \/>\n<meta property=\"og:image\" content=\"https:\/\/www.predsjednik.hr\/wp-content\/uploads\/2021\/09\/DSC_7070.jpg\" \/>\n\t<meta property=\"og:image:width\" content=\"5673\" \/>\n\t<meta property=\"og:image:height\" content=\"4052\" \/>\n\t<meta property=\"og:image:type\" content=\"image\/jpeg\" \/>\n<meta name=\"twitter:card\" content=\"summary_large_image\" \/>\n<meta name=\"twitter:label1\" content=\"Est. reading time\" \/>\n\t<meta name=\"twitter:data1\" content=\"4 minutes\" \/>\n<script type=\"application\/ld+json\" class=\"yoast-schema-graph\">{\"@context\":\"https:\\\/\\\/schema.org\",\"@graph\":[{\"@type\":\"WebPage\",\"@id\":\"https:\\\/\\\/www.predsjednik.hr\\\/en\\\/news\\\/president-milanovic-takes-part-in-dan-velikih-planova-business-conference-every-euro-from-the-eu-should-be-utilized-that-is-the-task-above-all-others-of-this-generation\\\/\",\"url\":\"https:\\\/\\\/www.predsjednik.hr\\\/en\\\/news\\\/president-milanovic-takes-part-in-dan-velikih-planova-business-conference-every-euro-from-the-eu-should-be-utilized-that-is-the-task-above-all-others-of-this-generation\\\/\",\"name\":\"President Milanovi\u0107 Takes Part in \u201cDan velikih planova\u201d Business Conference: Every euro from the EU should be utilized, that is the task above all others of this generation - President of the Republic of Croatia - Zoran Milanovi\u0107\",\"isPartOf\":{\"@id\":\"https:\\\/\\\/www.predsjednik.hr\\\/en\\\/#website\"},\"primaryImageOfPage\":{\"@id\":\"https:\\\/\\\/www.predsjednik.hr\\\/en\\\/news\\\/president-milanovic-takes-part-in-dan-velikih-planova-business-conference-every-euro-from-the-eu-should-be-utilized-that-is-the-task-above-all-others-of-this-generation\\\/#primaryimage\"},\"image\":{\"@id\":\"https:\\\/\\\/www.predsjednik.hr\\\/en\\\/news\\\/president-milanovic-takes-part-in-dan-velikih-planova-business-conference-every-euro-from-the-eu-should-be-utilized-that-is-the-task-above-all-others-of-this-generation\\\/#primaryimage\"},\"thumbnailUrl\":\"https:\\\/\\\/www.predsjednik.hr\\\/wp-content\\\/uploads\\\/2021\\\/09\\\/DSC_7070.jpg\",\"datePublished\":\"2021-09-29T14:26:00+00:00\",\"dateModified\":\"2021-09-30T07:28:56+00:00\",\"breadcrumb\":{\"@id\":\"https:\\\/\\\/www.predsjednik.hr\\\/en\\\/news\\\/president-milanovic-takes-part-in-dan-velikih-planova-business-conference-every-euro-from-the-eu-should-be-utilized-that-is-the-task-above-all-others-of-this-generation\\\/#breadcrumb\"},\"inLanguage\":\"en-US\",\"potentialAction\":[{\"@type\":\"ReadAction\",\"target\":[\"https:\\\/\\\/www.predsjednik.hr\\\/en\\\/news\\\/president-milanovic-takes-part-in-dan-velikih-planova-business-conference-every-euro-from-the-eu-should-be-utilized-that-is-the-task-above-all-others-of-this-generation\\\/\"]}]},{\"@type\":\"ImageObject\",\"inLanguage\":\"en-US\",\"@id\":\"https:\\\/\\\/www.predsjednik.hr\\\/en\\\/news\\\/president-milanovic-takes-part-in-dan-velikih-planova-business-conference-every-euro-from-the-eu-should-be-utilized-that-is-the-task-above-all-others-of-this-generation\\\/#primaryimage\",\"url\":\"https:\\\/\\\/www.predsjednik.hr\\\/wp-content\\\/uploads\\\/2021\\\/09\\\/DSC_7070.jpg\",\"contentUrl\":\"https:\\\/\\\/www.predsjednik.hr\\\/wp-content\\\/uploads\\\/2021\\\/09\\\/DSC_7070.jpg\",\"width\":5673,\"height\":4052,\"caption\":\"The President of the Republic Zoran Milanovi\u0107 participated in the \u201cDan velikih planova\u201d (Big Plans Day) business conference. The 13th edition of the conference, which has traditionally been organized by the \u201cLider\u201d weekly, was held under the patronage of the President of the Republic. In his address to the conference participants, President Milanovi\u0107 spoke about the effects of the corona crisis on Croatia\u2019s economy.\"},{\"@type\":\"BreadcrumbList\",\"@id\":\"https:\\\/\\\/www.predsjednik.hr\\\/en\\\/news\\\/president-milanovic-takes-part-in-dan-velikih-planova-business-conference-every-euro-from-the-eu-should-be-utilized-that-is-the-task-above-all-others-of-this-generation\\\/#breadcrumb\",\"itemListElement\":[{\"@type\":\"ListItem\",\"position\":1,\"name\":\"Home\",\"item\":\"https:\\\/\\\/www.predsjednik.hr\\\/en\\\/\"},{\"@type\":\"ListItem\",\"position\":2,\"name\":\"Vijesti\",\"item\":\"https:\\\/\\\/www.predsjednik.hr\\\/en\\\/news\\\/\"},{\"@type\":\"ListItem\",\"position\":3,\"name\":\"President Milanovi\u0107 Takes Part in \u201cDan velikih planova\u201d Business Conference: Every euro from the EU should be utilized, that is the task above all others of this generation\"}]},{\"@type\":\"WebSite\",\"@id\":\"https:\\\/\\\/www.predsjednik.hr\\\/en\\\/#website\",\"url\":\"https:\\\/\\\/www.predsjednik.hr\\\/en\\\/\",\"name\":\"President of the Republic of Croatia - Zoran Milanovi\u0107\",\"description\":\"Just another WordPress site\",\"potentialAction\":[{\"@type\":\"SearchAction\",\"target\":{\"@type\":\"EntryPoint\",\"urlTemplate\":\"https:\\\/\\\/www.predsjednik.hr\\\/en\\\/?s={search_term_string}\"},\"query-input\":{\"@type\":\"PropertyValueSpecification\",\"valueRequired\":true,\"valueName\":\"search_term_string\"}}],\"inLanguage\":\"en-US\"}]}<\/script>\n<!-- \/ Yoast SEO plugin. -->","yoast_head_json":{"title":"President Milanovi\u0107 Takes Part in \u201cDan velikih planova\u201d Business Conference: Every euro from the EU should be utilized, that is the task above all others of this generation - President of the Republic of Croatia - Zoran Milanovi\u0107","robots":{"index":"index","follow":"follow","max-snippet":"max-snippet:-1","max-image-preview":"max-image-preview:large","max-video-preview":"max-video-preview:-1"},"canonical":"https:\/\/www.predsjednik.hr\/en\/news\/president-milanovic-takes-part-in-dan-velikih-planova-business-conference-every-euro-from-the-eu-should-be-utilized-that-is-the-task-above-all-others-of-this-generation\/","og_locale":"en_US","og_type":"article","og_title":"President Milanovi\u0107 Takes Part in \u201cDan velikih planova\u201d Business Conference: Every euro from the EU should be utilized, that is the task above all others of this generation - President of the Republic of Croatia - Zoran Milanovi\u0107","og_description":"The President of the Republic Zoran Milanovi\u0107 participated in the \u201cDan velikih planova\u201d (Big Plans Day) business conference. The 13th edition of the conference, which has traditionally been organized by the \u201cLider\u201d weekly, was held under the patronage of the President of the Republic. In his address to the conference participants, President Milanovi\u0107 spoke about the effects of the corona crisis on Croatia\u2019s economy.","og_url":"https:\/\/www.predsjednik.hr\/en\/news\/president-milanovic-takes-part-in-dan-velikih-planova-business-conference-every-euro-from-the-eu-should-be-utilized-that-is-the-task-above-all-others-of-this-generation\/","og_site_name":"President of the Republic of Croatia - Zoran Milanovi\u0107","article_modified_time":"2021-09-30T07:28:56+00:00","og_image":[{"width":5673,"height":4052,"url":"https:\/\/www.predsjednik.hr\/wp-content\/uploads\/2021\/09\/DSC_7070.jpg","type":"image\/jpeg"}],"twitter_card":"summary_large_image","twitter_misc":{"Est. reading time":"4 minutes"},"schema":{"@context":"https:\/\/schema.org","@graph":[{"@type":"WebPage","@id":"https:\/\/www.predsjednik.hr\/en\/news\/president-milanovic-takes-part-in-dan-velikih-planova-business-conference-every-euro-from-the-eu-should-be-utilized-that-is-the-task-above-all-others-of-this-generation\/","url":"https:\/\/www.predsjednik.hr\/en\/news\/president-milanovic-takes-part-in-dan-velikih-planova-business-conference-every-euro-from-the-eu-should-be-utilized-that-is-the-task-above-all-others-of-this-generation\/","name":"President Milanovi\u0107 Takes Part in \u201cDan velikih planova\u201d Business Conference: Every euro from the EU should be utilized, that is the task above all others of this generation - President of the Republic of Croatia - Zoran Milanovi\u0107","isPartOf":{"@id":"https:\/\/www.predsjednik.hr\/en\/#website"},"primaryImageOfPage":{"@id":"https:\/\/www.predsjednik.hr\/en\/news\/president-milanovic-takes-part-in-dan-velikih-planova-business-conference-every-euro-from-the-eu-should-be-utilized-that-is-the-task-above-all-others-of-this-generation\/#primaryimage"},"image":{"@id":"https:\/\/www.predsjednik.hr\/en\/news\/president-milanovic-takes-part-in-dan-velikih-planova-business-conference-every-euro-from-the-eu-should-be-utilized-that-is-the-task-above-all-others-of-this-generation\/#primaryimage"},"thumbnailUrl":"https:\/\/www.predsjednik.hr\/wp-content\/uploads\/2021\/09\/DSC_7070.jpg","datePublished":"2021-09-29T14:26:00+00:00","dateModified":"2021-09-30T07:28:56+00:00","breadcrumb":{"@id":"https:\/\/www.predsjednik.hr\/en\/news\/president-milanovic-takes-part-in-dan-velikih-planova-business-conference-every-euro-from-the-eu-should-be-utilized-that-is-the-task-above-all-others-of-this-generation\/#breadcrumb"},"inLanguage":"en-US","potentialAction":[{"@type":"ReadAction","target":["https:\/\/www.predsjednik.hr\/en\/news\/president-milanovic-takes-part-in-dan-velikih-planova-business-conference-every-euro-from-the-eu-should-be-utilized-that-is-the-task-above-all-others-of-this-generation\/"]}]},{"@type":"ImageObject","inLanguage":"en-US","@id":"https:\/\/www.predsjednik.hr\/en\/news\/president-milanovic-takes-part-in-dan-velikih-planova-business-conference-every-euro-from-the-eu-should-be-utilized-that-is-the-task-above-all-others-of-this-generation\/#primaryimage","url":"https:\/\/www.predsjednik.hr\/wp-content\/uploads\/2021\/09\/DSC_7070.jpg","contentUrl":"https:\/\/www.predsjednik.hr\/wp-content\/uploads\/2021\/09\/DSC_7070.jpg","width":5673,"height":4052,"caption":"The President of the Republic Zoran Milanovi\u0107 participated in the \u201cDan velikih planova\u201d (Big Plans Day) business conference. The 13th edition of the conference, which has traditionally been organized by the \u201cLider\u201d weekly, was held under the patronage of the President of the Republic. In his address to the conference participants, President Milanovi\u0107 spoke about the effects of the corona crisis on Croatia\u2019s economy."},{"@type":"BreadcrumbList","@id":"https:\/\/www.predsjednik.hr\/en\/news\/president-milanovic-takes-part-in-dan-velikih-planova-business-conference-every-euro-from-the-eu-should-be-utilized-that-is-the-task-above-all-others-of-this-generation\/#breadcrumb","itemListElement":[{"@type":"ListItem","position":1,"name":"Home","item":"https:\/\/www.predsjednik.hr\/en\/"},{"@type":"ListItem","position":2,"name":"Vijesti","item":"https:\/\/www.predsjednik.hr\/en\/news\/"},{"@type":"ListItem","position":3,"name":"President Milanovi\u0107 Takes Part in \u201cDan velikih planova\u201d Business Conference: Every euro from the EU should be utilized, that is the task above all others of this generation"}]},{"@type":"WebSite","@id":"https:\/\/www.predsjednik.hr\/en\/#website","url":"https:\/\/www.predsjednik.hr\/en\/","name":"President of the Republic of Croatia - Zoran Milanovi\u0107","description":"Just another WordPress site","potentialAction":[{"@type":"SearchAction","target":{"@type":"EntryPoint","urlTemplate":"https:\/\/www.predsjednik.hr\/en\/?s={search_term_string}"},"query-input":{"@type":"PropertyValueSpecification","valueRequired":true,"valueName":"search_term_string"}}],"inLanguage":"en-US"}]}},"_links":{"self":[{"href":"https:\/\/www.predsjednik.hr\/en\/wp-json\/wp\/v2\/news\/12548","targetHints":{"allow":["GET"]}}],"collection":[{"href":"https:\/\/www.predsjednik.hr\/en\/wp-json\/wp\/v2\/news"}],"about":[{"href":"https:\/\/www.predsjednik.hr\/en\/wp-json\/wp\/v2\/types\/news"}],"wp:featuredmedia":[{"embeddable":true,"href":"https:\/\/www.predsjednik.hr\/en\/wp-json\/wp\/v2\/media\/12490"}],"wp:attachment":[{"href":"https:\/\/www.predsjednik.hr\/en\/wp-json\/wp\/v2\/media?parent=12548"}],"wp:term":[{"taxonomy":"news-cat","embeddable":true,"href":"https:\/\/www.predsjednik.hr\/en\/wp-json\/wp\/v2\/news-cat?post=12548"}],"curies":[{"name":"wp","href":"https:\/\/api.w.org\/{rel}","templated":true}]}}