{"id":12550,"date":"2021-09-30T11:46:51","date_gmt":"2021-09-30T09:46:51","guid":{"rendered":"https:\/\/www.predsjednik.hr\/?post_type=news&#038;p=12550"},"modified":"2021-10-04T10:40:11","modified_gmt":"2021-10-04T08:40:11","slug":"president-milanovic-on-police-day-help-people-who-are-in-trouble-but-guard-the-croatian-border","status":"publish","type":"news","link":"https:\/\/www.predsjednik.hr\/en\/news\/president-milanovic-on-police-day-help-people-who-are-in-trouble-but-guard-the-croatian-border\/","title":{"rendered":"President Milanovi\u0107 on Police Day: Help People Who Are in Trouble, but Guard the Croatian Border"},"content":{"rendered":"\n<p>The President of the Republic and Commander in Chief of the Croatian Armed Forces Zoran Milanovi\u0107 hosted a reception on the occasion of Police Day, and presented decorations to police stations, and to active and retired personnel of the Ministry of the Interior of the Republic of Croatia.<\/p>\n\n\n\n<p>Congratulating Interior Ministry personnel on the Feast of St. Michael, their patron saint, President Milanovi\u0107 focused on two points in his address. \u201cThe first is what happened thirty years ago when the Croatian police, not by inertia, but by enthusiasm and a feeling of obligation toward the homeland, were among the very first to stand in defense, the first generation of young Police Academy cadets. A war followed, aggression, arson, killings, shelling \u2013 without the police there would be nothing. There are many people present who used to be in the force, did their share, disappeared in the whirlwind of war, some were never found, many of your own, glory to them!\u201d, President Milanovi\u0107 stated.<\/p>\n\n\n\n<p>He further told them that the police officers who took part in the Homeland War were not in defense of the homeland, and explained that anyone can act as the bulwark of the homeland, not even being aware of it. \u201cYou were among the few who were on the command bridge, who were at the helm of the homeland, whether or not you were direct commanders or simply there was no one to assume the command bridge. That was reserved and left to the few, the best, the small number of right people who make the difference in every crisis. Thank you! That shall not be forgotten!\u201d, the President noted.<\/p>\n\n\n\n<p>Guarding the Croatian border is the second point President Milanovi\u0107 emphasized. He said that three elements are necessary for a state&#8217;s&nbsp;existence: people, state authorities, and a territory on which this power is exercised \u2013 a demarcated state territory. &#8220;Borders are no joke, regardless of Schengen, borders exist for those reasons, to be able to execute functions that are vital. My call to you in these complex times is to help the needy, those who are in serious trouble, those who really need a helping hand, who need&nbsp;asylum. That&#8217;s not easy and it&#8217;s not mechanical. You must be perceptive, sometimes strict, smart, clever, never perfidious, and we will value your work in those terms, at least I will&#8221;, President Milanovi\u0107 stated.<\/p>\n\n\n\n<p>He noted that there would be pressure and genuine need&nbsp;from international organizations to help people, as well as&nbsp;manipulators who should be unmasked. &#8220;The Croatian border is something for which your friends, colleagues and fellow fighters died, about&nbsp;which we, this Croatian generation, are&nbsp;especially sensitive. And that&#8217;s what Croatian citizens expect from you. Be smart, you have the resources. I hope we won&#8217;t lose you because of too low salaries. We can&#8217;t be left without key people, services and support, and to prevent&nbsp;that, it&#8217;s necessary to plan,&#8221; President Milanovi\u0107 said.<\/p>\n\n\n\n<p>&#8220;Guard the border, because it&#8217;s not good when the army must go to the border. That&#8217;s war or cold war. We don&#8217;t want that. You are helping so that it doesn&#8217;t happen. Tomorrow we will enter Schengen, we will be even more open&nbsp;and I hope that, as a small and flexible state, but also as a small, delicate national community, we&#8217;ll know how to deal with that. That&#8217;s not simple,&#8221; said President Milanovi\u0107 in concluding his address.<\/p>\n\n\n\n<p>On the occasion of Police Day, President Milanovi\u0107 decorated police stations as well as active and retired Interior Ministry personnel. For bravery and heroism displayed in the Homeland War, the Order of Duke Domagoj with Ribbon has been awarded to Marko Luki\u0107.<\/p>\n\n\n\n<p>The Order of Duke Domagoj with Ribbon has also been awarded to the Vukovar Police station for the bravery and heroism of its members displayed in the Homeland War. The Order of Nikola \u0160ubi\u0107 Zrinski has been awarded to Police stations in Kutina, Novska and Sunja for deeds of valour in the Homeland War.<\/p>\n\n\n\n<p>Colonel Vlado \u010culina has been awarded the Order of Ban Jela\u010di\u0107 for extraordinary command of Croatian Armed Forces units, and for outstanding military service in their organization. Mladen Todori\u0107 and Mario Mihaljevi\u0107 have been awarded the Order of the Croatian Interlace for outstanding contribution to the development and reputation of the Republic of Croatia and the well-being of its citizens. For participation in the Homeland War, the Homeland War Memorial Medal has been awarded to Ivica Huzjak, and for honourable and exemplary service the Homeland War Memorial Medal has been awarded to 136 members of the Ministry of the Interior.<\/p>\n\n\n\n<p>Also congratulating the Ministry of the Interior personnel on Police Day besides President Milanovi\u0107 were Deputy Prime Minister and Minister of the Interior Davor Bo\u017einovi\u0107, and Member of Parliament Ante Deur on behalf of the Speaker of the Croatian Parliament. On behalf of the decorated Vlado Bo\u017ei\u0107, Chief of the Vukovar, delivered a thank you speech.<\/p>\n\n\n<!--GALLERY BLOCK-->\n<div class=\"c-lightbox-gallery js-lightbox\">\n                <!--single-->\n            <a data-no-swup class=\"c-lightbox-gallery__single js-lightbox-single\"\n               href=\"https:\/\/www.predsjednik.hr\/wp-content\/uploads\/2021\/09\/DSC_7355-1024x576.jpg\"\n               style=\"background-image: url('https:\/\/www.predsjednik.hr\/wp-content\/uploads\/2021\/09\/DSC_7355-768x432.jpg')\"><\/a>\n            <!--end single-->\n                    <!--single-->\n            <a data-no-swup class=\"c-lightbox-gallery__single js-lightbox-single\"\n               href=\"https:\/\/www.predsjednik.hr\/wp-content\/uploads\/2021\/09\/DSC_1846-copy-1024x731.jpg\"\n               style=\"background-image: url('https:\/\/www.predsjednik.hr\/wp-content\/uploads\/2021\/09\/DSC_1846-copy-768x549.jpg')\"><\/a>\n            <!--end single-->\n                    <!--single-->\n            <a data-no-swup class=\"c-lightbox-gallery__single js-lightbox-single\"\n               href=\"https:\/\/www.predsjednik.hr\/wp-content\/uploads\/2021\/09\/DSC_7382-1024x731.jpg\"\n               style=\"background-image: url('https:\/\/www.predsjednik.hr\/wp-content\/uploads\/2021\/09\/DSC_7382-768x549.jpg')\"><\/a>\n            <!--end single-->\n                    <!--single-->\n            <a data-no-swup class=\"c-lightbox-gallery__single js-lightbox-single\"\n               href=\"https:\/\/www.predsjednik.hr\/wp-content\/uploads\/2021\/09\/DSC_1898-copy-1024x576.jpg\"\n               style=\"background-image: url('https:\/\/www.predsjednik.hr\/wp-content\/uploads\/2021\/09\/DSC_1898-copy-768x432.jpg')\"><\/a>\n            <!--end single-->\n                    <!--single-->\n            <a data-no-swup class=\"c-lightbox-gallery__single js-lightbox-single\"\n               href=\"https:\/\/www.predsjednik.hr\/wp-content\/uploads\/2021\/09\/DSC_1922-copy-1024x576.jpg\"\n               style=\"background-image: url('https:\/\/www.predsjednik.hr\/wp-content\/uploads\/2021\/09\/DSC_1922-copy-768x432.jpg')\"><\/a>\n            <!--end single-->\n                    <!--single-->\n            <a data-no-swup class=\"c-lightbox-gallery__single js-lightbox-single\"\n               href=\"https:\/\/www.predsjednik.hr\/wp-content\/uploads\/2021\/09\/DSC_2142-copy-1024x576.jpg\"\n               style=\"background-image: url('https:\/\/www.predsjednik.hr\/wp-content\/uploads\/2021\/09\/DSC_2142-copy-768x432.jpg')\"><\/a>\n            <!--end single-->\n                    <!--single-->\n            <a data-no-swup class=\"c-lightbox-gallery__single js-lightbox-single\"\n               href=\"https:\/\/www.predsjednik.hr\/wp-content\/uploads\/2021\/09\/DSC_1983-copy-1024x576.jpg\"\n               style=\"background-image: url('https:\/\/www.predsjednik.hr\/wp-content\/uploads\/2021\/09\/DSC_1983-copy-768x432.jpg')\"><\/a>\n            <!--end single-->\n                    <!--single-->\n            <a data-no-swup class=\"c-lightbox-gallery__single js-lightbox-single\"\n               href=\"https:\/\/www.predsjednik.hr\/wp-content\/uploads\/2021\/09\/DSC_7316-1024x731.jpg\"\n               style=\"background-image: url('https:\/\/www.predsjednik.hr\/wp-content\/uploads\/2021\/09\/DSC_7316-768x549.jpg')\"><\/a>\n            <!--end single-->\n                    <!--single-->\n            <a data-no-swup class=\"c-lightbox-gallery__single js-lightbox-single\"\n               href=\"https:\/\/www.predsjednik.hr\/wp-content\/uploads\/2021\/09\/DSC_7449-1024x731.jpg\"\n               style=\"background-image: url('https:\/\/www.predsjednik.hr\/wp-content\/uploads\/2021\/09\/DSC_7449-768x549.jpg')\"><\/a>\n            <!--end single-->\n                    <!--single-->\n            <a data-no-swup class=\"c-lightbox-gallery__single js-lightbox-single\"\n               href=\"https:\/\/www.predsjednik.hr\/wp-content\/uploads\/2021\/09\/DSC_2006-copy-1024x731.jpg\"\n               style=\"background-image: url('https:\/\/www.predsjednik.hr\/wp-content\/uploads\/2021\/09\/DSC_2006-copy-768x548.jpg')\"><\/a>\n            <!--end single-->\n                    <!--single-->\n            <a data-no-swup class=\"c-lightbox-gallery__single js-lightbox-single\"\n               href=\"https:\/\/www.predsjednik.hr\/wp-content\/uploads\/2021\/09\/DSC_7473-1024x731.jpg\"\n               style=\"background-image: url('https:\/\/www.predsjednik.hr\/wp-content\/uploads\/2021\/09\/DSC_7473-768x549.jpg')\"><\/a>\n            <!--end single-->\n                    <!--single-->\n            <a data-no-swup class=\"c-lightbox-gallery__single js-lightbox-single\"\n               href=\"https:\/\/www.predsjednik.hr\/wp-content\/uploads\/2021\/09\/DSC_2067-copy-1024x576.jpg\"\n               style=\"background-image: url('https:\/\/www.predsjednik.hr\/wp-content\/uploads\/2021\/09\/DSC_2067-copy-768x432.jpg')\"><\/a>\n            <!--end single-->\n                    <!--single-->\n            <a data-no-swup class=\"c-lightbox-gallery__single js-lightbox-single\"\n               href=\"https:\/\/www.predsjednik.hr\/wp-content\/uploads\/2021\/09\/DSC_2073-copy-1024x576.jpg\"\n               style=\"background-image: url('https:\/\/www.predsjednik.hr\/wp-content\/uploads\/2021\/09\/DSC_2073-copy-768x432.jpg')\"><\/a>\n            <!--end single-->\n                    <!--single-->\n            <a data-no-swup class=\"c-lightbox-gallery__single js-lightbox-single\"\n               href=\"https:\/\/www.predsjednik.hr\/wp-content\/uploads\/2021\/09\/DSC_2086-copy-1024x576.jpg\"\n               style=\"background-image: url('https:\/\/www.predsjednik.hr\/wp-content\/uploads\/2021\/09\/DSC_2086-copy-768x432.jpg')\"><\/a>\n            <!--end single-->\n                    <!--single-->\n            <a data-no-swup class=\"c-lightbox-gallery__single js-lightbox-single\"\n               href=\"https:\/\/www.predsjednik.hr\/wp-content\/uploads\/2021\/09\/DSC_2162-copy-1024x731.jpg\"\n               style=\"background-image: url('https:\/\/www.predsjednik.hr\/wp-content\/uploads\/2021\/09\/DSC_2162-copy-768x549.jpg')\"><\/a>\n            <!--end single-->\n                    <!--single-->\n            <a data-no-swup class=\"c-lightbox-gallery__single js-lightbox-single\"\n               href=\"https:\/\/www.predsjednik.hr\/wp-content\/uploads\/2021\/09\/DSC_2190-copy-1024x731.jpg\"\n               style=\"background-image: url('https:\/\/www.predsjednik.hr\/wp-content\/uploads\/2021\/09\/DSC_2190-copy-768x549.jpg')\"><\/a>\n            <!--end single-->\n                    <!--single-->\n            <a data-no-swup class=\"c-lightbox-gallery__single js-lightbox-single\"\n               href=\"https:\/\/www.predsjednik.hr\/wp-content\/uploads\/2021\/09\/DSC_2282-copy-1024x731.jpg\"\n               style=\"background-image: url('https:\/\/www.predsjednik.hr\/wp-content\/uploads\/2021\/09\/DSC_2282-copy-768x549.jpg')\"><\/a>\n            <!--end single-->\n                    <!--single-->\n            <a data-no-swup class=\"c-lightbox-gallery__single js-lightbox-single\"\n               href=\"https:\/\/www.predsjednik.hr\/wp-content\/uploads\/2021\/09\/DSC_2302-copy-1024x731.jpg\"\n               style=\"background-image: url('https:\/\/www.predsjednik.hr\/wp-content\/uploads\/2021\/09\/DSC_2302-copy-768x549.jpg')\"><\/a>\n            <!--end single-->\n                    <!--single-->\n            <a data-no-swup class=\"c-lightbox-gallery__single js-lightbox-single\"\n               href=\"https:\/\/www.predsjednik.hr\/wp-content\/uploads\/2021\/09\/DSC_7582-1024x731.jpg\"\n               style=\"background-image: url('https:\/\/www.predsjednik.hr\/wp-content\/uploads\/2021\/09\/DSC_7582-768x549.jpg')\"><\/a>\n            <!--end single-->\n                    <!--single-->\n            <a data-no-swup class=\"c-lightbox-gallery__single js-lightbox-single\"\n               href=\"https:\/\/www.predsjednik.hr\/wp-content\/uploads\/2021\/09\/DSC_7609-1024x731.jpg\"\n               style=\"background-image: url('https:\/\/www.predsjednik.hr\/wp-content\/uploads\/2021\/09\/DSC_7609-768x548.jpg')\"><\/a>\n            <!--end single-->\n                    <!--single-->\n            <a data-no-swup class=\"c-lightbox-gallery__single js-lightbox-single\"\n               href=\"https:\/\/www.predsjednik.hr\/wp-content\/uploads\/2021\/09\/DSC_7622-1024x731.jpg\"\n               style=\"background-image: url('https:\/\/www.predsjednik.hr\/wp-content\/uploads\/2021\/09\/DSC_7622-768x549.jpg')\"><\/a>\n            <!--end single-->\n                    <!--single-->\n            <a data-no-swup class=\"c-lightbox-gallery__single js-lightbox-single\"\n               href=\"https:\/\/www.predsjednik.hr\/wp-content\/uploads\/2021\/09\/DSC_7693-1024x731.jpg\"\n               style=\"background-image: url('https:\/\/www.predsjednik.hr\/wp-content\/uploads\/2021\/09\/DSC_7693-768x549.jpg')\"><\/a>\n            <!--end single-->\n                    <!--single-->\n            <a data-no-swup class=\"c-lightbox-gallery__single js-lightbox-single\"\n               href=\"https:\/\/www.predsjednik.hr\/wp-content\/uploads\/2021\/09\/DSC_3631-copy-1024x576.jpg\"\n               style=\"background-image: url('https:\/\/www.predsjednik.hr\/wp-content\/uploads\/2021\/09\/DSC_3631-copy-768x432.jpg')\"><\/a>\n            <!--end single-->\n                    <!--single-->\n            <a data-no-swup class=\"c-lightbox-gallery__single js-lightbox-single\"\n               href=\"https:\/\/www.predsjednik.hr\/wp-content\/uploads\/2021\/09\/DSC_8625-1024x731.jpg\"\n               style=\"background-image: url('https:\/\/www.predsjednik.hr\/wp-content\/uploads\/2021\/09\/DSC_8625-768x549.jpg')\"><\/a>\n            <!--end single-->\n        <\/div>\n<!--end GALLERY BLOCK-->\n\n\n\n<p>PHOTO: Office of the President of the Republic of Croatia \/ Filip Glas, Marko Beljan<\/p>\n","protected":false},"excerpt":{"rendered":"<p>The President of the Republic and Commander in Chief of the Croatian Armed Forces Zoran Milanovi\u0107 hosted a reception on the occasion of Police Day, and presented decorations to police stations, and to active and retired personnel of the Ministry of the Interior of the Republic of Croatia.<\/p>\n","protected":false},"featured_media":12537,"template":"","news-cat":[12],"class_list":["post-12550","news","type-news","status-publish","has-post-thumbnail","hentry","news-cat-news"],"acf":[],"yoast_head":"<!-- This site is optimized with the Yoast SEO plugin v27.5 - https:\/\/yoast.com\/product\/yoast-seo-wordpress\/ -->\n<title>President Milanovi\u0107 on Police Day: Help People Who Are in Trouble, but Guard the Croatian Border - President of the Republic of Croatia - Zoran Milanovi\u0107<\/title>\n<meta name=\"robots\" content=\"index, follow, max-snippet:-1, max-image-preview:large, max-video-preview:-1\" \/>\n<link rel=\"canonical\" href=\"https:\/\/www.predsjednik.hr\/en\/news\/president-milanovic-on-police-day-help-people-who-are-in-trouble-but-guard-the-croatian-border\/\" \/>\n<meta property=\"og:locale\" content=\"en_US\" \/>\n<meta property=\"og:type\" content=\"article\" \/>\n<meta property=\"og:title\" content=\"President Milanovi\u0107 on Police Day: Help People Who Are in Trouble, but Guard the Croatian Border - President of the Republic of Croatia - Zoran Milanovi\u0107\" \/>\n<meta property=\"og:description\" content=\"The President of the Republic and Commander in Chief of the Croatian Armed Forces Zoran Milanovi\u0107 hosted a reception on the occasion of Police Day, and presented decorations to police stations, and to active and retired personnel of the Ministry of the Interior of the Republic of Croatia.\" \/>\n<meta property=\"og:url\" content=\"https:\/\/www.predsjednik.hr\/en\/news\/president-milanovic-on-police-day-help-people-who-are-in-trouble-but-guard-the-croatian-border\/\" \/>\n<meta property=\"og:site_name\" content=\"President of the Republic of Croatia - Zoran Milanovi\u0107\" \/>\n<meta property=\"article:modified_time\" content=\"2021-10-04T08:40:11+00:00\" \/>\n<meta property=\"og:image\" content=\"https:\/\/www.predsjednik.hr\/wp-content\/uploads\/2021\/09\/DSC_7582.jpg\" \/>\n\t<meta property=\"og:image:width\" content=\"5177\" \/>\n\t<meta property=\"og:image:height\" content=\"3698\" \/>\n\t<meta property=\"og:image:type\" content=\"image\/jpeg\" \/>\n<meta name=\"twitter:card\" content=\"summary_large_image\" \/>\n<meta name=\"twitter:label1\" content=\"Est. reading time\" \/>\n\t<meta name=\"twitter:data1\" content=\"4 minutes\" \/>\n<script type=\"application\/ld+json\" class=\"yoast-schema-graph\">{\"@context\":\"https:\\\/\\\/schema.org\",\"@graph\":[{\"@type\":\"WebPage\",\"@id\":\"https:\\\/\\\/www.predsjednik.hr\\\/en\\\/news\\\/president-milanovic-on-police-day-help-people-who-are-in-trouble-but-guard-the-croatian-border\\\/\",\"url\":\"https:\\\/\\\/www.predsjednik.hr\\\/en\\\/news\\\/president-milanovic-on-police-day-help-people-who-are-in-trouble-but-guard-the-croatian-border\\\/\",\"name\":\"President Milanovi\u0107 on Police Day: Help People Who Are in Trouble, but Guard the Croatian Border - President of the Republic of Croatia - Zoran Milanovi\u0107\",\"isPartOf\":{\"@id\":\"https:\\\/\\\/www.predsjednik.hr\\\/en\\\/#website\"},\"primaryImageOfPage\":{\"@id\":\"https:\\\/\\\/www.predsjednik.hr\\\/en\\\/news\\\/president-milanovic-on-police-day-help-people-who-are-in-trouble-but-guard-the-croatian-border\\\/#primaryimage\"},\"image\":{\"@id\":\"https:\\\/\\\/www.predsjednik.hr\\\/en\\\/news\\\/president-milanovic-on-police-day-help-people-who-are-in-trouble-but-guard-the-croatian-border\\\/#primaryimage\"},\"thumbnailUrl\":\"https:\\\/\\\/www.predsjednik.hr\\\/wp-content\\\/uploads\\\/2021\\\/09\\\/DSC_7582.jpg\",\"datePublished\":\"2021-09-30T09:46:51+00:00\",\"dateModified\":\"2021-10-04T08:40:11+00:00\",\"breadcrumb\":{\"@id\":\"https:\\\/\\\/www.predsjednik.hr\\\/en\\\/news\\\/president-milanovic-on-police-day-help-people-who-are-in-trouble-but-guard-the-croatian-border\\\/#breadcrumb\"},\"inLanguage\":\"en-US\",\"potentialAction\":[{\"@type\":\"ReadAction\",\"target\":[\"https:\\\/\\\/www.predsjednik.hr\\\/en\\\/news\\\/president-milanovic-on-police-day-help-people-who-are-in-trouble-but-guard-the-croatian-border\\\/\"]}]},{\"@type\":\"ImageObject\",\"inLanguage\":\"en-US\",\"@id\":\"https:\\\/\\\/www.predsjednik.hr\\\/en\\\/news\\\/president-milanovic-on-police-day-help-people-who-are-in-trouble-but-guard-the-croatian-border\\\/#primaryimage\",\"url\":\"https:\\\/\\\/www.predsjednik.hr\\\/wp-content\\\/uploads\\\/2021\\\/09\\\/DSC_7582.jpg\",\"contentUrl\":\"https:\\\/\\\/www.predsjednik.hr\\\/wp-content\\\/uploads\\\/2021\\\/09\\\/DSC_7582.jpg\",\"width\":5177,\"height\":3698,\"caption\":\"The President of the Republic and Commander in Chief of the Croatian Armed Forces Zoran Milanovi\u0107 hosted a reception on the occasion of Police Day, and presented decorations to police stations, and to active and retired personnel of the Ministry of the Interior of the Republic of Croatia.\"},{\"@type\":\"BreadcrumbList\",\"@id\":\"https:\\\/\\\/www.predsjednik.hr\\\/en\\\/news\\\/president-milanovic-on-police-day-help-people-who-are-in-trouble-but-guard-the-croatian-border\\\/#breadcrumb\",\"itemListElement\":[{\"@type\":\"ListItem\",\"position\":1,\"name\":\"Home\",\"item\":\"https:\\\/\\\/www.predsjednik.hr\\\/en\\\/\"},{\"@type\":\"ListItem\",\"position\":2,\"name\":\"Vijesti\",\"item\":\"https:\\\/\\\/www.predsjednik.hr\\\/en\\\/news\\\/\"},{\"@type\":\"ListItem\",\"position\":3,\"name\":\"President Milanovi\u0107 on Police Day: Help People Who Are in Trouble, but Guard the Croatian Border\"}]},{\"@type\":\"WebSite\",\"@id\":\"https:\\\/\\\/www.predsjednik.hr\\\/en\\\/#website\",\"url\":\"https:\\\/\\\/www.predsjednik.hr\\\/en\\\/\",\"name\":\"President of the Republic of Croatia - Zoran Milanovi\u0107\",\"description\":\"Just another WordPress site\",\"potentialAction\":[{\"@type\":\"SearchAction\",\"target\":{\"@type\":\"EntryPoint\",\"urlTemplate\":\"https:\\\/\\\/www.predsjednik.hr\\\/en\\\/?s={search_term_string}\"},\"query-input\":{\"@type\":\"PropertyValueSpecification\",\"valueRequired\":true,\"valueName\":\"search_term_string\"}}],\"inLanguage\":\"en-US\"}]}<\/script>\n<!-- \/ Yoast SEO plugin. -->","yoast_head_json":{"title":"President Milanovi\u0107 on Police Day: Help People Who Are in Trouble, but Guard the Croatian Border - President of the Republic of Croatia - Zoran Milanovi\u0107","robots":{"index":"index","follow":"follow","max-snippet":"max-snippet:-1","max-image-preview":"max-image-preview:large","max-video-preview":"max-video-preview:-1"},"canonical":"https:\/\/www.predsjednik.hr\/en\/news\/president-milanovic-on-police-day-help-people-who-are-in-trouble-but-guard-the-croatian-border\/","og_locale":"en_US","og_type":"article","og_title":"President Milanovi\u0107 on Police Day: Help People Who Are in Trouble, but Guard the Croatian Border - President of the Republic of Croatia - Zoran Milanovi\u0107","og_description":"The President of the Republic and Commander in Chief of the Croatian Armed Forces Zoran Milanovi\u0107 hosted a reception on the occasion of Police Day, and presented decorations to police stations, and to active and retired personnel of the Ministry of the Interior of the Republic of Croatia.","og_url":"https:\/\/www.predsjednik.hr\/en\/news\/president-milanovic-on-police-day-help-people-who-are-in-trouble-but-guard-the-croatian-border\/","og_site_name":"President of the Republic of Croatia - Zoran Milanovi\u0107","article_modified_time":"2021-10-04T08:40:11+00:00","og_image":[{"width":5177,"height":3698,"url":"https:\/\/www.predsjednik.hr\/wp-content\/uploads\/2021\/09\/DSC_7582.jpg","type":"image\/jpeg"}],"twitter_card":"summary_large_image","twitter_misc":{"Est. reading time":"4 minutes"},"schema":{"@context":"https:\/\/schema.org","@graph":[{"@type":"WebPage","@id":"https:\/\/www.predsjednik.hr\/en\/news\/president-milanovic-on-police-day-help-people-who-are-in-trouble-but-guard-the-croatian-border\/","url":"https:\/\/www.predsjednik.hr\/en\/news\/president-milanovic-on-police-day-help-people-who-are-in-trouble-but-guard-the-croatian-border\/","name":"President Milanovi\u0107 on Police Day: Help People Who Are in Trouble, but Guard the Croatian Border - President of the Republic of Croatia - Zoran Milanovi\u0107","isPartOf":{"@id":"https:\/\/www.predsjednik.hr\/en\/#website"},"primaryImageOfPage":{"@id":"https:\/\/www.predsjednik.hr\/en\/news\/president-milanovic-on-police-day-help-people-who-are-in-trouble-but-guard-the-croatian-border\/#primaryimage"},"image":{"@id":"https:\/\/www.predsjednik.hr\/en\/news\/president-milanovic-on-police-day-help-people-who-are-in-trouble-but-guard-the-croatian-border\/#primaryimage"},"thumbnailUrl":"https:\/\/www.predsjednik.hr\/wp-content\/uploads\/2021\/09\/DSC_7582.jpg","datePublished":"2021-09-30T09:46:51+00:00","dateModified":"2021-10-04T08:40:11+00:00","breadcrumb":{"@id":"https:\/\/www.predsjednik.hr\/en\/news\/president-milanovic-on-police-day-help-people-who-are-in-trouble-but-guard-the-croatian-border\/#breadcrumb"},"inLanguage":"en-US","potentialAction":[{"@type":"ReadAction","target":["https:\/\/www.predsjednik.hr\/en\/news\/president-milanovic-on-police-day-help-people-who-are-in-trouble-but-guard-the-croatian-border\/"]}]},{"@type":"ImageObject","inLanguage":"en-US","@id":"https:\/\/www.predsjednik.hr\/en\/news\/president-milanovic-on-police-day-help-people-who-are-in-trouble-but-guard-the-croatian-border\/#primaryimage","url":"https:\/\/www.predsjednik.hr\/wp-content\/uploads\/2021\/09\/DSC_7582.jpg","contentUrl":"https:\/\/www.predsjednik.hr\/wp-content\/uploads\/2021\/09\/DSC_7582.jpg","width":5177,"height":3698,"caption":"The President of the Republic and Commander in Chief of the Croatian Armed Forces Zoran Milanovi\u0107 hosted a reception on the occasion of Police Day, and presented decorations to police stations, and to active and retired personnel of the Ministry of the Interior of the Republic of Croatia."},{"@type":"BreadcrumbList","@id":"https:\/\/www.predsjednik.hr\/en\/news\/president-milanovic-on-police-day-help-people-who-are-in-trouble-but-guard-the-croatian-border\/#breadcrumb","itemListElement":[{"@type":"ListItem","position":1,"name":"Home","item":"https:\/\/www.predsjednik.hr\/en\/"},{"@type":"ListItem","position":2,"name":"Vijesti","item":"https:\/\/www.predsjednik.hr\/en\/news\/"},{"@type":"ListItem","position":3,"name":"President Milanovi\u0107 on Police Day: Help People Who Are in Trouble, but Guard the Croatian Border"}]},{"@type":"WebSite","@id":"https:\/\/www.predsjednik.hr\/en\/#website","url":"https:\/\/www.predsjednik.hr\/en\/","name":"President of the Republic of Croatia - Zoran Milanovi\u0107","description":"Just another WordPress site","potentialAction":[{"@type":"SearchAction","target":{"@type":"EntryPoint","urlTemplate":"https:\/\/www.predsjednik.hr\/en\/?s={search_term_string}"},"query-input":{"@type":"PropertyValueSpecification","valueRequired":true,"valueName":"search_term_string"}}],"inLanguage":"en-US"}]}},"_links":{"self":[{"href":"https:\/\/www.predsjednik.hr\/en\/wp-json\/wp\/v2\/news\/12550","targetHints":{"allow":["GET"]}}],"collection":[{"href":"https:\/\/www.predsjednik.hr\/en\/wp-json\/wp\/v2\/news"}],"about":[{"href":"https:\/\/www.predsjednik.hr\/en\/wp-json\/wp\/v2\/types\/news"}],"wp:featuredmedia":[{"embeddable":true,"href":"https:\/\/www.predsjednik.hr\/en\/wp-json\/wp\/v2\/media\/12537"}],"wp:attachment":[{"href":"https:\/\/www.predsjednik.hr\/en\/wp-json\/wp\/v2\/media?parent=12550"}],"wp:term":[{"taxonomy":"news-cat","embeddable":true,"href":"https:\/\/www.predsjednik.hr\/en\/wp-json\/wp\/v2\/news-cat?post=12550"}],"curies":[{"name":"wp","href":"https:\/\/api.w.org\/{rel}","templated":true}]}}