{"id":12676,"date":"2021-10-05T15:09:40","date_gmt":"2021-10-05T13:09:40","guid":{"rendered":"https:\/\/www.predsjednik.hr\/?post_type=news&#038;p=12676"},"modified":"2021-10-05T15:09:43","modified_gmt":"2021-10-05T13:09:43","slug":"president-milanovic-on-world-teachers-day-teachers-must-guide-change-pupils","status":"publish","type":"news","link":"https:\/\/www.predsjednik.hr\/en\/news\/president-milanovic-on-world-teachers-day-teachers-must-guide-change-pupils\/","title":{"rendered":"President Milanovi\u0107 on World Teachers\u2019 Day: Teachers must guide, change pupils"},"content":{"rendered":"\n<p>The President of the Republic Zoran Milanovi\u0107 attended a special ceremony at the University of Zagreb Faculty of Teacher Education on the occasion of marking Faculty of Teacher Education Day and World Teachers\u2019 Day.<\/p>\n\n\n\n<p>\u201cToday, you have your Faculty. Look after it,\u201d President Milanovi\u0107 told the professors of the Faculty of Teacher Education, calling on them to strive for a high level of excellence. \u201cWe, as a nation, must strive for a high excellence level, for that is what makes a nation successful,\u201d said President Milanovi\u0107, adding that both the process of child-rearing and our society have changed through the generations.<\/p>\n\n\n\n<p>\u201cA balance in the boys vs. girls ratio needs to be found, for it is very important for the functioning of the nation. I believe in a free individual, in the right to choose. I am aware that at some point the state will no longer have an absolute monopoly over education, and here I am not referring to higher education that should be public as much as possible. But primary education \u2013 this generation of kids who are now coming of age, maturing and starting out in life \u2013 will start experimenting with some other forms of education,\u201d said President Milanovi\u0107, adding that \u201cnew generations are different and they will pass this on to their children.\u201d<\/p>\n\n\n\n<p>\u201cCroatian education has played a tremendous role. Your task and our task is to achieve a high level (of excellence), to work with the talented. Those who want more will always manage and move forward. The rest need stability, security, faith and hope. Teachers must guide and change,\u201d President Milanovi\u0107 concluded.<\/p>\n\n\n\n<p>Apart from President Milanovi\u0107, the following persons also gave speeches at the ceremony held on the occasion of Faculty of Teacher Education Day and World Teachers\u2019 Day: Dean of the Faculty of Teacher Education Sini\u0161a Opi\u0107; Rector of the University of Zagreb Damir Boras; State Secretary at the Ministry of Science and Education and envoy of the Prime Minister Ivica \u0160u\u0161ak; Chair of the Education, Science and Culture Parliamentary Committee and envoy of the Speaker of the Croatian Parliament Vesna Bedekovi\u0107. Adviser to the President of the Republic for Education Jadranka \u017darkovi\u0107 was alongside President Milanovi\u0107.<\/p>\n\n\n<!--GALLERY BLOCK-->\n<div class=\"c-lightbox-gallery js-lightbox\">\n                <!--single-->\n            <a data-no-swup class=\"c-lightbox-gallery__single js-lightbox-single\"\n               href=\"https:\/\/www.predsjednik.hr\/wp-content\/uploads\/2021\/10\/DSC_5592-1024x731.jpg\"\n               style=\"background-image: url('https:\/\/www.predsjednik.hr\/wp-content\/uploads\/2021\/10\/DSC_5592-768x549.jpg')\"><\/a>\n            <!--end single-->\n                    <!--single-->\n            <a data-no-swup class=\"c-lightbox-gallery__single js-lightbox-single\"\n               href=\"https:\/\/www.predsjednik.hr\/wp-content\/uploads\/2021\/10\/DSC_5660-1024x731.jpg\"\n               style=\"background-image: url('https:\/\/www.predsjednik.hr\/wp-content\/uploads\/2021\/10\/DSC_5660-768x549.jpg')\"><\/a>\n            <!--end single-->\n                    <!--single-->\n            <a data-no-swup class=\"c-lightbox-gallery__single js-lightbox-single\"\n               href=\"https:\/\/www.predsjednik.hr\/wp-content\/uploads\/2021\/10\/DSC_5709-1024x576.jpg\"\n               style=\"background-image: url('https:\/\/www.predsjednik.hr\/wp-content\/uploads\/2021\/10\/DSC_5709-768x432.jpg')\"><\/a>\n            <!--end single-->\n                    <!--single-->\n            <a data-no-swup class=\"c-lightbox-gallery__single js-lightbox-single\"\n               href=\"https:\/\/www.predsjednik.hr\/wp-content\/uploads\/2021\/10\/DSC_5713-1024x731.jpg\"\n               style=\"background-image: url('https:\/\/www.predsjednik.hr\/wp-content\/uploads\/2021\/10\/DSC_5713-768x549.jpg')\"><\/a>\n            <!--end single-->\n                    <!--single-->\n            <a data-no-swup class=\"c-lightbox-gallery__single js-lightbox-single\"\n               href=\"https:\/\/www.predsjednik.hr\/wp-content\/uploads\/2021\/10\/DSC_5666-1024x576.jpg\"\n               style=\"background-image: url('https:\/\/www.predsjednik.hr\/wp-content\/uploads\/2021\/10\/DSC_5666-768x432.jpg')\"><\/a>\n            <!--end single-->\n        <\/div>\n<!--end GALLERY BLOCK-->\n\n\n\n<p>PHOTO: Office of the President of the Republic of Croatia \/ Filip Glas<\/p>\n","protected":false},"excerpt":{"rendered":"<p>The President of the Republic Zoran Milanovi\u0107 attended a special ceremony at the University of Zagreb Faculty of Teacher Education on the occasion of marking Faculty of Teacher Education Day and World Teachers\u2019 Day.<\/p>\n","protected":false},"featured_media":12660,"template":"","news-cat":[12],"class_list":["post-12676","news","type-news","status-publish","has-post-thumbnail","hentry","news-cat-news"],"acf":[],"yoast_head":"<!-- This site is optimized with the Yoast SEO plugin v27.5 - https:\/\/yoast.com\/product\/yoast-seo-wordpress\/ -->\n<title>President Milanovi\u0107 on World Teachers\u2019 Day: Teachers must guide, change pupils - President of the Republic of Croatia - Zoran Milanovi\u0107<\/title>\n<meta name=\"robots\" content=\"index, follow, max-snippet:-1, max-image-preview:large, max-video-preview:-1\" \/>\n<link rel=\"canonical\" href=\"https:\/\/www.predsjednik.hr\/en\/news\/president-milanovic-on-world-teachers-day-teachers-must-guide-change-pupils\/\" \/>\n<meta property=\"og:locale\" content=\"en_US\" \/>\n<meta property=\"og:type\" content=\"article\" \/>\n<meta property=\"og:title\" content=\"President Milanovi\u0107 on World Teachers\u2019 Day: Teachers must guide, change pupils - President of the Republic of Croatia - Zoran Milanovi\u0107\" \/>\n<meta property=\"og:description\" content=\"The President of the Republic Zoran Milanovi\u0107 attended a special ceremony at the University of Zagreb Faculty of Teacher Education on the occasion of marking Faculty of Teacher Education Day and World Teachers\u2019 Day.\" \/>\n<meta property=\"og:url\" content=\"https:\/\/www.predsjednik.hr\/en\/news\/president-milanovic-on-world-teachers-day-teachers-must-guide-change-pupils\/\" \/>\n<meta property=\"og:site_name\" content=\"President of the Republic of Croatia - Zoran Milanovi\u0107\" \/>\n<meta property=\"article:modified_time\" content=\"2021-10-05T13:09:43+00:00\" \/>\n<meta property=\"og:image\" content=\"https:\/\/www.predsjednik.hr\/wp-content\/uploads\/2021\/10\/DSC_5660.jpg\" \/>\n\t<meta property=\"og:image:width\" content=\"3143\" \/>\n\t<meta property=\"og:image:height\" content=\"2245\" \/>\n\t<meta property=\"og:image:type\" content=\"image\/jpeg\" \/>\n<meta name=\"twitter:card\" content=\"summary_large_image\" \/>\n<meta name=\"twitter:label1\" content=\"Est. reading time\" \/>\n\t<meta name=\"twitter:data1\" content=\"2 minutes\" \/>\n<script type=\"application\/ld+json\" class=\"yoast-schema-graph\">{\"@context\":\"https:\\\/\\\/schema.org\",\"@graph\":[{\"@type\":\"WebPage\",\"@id\":\"https:\\\/\\\/www.predsjednik.hr\\\/en\\\/news\\\/president-milanovic-on-world-teachers-day-teachers-must-guide-change-pupils\\\/\",\"url\":\"https:\\\/\\\/www.predsjednik.hr\\\/en\\\/news\\\/president-milanovic-on-world-teachers-day-teachers-must-guide-change-pupils\\\/\",\"name\":\"President Milanovi\u0107 on World Teachers\u2019 Day: Teachers must guide, change pupils - President of the Republic of Croatia - Zoran Milanovi\u0107\",\"isPartOf\":{\"@id\":\"https:\\\/\\\/www.predsjednik.hr\\\/en\\\/#website\"},\"primaryImageOfPage\":{\"@id\":\"https:\\\/\\\/www.predsjednik.hr\\\/en\\\/news\\\/president-milanovic-on-world-teachers-day-teachers-must-guide-change-pupils\\\/#primaryimage\"},\"image\":{\"@id\":\"https:\\\/\\\/www.predsjednik.hr\\\/en\\\/news\\\/president-milanovic-on-world-teachers-day-teachers-must-guide-change-pupils\\\/#primaryimage\"},\"thumbnailUrl\":\"https:\\\/\\\/www.predsjednik.hr\\\/wp-content\\\/uploads\\\/2021\\\/10\\\/DSC_5660.jpg\",\"datePublished\":\"2021-10-05T13:09:40+00:00\",\"dateModified\":\"2021-10-05T13:09:43+00:00\",\"breadcrumb\":{\"@id\":\"https:\\\/\\\/www.predsjednik.hr\\\/en\\\/news\\\/president-milanovic-on-world-teachers-day-teachers-must-guide-change-pupils\\\/#breadcrumb\"},\"inLanguage\":\"en-US\",\"potentialAction\":[{\"@type\":\"ReadAction\",\"target\":[\"https:\\\/\\\/www.predsjednik.hr\\\/en\\\/news\\\/president-milanovic-on-world-teachers-day-teachers-must-guide-change-pupils\\\/\"]}]},{\"@type\":\"ImageObject\",\"inLanguage\":\"en-US\",\"@id\":\"https:\\\/\\\/www.predsjednik.hr\\\/en\\\/news\\\/president-milanovic-on-world-teachers-day-teachers-must-guide-change-pupils\\\/#primaryimage\",\"url\":\"https:\\\/\\\/www.predsjednik.hr\\\/wp-content\\\/uploads\\\/2021\\\/10\\\/DSC_5660.jpg\",\"contentUrl\":\"https:\\\/\\\/www.predsjednik.hr\\\/wp-content\\\/uploads\\\/2021\\\/10\\\/DSC_5660.jpg\",\"width\":3143,\"height\":2245,\"caption\":\"The President of the Republic Zoran Milanovi\u0107 attended a special ceremony at the University of Zagreb Faculty of Teacher Education on the occasion of marking Faculty of Teacher Education Day and World Teachers\u2019 Day.\"},{\"@type\":\"BreadcrumbList\",\"@id\":\"https:\\\/\\\/www.predsjednik.hr\\\/en\\\/news\\\/president-milanovic-on-world-teachers-day-teachers-must-guide-change-pupils\\\/#breadcrumb\",\"itemListElement\":[{\"@type\":\"ListItem\",\"position\":1,\"name\":\"Home\",\"item\":\"https:\\\/\\\/www.predsjednik.hr\\\/en\\\/\"},{\"@type\":\"ListItem\",\"position\":2,\"name\":\"Vijesti\",\"item\":\"https:\\\/\\\/www.predsjednik.hr\\\/en\\\/news\\\/\"},{\"@type\":\"ListItem\",\"position\":3,\"name\":\"President Milanovi\u0107 on World Teachers\u2019 Day: Teachers must guide, change pupils\"}]},{\"@type\":\"WebSite\",\"@id\":\"https:\\\/\\\/www.predsjednik.hr\\\/en\\\/#website\",\"url\":\"https:\\\/\\\/www.predsjednik.hr\\\/en\\\/\",\"name\":\"President of the Republic of Croatia - Zoran Milanovi\u0107\",\"description\":\"Just another WordPress site\",\"potentialAction\":[{\"@type\":\"SearchAction\",\"target\":{\"@type\":\"EntryPoint\",\"urlTemplate\":\"https:\\\/\\\/www.predsjednik.hr\\\/en\\\/?s={search_term_string}\"},\"query-input\":{\"@type\":\"PropertyValueSpecification\",\"valueRequired\":true,\"valueName\":\"search_term_string\"}}],\"inLanguage\":\"en-US\"}]}<\/script>\n<!-- \/ Yoast SEO plugin. -->","yoast_head_json":{"title":"President Milanovi\u0107 on World Teachers\u2019 Day: Teachers must guide, change pupils - President of the Republic of Croatia - Zoran Milanovi\u0107","robots":{"index":"index","follow":"follow","max-snippet":"max-snippet:-1","max-image-preview":"max-image-preview:large","max-video-preview":"max-video-preview:-1"},"canonical":"https:\/\/www.predsjednik.hr\/en\/news\/president-milanovic-on-world-teachers-day-teachers-must-guide-change-pupils\/","og_locale":"en_US","og_type":"article","og_title":"President Milanovi\u0107 on World Teachers\u2019 Day: Teachers must guide, change pupils - President of the Republic of Croatia - Zoran Milanovi\u0107","og_description":"The President of the Republic Zoran Milanovi\u0107 attended a special ceremony at the University of Zagreb Faculty of Teacher Education on the occasion of marking Faculty of Teacher Education Day and World Teachers\u2019 Day.","og_url":"https:\/\/www.predsjednik.hr\/en\/news\/president-milanovic-on-world-teachers-day-teachers-must-guide-change-pupils\/","og_site_name":"President of the Republic of Croatia - Zoran Milanovi\u0107","article_modified_time":"2021-10-05T13:09:43+00:00","og_image":[{"width":3143,"height":2245,"url":"https:\/\/www.predsjednik.hr\/wp-content\/uploads\/2021\/10\/DSC_5660.jpg","type":"image\/jpeg"}],"twitter_card":"summary_large_image","twitter_misc":{"Est. reading time":"2 minutes"},"schema":{"@context":"https:\/\/schema.org","@graph":[{"@type":"WebPage","@id":"https:\/\/www.predsjednik.hr\/en\/news\/president-milanovic-on-world-teachers-day-teachers-must-guide-change-pupils\/","url":"https:\/\/www.predsjednik.hr\/en\/news\/president-milanovic-on-world-teachers-day-teachers-must-guide-change-pupils\/","name":"President Milanovi\u0107 on World Teachers\u2019 Day: Teachers must guide, change pupils - President of the Republic of Croatia - Zoran Milanovi\u0107","isPartOf":{"@id":"https:\/\/www.predsjednik.hr\/en\/#website"},"primaryImageOfPage":{"@id":"https:\/\/www.predsjednik.hr\/en\/news\/president-milanovic-on-world-teachers-day-teachers-must-guide-change-pupils\/#primaryimage"},"image":{"@id":"https:\/\/www.predsjednik.hr\/en\/news\/president-milanovic-on-world-teachers-day-teachers-must-guide-change-pupils\/#primaryimage"},"thumbnailUrl":"https:\/\/www.predsjednik.hr\/wp-content\/uploads\/2021\/10\/DSC_5660.jpg","datePublished":"2021-10-05T13:09:40+00:00","dateModified":"2021-10-05T13:09:43+00:00","breadcrumb":{"@id":"https:\/\/www.predsjednik.hr\/en\/news\/president-milanovic-on-world-teachers-day-teachers-must-guide-change-pupils\/#breadcrumb"},"inLanguage":"en-US","potentialAction":[{"@type":"ReadAction","target":["https:\/\/www.predsjednik.hr\/en\/news\/president-milanovic-on-world-teachers-day-teachers-must-guide-change-pupils\/"]}]},{"@type":"ImageObject","inLanguage":"en-US","@id":"https:\/\/www.predsjednik.hr\/en\/news\/president-milanovic-on-world-teachers-day-teachers-must-guide-change-pupils\/#primaryimage","url":"https:\/\/www.predsjednik.hr\/wp-content\/uploads\/2021\/10\/DSC_5660.jpg","contentUrl":"https:\/\/www.predsjednik.hr\/wp-content\/uploads\/2021\/10\/DSC_5660.jpg","width":3143,"height":2245,"caption":"The President of the Republic Zoran Milanovi\u0107 attended a special ceremony at the University of Zagreb Faculty of Teacher Education on the occasion of marking Faculty of Teacher Education Day and World Teachers\u2019 Day."},{"@type":"BreadcrumbList","@id":"https:\/\/www.predsjednik.hr\/en\/news\/president-milanovic-on-world-teachers-day-teachers-must-guide-change-pupils\/#breadcrumb","itemListElement":[{"@type":"ListItem","position":1,"name":"Home","item":"https:\/\/www.predsjednik.hr\/en\/"},{"@type":"ListItem","position":2,"name":"Vijesti","item":"https:\/\/www.predsjednik.hr\/en\/news\/"},{"@type":"ListItem","position":3,"name":"President Milanovi\u0107 on World Teachers\u2019 Day: Teachers must guide, change pupils"}]},{"@type":"WebSite","@id":"https:\/\/www.predsjednik.hr\/en\/#website","url":"https:\/\/www.predsjednik.hr\/en\/","name":"President of the Republic of Croatia - Zoran Milanovi\u0107","description":"Just another WordPress site","potentialAction":[{"@type":"SearchAction","target":{"@type":"EntryPoint","urlTemplate":"https:\/\/www.predsjednik.hr\/en\/?s={search_term_string}"},"query-input":{"@type":"PropertyValueSpecification","valueRequired":true,"valueName":"search_term_string"}}],"inLanguage":"en-US"}]}},"_links":{"self":[{"href":"https:\/\/www.predsjednik.hr\/en\/wp-json\/wp\/v2\/news\/12676","targetHints":{"allow":["GET"]}}],"collection":[{"href":"https:\/\/www.predsjednik.hr\/en\/wp-json\/wp\/v2\/news"}],"about":[{"href":"https:\/\/www.predsjednik.hr\/en\/wp-json\/wp\/v2\/types\/news"}],"wp:featuredmedia":[{"embeddable":true,"href":"https:\/\/www.predsjednik.hr\/en\/wp-json\/wp\/v2\/media\/12660"}],"wp:attachment":[{"href":"https:\/\/www.predsjednik.hr\/en\/wp-json\/wp\/v2\/media?parent=12676"}],"wp:term":[{"taxonomy":"news-cat","embeddable":true,"href":"https:\/\/www.predsjednik.hr\/en\/wp-json\/wp\/v2\/news-cat?post=12676"}],"curies":[{"name":"wp","href":"https:\/\/api.w.org\/{rel}","templated":true}]}}