{"id":12678,"date":"2021-10-05T15:54:29","date_gmt":"2021-10-05T13:54:29","guid":{"rendered":"https:\/\/www.predsjednik.hr\/?post_type=news&#038;p=12678"},"modified":"2021-10-05T15:54:30","modified_gmt":"2021-10-05T13:54:30","slug":"president-milanovic-discusses-state-of-affairs-and-problems-in-veterinary-medicine-with-croatian-veterinary-chamber-delegation","status":"publish","type":"news","link":"https:\/\/www.predsjednik.hr\/en\/news\/president-milanovic-discusses-state-of-affairs-and-problems-in-veterinary-medicine-with-croatian-veterinary-chamber-delegation\/","title":{"rendered":"President Milanovi\u0107 Discusses State of Affairs and Problems in Veterinary Medicine with Croatian Veterinary Chamber Delegation"},"content":{"rendered":"\n<p>The President of the Republic Zoran Milanovi\u0107 met with a delegation from the Croatian Veterinary Chamber, which included President Ivan Zemljak, Co-president Mirela Juras and Secretary An\u0111elko Ga\u0161par.<\/p>\n\n\n\n<p>The members of the delegation explained to President Milanovi\u0107 the tasks of the Croatian Veterinary Chamber, an independent association of doctors of veterinary medicine and technicians on the territory of the Republic of Croatia, which regulates the profession of veterinarian, protects the rights and interests of veterinarians in terms of rank and profession. Their Chamber, which numbers 2,350 active members, advances the activities of veterinarians and looks after their image.<\/p>\n\n\n\n<p>At the meeting, they acquainted President Milanovi\u0107 with the state of affairs in the veterinary profession, underlining the lack of availability of veterinary services in all areas in the Republic of Croatia, and the problem of carrying out veterinary services in the large animal category. In Croatia there are vast areas not covered by veterinary services mostly due to a significant reduction in livestock, a reduction in the public authority\u2019s scope in veterinary medicine, and their funding. They pointed out that the greatest current problem is coverage on the islands and in areas near Dubrovnik, Pelje\u0161ac, Metkovi\u0107 and Vrgorac.<\/p>\n\n\n\n<p>The representatives of the Croatian Veterinarian Chamber thanked President Milanovi\u0107 for accepting patronage over the scientific-professional symposium \u201cVeterinarski dani 2021\u201d (Veterinary Medicine Days), which was held from 26 to 29 September 2021 in Vodice. Alongside President Milanovi\u0107 was the Special Adviser to the President for the Economy Velibor Ma\u010dki\u0107.<\/p>\n\n\n<!--GALLERY BLOCK-->\n<div class=\"c-lightbox-gallery js-lightbox\">\n                <!--single-->\n            <a data-no-swup class=\"c-lightbox-gallery__single js-lightbox-single\"\n               href=\"https:\/\/www.predsjednik.hr\/wp-content\/uploads\/2021\/10\/DSC_2138-1024x576.jpg\"\n               style=\"background-image: url('https:\/\/www.predsjednik.hr\/wp-content\/uploads\/2021\/10\/DSC_2138-768x432.jpg')\"><\/a>\n            <!--end single-->\n                    <!--single-->\n            <a data-no-swup class=\"c-lightbox-gallery__single js-lightbox-single\"\n               href=\"https:\/\/www.predsjednik.hr\/wp-content\/uploads\/2021\/10\/DSC_2142-1024x731.jpg\"\n               style=\"background-image: url('https:\/\/www.predsjednik.hr\/wp-content\/uploads\/2021\/10\/DSC_2142-768x549.jpg')\"><\/a>\n            <!--end single-->\n                    <!--single-->\n            <a data-no-swup class=\"c-lightbox-gallery__single js-lightbox-single\"\n               href=\"https:\/\/www.predsjednik.hr\/wp-content\/uploads\/2021\/10\/DSC_2154-1024x576.jpg\"\n               style=\"background-image: url('https:\/\/www.predsjednik.hr\/wp-content\/uploads\/2021\/10\/DSC_2154-768x432.jpg')\"><\/a>\n            <!--end single-->\n                    <!--single-->\n            <a data-no-swup class=\"c-lightbox-gallery__single js-lightbox-single\"\n               href=\"https:\/\/www.predsjednik.hr\/wp-content\/uploads\/2021\/10\/DSC_2155-1024x576.jpg\"\n               style=\"background-image: url('https:\/\/www.predsjednik.hr\/wp-content\/uploads\/2021\/10\/DSC_2155-768x432.jpg')\"><\/a>\n            <!--end single-->\n        <\/div>\n<!--end GALLERY BLOCK-->\n\n\n\n<p>FOTO: Ured predsjednika Republike Hrvatske \/ Marko Beljan<\/p>\n","protected":false},"excerpt":{"rendered":"<p>The President of the Republic Zoran Milanovi\u0107 met with a delegation from the Croatian Veterinary Chamber, which included President Ivan Zemljak, Co-president Mirela Juras and Secretary An\u0111elko Ga\u0161par.<\/p>\n","protected":false},"featured_media":12673,"template":"","news-cat":[12],"class_list":["post-12678","news","type-news","status-publish","has-post-thumbnail","hentry","news-cat-news"],"acf":[],"yoast_head":"<!-- This site is optimized with the Yoast SEO plugin v27.5 - https:\/\/yoast.com\/product\/yoast-seo-wordpress\/ -->\n<title>President Milanovi\u0107 Discusses State of Affairs and Problems in Veterinary Medicine with Croatian Veterinary Chamber Delegation - President of the Republic of Croatia - Zoran Milanovi\u0107<\/title>\n<meta name=\"robots\" content=\"index, follow, max-snippet:-1, max-image-preview:large, max-video-preview:-1\" \/>\n<link rel=\"canonical\" href=\"https:\/\/www.predsjednik.hr\/en\/news\/president-milanovic-discusses-state-of-affairs-and-problems-in-veterinary-medicine-with-croatian-veterinary-chamber-delegation\/\" \/>\n<meta property=\"og:locale\" content=\"en_US\" \/>\n<meta property=\"og:type\" content=\"article\" \/>\n<meta property=\"og:title\" content=\"President Milanovi\u0107 Discusses State of Affairs and Problems in Veterinary Medicine with Croatian Veterinary Chamber Delegation - President of the Republic of Croatia - Zoran Milanovi\u0107\" \/>\n<meta property=\"og:description\" content=\"The President of the Republic Zoran Milanovi\u0107 met with a delegation from the Croatian Veterinary Chamber, which included President Ivan Zemljak, Co-president Mirela Juras and Secretary An\u0111elko Ga\u0161par.\" \/>\n<meta property=\"og:url\" content=\"https:\/\/www.predsjednik.hr\/en\/news\/president-milanovic-discusses-state-of-affairs-and-problems-in-veterinary-medicine-with-croatian-veterinary-chamber-delegation\/\" \/>\n<meta property=\"og:site_name\" content=\"President of the Republic of Croatia - Zoran Milanovi\u0107\" \/>\n<meta property=\"article:modified_time\" content=\"2021-10-05T13:54:30+00:00\" \/>\n<meta property=\"og:image\" content=\"https:\/\/www.predsjednik.hr\/wp-content\/uploads\/2021\/10\/DSC_2154.jpg\" \/>\n\t<meta property=\"og:image:width\" content=\"6192\" \/>\n\t<meta property=\"og:image:height\" content=\"3484\" \/>\n\t<meta property=\"og:image:type\" content=\"image\/jpeg\" \/>\n<meta name=\"twitter:card\" content=\"summary_large_image\" \/>\n<meta name=\"twitter:label1\" content=\"Est. reading time\" \/>\n\t<meta name=\"twitter:data1\" content=\"2 minutes\" \/>\n<script type=\"application\/ld+json\" class=\"yoast-schema-graph\">{\"@context\":\"https:\\\/\\\/schema.org\",\"@graph\":[{\"@type\":\"WebPage\",\"@id\":\"https:\\\/\\\/www.predsjednik.hr\\\/en\\\/news\\\/president-milanovic-discusses-state-of-affairs-and-problems-in-veterinary-medicine-with-croatian-veterinary-chamber-delegation\\\/\",\"url\":\"https:\\\/\\\/www.predsjednik.hr\\\/en\\\/news\\\/president-milanovic-discusses-state-of-affairs-and-problems-in-veterinary-medicine-with-croatian-veterinary-chamber-delegation\\\/\",\"name\":\"President Milanovi\u0107 Discusses State of Affairs and Problems in Veterinary Medicine with Croatian Veterinary Chamber Delegation - President of the Republic of Croatia - Zoran Milanovi\u0107\",\"isPartOf\":{\"@id\":\"https:\\\/\\\/www.predsjednik.hr\\\/en\\\/#website\"},\"primaryImageOfPage\":{\"@id\":\"https:\\\/\\\/www.predsjednik.hr\\\/en\\\/news\\\/president-milanovic-discusses-state-of-affairs-and-problems-in-veterinary-medicine-with-croatian-veterinary-chamber-delegation\\\/#primaryimage\"},\"image\":{\"@id\":\"https:\\\/\\\/www.predsjednik.hr\\\/en\\\/news\\\/president-milanovic-discusses-state-of-affairs-and-problems-in-veterinary-medicine-with-croatian-veterinary-chamber-delegation\\\/#primaryimage\"},\"thumbnailUrl\":\"https:\\\/\\\/www.predsjednik.hr\\\/wp-content\\\/uploads\\\/2021\\\/10\\\/DSC_2154.jpg\",\"datePublished\":\"2021-10-05T13:54:29+00:00\",\"dateModified\":\"2021-10-05T13:54:30+00:00\",\"breadcrumb\":{\"@id\":\"https:\\\/\\\/www.predsjednik.hr\\\/en\\\/news\\\/president-milanovic-discusses-state-of-affairs-and-problems-in-veterinary-medicine-with-croatian-veterinary-chamber-delegation\\\/#breadcrumb\"},\"inLanguage\":\"en-US\",\"potentialAction\":[{\"@type\":\"ReadAction\",\"target\":[\"https:\\\/\\\/www.predsjednik.hr\\\/en\\\/news\\\/president-milanovic-discusses-state-of-affairs-and-problems-in-veterinary-medicine-with-croatian-veterinary-chamber-delegation\\\/\"]}]},{\"@type\":\"ImageObject\",\"inLanguage\":\"en-US\",\"@id\":\"https:\\\/\\\/www.predsjednik.hr\\\/en\\\/news\\\/president-milanovic-discusses-state-of-affairs-and-problems-in-veterinary-medicine-with-croatian-veterinary-chamber-delegation\\\/#primaryimage\",\"url\":\"https:\\\/\\\/www.predsjednik.hr\\\/wp-content\\\/uploads\\\/2021\\\/10\\\/DSC_2154.jpg\",\"contentUrl\":\"https:\\\/\\\/www.predsjednik.hr\\\/wp-content\\\/uploads\\\/2021\\\/10\\\/DSC_2154.jpg\",\"width\":6192,\"height\":3484,\"caption\":\"The President of the Republic Zoran Milanovi\u0107 met with a delegation from the Croatian Veterinary Chamber, which included President Ivan Zemljak, Co-president Mirela Juras and Secretary An\u0111elko Ga\u0161par.\"},{\"@type\":\"BreadcrumbList\",\"@id\":\"https:\\\/\\\/www.predsjednik.hr\\\/en\\\/news\\\/president-milanovic-discusses-state-of-affairs-and-problems-in-veterinary-medicine-with-croatian-veterinary-chamber-delegation\\\/#breadcrumb\",\"itemListElement\":[{\"@type\":\"ListItem\",\"position\":1,\"name\":\"Home\",\"item\":\"https:\\\/\\\/www.predsjednik.hr\\\/en\\\/\"},{\"@type\":\"ListItem\",\"position\":2,\"name\":\"Vijesti\",\"item\":\"https:\\\/\\\/www.predsjednik.hr\\\/en\\\/news\\\/\"},{\"@type\":\"ListItem\",\"position\":3,\"name\":\"President Milanovi\u0107 Discusses State of Affairs and Problems in Veterinary Medicine with Croatian Veterinary Chamber Delegation\"}]},{\"@type\":\"WebSite\",\"@id\":\"https:\\\/\\\/www.predsjednik.hr\\\/en\\\/#website\",\"url\":\"https:\\\/\\\/www.predsjednik.hr\\\/en\\\/\",\"name\":\"President of the Republic of Croatia - Zoran Milanovi\u0107\",\"description\":\"Just another WordPress site\",\"potentialAction\":[{\"@type\":\"SearchAction\",\"target\":{\"@type\":\"EntryPoint\",\"urlTemplate\":\"https:\\\/\\\/www.predsjednik.hr\\\/en\\\/?s={search_term_string}\"},\"query-input\":{\"@type\":\"PropertyValueSpecification\",\"valueRequired\":true,\"valueName\":\"search_term_string\"}}],\"inLanguage\":\"en-US\"}]}<\/script>\n<!-- \/ Yoast SEO plugin. -->","yoast_head_json":{"title":"President Milanovi\u0107 Discusses State of Affairs and Problems in Veterinary Medicine with Croatian Veterinary Chamber Delegation - President of the Republic of Croatia - Zoran Milanovi\u0107","robots":{"index":"index","follow":"follow","max-snippet":"max-snippet:-1","max-image-preview":"max-image-preview:large","max-video-preview":"max-video-preview:-1"},"canonical":"https:\/\/www.predsjednik.hr\/en\/news\/president-milanovic-discusses-state-of-affairs-and-problems-in-veterinary-medicine-with-croatian-veterinary-chamber-delegation\/","og_locale":"en_US","og_type":"article","og_title":"President Milanovi\u0107 Discusses State of Affairs and Problems in Veterinary Medicine with Croatian Veterinary Chamber Delegation - President of the Republic of Croatia - Zoran Milanovi\u0107","og_description":"The President of the Republic Zoran Milanovi\u0107 met with a delegation from the Croatian Veterinary Chamber, which included President Ivan Zemljak, Co-president Mirela Juras and Secretary An\u0111elko Ga\u0161par.","og_url":"https:\/\/www.predsjednik.hr\/en\/news\/president-milanovic-discusses-state-of-affairs-and-problems-in-veterinary-medicine-with-croatian-veterinary-chamber-delegation\/","og_site_name":"President of the Republic of Croatia - Zoran Milanovi\u0107","article_modified_time":"2021-10-05T13:54:30+00:00","og_image":[{"width":6192,"height":3484,"url":"https:\/\/www.predsjednik.hr\/wp-content\/uploads\/2021\/10\/DSC_2154.jpg","type":"image\/jpeg"}],"twitter_card":"summary_large_image","twitter_misc":{"Est. reading time":"2 minutes"},"schema":{"@context":"https:\/\/schema.org","@graph":[{"@type":"WebPage","@id":"https:\/\/www.predsjednik.hr\/en\/news\/president-milanovic-discusses-state-of-affairs-and-problems-in-veterinary-medicine-with-croatian-veterinary-chamber-delegation\/","url":"https:\/\/www.predsjednik.hr\/en\/news\/president-milanovic-discusses-state-of-affairs-and-problems-in-veterinary-medicine-with-croatian-veterinary-chamber-delegation\/","name":"President Milanovi\u0107 Discusses State of Affairs and Problems in Veterinary Medicine with Croatian Veterinary Chamber Delegation - President of the Republic of Croatia - Zoran Milanovi\u0107","isPartOf":{"@id":"https:\/\/www.predsjednik.hr\/en\/#website"},"primaryImageOfPage":{"@id":"https:\/\/www.predsjednik.hr\/en\/news\/president-milanovic-discusses-state-of-affairs-and-problems-in-veterinary-medicine-with-croatian-veterinary-chamber-delegation\/#primaryimage"},"image":{"@id":"https:\/\/www.predsjednik.hr\/en\/news\/president-milanovic-discusses-state-of-affairs-and-problems-in-veterinary-medicine-with-croatian-veterinary-chamber-delegation\/#primaryimage"},"thumbnailUrl":"https:\/\/www.predsjednik.hr\/wp-content\/uploads\/2021\/10\/DSC_2154.jpg","datePublished":"2021-10-05T13:54:29+00:00","dateModified":"2021-10-05T13:54:30+00:00","breadcrumb":{"@id":"https:\/\/www.predsjednik.hr\/en\/news\/president-milanovic-discusses-state-of-affairs-and-problems-in-veterinary-medicine-with-croatian-veterinary-chamber-delegation\/#breadcrumb"},"inLanguage":"en-US","potentialAction":[{"@type":"ReadAction","target":["https:\/\/www.predsjednik.hr\/en\/news\/president-milanovic-discusses-state-of-affairs-and-problems-in-veterinary-medicine-with-croatian-veterinary-chamber-delegation\/"]}]},{"@type":"ImageObject","inLanguage":"en-US","@id":"https:\/\/www.predsjednik.hr\/en\/news\/president-milanovic-discusses-state-of-affairs-and-problems-in-veterinary-medicine-with-croatian-veterinary-chamber-delegation\/#primaryimage","url":"https:\/\/www.predsjednik.hr\/wp-content\/uploads\/2021\/10\/DSC_2154.jpg","contentUrl":"https:\/\/www.predsjednik.hr\/wp-content\/uploads\/2021\/10\/DSC_2154.jpg","width":6192,"height":3484,"caption":"The President of the Republic Zoran Milanovi\u0107 met with a delegation from the Croatian Veterinary Chamber, which included President Ivan Zemljak, Co-president Mirela Juras and Secretary An\u0111elko Ga\u0161par."},{"@type":"BreadcrumbList","@id":"https:\/\/www.predsjednik.hr\/en\/news\/president-milanovic-discusses-state-of-affairs-and-problems-in-veterinary-medicine-with-croatian-veterinary-chamber-delegation\/#breadcrumb","itemListElement":[{"@type":"ListItem","position":1,"name":"Home","item":"https:\/\/www.predsjednik.hr\/en\/"},{"@type":"ListItem","position":2,"name":"Vijesti","item":"https:\/\/www.predsjednik.hr\/en\/news\/"},{"@type":"ListItem","position":3,"name":"President Milanovi\u0107 Discusses State of Affairs and Problems in Veterinary Medicine with Croatian Veterinary Chamber Delegation"}]},{"@type":"WebSite","@id":"https:\/\/www.predsjednik.hr\/en\/#website","url":"https:\/\/www.predsjednik.hr\/en\/","name":"President of the Republic of Croatia - Zoran Milanovi\u0107","description":"Just another WordPress site","potentialAction":[{"@type":"SearchAction","target":{"@type":"EntryPoint","urlTemplate":"https:\/\/www.predsjednik.hr\/en\/?s={search_term_string}"},"query-input":{"@type":"PropertyValueSpecification","valueRequired":true,"valueName":"search_term_string"}}],"inLanguage":"en-US"}]}},"_links":{"self":[{"href":"https:\/\/www.predsjednik.hr\/en\/wp-json\/wp\/v2\/news\/12678","targetHints":{"allow":["GET"]}}],"collection":[{"href":"https:\/\/www.predsjednik.hr\/en\/wp-json\/wp\/v2\/news"}],"about":[{"href":"https:\/\/www.predsjednik.hr\/en\/wp-json\/wp\/v2\/types\/news"}],"wp:featuredmedia":[{"embeddable":true,"href":"https:\/\/www.predsjednik.hr\/en\/wp-json\/wp\/v2\/media\/12673"}],"wp:attachment":[{"href":"https:\/\/www.predsjednik.hr\/en\/wp-json\/wp\/v2\/media?parent=12678"}],"wp:term":[{"taxonomy":"news-cat","embeddable":true,"href":"https:\/\/www.predsjednik.hr\/en\/wp-json\/wp\/v2\/news-cat?post=12678"}],"curies":[{"name":"wp","href":"https:\/\/api.w.org\/{rel}","templated":true}]}}