{"id":12737,"date":"2021-10-06T22:46:00","date_gmt":"2021-10-06T20:46:00","guid":{"rendered":"https:\/\/www.predsjednik.hr\/?post_type=news&#038;p=12737"},"modified":"2021-10-07T09:48:26","modified_gmt":"2021-10-07T07:48:26","slug":"president-milanovic-receives-prime-minister-of-the-kingdom-of-spain-pedro-sanchez-perez-castejon","status":"publish","type":"news","link":"https:\/\/www.predsjednik.hr\/en\/news\/president-milanovic-receives-prime-minister-of-the-kingdom-of-spain-pedro-sanchez-perez-castejon\/","title":{"rendered":"President Milanovi\u0107 Receives Prime Minister of the Kingdom of Spain Pedro S\u00e1nchez P\u00e9rez-Castej\u00f3n"},"content":{"rendered":"\n<p>The President of the Republic of Croatia Zoran Milanovi\u0107 received Pedro S\u00e1nchez P\u00e9rez-Castej\u00f3n, the Prime Minister of the Kingdom of Spain, who is on his first official visit to the Republic of Croatia. President Milanovi\u0107 and Prime Minister S\u00e1nchez discussed in the Office of the President bilateral relations between the Republic of Croatia and the Kingdom of Spain, developments in Southeast Europe and the EU perspective of countries in that region.<\/p>\n\n\n\n<p>Attending the meeting alongside the Prime Minister of the Kingdom of Spain were Alonso Dezcallar de Mazarredo, Ambassador of the Kingdom of Spain to the Republic of Croatia, Juan Gonzalez-Barba Pera, State Secretary for the European Union, Aurora Mej\u00eda Errasqu\u00edn, Head of the Directorate for the European Union and Carmen P\u00e9rez, Head of the Directorate for International Information at the State Secretariat for Communication.<\/p>\n\n\n\n<p>Joining President Milanovi\u0107 at the meeting were Orsat Miljeni\u0107, Head of the Office of the President of the Republic, Bartol \u0160imuni\u0107, Head of the Cabinet of the President of the Republic, Neven Pelicari\u0107, Adviser to the President of the Republic for Foreign and European Policy, Nives Malenica, Ambassador of the Republic of Croatia to the Kingdom of Spain and Andreja Metelko-Zgombi\u0107, State Secretary for Europe at the Ministry of Foreign and European Affairs of the Republic of Croatia.<\/p>\n\n\n<!--GALLERY BLOCK-->\n<div class=\"c-lightbox-gallery js-lightbox\">\n                <!--single-->\n            <a data-no-swup class=\"c-lightbox-gallery__single js-lightbox-single\"\n               href=\"https:\/\/www.predsjednik.hr\/wp-content\/uploads\/2021\/10\/DSC_2759-1-1024x731.jpg\"\n               style=\"background-image: url('https:\/\/www.predsjednik.hr\/wp-content\/uploads\/2021\/10\/DSC_2759-1-768x548.jpg')\"><\/a>\n            <!--end single-->\n                    <!--single-->\n            <a data-no-swup class=\"c-lightbox-gallery__single js-lightbox-single\"\n               href=\"https:\/\/www.predsjednik.hr\/wp-content\/uploads\/2021\/10\/DSC_2801-1024x732.jpg\"\n               style=\"background-image: url('https:\/\/www.predsjednik.hr\/wp-content\/uploads\/2021\/10\/DSC_2801-768x549.jpg')\"><\/a>\n            <!--end single-->\n                    <!--single-->\n            <a data-no-swup class=\"c-lightbox-gallery__single js-lightbox-single\"\n               href=\"https:\/\/www.predsjednik.hr\/wp-content\/uploads\/2021\/10\/DSC_2879-2-1024x576.jpg\"\n               style=\"background-image: url('https:\/\/www.predsjednik.hr\/wp-content\/uploads\/2021\/10\/DSC_2879-2-768x432.jpg')\"><\/a>\n            <!--end single-->\n                    <!--single-->\n            <a data-no-swup class=\"c-lightbox-gallery__single js-lightbox-single\"\n               href=\"https:\/\/www.predsjednik.hr\/wp-content\/uploads\/2021\/10\/DSC_2940-2-1-1024x576.jpg\"\n               style=\"background-image: url('https:\/\/www.predsjednik.hr\/wp-content\/uploads\/2021\/10\/DSC_2940-2-1-768x432.jpg')\"><\/a>\n            <!--end single-->\n        <\/div>\n<!--end GALLERY BLOCK-->\n\n\n\n<p>PHOTO: Office of the President of the Republic of Croatia \/ Dario Andri\u0161ek<\/p>\n","protected":false},"excerpt":{"rendered":"<p>President Milanovi\u0107 and Prime Minister S\u00e1nchez discussed in the Office of the President bilateral relations between the Republic of Croatia and the Kingdom of Spain, developments in Southeast Europe and the EU perspective of countries in that region.<\/p>\n","protected":false},"featured_media":12734,"template":"","news-cat":[12],"class_list":["post-12737","news","type-news","status-publish","has-post-thumbnail","hentry","news-cat-news"],"acf":[],"yoast_head":"<!-- This site is optimized with the Yoast SEO plugin v27.5 - https:\/\/yoast.com\/product\/yoast-seo-wordpress\/ -->\n<title>President Milanovi\u0107 Receives Prime Minister of the Kingdom of Spain Pedro S\u00e1nchez P\u00e9rez-Castej\u00f3n - President of the Republic of Croatia - Zoran Milanovi\u0107<\/title>\n<meta name=\"robots\" content=\"index, follow, max-snippet:-1, max-image-preview:large, max-video-preview:-1\" \/>\n<link rel=\"canonical\" href=\"https:\/\/www.predsjednik.hr\/en\/news\/president-milanovic-receives-prime-minister-of-the-kingdom-of-spain-pedro-sanchez-perez-castejon\/\" \/>\n<meta property=\"og:locale\" content=\"en_US\" \/>\n<meta property=\"og:type\" content=\"article\" \/>\n<meta property=\"og:title\" content=\"President Milanovi\u0107 Receives Prime Minister of the Kingdom of Spain Pedro S\u00e1nchez P\u00e9rez-Castej\u00f3n - President of the Republic of Croatia - Zoran Milanovi\u0107\" \/>\n<meta property=\"og:description\" content=\"President Milanovi\u0107 and Prime Minister S\u00e1nchez discussed in the Office of the President bilateral relations between the Republic of Croatia and the Kingdom of Spain, developments in Southeast Europe and the EU perspective of countries in that region.\" \/>\n<meta property=\"og:url\" content=\"https:\/\/www.predsjednik.hr\/en\/news\/president-milanovic-receives-prime-minister-of-the-kingdom-of-spain-pedro-sanchez-perez-castejon\/\" \/>\n<meta property=\"og:site_name\" content=\"President of the Republic of Croatia - Zoran Milanovi\u0107\" \/>\n<meta property=\"article:modified_time\" content=\"2021-10-07T07:48:26+00:00\" \/>\n<meta property=\"og:image\" content=\"https:\/\/www.predsjednik.hr\/wp-content\/uploads\/2021\/10\/DSC_2801.jpg\" \/>\n\t<meta property=\"og:image:width\" content=\"5418\" \/>\n\t<meta property=\"og:image:height\" content=\"3871\" \/>\n\t<meta property=\"og:image:type\" content=\"image\/jpeg\" \/>\n<meta name=\"twitter:card\" content=\"summary_large_image\" \/>\n<meta name=\"twitter:label1\" content=\"Est. reading time\" \/>\n\t<meta name=\"twitter:data1\" content=\"1 minute\" \/>\n<script type=\"application\/ld+json\" class=\"yoast-schema-graph\">{\"@context\":\"https:\\\/\\\/schema.org\",\"@graph\":[{\"@type\":\"WebPage\",\"@id\":\"https:\\\/\\\/www.predsjednik.hr\\\/en\\\/news\\\/president-milanovic-receives-prime-minister-of-the-kingdom-of-spain-pedro-sanchez-perez-castejon\\\/\",\"url\":\"https:\\\/\\\/www.predsjednik.hr\\\/en\\\/news\\\/president-milanovic-receives-prime-minister-of-the-kingdom-of-spain-pedro-sanchez-perez-castejon\\\/\",\"name\":\"President Milanovi\u0107 Receives Prime Minister of the Kingdom of Spain Pedro S\u00e1nchez P\u00e9rez-Castej\u00f3n - President of the Republic of Croatia - Zoran Milanovi\u0107\",\"isPartOf\":{\"@id\":\"https:\\\/\\\/www.predsjednik.hr\\\/en\\\/#website\"},\"primaryImageOfPage\":{\"@id\":\"https:\\\/\\\/www.predsjednik.hr\\\/en\\\/news\\\/president-milanovic-receives-prime-minister-of-the-kingdom-of-spain-pedro-sanchez-perez-castejon\\\/#primaryimage\"},\"image\":{\"@id\":\"https:\\\/\\\/www.predsjednik.hr\\\/en\\\/news\\\/president-milanovic-receives-prime-minister-of-the-kingdom-of-spain-pedro-sanchez-perez-castejon\\\/#primaryimage\"},\"thumbnailUrl\":\"https:\\\/\\\/www.predsjednik.hr\\\/wp-content\\\/uploads\\\/2021\\\/10\\\/DSC_2801.jpg\",\"datePublished\":\"2021-10-06T20:46:00+00:00\",\"dateModified\":\"2021-10-07T07:48:26+00:00\",\"breadcrumb\":{\"@id\":\"https:\\\/\\\/www.predsjednik.hr\\\/en\\\/news\\\/president-milanovic-receives-prime-minister-of-the-kingdom-of-spain-pedro-sanchez-perez-castejon\\\/#breadcrumb\"},\"inLanguage\":\"en-US\",\"potentialAction\":[{\"@type\":\"ReadAction\",\"target\":[\"https:\\\/\\\/www.predsjednik.hr\\\/en\\\/news\\\/president-milanovic-receives-prime-minister-of-the-kingdom-of-spain-pedro-sanchez-perez-castejon\\\/\"]}]},{\"@type\":\"ImageObject\",\"inLanguage\":\"en-US\",\"@id\":\"https:\\\/\\\/www.predsjednik.hr\\\/en\\\/news\\\/president-milanovic-receives-prime-minister-of-the-kingdom-of-spain-pedro-sanchez-perez-castejon\\\/#primaryimage\",\"url\":\"https:\\\/\\\/www.predsjednik.hr\\\/wp-content\\\/uploads\\\/2021\\\/10\\\/DSC_2801.jpg\",\"contentUrl\":\"https:\\\/\\\/www.predsjednik.hr\\\/wp-content\\\/uploads\\\/2021\\\/10\\\/DSC_2801.jpg\",\"width\":5418,\"height\":3871,\"caption\":\"President Milanovi\u0107 Receives Prime Minister of the Kingdom of Spain Pedro S\u00e1nchez P\u00e9rez-Castej\u00f3n\"},{\"@type\":\"BreadcrumbList\",\"@id\":\"https:\\\/\\\/www.predsjednik.hr\\\/en\\\/news\\\/president-milanovic-receives-prime-minister-of-the-kingdom-of-spain-pedro-sanchez-perez-castejon\\\/#breadcrumb\",\"itemListElement\":[{\"@type\":\"ListItem\",\"position\":1,\"name\":\"Home\",\"item\":\"https:\\\/\\\/www.predsjednik.hr\\\/en\\\/\"},{\"@type\":\"ListItem\",\"position\":2,\"name\":\"Vijesti\",\"item\":\"https:\\\/\\\/www.predsjednik.hr\\\/en\\\/news\\\/\"},{\"@type\":\"ListItem\",\"position\":3,\"name\":\"President Milanovi\u0107 Receives Prime Minister of the Kingdom of Spain Pedro S\u00e1nchez P\u00e9rez-Castej\u00f3n\"}]},{\"@type\":\"WebSite\",\"@id\":\"https:\\\/\\\/www.predsjednik.hr\\\/en\\\/#website\",\"url\":\"https:\\\/\\\/www.predsjednik.hr\\\/en\\\/\",\"name\":\"President of the Republic of Croatia - Zoran Milanovi\u0107\",\"description\":\"Just another WordPress site\",\"potentialAction\":[{\"@type\":\"SearchAction\",\"target\":{\"@type\":\"EntryPoint\",\"urlTemplate\":\"https:\\\/\\\/www.predsjednik.hr\\\/en\\\/?s={search_term_string}\"},\"query-input\":{\"@type\":\"PropertyValueSpecification\",\"valueRequired\":true,\"valueName\":\"search_term_string\"}}],\"inLanguage\":\"en-US\"}]}<\/script>\n<!-- \/ Yoast SEO plugin. -->","yoast_head_json":{"title":"President Milanovi\u0107 Receives Prime Minister of the Kingdom of Spain Pedro S\u00e1nchez P\u00e9rez-Castej\u00f3n - President of the Republic of Croatia - Zoran Milanovi\u0107","robots":{"index":"index","follow":"follow","max-snippet":"max-snippet:-1","max-image-preview":"max-image-preview:large","max-video-preview":"max-video-preview:-1"},"canonical":"https:\/\/www.predsjednik.hr\/en\/news\/president-milanovic-receives-prime-minister-of-the-kingdom-of-spain-pedro-sanchez-perez-castejon\/","og_locale":"en_US","og_type":"article","og_title":"President Milanovi\u0107 Receives Prime Minister of the Kingdom of Spain Pedro S\u00e1nchez P\u00e9rez-Castej\u00f3n - President of the Republic of Croatia - Zoran Milanovi\u0107","og_description":"President Milanovi\u0107 and Prime Minister S\u00e1nchez discussed in the Office of the President bilateral relations between the Republic of Croatia and the Kingdom of Spain, developments in Southeast Europe and the EU perspective of countries in that region.","og_url":"https:\/\/www.predsjednik.hr\/en\/news\/president-milanovic-receives-prime-minister-of-the-kingdom-of-spain-pedro-sanchez-perez-castejon\/","og_site_name":"President of the Republic of Croatia - Zoran Milanovi\u0107","article_modified_time":"2021-10-07T07:48:26+00:00","og_image":[{"width":5418,"height":3871,"url":"https:\/\/www.predsjednik.hr\/wp-content\/uploads\/2021\/10\/DSC_2801.jpg","type":"image\/jpeg"}],"twitter_card":"summary_large_image","twitter_misc":{"Est. reading time":"1 minute"},"schema":{"@context":"https:\/\/schema.org","@graph":[{"@type":"WebPage","@id":"https:\/\/www.predsjednik.hr\/en\/news\/president-milanovic-receives-prime-minister-of-the-kingdom-of-spain-pedro-sanchez-perez-castejon\/","url":"https:\/\/www.predsjednik.hr\/en\/news\/president-milanovic-receives-prime-minister-of-the-kingdom-of-spain-pedro-sanchez-perez-castejon\/","name":"President Milanovi\u0107 Receives Prime Minister of the Kingdom of Spain Pedro S\u00e1nchez P\u00e9rez-Castej\u00f3n - President of the Republic of Croatia - Zoran Milanovi\u0107","isPartOf":{"@id":"https:\/\/www.predsjednik.hr\/en\/#website"},"primaryImageOfPage":{"@id":"https:\/\/www.predsjednik.hr\/en\/news\/president-milanovic-receives-prime-minister-of-the-kingdom-of-spain-pedro-sanchez-perez-castejon\/#primaryimage"},"image":{"@id":"https:\/\/www.predsjednik.hr\/en\/news\/president-milanovic-receives-prime-minister-of-the-kingdom-of-spain-pedro-sanchez-perez-castejon\/#primaryimage"},"thumbnailUrl":"https:\/\/www.predsjednik.hr\/wp-content\/uploads\/2021\/10\/DSC_2801.jpg","datePublished":"2021-10-06T20:46:00+00:00","dateModified":"2021-10-07T07:48:26+00:00","breadcrumb":{"@id":"https:\/\/www.predsjednik.hr\/en\/news\/president-milanovic-receives-prime-minister-of-the-kingdom-of-spain-pedro-sanchez-perez-castejon\/#breadcrumb"},"inLanguage":"en-US","potentialAction":[{"@type":"ReadAction","target":["https:\/\/www.predsjednik.hr\/en\/news\/president-milanovic-receives-prime-minister-of-the-kingdom-of-spain-pedro-sanchez-perez-castejon\/"]}]},{"@type":"ImageObject","inLanguage":"en-US","@id":"https:\/\/www.predsjednik.hr\/en\/news\/president-milanovic-receives-prime-minister-of-the-kingdom-of-spain-pedro-sanchez-perez-castejon\/#primaryimage","url":"https:\/\/www.predsjednik.hr\/wp-content\/uploads\/2021\/10\/DSC_2801.jpg","contentUrl":"https:\/\/www.predsjednik.hr\/wp-content\/uploads\/2021\/10\/DSC_2801.jpg","width":5418,"height":3871,"caption":"President Milanovi\u0107 Receives Prime Minister of the Kingdom of Spain Pedro S\u00e1nchez P\u00e9rez-Castej\u00f3n"},{"@type":"BreadcrumbList","@id":"https:\/\/www.predsjednik.hr\/en\/news\/president-milanovic-receives-prime-minister-of-the-kingdom-of-spain-pedro-sanchez-perez-castejon\/#breadcrumb","itemListElement":[{"@type":"ListItem","position":1,"name":"Home","item":"https:\/\/www.predsjednik.hr\/en\/"},{"@type":"ListItem","position":2,"name":"Vijesti","item":"https:\/\/www.predsjednik.hr\/en\/news\/"},{"@type":"ListItem","position":3,"name":"President Milanovi\u0107 Receives Prime Minister of the Kingdom of Spain Pedro S\u00e1nchez P\u00e9rez-Castej\u00f3n"}]},{"@type":"WebSite","@id":"https:\/\/www.predsjednik.hr\/en\/#website","url":"https:\/\/www.predsjednik.hr\/en\/","name":"President of the Republic of Croatia - Zoran Milanovi\u0107","description":"Just another WordPress site","potentialAction":[{"@type":"SearchAction","target":{"@type":"EntryPoint","urlTemplate":"https:\/\/www.predsjednik.hr\/en\/?s={search_term_string}"},"query-input":{"@type":"PropertyValueSpecification","valueRequired":true,"valueName":"search_term_string"}}],"inLanguage":"en-US"}]}},"_links":{"self":[{"href":"https:\/\/www.predsjednik.hr\/en\/wp-json\/wp\/v2\/news\/12737","targetHints":{"allow":["GET"]}}],"collection":[{"href":"https:\/\/www.predsjednik.hr\/en\/wp-json\/wp\/v2\/news"}],"about":[{"href":"https:\/\/www.predsjednik.hr\/en\/wp-json\/wp\/v2\/types\/news"}],"wp:featuredmedia":[{"embeddable":true,"href":"https:\/\/www.predsjednik.hr\/en\/wp-json\/wp\/v2\/media\/12734"}],"wp:attachment":[{"href":"https:\/\/www.predsjednik.hr\/en\/wp-json\/wp\/v2\/media?parent=12737"}],"wp:term":[{"taxonomy":"news-cat","embeddable":true,"href":"https:\/\/www.predsjednik.hr\/en\/wp-json\/wp\/v2\/news-cat?post=12737"}],"curies":[{"name":"wp","href":"https:\/\/api.w.org\/{rel}","templated":true}]}}