{"id":12738,"date":"2021-10-06T15:00:00","date_gmt":"2021-10-06T13:00:00","guid":{"rendered":"https:\/\/www.predsjednik.hr\/?post_type=news&#038;p=12738"},"modified":"2021-10-07T10:02:47","modified_gmt":"2021-10-07T08:02:47","slug":"president-milanovic-in-sinj-croatia-is-a-western-civilization-its-eastern-neighbours-must-abide-by-the-rules-if-they-want-to-join-the-eu","status":"publish","type":"news","link":"https:\/\/www.predsjednik.hr\/en\/news\/president-milanovic-in-sinj-croatia-is-a-western-civilization-its-eastern-neighbours-must-abide-by-the-rules-if-they-want-to-join-the-eu\/","title":{"rendered":"President Milanovi\u0107 in Sinj: Croatia is a Western civilization, its eastern neighbours must abide by the rules if they want to join the EU"},"content":{"rendered":"\n<p>The President of the Republic and Commander in Chief of the Croatian Armed Forces Zoran Milanovi\u0107 visited Sinj, where he attended a ceremony marking the 30<sup>th<\/sup> anniversary of the formation of the 126<sup>th<\/sup> Sinj Brigade of the Croatian Army.<\/p>\n\n\n\n<p>\u201cGatherings such as this are less and less for your and our generation, and more for those who were born in \u201891 or who were not yet born. They have not seen (war) and what they know, they have learned from us and from others who pass on information to them in various ways. It is up to us to fight for the truth. The truth can hurt, but the truth is better than lies \u2013 always, even when it\u2019s painful. But our truth is not painful, your truth is something you can be proud of,\u201d said President Milanovi\u0107 in his address at the ceremony. He added that attempts were made to avoid war and this should always be emphasized.<\/p>\n\n\n\n<p>The President of the Republic reminded that a small number of people defended Croatia during the Homeland War. \u201cThese seven thousand who passed through your brigade during the entire course of the war, especially those who showed up first when it was hardest and most dangerous, are people who deserve deepest respect. Croatia was defended by several thousand people. It is a special, elite status. Keep that status and guard it jealously. It is yours and no one else\u2019s \u2013 yours, because the country could not have been organized then, as it had nothing to organize itself with. You have organized yourself largely on your own and for this I extend my heartfelt gratitude to all of you,\u201d said President Milanovi\u0107.<\/p>\n\n\n\n<p>\u201cThirty years later, we have a state that lacks nothing. Overall, I am satisfied. Divisions in society are present, but they have never resulted in street violence, disorder or anarchy. It doesn\u2019t exist and has never existed in Croatia. We live surrounded by countries that have not yet consolidated themselves. We are sending them messages of peace \u2013 not naive peace, but benevolent messages. We know where we are \u2013 we are a Western civilization. With all due respect for those who are different, and acceptance of those who are different, we have found our place,\u201d said President Milanovi\u0107.<\/p>\n\n\n\n<p>The President added that we knew exactly what we wanted from the outset. \u201cIt is no small thing and in the Croatian political nation, to which everyone who wishes and acts in good faith belongs, this was not contested. For a nation, this is a great asset that we take for granted. What will happen to our neighbours to the east? If they want to become members of the European Union, they will have to behave according to certain rules of conduct. We do not expect anyone to repent and kneel, but it is also not easy to hear that just about everyone is a victim except for the Croatian people, who made sacrifices. I am the President of all citizens, but I am also the President of the Croatian people and I have to look at things objectively, although at the same time I am partial. I will represent Croatia following this line of thinking, both in Homeland War matters and in matters having to do with your pride and your status \u2013 as dictated by that human experience, fundamental, plain human honour and understanding of the surroundings and the world in which I live. That\u2019s all,\u201d President Milanovi\u0107 continued.<\/p>\n\n\n\n<p>\u201cDear heroes, defenders of the Cetina region, thank you for everything you have done and given, especially in \u201991, because that was a time for special people, for a small number of real people. When other people more or less lived their normal lives as citizens, you were exposed to danger and fear for your own life and your future on a daily basis, spending it on Mount Dinara so that others could live normally today. And that is a fact that no one who is honest will hide. Croatia\u2019s debt to its defenders is simply huge,\u201d concluded President Milanovi\u0107.<\/p>\n\n\n\n<p>For bravery and heroism displayed in the Homeland War by its members, the President of the Republic Zoran Milanovi\u0107 decorated the 126<sup>th<\/sup> Sinj Brigade of the Croatian Army with the Order of Duke Domagoj with Ribbon. The decoration was accepted by Ante Kotromanovi\u0107, one of the commanders of the 126<sup>th<\/sup> Sinj Brigade of the Croatian Army.<\/p>\n\n\n\n<p>On the occasion of the 30<sup>th<\/sup> anniversary of the formation of the 126<sup>th<\/sup> Sinj Brigade of the Croatian Army, the President of the Republic and Commander in Chief of the Croatian Armed Forces laid a wreath and lit a candle at the Monument to Croatian defenders who were killed in the Homeland War. Special Adviser to the President of the Republic for Homeland War Veterans Marijan Marekovi\u0107, Mayor of Sinj Miro Bulj and President of the Croatian Defenders\u2019 Association \u201c126<sup>th<\/sup> Sinj Brigade Veterans\u201d Bo\u0161ko Vladovi\u0107 were alongside President Milanovi\u0107 at the wreath laying.<\/p>\n\n\n<!--GALLERY BLOCK-->\n<div class=\"c-lightbox-gallery js-lightbox\">\n                <!--single-->\n            <a data-no-swup class=\"c-lightbox-gallery__single js-lightbox-single\"\n               href=\"https:\/\/www.predsjednik.hr\/wp-content\/uploads\/2021\/10\/DSC_2243-1024x731.jpg\"\n               style=\"background-image: url('https:\/\/www.predsjednik.hr\/wp-content\/uploads\/2021\/10\/DSC_2243-768x549.jpg')\"><\/a>\n            <!--end single-->\n                    <!--single-->\n            <a data-no-swup class=\"c-lightbox-gallery__single js-lightbox-single\"\n               href=\"https:\/\/www.predsjednik.hr\/wp-content\/uploads\/2021\/10\/DSC_2258-1024x732.jpg\"\n               style=\"background-image: url('https:\/\/www.predsjednik.hr\/wp-content\/uploads\/2021\/10\/DSC_2258-768x549.jpg')\"><\/a>\n            <!--end single-->\n                    <!--single-->\n            <a data-no-swup class=\"c-lightbox-gallery__single js-lightbox-single\"\n               href=\"https:\/\/www.predsjednik.hr\/wp-content\/uploads\/2021\/10\/DSC_2325-1024x576.jpg\"\n               style=\"background-image: url('https:\/\/www.predsjednik.hr\/wp-content\/uploads\/2021\/10\/DSC_2325-768x432.jpg')\"><\/a>\n            <!--end single-->\n                    <!--single-->\n            <a data-no-swup class=\"c-lightbox-gallery__single js-lightbox-single\"\n               href=\"https:\/\/www.predsjednik.hr\/wp-content\/uploads\/2021\/10\/DSC_2335-1024x576.jpg\"\n               style=\"background-image: url('https:\/\/www.predsjednik.hr\/wp-content\/uploads\/2021\/10\/DSC_2335-768x432.jpg')\"><\/a>\n            <!--end single-->\n                    <!--single-->\n            <a data-no-swup class=\"c-lightbox-gallery__single js-lightbox-single\"\n               href=\"https:\/\/www.predsjednik.hr\/wp-content\/uploads\/2021\/10\/DSC_2429-1024x576.jpg\"\n               style=\"background-image: url('https:\/\/www.predsjednik.hr\/wp-content\/uploads\/2021\/10\/DSC_2429-768x432.jpg')\"><\/a>\n            <!--end single-->\n                    <!--single-->\n            <a data-no-swup class=\"c-lightbox-gallery__single js-lightbox-single\"\n               href=\"https:\/\/www.predsjednik.hr\/wp-content\/uploads\/2021\/10\/DSC_2445-1024x576.jpg\"\n               style=\"background-image: url('https:\/\/www.predsjednik.hr\/wp-content\/uploads\/2021\/10\/DSC_2445-768x432.jpg')\"><\/a>\n            <!--end single-->\n                    <!--single-->\n            <a data-no-swup class=\"c-lightbox-gallery__single js-lightbox-single\"\n               href=\"https:\/\/www.predsjednik.hr\/wp-content\/uploads\/2021\/10\/DSC_2475-1024x576.jpg\"\n               style=\"background-image: url('https:\/\/www.predsjednik.hr\/wp-content\/uploads\/2021\/10\/DSC_2475-768x432.jpg')\"><\/a>\n            <!--end single-->\n                    <!--single-->\n            <a data-no-swup class=\"c-lightbox-gallery__single js-lightbox-single\"\n               href=\"https:\/\/www.predsjednik.hr\/wp-content\/uploads\/2021\/10\/DSC_2551-1024x731.jpg\"\n               style=\"background-image: url('https:\/\/www.predsjednik.hr\/wp-content\/uploads\/2021\/10\/DSC_2551-768x549.jpg')\"><\/a>\n            <!--end single-->\n                    <!--single-->\n            <a data-no-swup class=\"c-lightbox-gallery__single js-lightbox-single\"\n               href=\"https:\/\/www.predsjednik.hr\/wp-content\/uploads\/2021\/10\/DSC_2578-1024x731.jpg\"\n               style=\"background-image: url('https:\/\/www.predsjednik.hr\/wp-content\/uploads\/2021\/10\/DSC_2578-768x549.jpg')\"><\/a>\n            <!--end single-->\n                    <!--single-->\n            <a data-no-swup class=\"c-lightbox-gallery__single js-lightbox-single\"\n               href=\"https:\/\/www.predsjednik.hr\/wp-content\/uploads\/2021\/10\/DSC_2604-1024x576.jpg\"\n               style=\"background-image: url('https:\/\/www.predsjednik.hr\/wp-content\/uploads\/2021\/10\/DSC_2604-768x432.jpg')\"><\/a>\n            <!--end single-->\n        <\/div>\n<!--end GALLERY BLOCK-->\n\n\n\n<p>PHOTO: Office of the President of the Republic of Croatia \/ Marko Beljan<\/p>\n","protected":false},"excerpt":{"rendered":"<p>The President of the Republic and Commander in Chief of the Croatian Armed Forces Zoran Milanovi\u0107 visited Sinj, where he attended a ceremony marking the 30th anniversary of the formation of the 126th Sinj Brigade of the Croatian Army.<\/p>\n","protected":false},"featured_media":12713,"template":"","news-cat":[12],"class_list":["post-12738","news","type-news","status-publish","has-post-thumbnail","hentry","news-cat-news"],"acf":[],"yoast_head":"<!-- This site is optimized with the Yoast SEO plugin v27.5 - https:\/\/yoast.com\/product\/yoast-seo-wordpress\/ -->\n<title>President Milanovi\u0107 in Sinj: Croatia is a Western civilization, its eastern neighbours must abide by the rules if they want to join the EU - President of the Republic of Croatia - Zoran Milanovi\u0107<\/title>\n<meta name=\"robots\" content=\"index, follow, max-snippet:-1, max-image-preview:large, max-video-preview:-1\" \/>\n<link rel=\"canonical\" href=\"https:\/\/www.predsjednik.hr\/en\/news\/president-milanovic-in-sinj-croatia-is-a-western-civilization-its-eastern-neighbours-must-abide-by-the-rules-if-they-want-to-join-the-eu\/\" \/>\n<meta property=\"og:locale\" content=\"en_US\" \/>\n<meta property=\"og:type\" content=\"article\" \/>\n<meta property=\"og:title\" content=\"President Milanovi\u0107 in Sinj: Croatia is a Western civilization, its eastern neighbours must abide by the rules if they want to join the EU - President of the Republic of Croatia - Zoran Milanovi\u0107\" \/>\n<meta property=\"og:description\" content=\"The President of the Republic and Commander in Chief of the Croatian Armed Forces Zoran Milanovi\u0107 visited Sinj, where he attended a ceremony marking the 30th anniversary of the formation of the 126th Sinj Brigade of the Croatian Army.\" \/>\n<meta property=\"og:url\" content=\"https:\/\/www.predsjednik.hr\/en\/news\/president-milanovic-in-sinj-croatia-is-a-western-civilization-its-eastern-neighbours-must-abide-by-the-rules-if-they-want-to-join-the-eu\/\" \/>\n<meta property=\"og:site_name\" content=\"President of the Republic of Croatia - Zoran Milanovi\u0107\" \/>\n<meta property=\"article:modified_time\" content=\"2021-10-07T08:02:47+00:00\" \/>\n<meta property=\"og:image\" content=\"https:\/\/www.predsjednik.hr\/wp-content\/uploads\/2021\/10\/DSC_2578.jpg\" \/>\n\t<meta property=\"og:image:width\" content=\"5123\" \/>\n\t<meta property=\"og:image:height\" content=\"3659\" \/>\n\t<meta property=\"og:image:type\" content=\"image\/jpeg\" \/>\n<meta name=\"twitter:card\" content=\"summary_large_image\" \/>\n<meta name=\"twitter:label1\" content=\"Est. reading time\" \/>\n\t<meta name=\"twitter:data1\" content=\"4 minutes\" \/>\n<script type=\"application\/ld+json\" class=\"yoast-schema-graph\">{\"@context\":\"https:\\\/\\\/schema.org\",\"@graph\":[{\"@type\":\"WebPage\",\"@id\":\"https:\\\/\\\/www.predsjednik.hr\\\/en\\\/news\\\/president-milanovic-in-sinj-croatia-is-a-western-civilization-its-eastern-neighbours-must-abide-by-the-rules-if-they-want-to-join-the-eu\\\/\",\"url\":\"https:\\\/\\\/www.predsjednik.hr\\\/en\\\/news\\\/president-milanovic-in-sinj-croatia-is-a-western-civilization-its-eastern-neighbours-must-abide-by-the-rules-if-they-want-to-join-the-eu\\\/\",\"name\":\"President Milanovi\u0107 in Sinj: Croatia is a Western civilization, its eastern neighbours must abide by the rules if they want to join the EU - President of the Republic of Croatia - Zoran Milanovi\u0107\",\"isPartOf\":{\"@id\":\"https:\\\/\\\/www.predsjednik.hr\\\/en\\\/#website\"},\"primaryImageOfPage\":{\"@id\":\"https:\\\/\\\/www.predsjednik.hr\\\/en\\\/news\\\/president-milanovic-in-sinj-croatia-is-a-western-civilization-its-eastern-neighbours-must-abide-by-the-rules-if-they-want-to-join-the-eu\\\/#primaryimage\"},\"image\":{\"@id\":\"https:\\\/\\\/www.predsjednik.hr\\\/en\\\/news\\\/president-milanovic-in-sinj-croatia-is-a-western-civilization-its-eastern-neighbours-must-abide-by-the-rules-if-they-want-to-join-the-eu\\\/#primaryimage\"},\"thumbnailUrl\":\"https:\\\/\\\/www.predsjednik.hr\\\/wp-content\\\/uploads\\\/2021\\\/10\\\/DSC_2578.jpg\",\"datePublished\":\"2021-10-06T13:00:00+00:00\",\"dateModified\":\"2021-10-07T08:02:47+00:00\",\"breadcrumb\":{\"@id\":\"https:\\\/\\\/www.predsjednik.hr\\\/en\\\/news\\\/president-milanovic-in-sinj-croatia-is-a-western-civilization-its-eastern-neighbours-must-abide-by-the-rules-if-they-want-to-join-the-eu\\\/#breadcrumb\"},\"inLanguage\":\"en-US\",\"potentialAction\":[{\"@type\":\"ReadAction\",\"target\":[\"https:\\\/\\\/www.predsjednik.hr\\\/en\\\/news\\\/president-milanovic-in-sinj-croatia-is-a-western-civilization-its-eastern-neighbours-must-abide-by-the-rules-if-they-want-to-join-the-eu\\\/\"]}]},{\"@type\":\"ImageObject\",\"inLanguage\":\"en-US\",\"@id\":\"https:\\\/\\\/www.predsjednik.hr\\\/en\\\/news\\\/president-milanovic-in-sinj-croatia-is-a-western-civilization-its-eastern-neighbours-must-abide-by-the-rules-if-they-want-to-join-the-eu\\\/#primaryimage\",\"url\":\"https:\\\/\\\/www.predsjednik.hr\\\/wp-content\\\/uploads\\\/2021\\\/10\\\/DSC_2578.jpg\",\"contentUrl\":\"https:\\\/\\\/www.predsjednik.hr\\\/wp-content\\\/uploads\\\/2021\\\/10\\\/DSC_2578.jpg\",\"width\":5123,\"height\":3659,\"caption\":\"The President of the Republic and Commander in Chief of the Croatian Armed Forces Zoran Milanovi\u0107 visited Sinj, where he attended a ceremony marking the 30th anniversary of the formation of the 126th Sinj Brigade of the Croatian Army.\"},{\"@type\":\"BreadcrumbList\",\"@id\":\"https:\\\/\\\/www.predsjednik.hr\\\/en\\\/news\\\/president-milanovic-in-sinj-croatia-is-a-western-civilization-its-eastern-neighbours-must-abide-by-the-rules-if-they-want-to-join-the-eu\\\/#breadcrumb\",\"itemListElement\":[{\"@type\":\"ListItem\",\"position\":1,\"name\":\"Home\",\"item\":\"https:\\\/\\\/www.predsjednik.hr\\\/en\\\/\"},{\"@type\":\"ListItem\",\"position\":2,\"name\":\"Vijesti\",\"item\":\"https:\\\/\\\/www.predsjednik.hr\\\/en\\\/news\\\/\"},{\"@type\":\"ListItem\",\"position\":3,\"name\":\"President Milanovi\u0107 in Sinj: Croatia is a Western civilization, its eastern neighbours must abide by the rules if they want to join the EU\"}]},{\"@type\":\"WebSite\",\"@id\":\"https:\\\/\\\/www.predsjednik.hr\\\/en\\\/#website\",\"url\":\"https:\\\/\\\/www.predsjednik.hr\\\/en\\\/\",\"name\":\"President of the Republic of Croatia - Zoran Milanovi\u0107\",\"description\":\"Just another WordPress site\",\"potentialAction\":[{\"@type\":\"SearchAction\",\"target\":{\"@type\":\"EntryPoint\",\"urlTemplate\":\"https:\\\/\\\/www.predsjednik.hr\\\/en\\\/?s={search_term_string}\"},\"query-input\":{\"@type\":\"PropertyValueSpecification\",\"valueRequired\":true,\"valueName\":\"search_term_string\"}}],\"inLanguage\":\"en-US\"}]}<\/script>\n<!-- \/ Yoast SEO plugin. -->","yoast_head_json":{"title":"President Milanovi\u0107 in Sinj: Croatia is a Western civilization, its eastern neighbours must abide by the rules if they want to join the EU - President of the Republic of Croatia - Zoran Milanovi\u0107","robots":{"index":"index","follow":"follow","max-snippet":"max-snippet:-1","max-image-preview":"max-image-preview:large","max-video-preview":"max-video-preview:-1"},"canonical":"https:\/\/www.predsjednik.hr\/en\/news\/president-milanovic-in-sinj-croatia-is-a-western-civilization-its-eastern-neighbours-must-abide-by-the-rules-if-they-want-to-join-the-eu\/","og_locale":"en_US","og_type":"article","og_title":"President Milanovi\u0107 in Sinj: Croatia is a Western civilization, its eastern neighbours must abide by the rules if they want to join the EU - President of the Republic of Croatia - Zoran Milanovi\u0107","og_description":"The President of the Republic and Commander in Chief of the Croatian Armed Forces Zoran Milanovi\u0107 visited Sinj, where he attended a ceremony marking the 30th anniversary of the formation of the 126th Sinj Brigade of the Croatian Army.","og_url":"https:\/\/www.predsjednik.hr\/en\/news\/president-milanovic-in-sinj-croatia-is-a-western-civilization-its-eastern-neighbours-must-abide-by-the-rules-if-they-want-to-join-the-eu\/","og_site_name":"President of the Republic of Croatia - Zoran Milanovi\u0107","article_modified_time":"2021-10-07T08:02:47+00:00","og_image":[{"width":5123,"height":3659,"url":"https:\/\/www.predsjednik.hr\/wp-content\/uploads\/2021\/10\/DSC_2578.jpg","type":"image\/jpeg"}],"twitter_card":"summary_large_image","twitter_misc":{"Est. reading time":"4 minutes"},"schema":{"@context":"https:\/\/schema.org","@graph":[{"@type":"WebPage","@id":"https:\/\/www.predsjednik.hr\/en\/news\/president-milanovic-in-sinj-croatia-is-a-western-civilization-its-eastern-neighbours-must-abide-by-the-rules-if-they-want-to-join-the-eu\/","url":"https:\/\/www.predsjednik.hr\/en\/news\/president-milanovic-in-sinj-croatia-is-a-western-civilization-its-eastern-neighbours-must-abide-by-the-rules-if-they-want-to-join-the-eu\/","name":"President Milanovi\u0107 in Sinj: Croatia is a Western civilization, its eastern neighbours must abide by the rules if they want to join the EU - President of the Republic of Croatia - Zoran Milanovi\u0107","isPartOf":{"@id":"https:\/\/www.predsjednik.hr\/en\/#website"},"primaryImageOfPage":{"@id":"https:\/\/www.predsjednik.hr\/en\/news\/president-milanovic-in-sinj-croatia-is-a-western-civilization-its-eastern-neighbours-must-abide-by-the-rules-if-they-want-to-join-the-eu\/#primaryimage"},"image":{"@id":"https:\/\/www.predsjednik.hr\/en\/news\/president-milanovic-in-sinj-croatia-is-a-western-civilization-its-eastern-neighbours-must-abide-by-the-rules-if-they-want-to-join-the-eu\/#primaryimage"},"thumbnailUrl":"https:\/\/www.predsjednik.hr\/wp-content\/uploads\/2021\/10\/DSC_2578.jpg","datePublished":"2021-10-06T13:00:00+00:00","dateModified":"2021-10-07T08:02:47+00:00","breadcrumb":{"@id":"https:\/\/www.predsjednik.hr\/en\/news\/president-milanovic-in-sinj-croatia-is-a-western-civilization-its-eastern-neighbours-must-abide-by-the-rules-if-they-want-to-join-the-eu\/#breadcrumb"},"inLanguage":"en-US","potentialAction":[{"@type":"ReadAction","target":["https:\/\/www.predsjednik.hr\/en\/news\/president-milanovic-in-sinj-croatia-is-a-western-civilization-its-eastern-neighbours-must-abide-by-the-rules-if-they-want-to-join-the-eu\/"]}]},{"@type":"ImageObject","inLanguage":"en-US","@id":"https:\/\/www.predsjednik.hr\/en\/news\/president-milanovic-in-sinj-croatia-is-a-western-civilization-its-eastern-neighbours-must-abide-by-the-rules-if-they-want-to-join-the-eu\/#primaryimage","url":"https:\/\/www.predsjednik.hr\/wp-content\/uploads\/2021\/10\/DSC_2578.jpg","contentUrl":"https:\/\/www.predsjednik.hr\/wp-content\/uploads\/2021\/10\/DSC_2578.jpg","width":5123,"height":3659,"caption":"The President of the Republic and Commander in Chief of the Croatian Armed Forces Zoran Milanovi\u0107 visited Sinj, where he attended a ceremony marking the 30th anniversary of the formation of the 126th Sinj Brigade of the Croatian Army."},{"@type":"BreadcrumbList","@id":"https:\/\/www.predsjednik.hr\/en\/news\/president-milanovic-in-sinj-croatia-is-a-western-civilization-its-eastern-neighbours-must-abide-by-the-rules-if-they-want-to-join-the-eu\/#breadcrumb","itemListElement":[{"@type":"ListItem","position":1,"name":"Home","item":"https:\/\/www.predsjednik.hr\/en\/"},{"@type":"ListItem","position":2,"name":"Vijesti","item":"https:\/\/www.predsjednik.hr\/en\/news\/"},{"@type":"ListItem","position":3,"name":"President Milanovi\u0107 in Sinj: Croatia is a Western civilization, its eastern neighbours must abide by the rules if they want to join the EU"}]},{"@type":"WebSite","@id":"https:\/\/www.predsjednik.hr\/en\/#website","url":"https:\/\/www.predsjednik.hr\/en\/","name":"President of the Republic of Croatia - Zoran Milanovi\u0107","description":"Just another WordPress site","potentialAction":[{"@type":"SearchAction","target":{"@type":"EntryPoint","urlTemplate":"https:\/\/www.predsjednik.hr\/en\/?s={search_term_string}"},"query-input":{"@type":"PropertyValueSpecification","valueRequired":true,"valueName":"search_term_string"}}],"inLanguage":"en-US"}]}},"_links":{"self":[{"href":"https:\/\/www.predsjednik.hr\/en\/wp-json\/wp\/v2\/news\/12738","targetHints":{"allow":["GET"]}}],"collection":[{"href":"https:\/\/www.predsjednik.hr\/en\/wp-json\/wp\/v2\/news"}],"about":[{"href":"https:\/\/www.predsjednik.hr\/en\/wp-json\/wp\/v2\/types\/news"}],"wp:featuredmedia":[{"embeddable":true,"href":"https:\/\/www.predsjednik.hr\/en\/wp-json\/wp\/v2\/media\/12713"}],"wp:attachment":[{"href":"https:\/\/www.predsjednik.hr\/en\/wp-json\/wp\/v2\/media?parent=12738"}],"wp:term":[{"taxonomy":"news-cat","embeddable":true,"href":"https:\/\/www.predsjednik.hr\/en\/wp-json\/wp\/v2\/news-cat?post=12738"}],"curies":[{"name":"wp","href":"https:\/\/api.w.org\/{rel}","templated":true}]}}