{"id":12942,"date":"2021-10-15T15:52:19","date_gmt":"2021-10-15T13:52:19","guid":{"rendered":"https:\/\/www.predsjednik.hr\/?post_type=news&#038;p=12942"},"modified":"2021-10-15T15:52:21","modified_gmt":"2021-10-15T13:52:21","slug":"presidents-milanovic-and-pahor-at-joint-unveiling-of-gaj-monument-in-ljubljana-and-preseren-monument-in-zagreb","status":"publish","type":"news","link":"https:\/\/www.predsjednik.hr\/en\/news\/presidents-milanovic-and-pahor-at-joint-unveiling-of-gaj-monument-in-ljubljana-and-preseren-monument-in-zagreb\/","title":{"rendered":"Presidents Milanovi\u0107 and Pahor at Joint Unveiling of Gaj Monument in Ljubljana and Pre\u0161eren Monument in Zagreb"},"content":{"rendered":"\n<p>On Monday, 18 October the President of the Republic of Croatia Zoran Milanovi\u0107 and the President of the Republic of Slovenia Borut Pahor will attend the unveiling of the monument to the Croatian poet Ljudevit Gaj in Ljubljana and afterwards the unveiling of the monument to the Slovenian poet France Pre\u0161eren in Zagreb.<\/p>\n\n\n\n<p>President Milanovi\u0107 will visit Ljubljana, Slovenia, on Monday, 18 October where he will unveil, together with his Slovenian counterpart President Pahor, a monument to the Croatian politician, linguist, ideologue, journalist and writer Ljudevit Gaj. The monument to Ljudevit Gaj will be erected in Ljubljana\u2019s North City Park. After the unveiling ceremony, the two Presidents will deliver addresses.<\/p>\n\n\n\n<p>On the same day, the President of the Republic of Croatia Zoran Milanovi\u0107 and the President of the Republic of Slovenia Borut Pahor will attend the unveiling of the monument to the Slovenian poet France Pre\u0161eren in Zagreb. The monument to the Slovenian poet Pre\u0161eren will be erected in Zagreb\u2019s Bundek Park. The two Presidents will give addresses at the unveiling ceremony.<\/p>\n\n\n\n<p>Apart from the two Presidents, representatives of the municipal authorities of Ljubljana and Zagreb and the initiators of the monuments\u2019 unveiling \u2013 the Association of Croatian Societies in the Republic of Slovenia and the Slovenian Home in Zagreb \u2013 will also take part in the unveiling ceremony.<\/p>\n","protected":false},"excerpt":{"rendered":"<p>On Monday, 18 October the President of the Republic of Croatia Zoran Milanovi\u0107 and the President of the Republic of Slovenia Borut Pahor will attend the unveiling of the monument to the Croatian poet Ljudevit Gaj in Ljubljana and afterwards the unveiling of the monument to the Slovenian poet France Pre\u0161eren in Zagreb.<\/p>\n","protected":false},"featured_media":12940,"template":"","news-cat":[12],"class_list":["post-12942","news","type-news","status-publish","has-post-thumbnail","hentry","news-cat-news"],"acf":[],"yoast_head":"<!-- This site is optimized with the Yoast SEO plugin v27.5 - https:\/\/yoast.com\/product\/yoast-seo-wordpress\/ -->\n<title>Presidents Milanovi\u0107 and Pahor at Joint Unveiling of Gaj Monument in Ljubljana and Pre\u0161eren Monument in Zagreb - President of the Republic of Croatia - Zoran Milanovi\u0107<\/title>\n<meta name=\"robots\" content=\"index, follow, max-snippet:-1, max-image-preview:large, max-video-preview:-1\" \/>\n<link rel=\"canonical\" href=\"https:\/\/www.predsjednik.hr\/en\/news\/presidents-milanovic-and-pahor-at-joint-unveiling-of-gaj-monument-in-ljubljana-and-preseren-monument-in-zagreb\/\" \/>\n<meta property=\"og:locale\" content=\"en_US\" \/>\n<meta property=\"og:type\" content=\"article\" \/>\n<meta property=\"og:title\" content=\"Presidents Milanovi\u0107 and Pahor at Joint Unveiling of Gaj Monument in Ljubljana and Pre\u0161eren Monument in Zagreb - President of the Republic of Croatia - Zoran Milanovi\u0107\" \/>\n<meta property=\"og:description\" content=\"On Monday, 18 October the President of the Republic of Croatia Zoran Milanovi\u0107 and the President of the Republic of Slovenia Borut Pahor will attend the unveiling of the monument to the Croatian poet Ljudevit Gaj in Ljubljana and afterwards the unveiling of the monument to the Slovenian poet France Pre\u0161eren in Zagreb.\" \/>\n<meta property=\"og:url\" content=\"https:\/\/www.predsjednik.hr\/en\/news\/presidents-milanovic-and-pahor-at-joint-unveiling-of-gaj-monument-in-ljubljana-and-preseren-monument-in-zagreb\/\" \/>\n<meta property=\"og:site_name\" content=\"President of the Republic of Croatia - Zoran Milanovi\u0107\" \/>\n<meta property=\"article:modified_time\" content=\"2021-10-15T13:52:21+00:00\" \/>\n<meta property=\"og:image\" content=\"https:\/\/www.predsjednik.hr\/wp-content\/uploads\/2021\/10\/DSC_9083.jpg\" \/>\n\t<meta property=\"og:image:width\" content=\"3472\" \/>\n\t<meta property=\"og:image:height\" content=\"2480\" \/>\n\t<meta property=\"og:image:type\" content=\"image\/jpeg\" \/>\n<meta name=\"twitter:card\" content=\"summary_large_image\" \/>\n<meta name=\"twitter:label1\" content=\"Est. reading time\" \/>\n\t<meta name=\"twitter:data1\" content=\"1 minute\" \/>\n<script type=\"application\/ld+json\" class=\"yoast-schema-graph\">{\"@context\":\"https:\\\/\\\/schema.org\",\"@graph\":[{\"@type\":\"WebPage\",\"@id\":\"https:\\\/\\\/www.predsjednik.hr\\\/en\\\/news\\\/presidents-milanovic-and-pahor-at-joint-unveiling-of-gaj-monument-in-ljubljana-and-preseren-monument-in-zagreb\\\/\",\"url\":\"https:\\\/\\\/www.predsjednik.hr\\\/en\\\/news\\\/presidents-milanovic-and-pahor-at-joint-unveiling-of-gaj-monument-in-ljubljana-and-preseren-monument-in-zagreb\\\/\",\"name\":\"Presidents Milanovi\u0107 and Pahor at Joint Unveiling of Gaj Monument in Ljubljana and Pre\u0161eren Monument in Zagreb - President of the Republic of Croatia - Zoran Milanovi\u0107\",\"isPartOf\":{\"@id\":\"https:\\\/\\\/www.predsjednik.hr\\\/en\\\/#website\"},\"primaryImageOfPage\":{\"@id\":\"https:\\\/\\\/www.predsjednik.hr\\\/en\\\/news\\\/presidents-milanovic-and-pahor-at-joint-unveiling-of-gaj-monument-in-ljubljana-and-preseren-monument-in-zagreb\\\/#primaryimage\"},\"image\":{\"@id\":\"https:\\\/\\\/www.predsjednik.hr\\\/en\\\/news\\\/presidents-milanovic-and-pahor-at-joint-unveiling-of-gaj-monument-in-ljubljana-and-preseren-monument-in-zagreb\\\/#primaryimage\"},\"thumbnailUrl\":\"https:\\\/\\\/www.predsjednik.hr\\\/wp-content\\\/uploads\\\/2021\\\/10\\\/DSC_9083.jpg\",\"datePublished\":\"2021-10-15T13:52:19+00:00\",\"dateModified\":\"2021-10-15T13:52:21+00:00\",\"breadcrumb\":{\"@id\":\"https:\\\/\\\/www.predsjednik.hr\\\/en\\\/news\\\/presidents-milanovic-and-pahor-at-joint-unveiling-of-gaj-monument-in-ljubljana-and-preseren-monument-in-zagreb\\\/#breadcrumb\"},\"inLanguage\":\"en-US\",\"potentialAction\":[{\"@type\":\"ReadAction\",\"target\":[\"https:\\\/\\\/www.predsjednik.hr\\\/en\\\/news\\\/presidents-milanovic-and-pahor-at-joint-unveiling-of-gaj-monument-in-ljubljana-and-preseren-monument-in-zagreb\\\/\"]}]},{\"@type\":\"ImageObject\",\"inLanguage\":\"en-US\",\"@id\":\"https:\\\/\\\/www.predsjednik.hr\\\/en\\\/news\\\/presidents-milanovic-and-pahor-at-joint-unveiling-of-gaj-monument-in-ljubljana-and-preseren-monument-in-zagreb\\\/#primaryimage\",\"url\":\"https:\\\/\\\/www.predsjednik.hr\\\/wp-content\\\/uploads\\\/2021\\\/10\\\/DSC_9083.jpg\",\"contentUrl\":\"https:\\\/\\\/www.predsjednik.hr\\\/wp-content\\\/uploads\\\/2021\\\/10\\\/DSC_9083.jpg\",\"width\":3472,\"height\":2480},{\"@type\":\"BreadcrumbList\",\"@id\":\"https:\\\/\\\/www.predsjednik.hr\\\/en\\\/news\\\/presidents-milanovic-and-pahor-at-joint-unveiling-of-gaj-monument-in-ljubljana-and-preseren-monument-in-zagreb\\\/#breadcrumb\",\"itemListElement\":[{\"@type\":\"ListItem\",\"position\":1,\"name\":\"Home\",\"item\":\"https:\\\/\\\/www.predsjednik.hr\\\/en\\\/\"},{\"@type\":\"ListItem\",\"position\":2,\"name\":\"Vijesti\",\"item\":\"https:\\\/\\\/www.predsjednik.hr\\\/en\\\/news\\\/\"},{\"@type\":\"ListItem\",\"position\":3,\"name\":\"Presidents Milanovi\u0107 and Pahor at Joint Unveiling of Gaj Monument in Ljubljana and Pre\u0161eren Monument in Zagreb\"}]},{\"@type\":\"WebSite\",\"@id\":\"https:\\\/\\\/www.predsjednik.hr\\\/en\\\/#website\",\"url\":\"https:\\\/\\\/www.predsjednik.hr\\\/en\\\/\",\"name\":\"President of the Republic of Croatia - Zoran Milanovi\u0107\",\"description\":\"Just another WordPress site\",\"potentialAction\":[{\"@type\":\"SearchAction\",\"target\":{\"@type\":\"EntryPoint\",\"urlTemplate\":\"https:\\\/\\\/www.predsjednik.hr\\\/en\\\/?s={search_term_string}\"},\"query-input\":{\"@type\":\"PropertyValueSpecification\",\"valueRequired\":true,\"valueName\":\"search_term_string\"}}],\"inLanguage\":\"en-US\"}]}<\/script>\n<!-- \/ Yoast SEO plugin. -->","yoast_head_json":{"title":"Presidents Milanovi\u0107 and Pahor at Joint Unveiling of Gaj Monument in Ljubljana and Pre\u0161eren Monument in Zagreb - President of the Republic of Croatia - Zoran Milanovi\u0107","robots":{"index":"index","follow":"follow","max-snippet":"max-snippet:-1","max-image-preview":"max-image-preview:large","max-video-preview":"max-video-preview:-1"},"canonical":"https:\/\/www.predsjednik.hr\/en\/news\/presidents-milanovic-and-pahor-at-joint-unveiling-of-gaj-monument-in-ljubljana-and-preseren-monument-in-zagreb\/","og_locale":"en_US","og_type":"article","og_title":"Presidents Milanovi\u0107 and Pahor at Joint Unveiling of Gaj Monument in Ljubljana and Pre\u0161eren Monument in Zagreb - President of the Republic of Croatia - Zoran Milanovi\u0107","og_description":"On Monday, 18 October the President of the Republic of Croatia Zoran Milanovi\u0107 and the President of the Republic of Slovenia Borut Pahor will attend the unveiling of the monument to the Croatian poet Ljudevit Gaj in Ljubljana and afterwards the unveiling of the monument to the Slovenian poet France Pre\u0161eren in Zagreb.","og_url":"https:\/\/www.predsjednik.hr\/en\/news\/presidents-milanovic-and-pahor-at-joint-unveiling-of-gaj-monument-in-ljubljana-and-preseren-monument-in-zagreb\/","og_site_name":"President of the Republic of Croatia - Zoran Milanovi\u0107","article_modified_time":"2021-10-15T13:52:21+00:00","og_image":[{"width":3472,"height":2480,"url":"https:\/\/www.predsjednik.hr\/wp-content\/uploads\/2021\/10\/DSC_9083.jpg","type":"image\/jpeg"}],"twitter_card":"summary_large_image","twitter_misc":{"Est. reading time":"1 minute"},"schema":{"@context":"https:\/\/schema.org","@graph":[{"@type":"WebPage","@id":"https:\/\/www.predsjednik.hr\/en\/news\/presidents-milanovic-and-pahor-at-joint-unveiling-of-gaj-monument-in-ljubljana-and-preseren-monument-in-zagreb\/","url":"https:\/\/www.predsjednik.hr\/en\/news\/presidents-milanovic-and-pahor-at-joint-unveiling-of-gaj-monument-in-ljubljana-and-preseren-monument-in-zagreb\/","name":"Presidents Milanovi\u0107 and Pahor at Joint Unveiling of Gaj Monument in Ljubljana and Pre\u0161eren Monument in Zagreb - President of the Republic of Croatia - Zoran Milanovi\u0107","isPartOf":{"@id":"https:\/\/www.predsjednik.hr\/en\/#website"},"primaryImageOfPage":{"@id":"https:\/\/www.predsjednik.hr\/en\/news\/presidents-milanovic-and-pahor-at-joint-unveiling-of-gaj-monument-in-ljubljana-and-preseren-monument-in-zagreb\/#primaryimage"},"image":{"@id":"https:\/\/www.predsjednik.hr\/en\/news\/presidents-milanovic-and-pahor-at-joint-unveiling-of-gaj-monument-in-ljubljana-and-preseren-monument-in-zagreb\/#primaryimage"},"thumbnailUrl":"https:\/\/www.predsjednik.hr\/wp-content\/uploads\/2021\/10\/DSC_9083.jpg","datePublished":"2021-10-15T13:52:19+00:00","dateModified":"2021-10-15T13:52:21+00:00","breadcrumb":{"@id":"https:\/\/www.predsjednik.hr\/en\/news\/presidents-milanovic-and-pahor-at-joint-unveiling-of-gaj-monument-in-ljubljana-and-preseren-monument-in-zagreb\/#breadcrumb"},"inLanguage":"en-US","potentialAction":[{"@type":"ReadAction","target":["https:\/\/www.predsjednik.hr\/en\/news\/presidents-milanovic-and-pahor-at-joint-unveiling-of-gaj-monument-in-ljubljana-and-preseren-monument-in-zagreb\/"]}]},{"@type":"ImageObject","inLanguage":"en-US","@id":"https:\/\/www.predsjednik.hr\/en\/news\/presidents-milanovic-and-pahor-at-joint-unveiling-of-gaj-monument-in-ljubljana-and-preseren-monument-in-zagreb\/#primaryimage","url":"https:\/\/www.predsjednik.hr\/wp-content\/uploads\/2021\/10\/DSC_9083.jpg","contentUrl":"https:\/\/www.predsjednik.hr\/wp-content\/uploads\/2021\/10\/DSC_9083.jpg","width":3472,"height":2480},{"@type":"BreadcrumbList","@id":"https:\/\/www.predsjednik.hr\/en\/news\/presidents-milanovic-and-pahor-at-joint-unveiling-of-gaj-monument-in-ljubljana-and-preseren-monument-in-zagreb\/#breadcrumb","itemListElement":[{"@type":"ListItem","position":1,"name":"Home","item":"https:\/\/www.predsjednik.hr\/en\/"},{"@type":"ListItem","position":2,"name":"Vijesti","item":"https:\/\/www.predsjednik.hr\/en\/news\/"},{"@type":"ListItem","position":3,"name":"Presidents Milanovi\u0107 and Pahor at Joint Unveiling of Gaj Monument in Ljubljana and Pre\u0161eren Monument in Zagreb"}]},{"@type":"WebSite","@id":"https:\/\/www.predsjednik.hr\/en\/#website","url":"https:\/\/www.predsjednik.hr\/en\/","name":"President of the Republic of Croatia - Zoran Milanovi\u0107","description":"Just another WordPress site","potentialAction":[{"@type":"SearchAction","target":{"@type":"EntryPoint","urlTemplate":"https:\/\/www.predsjednik.hr\/en\/?s={search_term_string}"},"query-input":{"@type":"PropertyValueSpecification","valueRequired":true,"valueName":"search_term_string"}}],"inLanguage":"en-US"}]}},"_links":{"self":[{"href":"https:\/\/www.predsjednik.hr\/en\/wp-json\/wp\/v2\/news\/12942","targetHints":{"allow":["GET"]}}],"collection":[{"href":"https:\/\/www.predsjednik.hr\/en\/wp-json\/wp\/v2\/news"}],"about":[{"href":"https:\/\/www.predsjednik.hr\/en\/wp-json\/wp\/v2\/types\/news"}],"wp:featuredmedia":[{"embeddable":true,"href":"https:\/\/www.predsjednik.hr\/en\/wp-json\/wp\/v2\/media\/12940"}],"wp:attachment":[{"href":"https:\/\/www.predsjednik.hr\/en\/wp-json\/wp\/v2\/media?parent=12942"}],"wp:term":[{"taxonomy":"news-cat","embeddable":true,"href":"https:\/\/www.predsjednik.hr\/en\/wp-json\/wp\/v2\/news-cat?post=12942"}],"curies":[{"name":"wp","href":"https:\/\/api.w.org\/{rel}","templated":true}]}}