{"id":13167,"date":"2021-10-25T13:11:34","date_gmt":"2021-10-25T11:11:34","guid":{"rendered":"https:\/\/www.predsjednik.hr\/?post_type=news&#038;p=13167"},"modified":"2021-10-25T13:11:38","modified_gmt":"2021-10-25T11:11:38","slug":"national-tree-planting-campaign-presented-to-the-president-of-the-republic","status":"publish","type":"news","link":"https:\/\/www.predsjednik.hr\/en\/news\/national-tree-planting-campaign-presented-to-the-president-of-the-republic\/","title":{"rendered":"National Tree-Planting Campaign Presented to the President of the Republic"},"content":{"rendered":"\n<p>The President of the Republic Zoran Milanovi\u0107 met today in his Office with a delegation of the \u201cPlant a tree, don\u2019t be a stump!\u201d Environmental and Nature Protection Association. The delegation members presented to President Milanovi\u0107 the national tree-planting campaign in the Republic of Croatia.<\/p>\n\n\n\n<p>The national tree-planting campaign is conducted every year in November at the local, regional and national level in Croatia, the representatives of the Association said, pointing out that thus far 55 thousand participants have planted over 150 thousand trees and other plants nationwide. Speaking about the goals of the campaign, they said that in addition to raising citizens\u2019 awareness about combating climate change, they wish to give them the chance to contribute to reducing global warming by planting trees and storing carbon. They also seek to support the revitalization of urban green areas, for which there is interest at the local level.<\/p>\n\n\n\n<p>At their meeting with President Milanovi\u0107, the delegation of the \u201cPlant a tree, don\u2019t be a stump!\u201d Association informed President Milanovi\u0107 about its wok, explaining that the group started its work as a civic initiative in 2019, based on the notion that anyone can plant a tree and thus contribute to combating climate change. They mentioned that the alliance has been registered as an environmental protection association since 2020. We wish to contribute to the protection of the environment and to creating the right attitude in view of the effects of human activities that harm the environment and forests, the delegation said.<\/p>\n\n\n\n<p>Attending the meeting with President Milanovi\u0107 were Association President Mateja-Angelina Kramar and the following members of the Association: Consultant Livija Fai\u0107, Urban Forestry and Programme Adviser Goran Huljeni\u0107, Agronomy Adviser Ivica \u0160najder. Special Adviser to the President of the Republic for Energy and Climate Julije Domac was alongside President Milanovi\u0107.<\/p>\n\n\n<!--GALLERY BLOCK-->\n<div class=\"c-lightbox-gallery js-lightbox\">\n                <!--single-->\n            <a data-no-swup class=\"c-lightbox-gallery__single js-lightbox-single\"\n               href=\"https:\/\/www.predsjednik.hr\/wp-content\/uploads\/2021\/10\/DSC_1590-1024x576.jpg\"\n               style=\"background-image: url('https:\/\/www.predsjednik.hr\/wp-content\/uploads\/2021\/10\/DSC_1590-768x432.jpg')\"><\/a>\n            <!--end single-->\n                    <!--single-->\n            <a data-no-swup class=\"c-lightbox-gallery__single js-lightbox-single\"\n               href=\"https:\/\/www.predsjednik.hr\/wp-content\/uploads\/2021\/10\/DSC_1605-1024x683.jpg\"\n               style=\"background-image: url('https:\/\/www.predsjednik.hr\/wp-content\/uploads\/2021\/10\/DSC_1605-768x512.jpg')\"><\/a>\n            <!--end single-->\n                    <!--single-->\n            <a data-no-swup class=\"c-lightbox-gallery__single js-lightbox-single\"\n               href=\"https:\/\/www.predsjednik.hr\/wp-content\/uploads\/2021\/10\/DSC_1614-1024x731.jpg\"\n               style=\"background-image: url('https:\/\/www.predsjednik.hr\/wp-content\/uploads\/2021\/10\/DSC_1614-768x549.jpg')\"><\/a>\n            <!--end single-->\n                    <!--single-->\n            <a data-no-swup class=\"c-lightbox-gallery__single js-lightbox-single\"\n               href=\"https:\/\/www.predsjednik.hr\/wp-content\/uploads\/2021\/10\/DSC_1642-1024x576.jpg\"\n               style=\"background-image: url('https:\/\/www.predsjednik.hr\/wp-content\/uploads\/2021\/10\/DSC_1642-768x432.jpg')\"><\/a>\n            <!--end single-->\n                    <!--single-->\n            <a data-no-swup class=\"c-lightbox-gallery__single js-lightbox-single\"\n               href=\"https:\/\/www.predsjednik.hr\/wp-content\/uploads\/2021\/10\/DSC_1652-1024x576.jpg\"\n               style=\"background-image: url('https:\/\/www.predsjednik.hr\/wp-content\/uploads\/2021\/10\/DSC_1652-768x432.jpg')\"><\/a>\n            <!--end single-->\n        <\/div>\n<!--end GALLERY BLOCK-->\n\n\n\n<p>PHOTO: Office of the President of the Republic of Croatia \/ Dario Andri\u0161ek<\/p>\n","protected":false},"excerpt":{"rendered":"<p>The President of the Republic Zoran Milanovi\u0107 met today in his Office with a delegation of the \u201cPlant a tree, don\u2019t be a stump!\u201d Environmental and Nature Protection Association. The delegation members presented to President Milanovi\u0107 the national tree-planting campaign in the Republic of Croatia.<\/p>\n","protected":false},"featured_media":13166,"template":"","news-cat":[26],"class_list":["post-13167","news","type-news","status-publish","has-post-thumbnail","hentry","news-cat-vijesti-en"],"acf":[],"yoast_head":"<!-- This site is optimized with the Yoast SEO plugin v27.5 - https:\/\/yoast.com\/product\/yoast-seo-wordpress\/ -->\n<title>National Tree-Planting Campaign Presented to the President of the Republic - President of the Republic of Croatia - Zoran Milanovi\u0107<\/title>\n<meta name=\"robots\" content=\"index, follow, max-snippet:-1, max-image-preview:large, max-video-preview:-1\" \/>\n<link rel=\"canonical\" href=\"https:\/\/www.predsjednik.hr\/en\/news\/national-tree-planting-campaign-presented-to-the-president-of-the-republic\/\" \/>\n<meta property=\"og:locale\" content=\"en_US\" \/>\n<meta property=\"og:type\" content=\"article\" \/>\n<meta property=\"og:title\" content=\"National Tree-Planting Campaign Presented to the President of the Republic - President of the Republic of Croatia - Zoran Milanovi\u0107\" \/>\n<meta property=\"og:description\" content=\"The President of the Republic Zoran Milanovi\u0107 met today in his Office with a delegation of the \u201cPlant a tree, don\u2019t be a stump!\u201d Environmental and Nature Protection Association. The delegation members presented to President Milanovi\u0107 the national tree-planting campaign in the Republic of Croatia.\" \/>\n<meta property=\"og:url\" content=\"https:\/\/www.predsjednik.hr\/en\/news\/national-tree-planting-campaign-presented-to-the-president-of-the-republic\/\" \/>\n<meta property=\"og:site_name\" content=\"President of the Republic of Croatia - Zoran Milanovi\u0107\" \/>\n<meta property=\"article:modified_time\" content=\"2021-10-25T11:11:38+00:00\" \/>\n<meta property=\"og:image\" content=\"https:\/\/www.predsjednik.hr\/wp-content\/uploads\/2021\/10\/DSC_1652.jpg\" \/>\n\t<meta property=\"og:image:width\" content=\"5198\" \/>\n\t<meta property=\"og:image:height\" content=\"2924\" \/>\n\t<meta property=\"og:image:type\" content=\"image\/jpeg\" \/>\n<meta name=\"twitter:card\" content=\"summary_large_image\" \/>\n<meta name=\"twitter:label1\" content=\"Est. reading time\" \/>\n\t<meta name=\"twitter:data1\" content=\"2 minutes\" \/>\n<script type=\"application\/ld+json\" class=\"yoast-schema-graph\">{\"@context\":\"https:\\\/\\\/schema.org\",\"@graph\":[{\"@type\":\"WebPage\",\"@id\":\"https:\\\/\\\/www.predsjednik.hr\\\/en\\\/news\\\/national-tree-planting-campaign-presented-to-the-president-of-the-republic\\\/\",\"url\":\"https:\\\/\\\/www.predsjednik.hr\\\/en\\\/news\\\/national-tree-planting-campaign-presented-to-the-president-of-the-republic\\\/\",\"name\":\"National Tree-Planting Campaign Presented to the President of the Republic - President of the Republic of Croatia - Zoran Milanovi\u0107\",\"isPartOf\":{\"@id\":\"https:\\\/\\\/www.predsjednik.hr\\\/en\\\/#website\"},\"primaryImageOfPage\":{\"@id\":\"https:\\\/\\\/www.predsjednik.hr\\\/en\\\/news\\\/national-tree-planting-campaign-presented-to-the-president-of-the-republic\\\/#primaryimage\"},\"image\":{\"@id\":\"https:\\\/\\\/www.predsjednik.hr\\\/en\\\/news\\\/national-tree-planting-campaign-presented-to-the-president-of-the-republic\\\/#primaryimage\"},\"thumbnailUrl\":\"https:\\\/\\\/www.predsjednik.hr\\\/wp-content\\\/uploads\\\/2021\\\/10\\\/DSC_1652.jpg\",\"datePublished\":\"2021-10-25T11:11:34+00:00\",\"dateModified\":\"2021-10-25T11:11:38+00:00\",\"breadcrumb\":{\"@id\":\"https:\\\/\\\/www.predsjednik.hr\\\/en\\\/news\\\/national-tree-planting-campaign-presented-to-the-president-of-the-republic\\\/#breadcrumb\"},\"inLanguage\":\"en-US\",\"potentialAction\":[{\"@type\":\"ReadAction\",\"target\":[\"https:\\\/\\\/www.predsjednik.hr\\\/en\\\/news\\\/national-tree-planting-campaign-presented-to-the-president-of-the-republic\\\/\"]}]},{\"@type\":\"ImageObject\",\"inLanguage\":\"en-US\",\"@id\":\"https:\\\/\\\/www.predsjednik.hr\\\/en\\\/news\\\/national-tree-planting-campaign-presented-to-the-president-of-the-republic\\\/#primaryimage\",\"url\":\"https:\\\/\\\/www.predsjednik.hr\\\/wp-content\\\/uploads\\\/2021\\\/10\\\/DSC_1652.jpg\",\"contentUrl\":\"https:\\\/\\\/www.predsjednik.hr\\\/wp-content\\\/uploads\\\/2021\\\/10\\\/DSC_1652.jpg\",\"width\":5198,\"height\":2924,\"caption\":\"The President of the Republic Zoran Milanovi\u0107 met today in his Office with a delegation of the \u201cPlant a tree, don\u2019t be a stump!\u201d Environmental and Nature Protection Association. The delegation members presented to President Milanovi\u0107 the national tree-planting campaign in the Republic of Croatia.\"},{\"@type\":\"BreadcrumbList\",\"@id\":\"https:\\\/\\\/www.predsjednik.hr\\\/en\\\/news\\\/national-tree-planting-campaign-presented-to-the-president-of-the-republic\\\/#breadcrumb\",\"itemListElement\":[{\"@type\":\"ListItem\",\"position\":1,\"name\":\"Home\",\"item\":\"https:\\\/\\\/www.predsjednik.hr\\\/en\\\/\"},{\"@type\":\"ListItem\",\"position\":2,\"name\":\"Vijesti\",\"item\":\"https:\\\/\\\/www.predsjednik.hr\\\/en\\\/news\\\/\"},{\"@type\":\"ListItem\",\"position\":3,\"name\":\"National Tree-Planting Campaign Presented to the President of the Republic\"}]},{\"@type\":\"WebSite\",\"@id\":\"https:\\\/\\\/www.predsjednik.hr\\\/en\\\/#website\",\"url\":\"https:\\\/\\\/www.predsjednik.hr\\\/en\\\/\",\"name\":\"President of the Republic of Croatia - Zoran Milanovi\u0107\",\"description\":\"Just another WordPress site\",\"potentialAction\":[{\"@type\":\"SearchAction\",\"target\":{\"@type\":\"EntryPoint\",\"urlTemplate\":\"https:\\\/\\\/www.predsjednik.hr\\\/en\\\/?s={search_term_string}\"},\"query-input\":{\"@type\":\"PropertyValueSpecification\",\"valueRequired\":true,\"valueName\":\"search_term_string\"}}],\"inLanguage\":\"en-US\"}]}<\/script>\n<!-- \/ Yoast SEO plugin. -->","yoast_head_json":{"title":"National Tree-Planting Campaign Presented to the President of the Republic - President of the Republic of Croatia - Zoran Milanovi\u0107","robots":{"index":"index","follow":"follow","max-snippet":"max-snippet:-1","max-image-preview":"max-image-preview:large","max-video-preview":"max-video-preview:-1"},"canonical":"https:\/\/www.predsjednik.hr\/en\/news\/national-tree-planting-campaign-presented-to-the-president-of-the-republic\/","og_locale":"en_US","og_type":"article","og_title":"National Tree-Planting Campaign Presented to the President of the Republic - President of the Republic of Croatia - Zoran Milanovi\u0107","og_description":"The President of the Republic Zoran Milanovi\u0107 met today in his Office with a delegation of the \u201cPlant a tree, don\u2019t be a stump!\u201d Environmental and Nature Protection Association. The delegation members presented to President Milanovi\u0107 the national tree-planting campaign in the Republic of Croatia.","og_url":"https:\/\/www.predsjednik.hr\/en\/news\/national-tree-planting-campaign-presented-to-the-president-of-the-republic\/","og_site_name":"President of the Republic of Croatia - Zoran Milanovi\u0107","article_modified_time":"2021-10-25T11:11:38+00:00","og_image":[{"width":5198,"height":2924,"url":"https:\/\/www.predsjednik.hr\/wp-content\/uploads\/2021\/10\/DSC_1652.jpg","type":"image\/jpeg"}],"twitter_card":"summary_large_image","twitter_misc":{"Est. reading time":"2 minutes"},"schema":{"@context":"https:\/\/schema.org","@graph":[{"@type":"WebPage","@id":"https:\/\/www.predsjednik.hr\/en\/news\/national-tree-planting-campaign-presented-to-the-president-of-the-republic\/","url":"https:\/\/www.predsjednik.hr\/en\/news\/national-tree-planting-campaign-presented-to-the-president-of-the-republic\/","name":"National Tree-Planting Campaign Presented to the President of the Republic - President of the Republic of Croatia - Zoran Milanovi\u0107","isPartOf":{"@id":"https:\/\/www.predsjednik.hr\/en\/#website"},"primaryImageOfPage":{"@id":"https:\/\/www.predsjednik.hr\/en\/news\/national-tree-planting-campaign-presented-to-the-president-of-the-republic\/#primaryimage"},"image":{"@id":"https:\/\/www.predsjednik.hr\/en\/news\/national-tree-planting-campaign-presented-to-the-president-of-the-republic\/#primaryimage"},"thumbnailUrl":"https:\/\/www.predsjednik.hr\/wp-content\/uploads\/2021\/10\/DSC_1652.jpg","datePublished":"2021-10-25T11:11:34+00:00","dateModified":"2021-10-25T11:11:38+00:00","breadcrumb":{"@id":"https:\/\/www.predsjednik.hr\/en\/news\/national-tree-planting-campaign-presented-to-the-president-of-the-republic\/#breadcrumb"},"inLanguage":"en-US","potentialAction":[{"@type":"ReadAction","target":["https:\/\/www.predsjednik.hr\/en\/news\/national-tree-planting-campaign-presented-to-the-president-of-the-republic\/"]}]},{"@type":"ImageObject","inLanguage":"en-US","@id":"https:\/\/www.predsjednik.hr\/en\/news\/national-tree-planting-campaign-presented-to-the-president-of-the-republic\/#primaryimage","url":"https:\/\/www.predsjednik.hr\/wp-content\/uploads\/2021\/10\/DSC_1652.jpg","contentUrl":"https:\/\/www.predsjednik.hr\/wp-content\/uploads\/2021\/10\/DSC_1652.jpg","width":5198,"height":2924,"caption":"The President of the Republic Zoran Milanovi\u0107 met today in his Office with a delegation of the \u201cPlant a tree, don\u2019t be a stump!\u201d Environmental and Nature Protection Association. The delegation members presented to President Milanovi\u0107 the national tree-planting campaign in the Republic of Croatia."},{"@type":"BreadcrumbList","@id":"https:\/\/www.predsjednik.hr\/en\/news\/national-tree-planting-campaign-presented-to-the-president-of-the-republic\/#breadcrumb","itemListElement":[{"@type":"ListItem","position":1,"name":"Home","item":"https:\/\/www.predsjednik.hr\/en\/"},{"@type":"ListItem","position":2,"name":"Vijesti","item":"https:\/\/www.predsjednik.hr\/en\/news\/"},{"@type":"ListItem","position":3,"name":"National Tree-Planting Campaign Presented to the President of the Republic"}]},{"@type":"WebSite","@id":"https:\/\/www.predsjednik.hr\/en\/#website","url":"https:\/\/www.predsjednik.hr\/en\/","name":"President of the Republic of Croatia - Zoran Milanovi\u0107","description":"Just another WordPress site","potentialAction":[{"@type":"SearchAction","target":{"@type":"EntryPoint","urlTemplate":"https:\/\/www.predsjednik.hr\/en\/?s={search_term_string}"},"query-input":{"@type":"PropertyValueSpecification","valueRequired":true,"valueName":"search_term_string"}}],"inLanguage":"en-US"}]}},"_links":{"self":[{"href":"https:\/\/www.predsjednik.hr\/en\/wp-json\/wp\/v2\/news\/13167","targetHints":{"allow":["GET"]}}],"collection":[{"href":"https:\/\/www.predsjednik.hr\/en\/wp-json\/wp\/v2\/news"}],"about":[{"href":"https:\/\/www.predsjednik.hr\/en\/wp-json\/wp\/v2\/types\/news"}],"wp:featuredmedia":[{"embeddable":true,"href":"https:\/\/www.predsjednik.hr\/en\/wp-json\/wp\/v2\/media\/13166"}],"wp:attachment":[{"href":"https:\/\/www.predsjednik.hr\/en\/wp-json\/wp\/v2\/media?parent=13167"}],"wp:term":[{"taxonomy":"news-cat","embeddable":true,"href":"https:\/\/www.predsjednik.hr\/en\/wp-json\/wp\/v2\/news-cat?post=13167"}],"curies":[{"name":"wp","href":"https:\/\/api.w.org\/{rel}","templated":true}]}}