{"id":13180,"date":"2021-10-22T17:38:00","date_gmt":"2021-10-22T15:38:00","guid":{"rendered":"https:\/\/www.predsjednik.hr\/?post_type=news&#038;p=13180"},"modified":"2021-10-25T14:39:43","modified_gmt":"2021-10-25T12:39:43","slug":"president-milanovic-confirms-he-will-call-a-meeting-of-the-defense-council-due-to-the-state-of-the-armed-forces","status":"publish","type":"news","link":"https:\/\/www.predsjednik.hr\/en\/news\/president-milanovic-confirms-he-will-call-a-meeting-of-the-defense-council-due-to-the-state-of-the-armed-forces\/","title":{"rendered":"President Milanovi\u0107 Confirms He Will Call a Meeting of the Defense Council due to the State of the Armed Forces"},"content":{"rendered":"\n<p>\u201cI have nothing more to say to the Minister. The Minister is down-and-out, Plenkovi\u0107 was well informed but did not want to prevent it. He has made it possible for one of his pocket ministers to humiliate a colonel, unfortunately just a colonel, with a notable career, who had to retire allegedly due to the retirement plan. That is written in the decision signed by Bano\u017ei\u0107 who is babbling about the Constitution, who knows nothing about it, who does not know when a law was passed. Therefore, he is constantly telling untruths, he is not an interlocutor, and cannot be, I have nothing to do with him\u201d, President Milanovi\u0107 said in Rome when asked by a journalist to comment on the Defense Ministry\u2019s press release stating that Minister Bano\u017ei\u0107 did not give his consent to the appointment of colonel Bur\u010dul, and that the President of the Republic made a decision to extend his term contrary to the Constitution and the Defense Act.<\/p>\n\n\n\n<p>&#8220;The colonel was retired by force, in&nbsp;a personal vendetta,&nbsp;which they don&#8217;t want to talk about. It will cost them dearly,\u201d the President announced, and warned that colonel Bur\u010dul\u2019s name was not even on the retirement list. \u201cThe retirement plan&nbsp;is a regulation establishing automated criteria for the retirement of personnel of a certain age. Therefore, for this year, 2021, the colonel\u2019s name is not on the list because he is not 58. Contrary to practice he was retired without agreement with the General Staff. I see people such as Tomo Medved a fellow combatant and friend of his. This man presented the flag to President Tu\u0111man, served honourably, and there is no way this will pass like this and that he will not be reinstated. And let Plenkovi\u0107 talk about the south wind. When you\u2019re on a ship, there\u2019s the south wind and the bora, you\u2019re the captain and there\u2019s no south wind. Let him quote these erroneous proverbs from Dubrovnik elsewhere. Therefore, let him solve this problem\u201d, President Milanovi\u0107 said.<\/p>\n\n\n\n<p>\u201cI will always make decisions and implement practices and decisions that are in the interest of the protection of the Armed Forces, prevent the harassment of all officers, not only wartime officers. That is the only criterion and topic we can discuss. The minister has retired a man out of a personal vendetta, citing the retirement plan for 2021. Do you want me to make this public to show that the colonel\u2019s name is not there, the colonel who was proposed by the General Staff to the pocket minister for the needs of the military. That document has been seen. How is it possible that the Chief of the General Staff proposes a man who is designated for retirement, how is this possible? Therefore, the minister went against everything, against regulations, cites false circumstances in the decision. This is a matter of political responsibility! This is not just an issue about a colonel, this is an issue of the political responsibility of that man. False legal foundations. A man who is 58 years old who should not have gone into retirement this year. This can always be carried out by force, a lie to conceal the real motive. The motive is a vendetta, Plenkovi\u0107 must decide on this, no one else. I would like to know what the people who fought in the war with him think. As far as I\u2019m concerned, this will not happen to anyone in the army, whoever is doing their job honestly, they\u2019ll retire when all legal conditions are met, especially this wartime generation. No one will be harassed. Tomorrow I send thirty people into retirement and what have I accomplished? Humiliated people, their families, their loyal service to the country. This is a catastrophe, that guy was collecting Pok\u00e9mons while these people were defending Croatia and that\u2019s the problem. I\u2019m not saying that everyone should and could have been in the war, we\u2019re talking about two totally different categories of people, the minister can polish his boots\u201d, the President said.<\/p>\n\n\n\n<p>Asked if he will call a Defense Council meeting, President Milanovi\u0107 said he will. \u201cI will, the topic \u2013 the dreadful material state of the Armed Forces which is a matter of concern for the defense security of the state. It is Plenkovi\u0107\u2019s responsibility since the pocket minister hasn\u2019t undertaken anything. And I have been talking about this discretely \u2013 not publicly \u2013 for months. I have been warned by many levels, from the top military people\u201d, President Milanovi\u0107 stated.<\/p>\n","protected":false},"excerpt":{"rendered":"<p>Asked if he will call a Defense Council meeting, President Milanovi\u0107 said he will. \u201cI will, the topic \u2013 the dreadful material state of the Armed Forces which is a matter of concern for the defense security of the state. It is Plenkovi\u0107\u2019s responsibility since the pocket minister hasn\u2019t undertaken anything. And I have been talking about this discretely \u2013 not publicly \u2013 for months. I have been warned by many levels, from the top military people\u201d, President Milanovi\u0107 stated.<\/p>\n","protected":false},"featured_media":13133,"template":"","news-cat":[12],"class_list":["post-13180","news","type-news","status-publish","has-post-thumbnail","hentry","news-cat-news"],"acf":[],"yoast_head":"<!-- This site is optimized with the Yoast SEO plugin v27.5 - https:\/\/yoast.com\/product\/yoast-seo-wordpress\/ -->\n<title>President Milanovi\u0107 Confirms He Will Call a Meeting of the Defense Council due to the State of the Armed Forces - President of the Republic of Croatia - Zoran Milanovi\u0107<\/title>\n<meta name=\"robots\" content=\"index, follow, max-snippet:-1, max-image-preview:large, max-video-preview:-1\" \/>\n<link rel=\"canonical\" href=\"https:\/\/www.predsjednik.hr\/en\/news\/president-milanovic-confirms-he-will-call-a-meeting-of-the-defense-council-due-to-the-state-of-the-armed-forces\/\" \/>\n<meta property=\"og:locale\" content=\"en_US\" \/>\n<meta property=\"og:type\" content=\"article\" \/>\n<meta property=\"og:title\" content=\"President Milanovi\u0107 Confirms He Will Call a Meeting of the Defense Council due to the State of the Armed Forces - President of the Republic of Croatia - Zoran Milanovi\u0107\" \/>\n<meta property=\"og:description\" content=\"Asked if he will call a Defense Council meeting, President Milanovi\u0107 said he will. \u201cI will, the topic \u2013 the dreadful material state of the Armed Forces which is a matter of concern for the defense security of the state. It is Plenkovi\u0107\u2019s responsibility since the pocket minister hasn\u2019t undertaken anything. And I have been talking about this discretely \u2013 not publicly \u2013 for months. I have been warned by many levels, from the top military people\u201d, President Milanovi\u0107 stated.\" \/>\n<meta property=\"og:url\" content=\"https:\/\/www.predsjednik.hr\/en\/news\/president-milanovic-confirms-he-will-call-a-meeting-of-the-defense-council-due-to-the-state-of-the-armed-forces\/\" \/>\n<meta property=\"og:site_name\" content=\"President of the Republic of Croatia - Zoran Milanovi\u0107\" \/>\n<meta property=\"article:modified_time\" content=\"2021-10-25T12:39:43+00:00\" \/>\n<meta property=\"og:image\" content=\"https:\/\/www.predsjednik.hr\/wp-content\/uploads\/2021\/10\/DSC_2069.jpg\" \/>\n\t<meta property=\"og:image:width\" content=\"3379\" \/>\n\t<meta property=\"og:image:height\" content=\"2414\" \/>\n\t<meta property=\"og:image:type\" content=\"image\/jpeg\" \/>\n<meta name=\"twitter:card\" content=\"summary_large_image\" \/>\n<meta name=\"twitter:label1\" content=\"Est. reading time\" \/>\n\t<meta name=\"twitter:data1\" content=\"4 minutes\" \/>\n<script type=\"application\/ld+json\" class=\"yoast-schema-graph\">{\"@context\":\"https:\\\/\\\/schema.org\",\"@graph\":[{\"@type\":\"WebPage\",\"@id\":\"https:\\\/\\\/www.predsjednik.hr\\\/en\\\/news\\\/president-milanovic-confirms-he-will-call-a-meeting-of-the-defense-council-due-to-the-state-of-the-armed-forces\\\/\",\"url\":\"https:\\\/\\\/www.predsjednik.hr\\\/en\\\/news\\\/president-milanovic-confirms-he-will-call-a-meeting-of-the-defense-council-due-to-the-state-of-the-armed-forces\\\/\",\"name\":\"President Milanovi\u0107 Confirms He Will Call a Meeting of the Defense Council due to the State of the Armed Forces - President of the Republic of Croatia - Zoran Milanovi\u0107\",\"isPartOf\":{\"@id\":\"https:\\\/\\\/www.predsjednik.hr\\\/en\\\/#website\"},\"primaryImageOfPage\":{\"@id\":\"https:\\\/\\\/www.predsjednik.hr\\\/en\\\/news\\\/president-milanovic-confirms-he-will-call-a-meeting-of-the-defense-council-due-to-the-state-of-the-armed-forces\\\/#primaryimage\"},\"image\":{\"@id\":\"https:\\\/\\\/www.predsjednik.hr\\\/en\\\/news\\\/president-milanovic-confirms-he-will-call-a-meeting-of-the-defense-council-due-to-the-state-of-the-armed-forces\\\/#primaryimage\"},\"thumbnailUrl\":\"https:\\\/\\\/www.predsjednik.hr\\\/wp-content\\\/uploads\\\/2021\\\/10\\\/DSC_2069.jpg\",\"datePublished\":\"2021-10-22T15:38:00+00:00\",\"dateModified\":\"2021-10-25T12:39:43+00:00\",\"breadcrumb\":{\"@id\":\"https:\\\/\\\/www.predsjednik.hr\\\/en\\\/news\\\/president-milanovic-confirms-he-will-call-a-meeting-of-the-defense-council-due-to-the-state-of-the-armed-forces\\\/#breadcrumb\"},\"inLanguage\":\"en-US\",\"potentialAction\":[{\"@type\":\"ReadAction\",\"target\":[\"https:\\\/\\\/www.predsjednik.hr\\\/en\\\/news\\\/president-milanovic-confirms-he-will-call-a-meeting-of-the-defense-council-due-to-the-state-of-the-armed-forces\\\/\"]}]},{\"@type\":\"ImageObject\",\"inLanguage\":\"en-US\",\"@id\":\"https:\\\/\\\/www.predsjednik.hr\\\/en\\\/news\\\/president-milanovic-confirms-he-will-call-a-meeting-of-the-defense-council-due-to-the-state-of-the-armed-forces\\\/#primaryimage\",\"url\":\"https:\\\/\\\/www.predsjednik.hr\\\/wp-content\\\/uploads\\\/2021\\\/10\\\/DSC_2069.jpg\",\"contentUrl\":\"https:\\\/\\\/www.predsjednik.hr\\\/wp-content\\\/uploads\\\/2021\\\/10\\\/DSC_2069.jpg\",\"width\":3379,\"height\":2414},{\"@type\":\"BreadcrumbList\",\"@id\":\"https:\\\/\\\/www.predsjednik.hr\\\/en\\\/news\\\/president-milanovic-confirms-he-will-call-a-meeting-of-the-defense-council-due-to-the-state-of-the-armed-forces\\\/#breadcrumb\",\"itemListElement\":[{\"@type\":\"ListItem\",\"position\":1,\"name\":\"Home\",\"item\":\"https:\\\/\\\/www.predsjednik.hr\\\/en\\\/\"},{\"@type\":\"ListItem\",\"position\":2,\"name\":\"Vijesti\",\"item\":\"https:\\\/\\\/www.predsjednik.hr\\\/en\\\/news\\\/\"},{\"@type\":\"ListItem\",\"position\":3,\"name\":\"President Milanovi\u0107 Confirms He Will Call a Meeting of the Defense Council due to the State of the Armed Forces\"}]},{\"@type\":\"WebSite\",\"@id\":\"https:\\\/\\\/www.predsjednik.hr\\\/en\\\/#website\",\"url\":\"https:\\\/\\\/www.predsjednik.hr\\\/en\\\/\",\"name\":\"President of the Republic of Croatia - Zoran Milanovi\u0107\",\"description\":\"Just another WordPress site\",\"potentialAction\":[{\"@type\":\"SearchAction\",\"target\":{\"@type\":\"EntryPoint\",\"urlTemplate\":\"https:\\\/\\\/www.predsjednik.hr\\\/en\\\/?s={search_term_string}\"},\"query-input\":{\"@type\":\"PropertyValueSpecification\",\"valueRequired\":true,\"valueName\":\"search_term_string\"}}],\"inLanguage\":\"en-US\"}]}<\/script>\n<!-- \/ Yoast SEO plugin. -->","yoast_head_json":{"title":"President Milanovi\u0107 Confirms He Will Call a Meeting of the Defense Council due to the State of the Armed Forces - President of the Republic of Croatia - Zoran Milanovi\u0107","robots":{"index":"index","follow":"follow","max-snippet":"max-snippet:-1","max-image-preview":"max-image-preview:large","max-video-preview":"max-video-preview:-1"},"canonical":"https:\/\/www.predsjednik.hr\/en\/news\/president-milanovic-confirms-he-will-call-a-meeting-of-the-defense-council-due-to-the-state-of-the-armed-forces\/","og_locale":"en_US","og_type":"article","og_title":"President Milanovi\u0107 Confirms He Will Call a Meeting of the Defense Council due to the State of the Armed Forces - President of the Republic of Croatia - Zoran Milanovi\u0107","og_description":"Asked if he will call a Defense Council meeting, President Milanovi\u0107 said he will. \u201cI will, the topic \u2013 the dreadful material state of the Armed Forces which is a matter of concern for the defense security of the state. It is Plenkovi\u0107\u2019s responsibility since the pocket minister hasn\u2019t undertaken anything. And I have been talking about this discretely \u2013 not publicly \u2013 for months. I have been warned by many levels, from the top military people\u201d, President Milanovi\u0107 stated.","og_url":"https:\/\/www.predsjednik.hr\/en\/news\/president-milanovic-confirms-he-will-call-a-meeting-of-the-defense-council-due-to-the-state-of-the-armed-forces\/","og_site_name":"President of the Republic of Croatia - Zoran Milanovi\u0107","article_modified_time":"2021-10-25T12:39:43+00:00","og_image":[{"width":3379,"height":2414,"url":"https:\/\/www.predsjednik.hr\/wp-content\/uploads\/2021\/10\/DSC_2069.jpg","type":"image\/jpeg"}],"twitter_card":"summary_large_image","twitter_misc":{"Est. reading time":"4 minutes"},"schema":{"@context":"https:\/\/schema.org","@graph":[{"@type":"WebPage","@id":"https:\/\/www.predsjednik.hr\/en\/news\/president-milanovic-confirms-he-will-call-a-meeting-of-the-defense-council-due-to-the-state-of-the-armed-forces\/","url":"https:\/\/www.predsjednik.hr\/en\/news\/president-milanovic-confirms-he-will-call-a-meeting-of-the-defense-council-due-to-the-state-of-the-armed-forces\/","name":"President Milanovi\u0107 Confirms He Will Call a Meeting of the Defense Council due to the State of the Armed Forces - President of the Republic of Croatia - Zoran Milanovi\u0107","isPartOf":{"@id":"https:\/\/www.predsjednik.hr\/en\/#website"},"primaryImageOfPage":{"@id":"https:\/\/www.predsjednik.hr\/en\/news\/president-milanovic-confirms-he-will-call-a-meeting-of-the-defense-council-due-to-the-state-of-the-armed-forces\/#primaryimage"},"image":{"@id":"https:\/\/www.predsjednik.hr\/en\/news\/president-milanovic-confirms-he-will-call-a-meeting-of-the-defense-council-due-to-the-state-of-the-armed-forces\/#primaryimage"},"thumbnailUrl":"https:\/\/www.predsjednik.hr\/wp-content\/uploads\/2021\/10\/DSC_2069.jpg","datePublished":"2021-10-22T15:38:00+00:00","dateModified":"2021-10-25T12:39:43+00:00","breadcrumb":{"@id":"https:\/\/www.predsjednik.hr\/en\/news\/president-milanovic-confirms-he-will-call-a-meeting-of-the-defense-council-due-to-the-state-of-the-armed-forces\/#breadcrumb"},"inLanguage":"en-US","potentialAction":[{"@type":"ReadAction","target":["https:\/\/www.predsjednik.hr\/en\/news\/president-milanovic-confirms-he-will-call-a-meeting-of-the-defense-council-due-to-the-state-of-the-armed-forces\/"]}]},{"@type":"ImageObject","inLanguage":"en-US","@id":"https:\/\/www.predsjednik.hr\/en\/news\/president-milanovic-confirms-he-will-call-a-meeting-of-the-defense-council-due-to-the-state-of-the-armed-forces\/#primaryimage","url":"https:\/\/www.predsjednik.hr\/wp-content\/uploads\/2021\/10\/DSC_2069.jpg","contentUrl":"https:\/\/www.predsjednik.hr\/wp-content\/uploads\/2021\/10\/DSC_2069.jpg","width":3379,"height":2414},{"@type":"BreadcrumbList","@id":"https:\/\/www.predsjednik.hr\/en\/news\/president-milanovic-confirms-he-will-call-a-meeting-of-the-defense-council-due-to-the-state-of-the-armed-forces\/#breadcrumb","itemListElement":[{"@type":"ListItem","position":1,"name":"Home","item":"https:\/\/www.predsjednik.hr\/en\/"},{"@type":"ListItem","position":2,"name":"Vijesti","item":"https:\/\/www.predsjednik.hr\/en\/news\/"},{"@type":"ListItem","position":3,"name":"President Milanovi\u0107 Confirms He Will Call a Meeting of the Defense Council due to the State of the Armed Forces"}]},{"@type":"WebSite","@id":"https:\/\/www.predsjednik.hr\/en\/#website","url":"https:\/\/www.predsjednik.hr\/en\/","name":"President of the Republic of Croatia - Zoran Milanovi\u0107","description":"Just another WordPress site","potentialAction":[{"@type":"SearchAction","target":{"@type":"EntryPoint","urlTemplate":"https:\/\/www.predsjednik.hr\/en\/?s={search_term_string}"},"query-input":{"@type":"PropertyValueSpecification","valueRequired":true,"valueName":"search_term_string"}}],"inLanguage":"en-US"}]}},"_links":{"self":[{"href":"https:\/\/www.predsjednik.hr\/en\/wp-json\/wp\/v2\/news\/13180","targetHints":{"allow":["GET"]}}],"collection":[{"href":"https:\/\/www.predsjednik.hr\/en\/wp-json\/wp\/v2\/news"}],"about":[{"href":"https:\/\/www.predsjednik.hr\/en\/wp-json\/wp\/v2\/types\/news"}],"wp:featuredmedia":[{"embeddable":true,"href":"https:\/\/www.predsjednik.hr\/en\/wp-json\/wp\/v2\/media\/13133"}],"wp:attachment":[{"href":"https:\/\/www.predsjednik.hr\/en\/wp-json\/wp\/v2\/media?parent=13180"}],"wp:term":[{"taxonomy":"news-cat","embeddable":true,"href":"https:\/\/www.predsjednik.hr\/en\/wp-json\/wp\/v2\/news-cat?post=13180"}],"curies":[{"name":"wp","href":"https:\/\/api.w.org\/{rel}","templated":true}]}}