{"id":13197,"date":"2021-10-25T16:50:00","date_gmt":"2021-10-25T14:50:00","guid":{"rendered":"https:\/\/www.predsjednik.hr\/?post_type=news&#038;p=13197"},"modified":"2021-10-26T08:51:10","modified_gmt":"2021-10-26T06:51:10","slug":"president-of-the-republic-of-malta-george-vella-to-pay-state-visit-to-the-republic-of-croatia","status":"publish","type":"news","link":"https:\/\/www.predsjednik.hr\/en\/news\/president-of-the-republic-of-malta-george-vella-to-pay-state-visit-to-the-republic-of-croatia\/","title":{"rendered":"President of the Republic of Malta George Vella to Pay State Visit to the Republic of Croatia"},"content":{"rendered":"\n<p>At the invitation of the President of the Republic of Croatia Zoran Milanovi\u0107, the President of the Republic of Malta George Vella and his wife will pay a State visit to the Republic of Croatia from 26 to 29 October 2021.<\/p>\n\n\n\n<p>The State visit of the President of the Republic of Malta will start on Wednesday, 27 October by a meeting with the President of the Republic Zoran Milanovi\u0107 in the Office of the President of the Republic of Croatia. After the official welcoming ceremony in the Office of the President of the Republic of Croatia, a t\u00eate-\u00e0-t\u00eate will be held between the two Presidents, followed by a bilateral meeting between the official delegations of the Republic of Croatia and the Republic of Malta. After the meeting with the President of the Republic, the President of the Republic of Malta George Vella will lay a wreath at the \u201cVoice of the Croatian Victims \u2013 Wall of Pain\u201d Memorial at Mirogoj cemetery.<\/p>\n\n\n\n<p>During his stay in the Republic of Croatia, the President of the Republic of Malta George Vella will meet with the Prime Minister of the Republic of Croatia Andrej Plenkovi\u0107 and the Speaker of the Croatian Parliament Gordan Jandrokovi\u0107.<\/p>\n\n\n\n<p>In the scope of the State visit to the Republic of Croatia, the President of the Republic of Malta George Vella will also visit Vara\u017edin. There together with his wife, the President of the Republic of Malta will tour the fortress and the Old Town, the centre of Vara\u017edin and the Vara\u017edin Cathedral in the company of Vara\u017edin County Prefect An\u0111elko Stri\u010dak and the Mayor of Vara\u017edin Neven Bosilj.<\/p>\n","protected":false},"excerpt":{"rendered":"<p>At the invitation of the President of the Republic of Croatia Zoran Milanovi\u0107, the President of the Republic of Malta George Vella and his wife will pay a State visit to the Republic of Croatia from 26 to 29 October 2021. <\/p>\n","protected":false},"featured_media":13196,"template":"","news-cat":[12],"class_list":["post-13197","news","type-news","status-publish","has-post-thumbnail","hentry","news-cat-news"],"acf":[],"yoast_head":"<!-- This site is optimized with the Yoast SEO plugin v27.5 - https:\/\/yoast.com\/product\/yoast-seo-wordpress\/ -->\n<title>President of the Republic of Malta George Vella to Pay State Visit to the Republic of Croatia - President of the Republic of Croatia - Zoran Milanovi\u0107<\/title>\n<meta name=\"robots\" content=\"index, follow, max-snippet:-1, max-image-preview:large, max-video-preview:-1\" \/>\n<link rel=\"canonical\" href=\"https:\/\/www.predsjednik.hr\/en\/news\/president-of-the-republic-of-malta-george-vella-to-pay-state-visit-to-the-republic-of-croatia\/\" \/>\n<meta property=\"og:locale\" content=\"en_US\" \/>\n<meta property=\"og:type\" content=\"article\" \/>\n<meta property=\"og:title\" content=\"President of the Republic of Malta George Vella to Pay State Visit to the Republic of Croatia - President of the Republic of Croatia - Zoran Milanovi\u0107\" \/>\n<meta property=\"og:description\" content=\"At the invitation of the President of the Republic of Croatia Zoran Milanovi\u0107, the President of the Republic of Malta George Vella and his wife will pay a State visit to the Republic of Croatia from 26 to 29 October 2021.\" \/>\n<meta property=\"og:url\" content=\"https:\/\/www.predsjednik.hr\/en\/news\/president-of-the-republic-of-malta-george-vella-to-pay-state-visit-to-the-republic-of-croatia\/\" \/>\n<meta property=\"og:site_name\" content=\"President of the Republic of Croatia - Zoran Milanovi\u0107\" \/>\n<meta property=\"article:modified_time\" content=\"2021-10-26T06:51:10+00:00\" \/>\n<meta property=\"og:image\" content=\"https:\/\/www.predsjednik.hr\/wp-content\/uploads\/2021\/10\/DSC_2588.jpg\" \/>\n\t<meta property=\"og:image:width\" content=\"859\" \/>\n\t<meta property=\"og:image:height\" content=\"613\" \/>\n\t<meta property=\"og:image:type\" content=\"image\/jpeg\" \/>\n<meta name=\"twitter:card\" content=\"summary_large_image\" \/>\n<meta name=\"twitter:label1\" content=\"Est. reading time\" \/>\n\t<meta name=\"twitter:data1\" content=\"2 minutes\" \/>\n<script type=\"application\/ld+json\" class=\"yoast-schema-graph\">{\"@context\":\"https:\\\/\\\/schema.org\",\"@graph\":[{\"@type\":\"WebPage\",\"@id\":\"https:\\\/\\\/www.predsjednik.hr\\\/en\\\/news\\\/president-of-the-republic-of-malta-george-vella-to-pay-state-visit-to-the-republic-of-croatia\\\/\",\"url\":\"https:\\\/\\\/www.predsjednik.hr\\\/en\\\/news\\\/president-of-the-republic-of-malta-george-vella-to-pay-state-visit-to-the-republic-of-croatia\\\/\",\"name\":\"President of the Republic of Malta George Vella to Pay State Visit to the Republic of Croatia - President of the Republic of Croatia - Zoran Milanovi\u0107\",\"isPartOf\":{\"@id\":\"https:\\\/\\\/www.predsjednik.hr\\\/en\\\/#website\"},\"primaryImageOfPage\":{\"@id\":\"https:\\\/\\\/www.predsjednik.hr\\\/en\\\/news\\\/president-of-the-republic-of-malta-george-vella-to-pay-state-visit-to-the-republic-of-croatia\\\/#primaryimage\"},\"image\":{\"@id\":\"https:\\\/\\\/www.predsjednik.hr\\\/en\\\/news\\\/president-of-the-republic-of-malta-george-vella-to-pay-state-visit-to-the-republic-of-croatia\\\/#primaryimage\"},\"thumbnailUrl\":\"https:\\\/\\\/www.predsjednik.hr\\\/wp-content\\\/uploads\\\/2021\\\/10\\\/DSC_2588.jpg\",\"datePublished\":\"2021-10-25T14:50:00+00:00\",\"dateModified\":\"2021-10-26T06:51:10+00:00\",\"breadcrumb\":{\"@id\":\"https:\\\/\\\/www.predsjednik.hr\\\/en\\\/news\\\/president-of-the-republic-of-malta-george-vella-to-pay-state-visit-to-the-republic-of-croatia\\\/#breadcrumb\"},\"inLanguage\":\"en-US\",\"potentialAction\":[{\"@type\":\"ReadAction\",\"target\":[\"https:\\\/\\\/www.predsjednik.hr\\\/en\\\/news\\\/president-of-the-republic-of-malta-george-vella-to-pay-state-visit-to-the-republic-of-croatia\\\/\"]}]},{\"@type\":\"ImageObject\",\"inLanguage\":\"en-US\",\"@id\":\"https:\\\/\\\/www.predsjednik.hr\\\/en\\\/news\\\/president-of-the-republic-of-malta-george-vella-to-pay-state-visit-to-the-republic-of-croatia\\\/#primaryimage\",\"url\":\"https:\\\/\\\/www.predsjednik.hr\\\/wp-content\\\/uploads\\\/2021\\\/10\\\/DSC_2588.jpg\",\"contentUrl\":\"https:\\\/\\\/www.predsjednik.hr\\\/wp-content\\\/uploads\\\/2021\\\/10\\\/DSC_2588.jpg\",\"width\":859,\"height\":613},{\"@type\":\"BreadcrumbList\",\"@id\":\"https:\\\/\\\/www.predsjednik.hr\\\/en\\\/news\\\/president-of-the-republic-of-malta-george-vella-to-pay-state-visit-to-the-republic-of-croatia\\\/#breadcrumb\",\"itemListElement\":[{\"@type\":\"ListItem\",\"position\":1,\"name\":\"Home\",\"item\":\"https:\\\/\\\/www.predsjednik.hr\\\/en\\\/\"},{\"@type\":\"ListItem\",\"position\":2,\"name\":\"Vijesti\",\"item\":\"https:\\\/\\\/www.predsjednik.hr\\\/en\\\/news\\\/\"},{\"@type\":\"ListItem\",\"position\":3,\"name\":\"President of the Republic of Malta George Vella to Pay State Visit to the Republic of Croatia\"}]},{\"@type\":\"WebSite\",\"@id\":\"https:\\\/\\\/www.predsjednik.hr\\\/en\\\/#website\",\"url\":\"https:\\\/\\\/www.predsjednik.hr\\\/en\\\/\",\"name\":\"President of the Republic of Croatia - Zoran Milanovi\u0107\",\"description\":\"Just another WordPress site\",\"potentialAction\":[{\"@type\":\"SearchAction\",\"target\":{\"@type\":\"EntryPoint\",\"urlTemplate\":\"https:\\\/\\\/www.predsjednik.hr\\\/en\\\/?s={search_term_string}\"},\"query-input\":{\"@type\":\"PropertyValueSpecification\",\"valueRequired\":true,\"valueName\":\"search_term_string\"}}],\"inLanguage\":\"en-US\"}]}<\/script>\n<!-- \/ Yoast SEO plugin. -->","yoast_head_json":{"title":"President of the Republic of Malta George Vella to Pay State Visit to the Republic of Croatia - President of the Republic of Croatia - Zoran Milanovi\u0107","robots":{"index":"index","follow":"follow","max-snippet":"max-snippet:-1","max-image-preview":"max-image-preview:large","max-video-preview":"max-video-preview:-1"},"canonical":"https:\/\/www.predsjednik.hr\/en\/news\/president-of-the-republic-of-malta-george-vella-to-pay-state-visit-to-the-republic-of-croatia\/","og_locale":"en_US","og_type":"article","og_title":"President of the Republic of Malta George Vella to Pay State Visit to the Republic of Croatia - President of the Republic of Croatia - Zoran Milanovi\u0107","og_description":"At the invitation of the President of the Republic of Croatia Zoran Milanovi\u0107, the President of the Republic of Malta George Vella and his wife will pay a State visit to the Republic of Croatia from 26 to 29 October 2021.","og_url":"https:\/\/www.predsjednik.hr\/en\/news\/president-of-the-republic-of-malta-george-vella-to-pay-state-visit-to-the-republic-of-croatia\/","og_site_name":"President of the Republic of Croatia - Zoran Milanovi\u0107","article_modified_time":"2021-10-26T06:51:10+00:00","og_image":[{"width":859,"height":613,"url":"https:\/\/www.predsjednik.hr\/wp-content\/uploads\/2021\/10\/DSC_2588.jpg","type":"image\/jpeg"}],"twitter_card":"summary_large_image","twitter_misc":{"Est. reading time":"2 minutes"},"schema":{"@context":"https:\/\/schema.org","@graph":[{"@type":"WebPage","@id":"https:\/\/www.predsjednik.hr\/en\/news\/president-of-the-republic-of-malta-george-vella-to-pay-state-visit-to-the-republic-of-croatia\/","url":"https:\/\/www.predsjednik.hr\/en\/news\/president-of-the-republic-of-malta-george-vella-to-pay-state-visit-to-the-republic-of-croatia\/","name":"President of the Republic of Malta George Vella to Pay State Visit to the Republic of Croatia - President of the Republic of Croatia - Zoran Milanovi\u0107","isPartOf":{"@id":"https:\/\/www.predsjednik.hr\/en\/#website"},"primaryImageOfPage":{"@id":"https:\/\/www.predsjednik.hr\/en\/news\/president-of-the-republic-of-malta-george-vella-to-pay-state-visit-to-the-republic-of-croatia\/#primaryimage"},"image":{"@id":"https:\/\/www.predsjednik.hr\/en\/news\/president-of-the-republic-of-malta-george-vella-to-pay-state-visit-to-the-republic-of-croatia\/#primaryimage"},"thumbnailUrl":"https:\/\/www.predsjednik.hr\/wp-content\/uploads\/2021\/10\/DSC_2588.jpg","datePublished":"2021-10-25T14:50:00+00:00","dateModified":"2021-10-26T06:51:10+00:00","breadcrumb":{"@id":"https:\/\/www.predsjednik.hr\/en\/news\/president-of-the-republic-of-malta-george-vella-to-pay-state-visit-to-the-republic-of-croatia\/#breadcrumb"},"inLanguage":"en-US","potentialAction":[{"@type":"ReadAction","target":["https:\/\/www.predsjednik.hr\/en\/news\/president-of-the-republic-of-malta-george-vella-to-pay-state-visit-to-the-republic-of-croatia\/"]}]},{"@type":"ImageObject","inLanguage":"en-US","@id":"https:\/\/www.predsjednik.hr\/en\/news\/president-of-the-republic-of-malta-george-vella-to-pay-state-visit-to-the-republic-of-croatia\/#primaryimage","url":"https:\/\/www.predsjednik.hr\/wp-content\/uploads\/2021\/10\/DSC_2588.jpg","contentUrl":"https:\/\/www.predsjednik.hr\/wp-content\/uploads\/2021\/10\/DSC_2588.jpg","width":859,"height":613},{"@type":"BreadcrumbList","@id":"https:\/\/www.predsjednik.hr\/en\/news\/president-of-the-republic-of-malta-george-vella-to-pay-state-visit-to-the-republic-of-croatia\/#breadcrumb","itemListElement":[{"@type":"ListItem","position":1,"name":"Home","item":"https:\/\/www.predsjednik.hr\/en\/"},{"@type":"ListItem","position":2,"name":"Vijesti","item":"https:\/\/www.predsjednik.hr\/en\/news\/"},{"@type":"ListItem","position":3,"name":"President of the Republic of Malta George Vella to Pay State Visit to the Republic of Croatia"}]},{"@type":"WebSite","@id":"https:\/\/www.predsjednik.hr\/en\/#website","url":"https:\/\/www.predsjednik.hr\/en\/","name":"President of the Republic of Croatia - Zoran Milanovi\u0107","description":"Just another WordPress site","potentialAction":[{"@type":"SearchAction","target":{"@type":"EntryPoint","urlTemplate":"https:\/\/www.predsjednik.hr\/en\/?s={search_term_string}"},"query-input":{"@type":"PropertyValueSpecification","valueRequired":true,"valueName":"search_term_string"}}],"inLanguage":"en-US"}]}},"_links":{"self":[{"href":"https:\/\/www.predsjednik.hr\/en\/wp-json\/wp\/v2\/news\/13197","targetHints":{"allow":["GET"]}}],"collection":[{"href":"https:\/\/www.predsjednik.hr\/en\/wp-json\/wp\/v2\/news"}],"about":[{"href":"https:\/\/www.predsjednik.hr\/en\/wp-json\/wp\/v2\/types\/news"}],"wp:featuredmedia":[{"embeddable":true,"href":"https:\/\/www.predsjednik.hr\/en\/wp-json\/wp\/v2\/media\/13196"}],"wp:attachment":[{"href":"https:\/\/www.predsjednik.hr\/en\/wp-json\/wp\/v2\/media?parent=13197"}],"wp:term":[{"taxonomy":"news-cat","embeddable":true,"href":"https:\/\/www.predsjednik.hr\/en\/wp-json\/wp\/v2\/news-cat?post=13197"}],"curies":[{"name":"wp","href":"https:\/\/api.w.org\/{rel}","templated":true}]}}