{"id":13228,"date":"2021-10-25T16:20:00","date_gmt":"2021-10-25T14:20:00","guid":{"rendered":"https:\/\/www.predsjednik.hr\/?post_type=news&#038;p=13228"},"modified":"2021-10-26T14:23:00","modified_gmt":"2021-10-26T12:23:00","slug":"president-milanovic-receives-heroes-of-osijek-association-delegation-on-30th-anniversary-of-130th-croatian-army-brigade-formation","status":"publish","type":"news","link":"https:\/\/www.predsjednik.hr\/en\/news\/president-milanovic-receives-heroes-of-osijek-association-delegation-on-30th-anniversary-of-130th-croatian-army-brigade-formation\/","title":{"rendered":"President Milanovi\u0107 Receives Heroes of Osijek Association Delegation on 30th Anniversary of 130th Croatian Army Brigade Formation"},"content":{"rendered":"\n<p>The President of the Republic Zoran Milanovi\u0107 met in the Office of the President with the Heroes of Osijek Association representatives, who are members of the 130<sup>th<\/sup> Croatian Army Brigade, on the 30<sup>th<\/sup> anniversary of the formation of the Brigade from Osijek.&nbsp;&nbsp;<\/p>\n\n\n\n<p>The members of the Heroes of Osijek Association informed President Milanovi\u0107 of the circumstances in which the 130<sup>th<\/sup> Brigade of the Croatian Army was formed on the 25<sup>th<\/sup> of October 1991. In November of that year, after the fall of Vukovar, the Brigade found itself under attack by enemy troops whose goal was to intercept the Osijek-\u0110akovo highway and surround the city of Osijek. Wartime Commander of the Brigade \u017divko Miji\u0107 highlighted the courage of its members, thanks to which the aggression against Slavonia and Eastern Croatia was halted, and Osijek was successfully defended. Some 3,500 Croatian defenders passed through the ranks of the 130<sup>th<\/sup> Brigade, which suffered great casualties: 63 members were killed, 370 were wounded and 22 went missing.<\/p>\n\n\n\n<p>The major contribution of the 130<sup>th<\/sup> Brigade\u2019s military engineers was also discussed at the meeting with the President. As was underscored by the wartime Chief of Engineering Zlatko Dernaj, who is today the Association\u2019s President, the Brigade was the first in Croatia to launch demining efforts to make agricultural and economic activity in the area of Osijek possible once again. More than 10,000 hectares of agricultural land belonging to the IPK Osijek enterprise were successfully demined, again enabling agricultural production. The village of Ivanovac and its entire surrounding area was cleared and demined, as were the northern and southern route of the transmission line to the Ernestinovo Power Station and the military training grounds in \u010cepin and Osijek.<\/p>\n\n\n\n<p>The documentary \u201cHeroes of Osijek \u2013 130<sup>th<\/sup> Croatian Army Brigade\u201d was made about the Brigade and its heritage has been preserved and promoted for years by members of the Association. The representatives of the Association described the very successful multimedia exhibition \u201cOsijek under attack of brutal aggression\u201d as their paramount project, which was showcased not only throughout Croatia, but also in several European cities and the European Parliament in Brussels. The members of the Association also presented their plan for opening a museum in Osijek to President Milanovi\u0107 and asked for his support in its realization.<\/p>\n\n\n\n<p>The following persons attended the meeting with the President of the Republic: former members of the 130<sup>th<\/sup> Croatian Army Osijek Brigade; members of the Heroes of Osijek Association; Commander of the 130<sup>th<\/sup> Croatian Army Osijek Brigade \u017divko Miji\u0107; Chief of Engineering and President of the Heroes of Osijek Association Zlatko Dernaj; RBHO Chief and Assistant Chief of Staff for Operations Milan Prpi\u0107; Chief of the Quartermaster Service Vladimir Cini; Commander of the Engineering Company Pavao Bradari\u0107; Brigade Command Officer Ivana He\u0107imovi\u0107; Military Engineers Dalibor Demeter, Ivica Govoru\u0161i\u0107, \u017deljko Dodig; General Affairs Officer of the Engineering Company Miroslav Pavrli\u0161ek.<\/p>\n\n\n\n<p>Special Adviser to the President of the Republic for Homeland War Veterans Marijan Marekovi\u0107 was alongside President Milanovi\u0107.<\/p>\n\n\n<!--GALLERY BLOCK-->\n<div class=\"c-lightbox-gallery js-lightbox\">\n                <!--single-->\n            <a data-no-swup class=\"c-lightbox-gallery__single js-lightbox-single\"\n               href=\"https:\/\/www.predsjednik.hr\/wp-content\/uploads\/2021\/10\/DSC_1833-1024x576.jpg\"\n               style=\"background-image: url('https:\/\/www.predsjednik.hr\/wp-content\/uploads\/2021\/10\/DSC_1833-768x432.jpg')\"><\/a>\n            <!--end single-->\n                    <!--single-->\n            <a data-no-swup class=\"c-lightbox-gallery__single js-lightbox-single\"\n               href=\"https:\/\/www.predsjednik.hr\/wp-content\/uploads\/2021\/10\/DSC_1852-1024x576.jpg\"\n               style=\"background-image: url('https:\/\/www.predsjednik.hr\/wp-content\/uploads\/2021\/10\/DSC_1852-768x432.jpg')\"><\/a>\n            <!--end single-->\n                    <!--single-->\n            <a data-no-swup class=\"c-lightbox-gallery__single js-lightbox-single\"\n               href=\"https:\/\/www.predsjednik.hr\/wp-content\/uploads\/2021\/10\/DSC_1871-1024x576.jpg\"\n               style=\"background-image: url('https:\/\/www.predsjednik.hr\/wp-content\/uploads\/2021\/10\/DSC_1871-768x432.jpg')\"><\/a>\n            <!--end single-->\n                    <!--single-->\n            <a data-no-swup class=\"c-lightbox-gallery__single js-lightbox-single\"\n               href=\"https:\/\/www.predsjednik.hr\/wp-content\/uploads\/2021\/10\/DSC_1878-1024x576.jpg\"\n               style=\"background-image: url('https:\/\/www.predsjednik.hr\/wp-content\/uploads\/2021\/10\/DSC_1878-768x432.jpg')\"><\/a>\n            <!--end single-->\n                    <!--single-->\n            <a data-no-swup class=\"c-lightbox-gallery__single js-lightbox-single\"\n               href=\"https:\/\/www.predsjednik.hr\/wp-content\/uploads\/2021\/10\/DSC_1893-1024x576.jpg\"\n               style=\"background-image: url('https:\/\/www.predsjednik.hr\/wp-content\/uploads\/2021\/10\/DSC_1893-768x432.jpg')\"><\/a>\n            <!--end single-->\n        <\/div>\n<!--end GALLERY BLOCK-->\n\n\n\n<p>PHOTO: Office of the President of the Republic of Croatia \/ Dario Andri\u0161ek<\/p>\n","protected":false},"excerpt":{"rendered":"<p>The President of the Republic Zoran Milanovi\u0107 met in the Office of the President with the Heroes of Osijek Association representatives, who are members of the 130th Croatian Army Brigade, on the 30th anniversary of the formation of the Brigade from Osijek.\u00a0<\/p>\n","protected":false},"featured_media":13190,"template":"","news-cat":[12],"class_list":["post-13228","news","type-news","status-publish","has-post-thumbnail","hentry","news-cat-news"],"acf":[],"yoast_head":"<!-- This site is optimized with the Yoast SEO plugin v27.5 - https:\/\/yoast.com\/product\/yoast-seo-wordpress\/ -->\n<title>President Milanovi\u0107 Receives Heroes of Osijek Association Delegation on 30th Anniversary of 130th Croatian Army Brigade Formation - President of the Republic of Croatia - Zoran Milanovi\u0107<\/title>\n<meta name=\"robots\" content=\"index, follow, max-snippet:-1, max-image-preview:large, max-video-preview:-1\" \/>\n<link rel=\"canonical\" href=\"https:\/\/www.predsjednik.hr\/en\/news\/president-milanovic-receives-heroes-of-osijek-association-delegation-on-30th-anniversary-of-130th-croatian-army-brigade-formation\/\" \/>\n<meta property=\"og:locale\" content=\"en_US\" \/>\n<meta property=\"og:type\" content=\"article\" \/>\n<meta property=\"og:title\" content=\"President Milanovi\u0107 Receives Heroes of Osijek Association Delegation on 30th Anniversary of 130th Croatian Army Brigade Formation - President of the Republic of Croatia - Zoran Milanovi\u0107\" \/>\n<meta property=\"og:description\" content=\"The President of the Republic Zoran Milanovi\u0107 met in the Office of the President with the Heroes of Osijek Association representatives, who are members of the 130th Croatian Army Brigade, on the 30th anniversary of the formation of the Brigade from Osijek.\u00a0\" \/>\n<meta property=\"og:url\" content=\"https:\/\/www.predsjednik.hr\/en\/news\/president-milanovic-receives-heroes-of-osijek-association-delegation-on-30th-anniversary-of-130th-croatian-army-brigade-formation\/\" \/>\n<meta property=\"og:site_name\" content=\"President of the Republic of Croatia - Zoran Milanovi\u0107\" \/>\n<meta property=\"article:modified_time\" content=\"2021-10-26T12:23:00+00:00\" \/>\n<meta property=\"og:image\" content=\"https:\/\/www.predsjednik.hr\/wp-content\/uploads\/2021\/10\/DSC_1878.jpg\" \/>\n\t<meta property=\"og:image:width\" content=\"5320\" \/>\n\t<meta property=\"og:image:height\" content=\"2993\" \/>\n\t<meta property=\"og:image:type\" content=\"image\/jpeg\" \/>\n<meta name=\"twitter:card\" content=\"summary_large_image\" \/>\n<meta name=\"twitter:label1\" content=\"Est. reading time\" \/>\n\t<meta name=\"twitter:data1\" content=\"3 minutes\" \/>\n<script type=\"application\/ld+json\" class=\"yoast-schema-graph\">{\"@context\":\"https:\\\/\\\/schema.org\",\"@graph\":[{\"@type\":\"WebPage\",\"@id\":\"https:\\\/\\\/www.predsjednik.hr\\\/en\\\/news\\\/president-milanovic-receives-heroes-of-osijek-association-delegation-on-30th-anniversary-of-130th-croatian-army-brigade-formation\\\/\",\"url\":\"https:\\\/\\\/www.predsjednik.hr\\\/en\\\/news\\\/president-milanovic-receives-heroes-of-osijek-association-delegation-on-30th-anniversary-of-130th-croatian-army-brigade-formation\\\/\",\"name\":\"President Milanovi\u0107 Receives Heroes of Osijek Association Delegation on 30th Anniversary of 130th Croatian Army Brigade Formation - President of the Republic of Croatia - Zoran Milanovi\u0107\",\"isPartOf\":{\"@id\":\"https:\\\/\\\/www.predsjednik.hr\\\/en\\\/#website\"},\"primaryImageOfPage\":{\"@id\":\"https:\\\/\\\/www.predsjednik.hr\\\/en\\\/news\\\/president-milanovic-receives-heroes-of-osijek-association-delegation-on-30th-anniversary-of-130th-croatian-army-brigade-formation\\\/#primaryimage\"},\"image\":{\"@id\":\"https:\\\/\\\/www.predsjednik.hr\\\/en\\\/news\\\/president-milanovic-receives-heroes-of-osijek-association-delegation-on-30th-anniversary-of-130th-croatian-army-brigade-formation\\\/#primaryimage\"},\"thumbnailUrl\":\"https:\\\/\\\/www.predsjednik.hr\\\/wp-content\\\/uploads\\\/2021\\\/10\\\/DSC_1878.jpg\",\"datePublished\":\"2021-10-25T14:20:00+00:00\",\"dateModified\":\"2021-10-26T12:23:00+00:00\",\"breadcrumb\":{\"@id\":\"https:\\\/\\\/www.predsjednik.hr\\\/en\\\/news\\\/president-milanovic-receives-heroes-of-osijek-association-delegation-on-30th-anniversary-of-130th-croatian-army-brigade-formation\\\/#breadcrumb\"},\"inLanguage\":\"en-US\",\"potentialAction\":[{\"@type\":\"ReadAction\",\"target\":[\"https:\\\/\\\/www.predsjednik.hr\\\/en\\\/news\\\/president-milanovic-receives-heroes-of-osijek-association-delegation-on-30th-anniversary-of-130th-croatian-army-brigade-formation\\\/\"]}]},{\"@type\":\"ImageObject\",\"inLanguage\":\"en-US\",\"@id\":\"https:\\\/\\\/www.predsjednik.hr\\\/en\\\/news\\\/president-milanovic-receives-heroes-of-osijek-association-delegation-on-30th-anniversary-of-130th-croatian-army-brigade-formation\\\/#primaryimage\",\"url\":\"https:\\\/\\\/www.predsjednik.hr\\\/wp-content\\\/uploads\\\/2021\\\/10\\\/DSC_1878.jpg\",\"contentUrl\":\"https:\\\/\\\/www.predsjednik.hr\\\/wp-content\\\/uploads\\\/2021\\\/10\\\/DSC_1878.jpg\",\"width\":5320,\"height\":2993,\"caption\":\"The President of the Republic Zoran Milanovi\u0107 met in the Office of the President with the Heroes of Osijek Association representatives, who are members of the 130th Croatian Army Brigade, on the 30th anniversary of the formation of the Brigade from Osijek.\u00a0\"},{\"@type\":\"BreadcrumbList\",\"@id\":\"https:\\\/\\\/www.predsjednik.hr\\\/en\\\/news\\\/president-milanovic-receives-heroes-of-osijek-association-delegation-on-30th-anniversary-of-130th-croatian-army-brigade-formation\\\/#breadcrumb\",\"itemListElement\":[{\"@type\":\"ListItem\",\"position\":1,\"name\":\"Home\",\"item\":\"https:\\\/\\\/www.predsjednik.hr\\\/en\\\/\"},{\"@type\":\"ListItem\",\"position\":2,\"name\":\"Vijesti\",\"item\":\"https:\\\/\\\/www.predsjednik.hr\\\/en\\\/news\\\/\"},{\"@type\":\"ListItem\",\"position\":3,\"name\":\"President Milanovi\u0107 Receives Heroes of Osijek Association Delegation on 30th Anniversary of 130th Croatian Army Brigade Formation\"}]},{\"@type\":\"WebSite\",\"@id\":\"https:\\\/\\\/www.predsjednik.hr\\\/en\\\/#website\",\"url\":\"https:\\\/\\\/www.predsjednik.hr\\\/en\\\/\",\"name\":\"President of the Republic of Croatia - Zoran Milanovi\u0107\",\"description\":\"Just another WordPress site\",\"potentialAction\":[{\"@type\":\"SearchAction\",\"target\":{\"@type\":\"EntryPoint\",\"urlTemplate\":\"https:\\\/\\\/www.predsjednik.hr\\\/en\\\/?s={search_term_string}\"},\"query-input\":{\"@type\":\"PropertyValueSpecification\",\"valueRequired\":true,\"valueName\":\"search_term_string\"}}],\"inLanguage\":\"en-US\"}]}<\/script>\n<!-- \/ Yoast SEO plugin. -->","yoast_head_json":{"title":"President Milanovi\u0107 Receives Heroes of Osijek Association Delegation on 30th Anniversary of 130th Croatian Army Brigade Formation - President of the Republic of Croatia - Zoran Milanovi\u0107","robots":{"index":"index","follow":"follow","max-snippet":"max-snippet:-1","max-image-preview":"max-image-preview:large","max-video-preview":"max-video-preview:-1"},"canonical":"https:\/\/www.predsjednik.hr\/en\/news\/president-milanovic-receives-heroes-of-osijek-association-delegation-on-30th-anniversary-of-130th-croatian-army-brigade-formation\/","og_locale":"en_US","og_type":"article","og_title":"President Milanovi\u0107 Receives Heroes of Osijek Association Delegation on 30th Anniversary of 130th Croatian Army Brigade Formation - President of the Republic of Croatia - Zoran Milanovi\u0107","og_description":"The President of the Republic Zoran Milanovi\u0107 met in the Office of the President with the Heroes of Osijek Association representatives, who are members of the 130th Croatian Army Brigade, on the 30th anniversary of the formation of the Brigade from Osijek.\u00a0","og_url":"https:\/\/www.predsjednik.hr\/en\/news\/president-milanovic-receives-heroes-of-osijek-association-delegation-on-30th-anniversary-of-130th-croatian-army-brigade-formation\/","og_site_name":"President of the Republic of Croatia - Zoran Milanovi\u0107","article_modified_time":"2021-10-26T12:23:00+00:00","og_image":[{"width":5320,"height":2993,"url":"https:\/\/www.predsjednik.hr\/wp-content\/uploads\/2021\/10\/DSC_1878.jpg","type":"image\/jpeg"}],"twitter_card":"summary_large_image","twitter_misc":{"Est. reading time":"3 minutes"},"schema":{"@context":"https:\/\/schema.org","@graph":[{"@type":"WebPage","@id":"https:\/\/www.predsjednik.hr\/en\/news\/president-milanovic-receives-heroes-of-osijek-association-delegation-on-30th-anniversary-of-130th-croatian-army-brigade-formation\/","url":"https:\/\/www.predsjednik.hr\/en\/news\/president-milanovic-receives-heroes-of-osijek-association-delegation-on-30th-anniversary-of-130th-croatian-army-brigade-formation\/","name":"President Milanovi\u0107 Receives Heroes of Osijek Association Delegation on 30th Anniversary of 130th Croatian Army Brigade Formation - President of the Republic of Croatia - Zoran Milanovi\u0107","isPartOf":{"@id":"https:\/\/www.predsjednik.hr\/en\/#website"},"primaryImageOfPage":{"@id":"https:\/\/www.predsjednik.hr\/en\/news\/president-milanovic-receives-heroes-of-osijek-association-delegation-on-30th-anniversary-of-130th-croatian-army-brigade-formation\/#primaryimage"},"image":{"@id":"https:\/\/www.predsjednik.hr\/en\/news\/president-milanovic-receives-heroes-of-osijek-association-delegation-on-30th-anniversary-of-130th-croatian-army-brigade-formation\/#primaryimage"},"thumbnailUrl":"https:\/\/www.predsjednik.hr\/wp-content\/uploads\/2021\/10\/DSC_1878.jpg","datePublished":"2021-10-25T14:20:00+00:00","dateModified":"2021-10-26T12:23:00+00:00","breadcrumb":{"@id":"https:\/\/www.predsjednik.hr\/en\/news\/president-milanovic-receives-heroes-of-osijek-association-delegation-on-30th-anniversary-of-130th-croatian-army-brigade-formation\/#breadcrumb"},"inLanguage":"en-US","potentialAction":[{"@type":"ReadAction","target":["https:\/\/www.predsjednik.hr\/en\/news\/president-milanovic-receives-heroes-of-osijek-association-delegation-on-30th-anniversary-of-130th-croatian-army-brigade-formation\/"]}]},{"@type":"ImageObject","inLanguage":"en-US","@id":"https:\/\/www.predsjednik.hr\/en\/news\/president-milanovic-receives-heroes-of-osijek-association-delegation-on-30th-anniversary-of-130th-croatian-army-brigade-formation\/#primaryimage","url":"https:\/\/www.predsjednik.hr\/wp-content\/uploads\/2021\/10\/DSC_1878.jpg","contentUrl":"https:\/\/www.predsjednik.hr\/wp-content\/uploads\/2021\/10\/DSC_1878.jpg","width":5320,"height":2993,"caption":"The President of the Republic Zoran Milanovi\u0107 met in the Office of the President with the Heroes of Osijek Association representatives, who are members of the 130th Croatian Army Brigade, on the 30th anniversary of the formation of the Brigade from Osijek.\u00a0"},{"@type":"BreadcrumbList","@id":"https:\/\/www.predsjednik.hr\/en\/news\/president-milanovic-receives-heroes-of-osijek-association-delegation-on-30th-anniversary-of-130th-croatian-army-brigade-formation\/#breadcrumb","itemListElement":[{"@type":"ListItem","position":1,"name":"Home","item":"https:\/\/www.predsjednik.hr\/en\/"},{"@type":"ListItem","position":2,"name":"Vijesti","item":"https:\/\/www.predsjednik.hr\/en\/news\/"},{"@type":"ListItem","position":3,"name":"President Milanovi\u0107 Receives Heroes of Osijek Association Delegation on 30th Anniversary of 130th Croatian Army Brigade Formation"}]},{"@type":"WebSite","@id":"https:\/\/www.predsjednik.hr\/en\/#website","url":"https:\/\/www.predsjednik.hr\/en\/","name":"President of the Republic of Croatia - Zoran Milanovi\u0107","description":"Just another WordPress site","potentialAction":[{"@type":"SearchAction","target":{"@type":"EntryPoint","urlTemplate":"https:\/\/www.predsjednik.hr\/en\/?s={search_term_string}"},"query-input":{"@type":"PropertyValueSpecification","valueRequired":true,"valueName":"search_term_string"}}],"inLanguage":"en-US"}]}},"_links":{"self":[{"href":"https:\/\/www.predsjednik.hr\/en\/wp-json\/wp\/v2\/news\/13228","targetHints":{"allow":["GET"]}}],"collection":[{"href":"https:\/\/www.predsjednik.hr\/en\/wp-json\/wp\/v2\/news"}],"about":[{"href":"https:\/\/www.predsjednik.hr\/en\/wp-json\/wp\/v2\/types\/news"}],"wp:featuredmedia":[{"embeddable":true,"href":"https:\/\/www.predsjednik.hr\/en\/wp-json\/wp\/v2\/media\/13190"}],"wp:attachment":[{"href":"https:\/\/www.predsjednik.hr\/en\/wp-json\/wp\/v2\/media?parent=13228"}],"wp:term":[{"taxonomy":"news-cat","embeddable":true,"href":"https:\/\/www.predsjednik.hr\/en\/wp-json\/wp\/v2\/news-cat?post=13228"}],"curies":[{"name":"wp","href":"https:\/\/api.w.org\/{rel}","templated":true}]}}