{"id":13288,"date":"2021-10-27T16:21:58","date_gmt":"2021-10-27T14:21:58","guid":{"rendered":"https:\/\/www.predsjednik.hr\/?post_type=news&#038;p=13288"},"modified":"2021-10-27T16:22:01","modified_gmt":"2021-10-27T14:22:01","slug":"president-milanovic-after-meeting-with-president-of-malta-entry-into-schengen-area-is-good-for-croatia-but-also-for-eu","status":"publish","type":"news","link":"https:\/\/www.predsjednik.hr\/en\/news\/president-milanovic-after-meeting-with-president-of-malta-entry-into-schengen-area-is-good-for-croatia-but-also-for-eu\/","title":{"rendered":"President Milanovi\u0107 after Meeting with President of Malta: Entry into Schengen Area is good for Croatia, but also for EU"},"content":{"rendered":"\n<p>The President of the Republic of Malta George Vella and his wife are on a State visit to the Republic of Croatia at the invitation of the President of the Republic of Croatia Zoran Milanovi\u0107. The State visit began with an official welcoming ceremony at the Office of the President of the Republic of Croatia. After a t\u00eate-\u00e0-t\u00eate between the two presidents and bilateral talks between the official delegations of the Republic of Croatia and the Republic of Malta, the two presidents held a press conference.<\/p>\n\n\n\n<p>Underlining that the meeting was held \u201cin a spirit of pleasant and good relations between Croatia and Malta\u201d, President Milanovi\u0107 highlighted tourism, the migration problem and Malta\u2019s experience in the eurozone as some of the important topics they discussed. \u201cMalta relies on tourism. Croatia\u2019s share in tourism is too large, and although Malta\u2019s share is double, it doesn\u2019t prevent Malta from being a very orderly and very successful state. We can learn a lot from Malta, see how they do it\u201d, President Milanovi\u0107 noted.<\/p>\n\n\n\n<p>Speaking about the migration wave to which Malta, as an open state, is exposed, President Milanovi\u0107 said: \u201cA small nation such as Malta, in the middle of the Mediterranean \u2013 with a special culture, language and identity, is different from others yet open in every aspect the whole time \u2013 it is able to deliberate the difficult topic of migration maturely, soberly and humanely, while some Central European states are just about to arm their population. Incredible difference! This just says how openness, especially for small economies, is important. Well done, Malta!<\/p>\n\n\n\n<p>Referring to the migrations to which Croatia is confronted, President Milanovi\u0107 reminded that Croatia\u2019s problem is due to the fact that it is located on the external border of the Schengen Area, yet isn\u2019t in Schengen. \u201cThis puts us and our reputation in a bad situation because if the Croatian police don\u2019t control the border then Croatia is unreliable and isn\u2019t doing its job. If the Croatian police do their job and make mistakes at times, exceed their authority, then it is something that Europe points its finger at Croatia. That\u2019s not fair. Therefore these issues have to be solved in the interest of both sides. Why should Croatia make further efforts, and why should it make the efforts it makes if it won\u2019t be rewarded\u201d, President Milanovi\u0107 wondered, and requested Malta\u2019s support for Croatia\u2019s entry into the Schengen Area. \u201cI hope you will support us so that we enter the Schengen Area as soon as possible, I think it\u2019s good for Croatia, but also very good for the EU\u201d, he added.<\/p>\n\n\n\n<p>Malta\u2019s experience in the eurozone was a further topic discussed by the two presidents. President Milanovi\u0107 considers that the Croatian economy has many common points with the Maltese economy since it is based on the service sector, especially tourism. \u201cOur economy isn\u2019t distinctly export oriented, we\u2019re also a service based economy, and that is one of the reasons why I think the euro will be more positive for Croatia than negative. Entry into the eurozone isn\u2019t a pittance, it\u2019s relinquishing one\u2019s national currency forever, it isn\u2019t done with a happy heart, but a cool head\u201d, President Milanovi\u0107 noted.<\/p>\n\n\n\n<p>Regarding EU expansion, the President of Malta told the press: \u201cAs for the Western Balkans, we have always advocated for the Western Balkans to become part of the EU. It isn\u2019t simple, we are aware of the challenges that exist between different countries, however in the past few years great strides have been made. The Balkan countries will most certainly have greater stability and security when they become EU members with time, and the EU is incomplete without the Western Balkan countries. Countries such as Croatia and Slovenia have become members and can definitely help, they can show the way. The process of EU accession is lengthy, certain sacrifices are necessary, but I am sure that there is a strong will both in the EU and in the Western Balkans for them to join the EU.\u201d<\/p>\n\n\n\n<p>Still President Milanovi\u0107 once again warned that there is a lot of indication of procrastination in the accession of these countries into the EU. \u201cA lot indicates that the EU has such a policy because in fact it hasn\u2019t got one, it\u2019s buying time and the years are passing. Croatia has had a very hard time before joining the EU, has had to meet stricter criteria than any other former socialist state. Croatia paid a high price to enter the EU. What is presently happening to Bosnia and Herzegovina and other states isn\u2019t an encouragement, but procrastination in which negotiations aren\u2019t even getting under way or are delayed. It is in Croatia\u2019s interest to solve this problem so that the region is safe. When we talk about the Western Balkans, we must talk about stability, predictability and security, and ultimately we talk about money too because those are fundamentally impoverished states. Some have perhaps made progress, such as Kosovo and Macedonia, but Bosnia and Herzegovina and Serbia were pushed back to the start or even further back in relation to where they could have been. I don\u2019t feel great in such an environment, and I want a more stable neighbour\u201d, President Milanovi\u0107 stated.<\/p>\n\n\n\n<p>\u201cMy visit confirms the splendid relations between the two countries and the friendship that has been developing between our nations. President Milanovi\u0107 expressed a wish for the further enhancement of our relations, and there is great potential in the area of trade, engineering, education, maritime affairs and tourism\u201d, President Vella said in his statement to the press following the meeting. Speaking about cooperation in tourism and the increasing number of Croatian tourists visiting Malta, President Vella expressed hope that the slump in tourism as a result of the coronavirus will be a thing of the past and that things will return to normal with tourists from Malta visiting Croatia in greater numbers. \u201cA number of opportunities for cooperation are opening up within the EU. I am certain that our two countries will do their best to resolve the challenges lying ahead. Malta is concerned about the pressure of migrants and their increasing numbers, that\u2019s a challenge for the EU, the countries that are exposed cannot deal with this matter alone\u201d, the President of Malta George Vella stated among others.<\/p>\n\n\n<!--GALLERY BLOCK-->\n<div class=\"c-lightbox-gallery js-lightbox\">\n                <!--single-->\n            <a data-no-swup class=\"c-lightbox-gallery__single js-lightbox-single\"\n               href=\"https:\/\/www.predsjednik.hr\/wp-content\/uploads\/2021\/10\/DSC_2282-1024x683.jpg\"\n               style=\"background-image: url('https:\/\/www.predsjednik.hr\/wp-content\/uploads\/2021\/10\/DSC_2282-768x512.jpg')\"><\/a>\n            <!--end single-->\n                    <!--single-->\n            <a data-no-swup class=\"c-lightbox-gallery__single js-lightbox-single\"\n               href=\"https:\/\/www.predsjednik.hr\/wp-content\/uploads\/2021\/10\/DSC_3878-1024x576.jpg\"\n               style=\"background-image: url('https:\/\/www.predsjednik.hr\/wp-content\/uploads\/2021\/10\/DSC_3878-768x432.jpg')\"><\/a>\n            <!--end single-->\n                    <!--single-->\n            <a data-no-swup class=\"c-lightbox-gallery__single js-lightbox-single\"\n               href=\"https:\/\/www.predsjednik.hr\/wp-content\/uploads\/2021\/10\/DSC_2313-1024x683.jpg\"\n               style=\"background-image: url('https:\/\/www.predsjednik.hr\/wp-content\/uploads\/2021\/10\/DSC_2313-768x512.jpg')\"><\/a>\n            <!--end single-->\n                    <!--single-->\n            <a data-no-swup class=\"c-lightbox-gallery__single js-lightbox-single\"\n               href=\"https:\/\/www.predsjednik.hr\/wp-content\/uploads\/2021\/10\/DSC_8722-1024x683.jpg\"\n               style=\"background-image: url('https:\/\/www.predsjednik.hr\/wp-content\/uploads\/2021\/10\/DSC_8722-768x512.jpg')\"><\/a>\n            <!--end single-->\n                    <!--single-->\n            <a data-no-swup class=\"c-lightbox-gallery__single js-lightbox-single\"\n               href=\"https:\/\/www.predsjednik.hr\/wp-content\/uploads\/2021\/10\/DSC_2354-1024x683.jpg\"\n               style=\"background-image: url('https:\/\/www.predsjednik.hr\/wp-content\/uploads\/2021\/10\/DSC_2354-768x512.jpg')\"><\/a>\n            <!--end single-->\n                    <!--single-->\n            <a data-no-swup class=\"c-lightbox-gallery__single js-lightbox-single\"\n               href=\"https:\/\/www.predsjednik.hr\/wp-content\/uploads\/2021\/10\/DSC_2375-1024x576.jpg\"\n               style=\"background-image: url('https:\/\/www.predsjednik.hr\/wp-content\/uploads\/2021\/10\/DSC_2375-768x432.jpg')\"><\/a>\n            <!--end single-->\n                    <!--single-->\n            <a data-no-swup class=\"c-lightbox-gallery__single js-lightbox-single\"\n               href=\"https:\/\/www.predsjednik.hr\/wp-content\/uploads\/2021\/10\/DSC_8741-1024x683.jpg\"\n               style=\"background-image: url('https:\/\/www.predsjednik.hr\/wp-content\/uploads\/2021\/10\/DSC_8741-768x512.jpg')\"><\/a>\n            <!--end single-->\n                    <!--single-->\n            <a data-no-swup class=\"c-lightbox-gallery__single js-lightbox-single\"\n               href=\"https:\/\/www.predsjednik.hr\/wp-content\/uploads\/2021\/10\/DSC_8750-1024x683.jpg\"\n               style=\"background-image: url('https:\/\/www.predsjednik.hr\/wp-content\/uploads\/2021\/10\/DSC_8750-768x512.jpg')\"><\/a>\n            <!--end single-->\n                    <!--single-->\n            <a data-no-swup class=\"c-lightbox-gallery__single js-lightbox-single\"\n               href=\"https:\/\/www.predsjednik.hr\/wp-content\/uploads\/2021\/10\/DSC_8820-1024x683.jpg\"\n               style=\"background-image: url('https:\/\/www.predsjednik.hr\/wp-content\/uploads\/2021\/10\/DSC_8820-768x512.jpg')\"><\/a>\n            <!--end single-->\n                    <!--single-->\n            <a data-no-swup class=\"c-lightbox-gallery__single js-lightbox-single\"\n               href=\"https:\/\/www.predsjednik.hr\/wp-content\/uploads\/2021\/10\/DSC_4212-1024x731.jpg\"\n               style=\"background-image: url('https:\/\/www.predsjednik.hr\/wp-content\/uploads\/2021\/10\/DSC_4212-768x549.jpg')\"><\/a>\n            <!--end single-->\n                    <!--single-->\n            <a data-no-swup class=\"c-lightbox-gallery__single js-lightbox-single\"\n               href=\"https:\/\/www.predsjednik.hr\/wp-content\/uploads\/2021\/10\/DSC_4333-1-1024x731.jpg\"\n               style=\"background-image: url('https:\/\/www.predsjednik.hr\/wp-content\/uploads\/2021\/10\/DSC_4333-1-768x549.jpg')\"><\/a>\n            <!--end single-->\n                    <!--single-->\n            <a data-no-swup class=\"c-lightbox-gallery__single js-lightbox-single\"\n               href=\"https:\/\/www.predsjednik.hr\/wp-content\/uploads\/2021\/10\/DSC_8858-1024x683.jpg\"\n               style=\"background-image: url('https:\/\/www.predsjednik.hr\/wp-content\/uploads\/2021\/10\/DSC_8858-768x512.jpg')\"><\/a>\n            <!--end single-->\n                    <!--single-->\n            <a data-no-swup class=\"c-lightbox-gallery__single js-lightbox-single\"\n               href=\"https:\/\/www.predsjednik.hr\/wp-content\/uploads\/2021\/10\/DSC_8870-1024x683.jpg\"\n               style=\"background-image: url('https:\/\/www.predsjednik.hr\/wp-content\/uploads\/2021\/10\/DSC_8870-768x512.jpg')\"><\/a>\n            <!--end single-->\n                    <!--single-->\n            <a data-no-swup class=\"c-lightbox-gallery__single js-lightbox-single\"\n               href=\"https:\/\/www.predsjednik.hr\/wp-content\/uploads\/2021\/10\/DSC_8883-1024x683.jpg\"\n               style=\"background-image: url('https:\/\/www.predsjednik.hr\/wp-content\/uploads\/2021\/10\/DSC_8883-768x512.jpg')\"><\/a>\n            <!--end single-->\n                    <!--single-->\n            <a data-no-swup class=\"c-lightbox-gallery__single js-lightbox-single\"\n               href=\"https:\/\/www.predsjednik.hr\/wp-content\/uploads\/2021\/10\/DSC_4533-1024x731.jpg\"\n               style=\"background-image: url('https:\/\/www.predsjednik.hr\/wp-content\/uploads\/2021\/10\/DSC_4533-768x549.jpg')\"><\/a>\n            <!--end single-->\n                    <!--single-->\n            <a data-no-swup class=\"c-lightbox-gallery__single js-lightbox-single\"\n               href=\"https:\/\/www.predsjednik.hr\/wp-content\/uploads\/2021\/10\/DSC_4543-1024x664.jpg\"\n               style=\"background-image: url('https:\/\/www.predsjednik.hr\/wp-content\/uploads\/2021\/10\/DSC_4543-768x498.jpg')\"><\/a>\n            <!--end single-->\n                    <!--single-->\n            <a data-no-swup class=\"c-lightbox-gallery__single js-lightbox-single\"\n               href=\"https:\/\/www.predsjednik.hr\/wp-content\/uploads\/2021\/10\/DSC_8945-1024x576.jpg\"\n               style=\"background-image: url('https:\/\/www.predsjednik.hr\/wp-content\/uploads\/2021\/10\/DSC_8945-768x432.jpg')\"><\/a>\n            <!--end single-->\n                    <!--single-->\n            <a data-no-swup class=\"c-lightbox-gallery__single js-lightbox-single\"\n               href=\"https:\/\/www.predsjednik.hr\/wp-content\/uploads\/2021\/10\/DSC_8924-1024x731.jpg\"\n               style=\"background-image: url('https:\/\/www.predsjednik.hr\/wp-content\/uploads\/2021\/10\/DSC_8924-768x549.jpg')\"><\/a>\n            <!--end single-->\n                    <!--single-->\n            <a data-no-swup class=\"c-lightbox-gallery__single js-lightbox-single\"\n               href=\"https:\/\/www.predsjednik.hr\/wp-content\/uploads\/2021\/10\/DSC_8929-1024x731.jpg\"\n               style=\"background-image: url('https:\/\/www.predsjednik.hr\/wp-content\/uploads\/2021\/10\/DSC_8929-768x549.jpg')\"><\/a>\n            <!--end single-->\n                    <!--single-->\n            <a data-no-swup class=\"c-lightbox-gallery__single js-lightbox-single\"\n               href=\"https:\/\/www.predsjednik.hr\/wp-content\/uploads\/2021\/10\/DSC_8974-1024x731.jpg\"\n               style=\"background-image: url('https:\/\/www.predsjednik.hr\/wp-content\/uploads\/2021\/10\/DSC_8974-768x548.jpg')\"><\/a>\n            <!--end single-->\n                    <!--single-->\n            <a data-no-swup class=\"c-lightbox-gallery__single js-lightbox-single\"\n               href=\"https:\/\/www.predsjednik.hr\/wp-content\/uploads\/2021\/10\/DSC_8984-1024x576.jpg\"\n               style=\"background-image: url('https:\/\/www.predsjednik.hr\/wp-content\/uploads\/2021\/10\/DSC_8984-768x432.jpg')\"><\/a>\n            <!--end single-->\n                    <!--single-->\n            <a data-no-swup class=\"c-lightbox-gallery__single js-lightbox-single\"\n               href=\"https:\/\/www.predsjednik.hr\/wp-content\/uploads\/2021\/10\/DSC_9008-1024x731.jpg\"\n               style=\"background-image: url('https:\/\/www.predsjednik.hr\/wp-content\/uploads\/2021\/10\/DSC_9008-768x549.jpg')\"><\/a>\n            <!--end single-->\n        <\/div>\n<!--end GALLERY BLOCK-->\n\n\n\n<p>PHOTO: Office of the President of the Republic of Croatia \/ Tomislav Bu\u0161ljeta, Filip Glas, Ana Marija Kati\u0107<\/p>\n","protected":false},"excerpt":{"rendered":"<p>The President of the Republic of Malta George Vella and his wife are on a State visit to the Republic of Croatia at the invitation of the President of the Republic of Croatia Zoran Milanovi\u0107. The State visit began with an official welcoming ceremony at the Office of the President of the Republic of Croatia. After a t\u00eate-\u00e0-t\u00eate between the two presidents and bilateral talks between the official delegations of the Republic of Croatia and the Republic of Malta, the two presidents held a press conference. Underlining that the meeting was held \u201cin a spirit of pleasant and good relations between Croatia and Malta\u201d, President Milanovi\u0107 highlighted tourism, the migration problem and Malta\u2019s experience in the eurozone as some of the important topics they discussed.<\/p>\n","protected":false},"featured_media":13285,"template":"","news-cat":[12],"class_list":["post-13288","news","type-news","status-publish","has-post-thumbnail","hentry","news-cat-news"],"acf":[],"yoast_head":"<!-- This site is optimized with the Yoast SEO plugin v27.5 - https:\/\/yoast.com\/product\/yoast-seo-wordpress\/ -->\n<title>President Milanovi\u0107 after Meeting with President of Malta: Entry into Schengen Area is good for Croatia, but also for EU - President of the Republic of Croatia - Zoran Milanovi\u0107<\/title>\n<meta name=\"robots\" content=\"index, follow, max-snippet:-1, max-image-preview:large, max-video-preview:-1\" \/>\n<link rel=\"canonical\" href=\"https:\/\/www.predsjednik.hr\/en\/news\/president-milanovic-after-meeting-with-president-of-malta-entry-into-schengen-area-is-good-for-croatia-but-also-for-eu\/\" \/>\n<meta property=\"og:locale\" content=\"en_US\" \/>\n<meta property=\"og:type\" content=\"article\" \/>\n<meta property=\"og:title\" content=\"President Milanovi\u0107 after Meeting with President of Malta: Entry into Schengen Area is good for Croatia, but also for EU - President of the Republic of Croatia - Zoran Milanovi\u0107\" \/>\n<meta property=\"og:description\" content=\"The President of the Republic of Malta George Vella and his wife are on a State visit to the Republic of Croatia at the invitation of the President of the Republic of Croatia Zoran Milanovi\u0107. The State visit began with an official welcoming ceremony at the Office of the President of the Republic of Croatia. After a t\u00eate-\u00e0-t\u00eate between the two presidents and bilateral talks between the official delegations of the Republic of Croatia and the Republic of Malta, the two presidents held a press conference. Underlining that the meeting was held \u201cin a spirit of pleasant and good relations between Croatia and Malta\u201d, President Milanovi\u0107 highlighted tourism, the migration problem and Malta\u2019s experience in the eurozone as some of the important topics they discussed.\" \/>\n<meta property=\"og:url\" content=\"https:\/\/www.predsjednik.hr\/en\/news\/president-milanovic-after-meeting-with-president-of-malta-entry-into-schengen-area-is-good-for-croatia-but-also-for-eu\/\" \/>\n<meta property=\"og:site_name\" content=\"President of the Republic of Croatia - Zoran Milanovi\u0107\" \/>\n<meta property=\"article:modified_time\" content=\"2021-10-27T14:22:01+00:00\" \/>\n<meta property=\"og:image\" content=\"https:\/\/www.predsjednik.hr\/wp-content\/uploads\/2021\/10\/DSC_8791.jpg\" \/>\n\t<meta property=\"og:image:width\" content=\"3261\" \/>\n\t<meta property=\"og:image:height\" content=\"2174\" \/>\n\t<meta property=\"og:image:type\" content=\"image\/jpeg\" \/>\n<meta name=\"twitter:card\" content=\"summary_large_image\" \/>\n<meta name=\"twitter:label1\" content=\"Est. reading time\" \/>\n\t<meta name=\"twitter:data1\" content=\"5 minutes\" \/>\n<script type=\"application\/ld+json\" class=\"yoast-schema-graph\">{\"@context\":\"https:\\\/\\\/schema.org\",\"@graph\":[{\"@type\":\"WebPage\",\"@id\":\"https:\\\/\\\/www.predsjednik.hr\\\/en\\\/news\\\/president-milanovic-after-meeting-with-president-of-malta-entry-into-schengen-area-is-good-for-croatia-but-also-for-eu\\\/\",\"url\":\"https:\\\/\\\/www.predsjednik.hr\\\/en\\\/news\\\/president-milanovic-after-meeting-with-president-of-malta-entry-into-schengen-area-is-good-for-croatia-but-also-for-eu\\\/\",\"name\":\"President Milanovi\u0107 after Meeting with President of Malta: Entry into Schengen Area is good for Croatia, but also for EU - President of the Republic of Croatia - Zoran Milanovi\u0107\",\"isPartOf\":{\"@id\":\"https:\\\/\\\/www.predsjednik.hr\\\/en\\\/#website\"},\"primaryImageOfPage\":{\"@id\":\"https:\\\/\\\/www.predsjednik.hr\\\/en\\\/news\\\/president-milanovic-after-meeting-with-president-of-malta-entry-into-schengen-area-is-good-for-croatia-but-also-for-eu\\\/#primaryimage\"},\"image\":{\"@id\":\"https:\\\/\\\/www.predsjednik.hr\\\/en\\\/news\\\/president-milanovic-after-meeting-with-president-of-malta-entry-into-schengen-area-is-good-for-croatia-but-also-for-eu\\\/#primaryimage\"},\"thumbnailUrl\":\"https:\\\/\\\/www.predsjednik.hr\\\/wp-content\\\/uploads\\\/2021\\\/10\\\/DSC_8791.jpg\",\"datePublished\":\"2021-10-27T14:21:58+00:00\",\"dateModified\":\"2021-10-27T14:22:01+00:00\",\"breadcrumb\":{\"@id\":\"https:\\\/\\\/www.predsjednik.hr\\\/en\\\/news\\\/president-milanovic-after-meeting-with-president-of-malta-entry-into-schengen-area-is-good-for-croatia-but-also-for-eu\\\/#breadcrumb\"},\"inLanguage\":\"en-US\",\"potentialAction\":[{\"@type\":\"ReadAction\",\"target\":[\"https:\\\/\\\/www.predsjednik.hr\\\/en\\\/news\\\/president-milanovic-after-meeting-with-president-of-malta-entry-into-schengen-area-is-good-for-croatia-but-also-for-eu\\\/\"]}]},{\"@type\":\"ImageObject\",\"inLanguage\":\"en-US\",\"@id\":\"https:\\\/\\\/www.predsjednik.hr\\\/en\\\/news\\\/president-milanovic-after-meeting-with-president-of-malta-entry-into-schengen-area-is-good-for-croatia-but-also-for-eu\\\/#primaryimage\",\"url\":\"https:\\\/\\\/www.predsjednik.hr\\\/wp-content\\\/uploads\\\/2021\\\/10\\\/DSC_8791.jpg\",\"contentUrl\":\"https:\\\/\\\/www.predsjednik.hr\\\/wp-content\\\/uploads\\\/2021\\\/10\\\/DSC_8791.jpg\",\"width\":3261,\"height\":2174,\"caption\":\"Na poziv predsjednika Republike Hrvatske Zorana Milanovi\u0107a predsjednik Republike Malte George Vella, sa suprugom, boravi u dr\u017eavnom posjetu Republici Hrvatskoj\"},{\"@type\":\"BreadcrumbList\",\"@id\":\"https:\\\/\\\/www.predsjednik.hr\\\/en\\\/news\\\/president-milanovic-after-meeting-with-president-of-malta-entry-into-schengen-area-is-good-for-croatia-but-also-for-eu\\\/#breadcrumb\",\"itemListElement\":[{\"@type\":\"ListItem\",\"position\":1,\"name\":\"Home\",\"item\":\"https:\\\/\\\/www.predsjednik.hr\\\/en\\\/\"},{\"@type\":\"ListItem\",\"position\":2,\"name\":\"Vijesti\",\"item\":\"https:\\\/\\\/www.predsjednik.hr\\\/en\\\/news\\\/\"},{\"@type\":\"ListItem\",\"position\":3,\"name\":\"President Milanovi\u0107 after Meeting with President of Malta: Entry into Schengen Area is good for Croatia, but also for EU\"}]},{\"@type\":\"WebSite\",\"@id\":\"https:\\\/\\\/www.predsjednik.hr\\\/en\\\/#website\",\"url\":\"https:\\\/\\\/www.predsjednik.hr\\\/en\\\/\",\"name\":\"President of the Republic of Croatia - Zoran Milanovi\u0107\",\"description\":\"Just another WordPress site\",\"potentialAction\":[{\"@type\":\"SearchAction\",\"target\":{\"@type\":\"EntryPoint\",\"urlTemplate\":\"https:\\\/\\\/www.predsjednik.hr\\\/en\\\/?s={search_term_string}\"},\"query-input\":{\"@type\":\"PropertyValueSpecification\",\"valueRequired\":true,\"valueName\":\"search_term_string\"}}],\"inLanguage\":\"en-US\"}]}<\/script>\n<!-- \/ Yoast SEO plugin. -->","yoast_head_json":{"title":"President Milanovi\u0107 after Meeting with President of Malta: Entry into Schengen Area is good for Croatia, but also for EU - President of the Republic of Croatia - Zoran Milanovi\u0107","robots":{"index":"index","follow":"follow","max-snippet":"max-snippet:-1","max-image-preview":"max-image-preview:large","max-video-preview":"max-video-preview:-1"},"canonical":"https:\/\/www.predsjednik.hr\/en\/news\/president-milanovic-after-meeting-with-president-of-malta-entry-into-schengen-area-is-good-for-croatia-but-also-for-eu\/","og_locale":"en_US","og_type":"article","og_title":"President Milanovi\u0107 after Meeting with President of Malta: Entry into Schengen Area is good for Croatia, but also for EU - President of the Republic of Croatia - Zoran Milanovi\u0107","og_description":"The President of the Republic of Malta George Vella and his wife are on a State visit to the Republic of Croatia at the invitation of the President of the Republic of Croatia Zoran Milanovi\u0107. The State visit began with an official welcoming ceremony at the Office of the President of the Republic of Croatia. After a t\u00eate-\u00e0-t\u00eate between the two presidents and bilateral talks between the official delegations of the Republic of Croatia and the Republic of Malta, the two presidents held a press conference. Underlining that the meeting was held \u201cin a spirit of pleasant and good relations between Croatia and Malta\u201d, President Milanovi\u0107 highlighted tourism, the migration problem and Malta\u2019s experience in the eurozone as some of the important topics they discussed.","og_url":"https:\/\/www.predsjednik.hr\/en\/news\/president-milanovic-after-meeting-with-president-of-malta-entry-into-schengen-area-is-good-for-croatia-but-also-for-eu\/","og_site_name":"President of the Republic of Croatia - Zoran Milanovi\u0107","article_modified_time":"2021-10-27T14:22:01+00:00","og_image":[{"width":3261,"height":2174,"url":"https:\/\/www.predsjednik.hr\/wp-content\/uploads\/2021\/10\/DSC_8791.jpg","type":"image\/jpeg"}],"twitter_card":"summary_large_image","twitter_misc":{"Est. reading time":"5 minutes"},"schema":{"@context":"https:\/\/schema.org","@graph":[{"@type":"WebPage","@id":"https:\/\/www.predsjednik.hr\/en\/news\/president-milanovic-after-meeting-with-president-of-malta-entry-into-schengen-area-is-good-for-croatia-but-also-for-eu\/","url":"https:\/\/www.predsjednik.hr\/en\/news\/president-milanovic-after-meeting-with-president-of-malta-entry-into-schengen-area-is-good-for-croatia-but-also-for-eu\/","name":"President Milanovi\u0107 after Meeting with President of Malta: Entry into Schengen Area is good for Croatia, but also for EU - President of the Republic of Croatia - Zoran Milanovi\u0107","isPartOf":{"@id":"https:\/\/www.predsjednik.hr\/en\/#website"},"primaryImageOfPage":{"@id":"https:\/\/www.predsjednik.hr\/en\/news\/president-milanovic-after-meeting-with-president-of-malta-entry-into-schengen-area-is-good-for-croatia-but-also-for-eu\/#primaryimage"},"image":{"@id":"https:\/\/www.predsjednik.hr\/en\/news\/president-milanovic-after-meeting-with-president-of-malta-entry-into-schengen-area-is-good-for-croatia-but-also-for-eu\/#primaryimage"},"thumbnailUrl":"https:\/\/www.predsjednik.hr\/wp-content\/uploads\/2021\/10\/DSC_8791.jpg","datePublished":"2021-10-27T14:21:58+00:00","dateModified":"2021-10-27T14:22:01+00:00","breadcrumb":{"@id":"https:\/\/www.predsjednik.hr\/en\/news\/president-milanovic-after-meeting-with-president-of-malta-entry-into-schengen-area-is-good-for-croatia-but-also-for-eu\/#breadcrumb"},"inLanguage":"en-US","potentialAction":[{"@type":"ReadAction","target":["https:\/\/www.predsjednik.hr\/en\/news\/president-milanovic-after-meeting-with-president-of-malta-entry-into-schengen-area-is-good-for-croatia-but-also-for-eu\/"]}]},{"@type":"ImageObject","inLanguage":"en-US","@id":"https:\/\/www.predsjednik.hr\/en\/news\/president-milanovic-after-meeting-with-president-of-malta-entry-into-schengen-area-is-good-for-croatia-but-also-for-eu\/#primaryimage","url":"https:\/\/www.predsjednik.hr\/wp-content\/uploads\/2021\/10\/DSC_8791.jpg","contentUrl":"https:\/\/www.predsjednik.hr\/wp-content\/uploads\/2021\/10\/DSC_8791.jpg","width":3261,"height":2174,"caption":"Na poziv predsjednika Republike Hrvatske Zorana Milanovi\u0107a predsjednik Republike Malte George Vella, sa suprugom, boravi u dr\u017eavnom posjetu Republici Hrvatskoj"},{"@type":"BreadcrumbList","@id":"https:\/\/www.predsjednik.hr\/en\/news\/president-milanovic-after-meeting-with-president-of-malta-entry-into-schengen-area-is-good-for-croatia-but-also-for-eu\/#breadcrumb","itemListElement":[{"@type":"ListItem","position":1,"name":"Home","item":"https:\/\/www.predsjednik.hr\/en\/"},{"@type":"ListItem","position":2,"name":"Vijesti","item":"https:\/\/www.predsjednik.hr\/en\/news\/"},{"@type":"ListItem","position":3,"name":"President Milanovi\u0107 after Meeting with President of Malta: Entry into Schengen Area is good for Croatia, but also for EU"}]},{"@type":"WebSite","@id":"https:\/\/www.predsjednik.hr\/en\/#website","url":"https:\/\/www.predsjednik.hr\/en\/","name":"President of the Republic of Croatia - Zoran Milanovi\u0107","description":"Just another WordPress site","potentialAction":[{"@type":"SearchAction","target":{"@type":"EntryPoint","urlTemplate":"https:\/\/www.predsjednik.hr\/en\/?s={search_term_string}"},"query-input":{"@type":"PropertyValueSpecification","valueRequired":true,"valueName":"search_term_string"}}],"inLanguage":"en-US"}]}},"_links":{"self":[{"href":"https:\/\/www.predsjednik.hr\/en\/wp-json\/wp\/v2\/news\/13288","targetHints":{"allow":["GET"]}}],"collection":[{"href":"https:\/\/www.predsjednik.hr\/en\/wp-json\/wp\/v2\/news"}],"about":[{"href":"https:\/\/www.predsjednik.hr\/en\/wp-json\/wp\/v2\/types\/news"}],"wp:featuredmedia":[{"embeddable":true,"href":"https:\/\/www.predsjednik.hr\/en\/wp-json\/wp\/v2\/media\/13285"}],"wp:attachment":[{"href":"https:\/\/www.predsjednik.hr\/en\/wp-json\/wp\/v2\/media?parent=13288"}],"wp:term":[{"taxonomy":"news-cat","embeddable":true,"href":"https:\/\/www.predsjednik.hr\/en\/wp-json\/wp\/v2\/news-cat?post=13288"}],"curies":[{"name":"wp","href":"https:\/\/api.w.org\/{rel}","templated":true}]}}