{"id":13320,"date":"2021-10-28T16:31:34","date_gmt":"2021-10-28T14:31:34","guid":{"rendered":"https:\/\/www.predsjednik.hr\/?post_type=news&#038;p=13320"},"modified":"2021-10-28T16:31:38","modified_gmt":"2021-10-28T14:31:38","slug":"president-milanovic-attends-ceremony-in-delnice-marking-30th-anniversary-of-goranski-risovi-138th-brigade-formation","status":"publish","type":"news","link":"https:\/\/www.predsjednik.hr\/en\/news\/president-milanovic-attends-ceremony-in-delnice-marking-30th-anniversary-of-goranski-risovi-138th-brigade-formation\/","title":{"rendered":"President Milanovi\u0107 Attends Ceremony in Delnice Marking 30th Anniversary of \u201cGoranski risovi\u201d 138th Brigade Formation"},"content":{"rendered":"\n<p>The President of the Republic and Commander in Chief of the Croatian Armed Forces Zoran Milanovi\u0107 attended a ceremony in the town of Delnice marking the 30<sup>th<\/sup> anniversary of the formation of the \u201cGoranski risovi\u201d 138<sup>th<\/sup> Croatian Army Brigade, where he told the members of the brigade to be proud of what they have achieved and safeguarded.<\/p>\n\n\n\n<p>\u201cThese are the people who liberated a significant part of Croatia with weapons, which you were among the first to take into possession in those dreadful days of late 1991. Croatia was literally defended at that time. And that is why we do not call the Croatian warriors from that time \u2018defenders\u2019 by chance. The defense was crucial. Everything afterwards was difficult and uncertain, but it still led to the inevitable goal of liberation. If it weren\u2019t for 1991 and such operations, who knows how things would have turned out,\u201d President Milanovi\u0107 told those present at the ceremony.<\/p>\n\n\n\n<p>\u201cI would not want you to go in the direction of self-pity, to appreciate yourself less than what you are worth, to search for the culprit where the culprit might simply be the times, and to a lesser extent the Croatian Governments, even this one,\u201d said the President.<\/p>\n\n\n\n<p>President Milanovi\u0107 added that today, thirty years on, Gorski Kotar is one of the most abandoned parts of Croatia. \u201cCities are suffering, and small towns and villages are suffering the most. It is a trend that is overrunning much of Europe, except for its wealthiest parts that can prevent this. And that is why I understand your problems and I think we will have to address them for a long time, persistently and with a lot of money, with European funds. I call on mayors and all other local self-government leaders to be lynxes, to be secretive, yet clear about their desires. Do not show your real intentions, go for the money that is yours and play by the rules. Be noble predators when it comes to European money,\u201d said President Milanovi\u0107.<\/p>\n\n\n\n<p>\u201cThat money is waiting for you. That money cannot be given by the Croatian Government, for it has its limitation in this regard,\u201d said the President, calling on everyone to fight for every euro from the EU funds because \u201cthese guys of ours fought, above all, for Croatia, they fought for our people to be able to decide about their destiny and their resources, to make key decisions themselves, and that is not entirely the case today,\u201d he added. By joining the European Union we made a compromise, said President Milanovi\u0107, pointing out that this has benefits, but costs as well.<\/p>\n\n\n\n<p>\u201cThere is no going back and neither darkness nor fog stands before us, but a good perspective, so fight for Croatia\u2019s money. Only in this way will we avoid low self-esteem, which leads to depression. And depressed nations are the ones that obey. You have proven that you are not like that,\u201d concluded President Milanovi\u0107.<\/p>\n\n\n\n<p>At the ceremony, President Milanovi\u0107 posthumously awarded the fallen Croatian defender Jo\u0161ko Kordi\u0161, who was a member of the 138<sup>th<\/sup> Brigade, with the Order of Petar Zrinski and Fran Krsto Frankopan with Gilded Interlace as an honourable sign of the eternal memory of those who died for the Croatian state in war.<\/p>\n\n\n\n<p>Attending the \u201cGoranski risovi\u201d 138<sup>th<\/sup> Croatian Army Brigade 30<sup>th<\/sup> anniversary ceremony in the town of Delnice apart from President Milanovi\u0107 were the following individuals: President of the 138<sup>th<\/sup> Croatian Army Brigade Club \u017deljko Sokol; wartime Commander of the 138<sup>th<\/sup> Croatian Army Brigade Miljenko Balen; Commander of the Rijeka Operational Zone Antun Ra\u010dki; Mayor of the Town of Delnice Katarina Mihel\u010di\u0107; Primorje-Gorski Kotar County Prefect Zlatko Komadina; envoy of the Deputy Prime Minister and Veterans\u2019 Affairs Minister and Head of the Directorate for Counselling, Psychosocial and Health Care in the Ministry of Croatian Veterans Dinko Tandara; envoy of the Minister of Defense and State Secretary in the Ministry of Defense Zdravko Jakop.<\/p>\n\n\n\n<p>During his stay in Delnice, the President of the Republic laid a wreath and lit a candle at the \u201cGoranski risovi\u201d 138<sup>th<\/sup> Croatian Army Brigade memorial in memory of the fallen, deceased and missing Croatian defenders. Special Adviser to the President of the Republic for Homeland War Veterans Marijan Marekovi\u0107 was alongside President Milanovi\u0107.&nbsp;<\/p>\n\n\n<!--GALLERY BLOCK-->\n<div class=\"c-lightbox-gallery js-lightbox\">\n                <!--single-->\n            <a data-no-swup class=\"c-lightbox-gallery__single js-lightbox-single\"\n               href=\"https:\/\/www.predsjednik.hr\/wp-content\/uploads\/2021\/10\/DSC_3743-1024x683.jpg\"\n               style=\"background-image: url('https:\/\/www.predsjednik.hr\/wp-content\/uploads\/2021\/10\/DSC_3743-768x512.jpg')\"><\/a>\n            <!--end single-->\n                    <!--single-->\n            <a data-no-swup class=\"c-lightbox-gallery__single js-lightbox-single\"\n               href=\"https:\/\/www.predsjednik.hr\/wp-content\/uploads\/2021\/10\/DSC_3759-1024x576.jpg\"\n               style=\"background-image: url('https:\/\/www.predsjednik.hr\/wp-content\/uploads\/2021\/10\/DSC_3759-768x432.jpg')\"><\/a>\n            <!--end single-->\n                    <!--single-->\n            <a data-no-swup class=\"c-lightbox-gallery__single js-lightbox-single\"\n               href=\"https:\/\/www.predsjednik.hr\/wp-content\/uploads\/2021\/10\/DSC_3795-1024x683.jpg\"\n               style=\"background-image: url('https:\/\/www.predsjednik.hr\/wp-content\/uploads\/2021\/10\/DSC_3795-768x512.jpg')\"><\/a>\n            <!--end single-->\n                    <!--single-->\n            <a data-no-swup class=\"c-lightbox-gallery__single js-lightbox-single\"\n               href=\"https:\/\/www.predsjednik.hr\/wp-content\/uploads\/2021\/10\/DSC_3799-1024x576.jpg\"\n               style=\"background-image: url('https:\/\/www.predsjednik.hr\/wp-content\/uploads\/2021\/10\/DSC_3799-768x432.jpg')\"><\/a>\n            <!--end single-->\n                    <!--single-->\n            <a data-no-swup class=\"c-lightbox-gallery__single js-lightbox-single\"\n               href=\"https:\/\/www.predsjednik.hr\/wp-content\/uploads\/2021\/10\/DSC_3803-1024x576.jpg\"\n               style=\"background-image: url('https:\/\/www.predsjednik.hr\/wp-content\/uploads\/2021\/10\/DSC_3803-768x432.jpg')\"><\/a>\n            <!--end single-->\n                    <!--single-->\n            <a data-no-swup class=\"c-lightbox-gallery__single js-lightbox-single\"\n               href=\"https:\/\/www.predsjednik.hr\/wp-content\/uploads\/2021\/10\/DSC_3816-1024x576.jpg\"\n               style=\"background-image: url('https:\/\/www.predsjednik.hr\/wp-content\/uploads\/2021\/10\/DSC_3816-768x432.jpg')\"><\/a>\n            <!--end single-->\n                    <!--single-->\n            <a data-no-swup class=\"c-lightbox-gallery__single js-lightbox-single\"\n               href=\"https:\/\/www.predsjednik.hr\/wp-content\/uploads\/2021\/10\/DSC_3880-1024x683.jpg\"\n               style=\"background-image: url('https:\/\/www.predsjednik.hr\/wp-content\/uploads\/2021\/10\/DSC_3880-768x512.jpg')\"><\/a>\n            <!--end single-->\n                    <!--single-->\n            <a data-no-swup class=\"c-lightbox-gallery__single js-lightbox-single\"\n               href=\"https:\/\/www.predsjednik.hr\/wp-content\/uploads\/2021\/10\/DSC_3856-1024x683.jpg\"\n               style=\"background-image: url('https:\/\/www.predsjednik.hr\/wp-content\/uploads\/2021\/10\/DSC_3856-768x512.jpg')\"><\/a>\n            <!--end single-->\n                    <!--single-->\n            <a data-no-swup class=\"c-lightbox-gallery__single js-lightbox-single\"\n               href=\"https:\/\/www.predsjednik.hr\/wp-content\/uploads\/2021\/10\/DSC_3892-1024x683.jpg\"\n               style=\"background-image: url('https:\/\/www.predsjednik.hr\/wp-content\/uploads\/2021\/10\/DSC_3892-768x512.jpg')\"><\/a>\n            <!--end single-->\n        <\/div>\n<!--end GALLERY BLOCK-->\n\n\n\n<p>PHOTO: Office of the President of the Republic of Croatia \/ Filip Glas<\/p>\n","protected":false},"excerpt":{"rendered":"<p>The President of the Republic and Commander in Chief of the Croatian Armed Forces Zoran Milanovi\u0107 attended a ceremony in the town of Delnice marking the 30th anniversary of the formation of the \u201cGoranski risovi\u201d 138th Croatian Army Brigade, where he told the members of the brigade to be proud of what they have achieved and safeguarded.<\/p>\n","protected":false},"featured_media":13306,"template":"","news-cat":[12],"class_list":["post-13320","news","type-news","status-publish","has-post-thumbnail","hentry","news-cat-news"],"acf":[],"yoast_head":"<!-- This site is optimized with the Yoast SEO plugin v27.5 - https:\/\/yoast.com\/product\/yoast-seo-wordpress\/ -->\n<title>President Milanovi\u0107 Attends Ceremony in Delnice Marking 30th Anniversary of \u201cGoranski risovi\u201d 138th Brigade Formation - President of the Republic of Croatia - Zoran Milanovi\u0107<\/title>\n<meta name=\"robots\" content=\"index, follow, max-snippet:-1, max-image-preview:large, max-video-preview:-1\" \/>\n<link rel=\"canonical\" href=\"https:\/\/www.predsjednik.hr\/en\/news\/president-milanovic-attends-ceremony-in-delnice-marking-30th-anniversary-of-goranski-risovi-138th-brigade-formation\/\" \/>\n<meta property=\"og:locale\" content=\"en_US\" \/>\n<meta property=\"og:type\" content=\"article\" \/>\n<meta property=\"og:title\" content=\"President Milanovi\u0107 Attends Ceremony in Delnice Marking 30th Anniversary of \u201cGoranski risovi\u201d 138th Brigade Formation - President of the Republic of Croatia - Zoran Milanovi\u0107\" \/>\n<meta property=\"og:description\" content=\"The President of the Republic and Commander in Chief of the Croatian Armed Forces Zoran Milanovi\u0107 attended a ceremony in the town of Delnice marking the 30th anniversary of the formation of the \u201cGoranski risovi\u201d 138th Croatian Army Brigade, where he told the members of the brigade to be proud of what they have achieved and safeguarded.\" \/>\n<meta property=\"og:url\" content=\"https:\/\/www.predsjednik.hr\/en\/news\/president-milanovic-attends-ceremony-in-delnice-marking-30th-anniversary-of-goranski-risovi-138th-brigade-formation\/\" \/>\n<meta property=\"og:site_name\" content=\"President of the Republic of Croatia - Zoran Milanovi\u0107\" \/>\n<meta property=\"article:modified_time\" content=\"2021-10-28T14:31:38+00:00\" \/>\n<meta property=\"og:image\" content=\"https:\/\/www.predsjednik.hr\/wp-content\/uploads\/2021\/10\/DSC_3799.jpg\" \/>\n\t<meta property=\"og:image:width\" content=\"3715\" \/>\n\t<meta property=\"og:image:height\" content=\"2090\" \/>\n\t<meta property=\"og:image:type\" content=\"image\/jpeg\" \/>\n<meta name=\"twitter:card\" content=\"summary_large_image\" \/>\n<meta name=\"twitter:label1\" content=\"Est. reading time\" \/>\n\t<meta name=\"twitter:data1\" content=\"4 minutes\" \/>\n<script type=\"application\/ld+json\" class=\"yoast-schema-graph\">{\"@context\":\"https:\\\/\\\/schema.org\",\"@graph\":[{\"@type\":\"WebPage\",\"@id\":\"https:\\\/\\\/www.predsjednik.hr\\\/en\\\/news\\\/president-milanovic-attends-ceremony-in-delnice-marking-30th-anniversary-of-goranski-risovi-138th-brigade-formation\\\/\",\"url\":\"https:\\\/\\\/www.predsjednik.hr\\\/en\\\/news\\\/president-milanovic-attends-ceremony-in-delnice-marking-30th-anniversary-of-goranski-risovi-138th-brigade-formation\\\/\",\"name\":\"President Milanovi\u0107 Attends Ceremony in Delnice Marking 30th Anniversary of \u201cGoranski risovi\u201d 138th Brigade Formation - President of the Republic of Croatia - Zoran Milanovi\u0107\",\"isPartOf\":{\"@id\":\"https:\\\/\\\/www.predsjednik.hr\\\/en\\\/#website\"},\"primaryImageOfPage\":{\"@id\":\"https:\\\/\\\/www.predsjednik.hr\\\/en\\\/news\\\/president-milanovic-attends-ceremony-in-delnice-marking-30th-anniversary-of-goranski-risovi-138th-brigade-formation\\\/#primaryimage\"},\"image\":{\"@id\":\"https:\\\/\\\/www.predsjednik.hr\\\/en\\\/news\\\/president-milanovic-attends-ceremony-in-delnice-marking-30th-anniversary-of-goranski-risovi-138th-brigade-formation\\\/#primaryimage\"},\"thumbnailUrl\":\"https:\\\/\\\/www.predsjednik.hr\\\/wp-content\\\/uploads\\\/2021\\\/10\\\/DSC_3799.jpg\",\"datePublished\":\"2021-10-28T14:31:34+00:00\",\"dateModified\":\"2021-10-28T14:31:38+00:00\",\"breadcrumb\":{\"@id\":\"https:\\\/\\\/www.predsjednik.hr\\\/en\\\/news\\\/president-milanovic-attends-ceremony-in-delnice-marking-30th-anniversary-of-goranski-risovi-138th-brigade-formation\\\/#breadcrumb\"},\"inLanguage\":\"en-US\",\"potentialAction\":[{\"@type\":\"ReadAction\",\"target\":[\"https:\\\/\\\/www.predsjednik.hr\\\/en\\\/news\\\/president-milanovic-attends-ceremony-in-delnice-marking-30th-anniversary-of-goranski-risovi-138th-brigade-formation\\\/\"]}]},{\"@type\":\"ImageObject\",\"inLanguage\":\"en-US\",\"@id\":\"https:\\\/\\\/www.predsjednik.hr\\\/en\\\/news\\\/president-milanovic-attends-ceremony-in-delnice-marking-30th-anniversary-of-goranski-risovi-138th-brigade-formation\\\/#primaryimage\",\"url\":\"https:\\\/\\\/www.predsjednik.hr\\\/wp-content\\\/uploads\\\/2021\\\/10\\\/DSC_3799.jpg\",\"contentUrl\":\"https:\\\/\\\/www.predsjednik.hr\\\/wp-content\\\/uploads\\\/2021\\\/10\\\/DSC_3799.jpg\",\"width\":3715,\"height\":2090,\"caption\":\"President Milanovi\u0107 Attends Ceremony in Delnice Marking 30th Anniversary of \u201cGoranski risovi\u201d 138th Brigade Formation\"},{\"@type\":\"BreadcrumbList\",\"@id\":\"https:\\\/\\\/www.predsjednik.hr\\\/en\\\/news\\\/president-milanovic-attends-ceremony-in-delnice-marking-30th-anniversary-of-goranski-risovi-138th-brigade-formation\\\/#breadcrumb\",\"itemListElement\":[{\"@type\":\"ListItem\",\"position\":1,\"name\":\"Home\",\"item\":\"https:\\\/\\\/www.predsjednik.hr\\\/en\\\/\"},{\"@type\":\"ListItem\",\"position\":2,\"name\":\"Vijesti\",\"item\":\"https:\\\/\\\/www.predsjednik.hr\\\/en\\\/news\\\/\"},{\"@type\":\"ListItem\",\"position\":3,\"name\":\"President Milanovi\u0107 Attends Ceremony in Delnice Marking 30th Anniversary of \u201cGoranski risovi\u201d 138th Brigade Formation\"}]},{\"@type\":\"WebSite\",\"@id\":\"https:\\\/\\\/www.predsjednik.hr\\\/en\\\/#website\",\"url\":\"https:\\\/\\\/www.predsjednik.hr\\\/en\\\/\",\"name\":\"President of the Republic of Croatia - Zoran Milanovi\u0107\",\"description\":\"Just another WordPress site\",\"potentialAction\":[{\"@type\":\"SearchAction\",\"target\":{\"@type\":\"EntryPoint\",\"urlTemplate\":\"https:\\\/\\\/www.predsjednik.hr\\\/en\\\/?s={search_term_string}\"},\"query-input\":{\"@type\":\"PropertyValueSpecification\",\"valueRequired\":true,\"valueName\":\"search_term_string\"}}],\"inLanguage\":\"en-US\"}]}<\/script>\n<!-- \/ Yoast SEO plugin. -->","yoast_head_json":{"title":"President Milanovi\u0107 Attends Ceremony in Delnice Marking 30th Anniversary of \u201cGoranski risovi\u201d 138th Brigade Formation - President of the Republic of Croatia - Zoran Milanovi\u0107","robots":{"index":"index","follow":"follow","max-snippet":"max-snippet:-1","max-image-preview":"max-image-preview:large","max-video-preview":"max-video-preview:-1"},"canonical":"https:\/\/www.predsjednik.hr\/en\/news\/president-milanovic-attends-ceremony-in-delnice-marking-30th-anniversary-of-goranski-risovi-138th-brigade-formation\/","og_locale":"en_US","og_type":"article","og_title":"President Milanovi\u0107 Attends Ceremony in Delnice Marking 30th Anniversary of \u201cGoranski risovi\u201d 138th Brigade Formation - President of the Republic of Croatia - Zoran Milanovi\u0107","og_description":"The President of the Republic and Commander in Chief of the Croatian Armed Forces Zoran Milanovi\u0107 attended a ceremony in the town of Delnice marking the 30th anniversary of the formation of the \u201cGoranski risovi\u201d 138th Croatian Army Brigade, where he told the members of the brigade to be proud of what they have achieved and safeguarded.","og_url":"https:\/\/www.predsjednik.hr\/en\/news\/president-milanovic-attends-ceremony-in-delnice-marking-30th-anniversary-of-goranski-risovi-138th-brigade-formation\/","og_site_name":"President of the Republic of Croatia - Zoran Milanovi\u0107","article_modified_time":"2021-10-28T14:31:38+00:00","og_image":[{"width":3715,"height":2090,"url":"https:\/\/www.predsjednik.hr\/wp-content\/uploads\/2021\/10\/DSC_3799.jpg","type":"image\/jpeg"}],"twitter_card":"summary_large_image","twitter_misc":{"Est. reading time":"4 minutes"},"schema":{"@context":"https:\/\/schema.org","@graph":[{"@type":"WebPage","@id":"https:\/\/www.predsjednik.hr\/en\/news\/president-milanovic-attends-ceremony-in-delnice-marking-30th-anniversary-of-goranski-risovi-138th-brigade-formation\/","url":"https:\/\/www.predsjednik.hr\/en\/news\/president-milanovic-attends-ceremony-in-delnice-marking-30th-anniversary-of-goranski-risovi-138th-brigade-formation\/","name":"President Milanovi\u0107 Attends Ceremony in Delnice Marking 30th Anniversary of \u201cGoranski risovi\u201d 138th Brigade Formation - President of the Republic of Croatia - Zoran Milanovi\u0107","isPartOf":{"@id":"https:\/\/www.predsjednik.hr\/en\/#website"},"primaryImageOfPage":{"@id":"https:\/\/www.predsjednik.hr\/en\/news\/president-milanovic-attends-ceremony-in-delnice-marking-30th-anniversary-of-goranski-risovi-138th-brigade-formation\/#primaryimage"},"image":{"@id":"https:\/\/www.predsjednik.hr\/en\/news\/president-milanovic-attends-ceremony-in-delnice-marking-30th-anniversary-of-goranski-risovi-138th-brigade-formation\/#primaryimage"},"thumbnailUrl":"https:\/\/www.predsjednik.hr\/wp-content\/uploads\/2021\/10\/DSC_3799.jpg","datePublished":"2021-10-28T14:31:34+00:00","dateModified":"2021-10-28T14:31:38+00:00","breadcrumb":{"@id":"https:\/\/www.predsjednik.hr\/en\/news\/president-milanovic-attends-ceremony-in-delnice-marking-30th-anniversary-of-goranski-risovi-138th-brigade-formation\/#breadcrumb"},"inLanguage":"en-US","potentialAction":[{"@type":"ReadAction","target":["https:\/\/www.predsjednik.hr\/en\/news\/president-milanovic-attends-ceremony-in-delnice-marking-30th-anniversary-of-goranski-risovi-138th-brigade-formation\/"]}]},{"@type":"ImageObject","inLanguage":"en-US","@id":"https:\/\/www.predsjednik.hr\/en\/news\/president-milanovic-attends-ceremony-in-delnice-marking-30th-anniversary-of-goranski-risovi-138th-brigade-formation\/#primaryimage","url":"https:\/\/www.predsjednik.hr\/wp-content\/uploads\/2021\/10\/DSC_3799.jpg","contentUrl":"https:\/\/www.predsjednik.hr\/wp-content\/uploads\/2021\/10\/DSC_3799.jpg","width":3715,"height":2090,"caption":"President Milanovi\u0107 Attends Ceremony in Delnice Marking 30th Anniversary of \u201cGoranski risovi\u201d 138th Brigade Formation"},{"@type":"BreadcrumbList","@id":"https:\/\/www.predsjednik.hr\/en\/news\/president-milanovic-attends-ceremony-in-delnice-marking-30th-anniversary-of-goranski-risovi-138th-brigade-formation\/#breadcrumb","itemListElement":[{"@type":"ListItem","position":1,"name":"Home","item":"https:\/\/www.predsjednik.hr\/en\/"},{"@type":"ListItem","position":2,"name":"Vijesti","item":"https:\/\/www.predsjednik.hr\/en\/news\/"},{"@type":"ListItem","position":3,"name":"President Milanovi\u0107 Attends Ceremony in Delnice Marking 30th Anniversary of \u201cGoranski risovi\u201d 138th Brigade Formation"}]},{"@type":"WebSite","@id":"https:\/\/www.predsjednik.hr\/en\/#website","url":"https:\/\/www.predsjednik.hr\/en\/","name":"President of the Republic of Croatia - Zoran Milanovi\u0107","description":"Just another WordPress site","potentialAction":[{"@type":"SearchAction","target":{"@type":"EntryPoint","urlTemplate":"https:\/\/www.predsjednik.hr\/en\/?s={search_term_string}"},"query-input":{"@type":"PropertyValueSpecification","valueRequired":true,"valueName":"search_term_string"}}],"inLanguage":"en-US"}]}},"_links":{"self":[{"href":"https:\/\/www.predsjednik.hr\/en\/wp-json\/wp\/v2\/news\/13320","targetHints":{"allow":["GET"]}}],"collection":[{"href":"https:\/\/www.predsjednik.hr\/en\/wp-json\/wp\/v2\/news"}],"about":[{"href":"https:\/\/www.predsjednik.hr\/en\/wp-json\/wp\/v2\/types\/news"}],"wp:featuredmedia":[{"embeddable":true,"href":"https:\/\/www.predsjednik.hr\/en\/wp-json\/wp\/v2\/media\/13306"}],"wp:attachment":[{"href":"https:\/\/www.predsjednik.hr\/en\/wp-json\/wp\/v2\/media?parent=13320"}],"wp:term":[{"taxonomy":"news-cat","embeddable":true,"href":"https:\/\/www.predsjednik.hr\/en\/wp-json\/wp\/v2\/news-cat?post=13320"}],"curies":[{"name":"wp","href":"https:\/\/api.w.org\/{rel}","templated":true}]}}