{"id":13321,"date":"2021-10-28T16:33:22","date_gmt":"2021-10-28T14:33:22","guid":{"rendered":"https:\/\/www.predsjednik.hr\/?post_type=news&#038;p=13321"},"modified":"2021-10-28T16:33:24","modified_gmt":"2021-10-28T14:33:24","slug":"president-milanovic-as-long-as-i-am-president-and-commander-in-chief-no-one-will-harass-soldiers-for-politicking-purposes","status":"publish","type":"news","link":"https:\/\/www.predsjednik.hr\/en\/news\/president-milanovic-as-long-as-i-am-president-and-commander-in-chief-no-one-will-harass-soldiers-for-politicking-purposes\/","title":{"rendered":"President Milanovi\u0107: As long as I am President and Commander in Chief no one will harass soldiers for politicking purposes"},"content":{"rendered":"\n<p>The President of the Republic Zoran Milanovi\u0107 commented today in Delnice on the decision that classes will not be held in schools next week on account of the epidemiological situation, saying that it won\u2019t help. \u201cThe people getting sick are those who aren\u2019t vaccinated and I regret that. I urge people to get vaccinated, to help themselves, but we must avoid another lockdown because some people do not want to get vaccinated. I sympathize somewhat, and I understand, but this situation is much more different than a year ago\u201d, the President stated.<\/p>\n\n\n\n<p>\u201cThe children have to go to school and they should get vaccinated. I am aware that there are all kinds of views of parents. Schools have to continue working. Should the numbers of more serious patients grow and the intensive care units cannot accept them, then special hospitals should reopen. There are ways, but the problem we are facing at the moment is totally different than last year\u201d, he added.<\/p>\n\n\n\n<p>Regarding the decision to raise the minimum wage, he told the press that it is fine, but that many more things should be increased, and should be considered. \u201cI hope this is not a popular gimmick but part of a well-thought policy. We were in a difficult situation, economic recovery is sluggish, among the slowest in Europe, we absorb the funds poorly and that\u2019s the solution to the problem \u2013 to be aggressive in attacking the European funds\u201d, President Milanovi\u0107 said.<\/p>\n\n\n\n<p>The President also commented on the meeting with Milorad Dodik, saying that they discussed getting together as representatives of the peoples, he, Dragan \u010covi\u0107 and Bakir Izetbegovi\u0107, and to try to discuss with \u201csome support from me, Aleksandar Vu\u010di\u0107 and President Ergo\u011fan, whom I considered contacting and for whom I am confident he would accept\u201d. \u201cHowever, at this time Mr. Bakir Izetbegovi\u0107 is showing some reserve, and he should explain why. This kind of diverse mediators, envoys leads nowhere. I spoke with Dodik as the representative of the Serbian people\u201d, President Milanovi\u0107 explained.<\/p>\n\n\n\n<p>Asked whether he agreed on a meeting of the Defense Council with Prime Minister Plenkovi\u0107, President Milanovi\u0107 replied that he has accepted one of the suggested dates. \u201cHe proposed a number of other topics for the meeting, the guidelines will be finalized by then. The main issue at this time is to convene a meeting of the Defense Council, before the budget is adopted. The fighter jets are not everything. The Croatian Army is the key element, and it must not lack in the things it is lacking because of neglect or amateurism\u201d, the President said.<\/p>\n\n\n\n<p>President Milanovi\u0107 was asked about the use of drugs in the army. \u201cI will consider irresponsible all the commanders who do not pay serious attention to this. This could happen once, but now it is a warning, and it must never happen again, and there must not be people especially in the military who deal drugs\u201d, the President answered.<\/p>\n\n\n\n<p>He characterized Prime Minister Plenkovi\u0107\u2019s behaviour as childish regarding the issue of the retirement of colonel Elvis Bur\u010dul, because he said that he would not interfere in the matter. \u201cHe will have to talk to his prot\u00e9g\u00e9. That man has his guardian who is Andrej Plenkovi\u0107. He will have to settle this with his prot\u00e9g\u00e9. If someone decides to play politics, we know what happens, what Mesi\u0107 did in 2001, but this has not happened since. For me, a soldier is a soldier, committed to a difficult job, retirement conditions are clear, and as long as I am President and Commander in Chief of the Armed Forces, no one will be harassed by petty politicians, therefore this is a problem that cannot be solved by the minister but has to be solved by Plenkovi\u0107. He may not find it important, but one day he will wake up and there won\u2019t be a bora or a south wind, but a tempest in his head\u201d, President Milanovi\u0107 stated.<\/p>\n","protected":false},"excerpt":{"rendered":"<p>&#8220;For me, a soldier is a soldier, committed to a difficult job, retirement conditions are clear, and as long as I am President and Commander in Chief of the Armed Forces, no one will be harassed by petty politicians, therefore this is a problem that cannot be solved by the minister but has to be solved by Plenkovi\u0107. He may not find it important, but one day he will wake up and there won\u2019t be a bora or a south wind, but a tempest in his head\u201d, President Milanovi\u0107 stated.<\/p>\n","protected":false},"featured_media":13319,"template":"","news-cat":[12],"class_list":["post-13321","news","type-news","status-publish","has-post-thumbnail","hentry","news-cat-news"],"acf":[],"yoast_head":"<!-- This site is optimized with the Yoast SEO plugin v27.5 - https:\/\/yoast.com\/product\/yoast-seo-wordpress\/ -->\n<title>President Milanovi\u0107: As long as I am President and Commander in Chief no one will harass soldiers for politicking purposes - President of the Republic of Croatia - Zoran Milanovi\u0107<\/title>\n<meta name=\"robots\" content=\"index, follow, max-snippet:-1, max-image-preview:large, max-video-preview:-1\" \/>\n<link rel=\"canonical\" href=\"https:\/\/www.predsjednik.hr\/en\/news\/president-milanovic-as-long-as-i-am-president-and-commander-in-chief-no-one-will-harass-soldiers-for-politicking-purposes\/\" \/>\n<meta property=\"og:locale\" content=\"en_US\" \/>\n<meta property=\"og:type\" content=\"article\" \/>\n<meta property=\"og:title\" content=\"President Milanovi\u0107: As long as I am President and Commander in Chief no one will harass soldiers for politicking purposes - President of the Republic of Croatia - Zoran Milanovi\u0107\" \/>\n<meta property=\"og:description\" content=\"&quot;For me, a soldier is a soldier, committed to a difficult job, retirement conditions are clear, and as long as I am President and Commander in Chief of the Armed Forces, no one will be harassed by petty politicians, therefore this is a problem that cannot be solved by the minister but has to be solved by Plenkovi\u0107. He may not find it important, but one day he will wake up and there won\u2019t be a bora or a south wind, but a tempest in his head\u201d, President Milanovi\u0107 stated.\" \/>\n<meta property=\"og:url\" content=\"https:\/\/www.predsjednik.hr\/en\/news\/president-milanovic-as-long-as-i-am-president-and-commander-in-chief-no-one-will-harass-soldiers-for-politicking-purposes\/\" \/>\n<meta property=\"og:site_name\" content=\"President of the Republic of Croatia - Zoran Milanovi\u0107\" \/>\n<meta property=\"article:modified_time\" content=\"2021-10-28T14:33:24+00:00\" \/>\n<meta property=\"og:image\" content=\"https:\/\/www.predsjednik.hr\/wp-content\/uploads\/2021\/10\/DSC_3914.jpg\" \/>\n\t<meta property=\"og:image:width\" content=\"4096\" \/>\n\t<meta property=\"og:image:height\" content=\"2731\" \/>\n\t<meta property=\"og:image:type\" content=\"image\/jpeg\" \/>\n<meta name=\"twitter:card\" content=\"summary_large_image\" \/>\n<meta name=\"twitter:label1\" content=\"Est. reading time\" \/>\n\t<meta name=\"twitter:data1\" content=\"3 minutes\" \/>\n<script type=\"application\/ld+json\" class=\"yoast-schema-graph\">{\"@context\":\"https:\\\/\\\/schema.org\",\"@graph\":[{\"@type\":\"WebPage\",\"@id\":\"https:\\\/\\\/www.predsjednik.hr\\\/en\\\/news\\\/president-milanovic-as-long-as-i-am-president-and-commander-in-chief-no-one-will-harass-soldiers-for-politicking-purposes\\\/\",\"url\":\"https:\\\/\\\/www.predsjednik.hr\\\/en\\\/news\\\/president-milanovic-as-long-as-i-am-president-and-commander-in-chief-no-one-will-harass-soldiers-for-politicking-purposes\\\/\",\"name\":\"President Milanovi\u0107: As long as I am President and Commander in Chief no one will harass soldiers for politicking purposes - President of the Republic of Croatia - Zoran Milanovi\u0107\",\"isPartOf\":{\"@id\":\"https:\\\/\\\/www.predsjednik.hr\\\/en\\\/#website\"},\"primaryImageOfPage\":{\"@id\":\"https:\\\/\\\/www.predsjednik.hr\\\/en\\\/news\\\/president-milanovic-as-long-as-i-am-president-and-commander-in-chief-no-one-will-harass-soldiers-for-politicking-purposes\\\/#primaryimage\"},\"image\":{\"@id\":\"https:\\\/\\\/www.predsjednik.hr\\\/en\\\/news\\\/president-milanovic-as-long-as-i-am-president-and-commander-in-chief-no-one-will-harass-soldiers-for-politicking-purposes\\\/#primaryimage\"},\"thumbnailUrl\":\"https:\\\/\\\/www.predsjednik.hr\\\/wp-content\\\/uploads\\\/2021\\\/10\\\/DSC_3914.jpg\",\"datePublished\":\"2021-10-28T14:33:22+00:00\",\"dateModified\":\"2021-10-28T14:33:24+00:00\",\"breadcrumb\":{\"@id\":\"https:\\\/\\\/www.predsjednik.hr\\\/en\\\/news\\\/president-milanovic-as-long-as-i-am-president-and-commander-in-chief-no-one-will-harass-soldiers-for-politicking-purposes\\\/#breadcrumb\"},\"inLanguage\":\"en-US\",\"potentialAction\":[{\"@type\":\"ReadAction\",\"target\":[\"https:\\\/\\\/www.predsjednik.hr\\\/en\\\/news\\\/president-milanovic-as-long-as-i-am-president-and-commander-in-chief-no-one-will-harass-soldiers-for-politicking-purposes\\\/\"]}]},{\"@type\":\"ImageObject\",\"inLanguage\":\"en-US\",\"@id\":\"https:\\\/\\\/www.predsjednik.hr\\\/en\\\/news\\\/president-milanovic-as-long-as-i-am-president-and-commander-in-chief-no-one-will-harass-soldiers-for-politicking-purposes\\\/#primaryimage\",\"url\":\"https:\\\/\\\/www.predsjednik.hr\\\/wp-content\\\/uploads\\\/2021\\\/10\\\/DSC_3914.jpg\",\"contentUrl\":\"https:\\\/\\\/www.predsjednik.hr\\\/wp-content\\\/uploads\\\/2021\\\/10\\\/DSC_3914.jpg\",\"width\":4096,\"height\":2731},{\"@type\":\"BreadcrumbList\",\"@id\":\"https:\\\/\\\/www.predsjednik.hr\\\/en\\\/news\\\/president-milanovic-as-long-as-i-am-president-and-commander-in-chief-no-one-will-harass-soldiers-for-politicking-purposes\\\/#breadcrumb\",\"itemListElement\":[{\"@type\":\"ListItem\",\"position\":1,\"name\":\"Home\",\"item\":\"https:\\\/\\\/www.predsjednik.hr\\\/en\\\/\"},{\"@type\":\"ListItem\",\"position\":2,\"name\":\"Vijesti\",\"item\":\"https:\\\/\\\/www.predsjednik.hr\\\/en\\\/news\\\/\"},{\"@type\":\"ListItem\",\"position\":3,\"name\":\"President Milanovi\u0107: As long as I am President and Commander in Chief no one will harass soldiers for politicking purposes\"}]},{\"@type\":\"WebSite\",\"@id\":\"https:\\\/\\\/www.predsjednik.hr\\\/en\\\/#website\",\"url\":\"https:\\\/\\\/www.predsjednik.hr\\\/en\\\/\",\"name\":\"President of the Republic of Croatia - Zoran Milanovi\u0107\",\"description\":\"Just another WordPress site\",\"potentialAction\":[{\"@type\":\"SearchAction\",\"target\":{\"@type\":\"EntryPoint\",\"urlTemplate\":\"https:\\\/\\\/www.predsjednik.hr\\\/en\\\/?s={search_term_string}\"},\"query-input\":{\"@type\":\"PropertyValueSpecification\",\"valueRequired\":true,\"valueName\":\"search_term_string\"}}],\"inLanguage\":\"en-US\"}]}<\/script>\n<!-- \/ Yoast SEO plugin. -->","yoast_head_json":{"title":"President Milanovi\u0107: As long as I am President and Commander in Chief no one will harass soldiers for politicking purposes - President of the Republic of Croatia - Zoran Milanovi\u0107","robots":{"index":"index","follow":"follow","max-snippet":"max-snippet:-1","max-image-preview":"max-image-preview:large","max-video-preview":"max-video-preview:-1"},"canonical":"https:\/\/www.predsjednik.hr\/en\/news\/president-milanovic-as-long-as-i-am-president-and-commander-in-chief-no-one-will-harass-soldiers-for-politicking-purposes\/","og_locale":"en_US","og_type":"article","og_title":"President Milanovi\u0107: As long as I am President and Commander in Chief no one will harass soldiers for politicking purposes - President of the Republic of Croatia - Zoran Milanovi\u0107","og_description":"\"For me, a soldier is a soldier, committed to a difficult job, retirement conditions are clear, and as long as I am President and Commander in Chief of the Armed Forces, no one will be harassed by petty politicians, therefore this is a problem that cannot be solved by the minister but has to be solved by Plenkovi\u0107. He may not find it important, but one day he will wake up and there won\u2019t be a bora or a south wind, but a tempest in his head\u201d, President Milanovi\u0107 stated.","og_url":"https:\/\/www.predsjednik.hr\/en\/news\/president-milanovic-as-long-as-i-am-president-and-commander-in-chief-no-one-will-harass-soldiers-for-politicking-purposes\/","og_site_name":"President of the Republic of Croatia - Zoran Milanovi\u0107","article_modified_time":"2021-10-28T14:33:24+00:00","og_image":[{"width":4096,"height":2731,"url":"https:\/\/www.predsjednik.hr\/wp-content\/uploads\/2021\/10\/DSC_3914.jpg","type":"image\/jpeg"}],"twitter_card":"summary_large_image","twitter_misc":{"Est. reading time":"3 minutes"},"schema":{"@context":"https:\/\/schema.org","@graph":[{"@type":"WebPage","@id":"https:\/\/www.predsjednik.hr\/en\/news\/president-milanovic-as-long-as-i-am-president-and-commander-in-chief-no-one-will-harass-soldiers-for-politicking-purposes\/","url":"https:\/\/www.predsjednik.hr\/en\/news\/president-milanovic-as-long-as-i-am-president-and-commander-in-chief-no-one-will-harass-soldiers-for-politicking-purposes\/","name":"President Milanovi\u0107: As long as I am President and Commander in Chief no one will harass soldiers for politicking purposes - President of the Republic of Croatia - Zoran Milanovi\u0107","isPartOf":{"@id":"https:\/\/www.predsjednik.hr\/en\/#website"},"primaryImageOfPage":{"@id":"https:\/\/www.predsjednik.hr\/en\/news\/president-milanovic-as-long-as-i-am-president-and-commander-in-chief-no-one-will-harass-soldiers-for-politicking-purposes\/#primaryimage"},"image":{"@id":"https:\/\/www.predsjednik.hr\/en\/news\/president-milanovic-as-long-as-i-am-president-and-commander-in-chief-no-one-will-harass-soldiers-for-politicking-purposes\/#primaryimage"},"thumbnailUrl":"https:\/\/www.predsjednik.hr\/wp-content\/uploads\/2021\/10\/DSC_3914.jpg","datePublished":"2021-10-28T14:33:22+00:00","dateModified":"2021-10-28T14:33:24+00:00","breadcrumb":{"@id":"https:\/\/www.predsjednik.hr\/en\/news\/president-milanovic-as-long-as-i-am-president-and-commander-in-chief-no-one-will-harass-soldiers-for-politicking-purposes\/#breadcrumb"},"inLanguage":"en-US","potentialAction":[{"@type":"ReadAction","target":["https:\/\/www.predsjednik.hr\/en\/news\/president-milanovic-as-long-as-i-am-president-and-commander-in-chief-no-one-will-harass-soldiers-for-politicking-purposes\/"]}]},{"@type":"ImageObject","inLanguage":"en-US","@id":"https:\/\/www.predsjednik.hr\/en\/news\/president-milanovic-as-long-as-i-am-president-and-commander-in-chief-no-one-will-harass-soldiers-for-politicking-purposes\/#primaryimage","url":"https:\/\/www.predsjednik.hr\/wp-content\/uploads\/2021\/10\/DSC_3914.jpg","contentUrl":"https:\/\/www.predsjednik.hr\/wp-content\/uploads\/2021\/10\/DSC_3914.jpg","width":4096,"height":2731},{"@type":"BreadcrumbList","@id":"https:\/\/www.predsjednik.hr\/en\/news\/president-milanovic-as-long-as-i-am-president-and-commander-in-chief-no-one-will-harass-soldiers-for-politicking-purposes\/#breadcrumb","itemListElement":[{"@type":"ListItem","position":1,"name":"Home","item":"https:\/\/www.predsjednik.hr\/en\/"},{"@type":"ListItem","position":2,"name":"Vijesti","item":"https:\/\/www.predsjednik.hr\/en\/news\/"},{"@type":"ListItem","position":3,"name":"President Milanovi\u0107: As long as I am President and Commander in Chief no one will harass soldiers for politicking purposes"}]},{"@type":"WebSite","@id":"https:\/\/www.predsjednik.hr\/en\/#website","url":"https:\/\/www.predsjednik.hr\/en\/","name":"President of the Republic of Croatia - Zoran Milanovi\u0107","description":"Just another WordPress site","potentialAction":[{"@type":"SearchAction","target":{"@type":"EntryPoint","urlTemplate":"https:\/\/www.predsjednik.hr\/en\/?s={search_term_string}"},"query-input":{"@type":"PropertyValueSpecification","valueRequired":true,"valueName":"search_term_string"}}],"inLanguage":"en-US"}]}},"_links":{"self":[{"href":"https:\/\/www.predsjednik.hr\/en\/wp-json\/wp\/v2\/news\/13321","targetHints":{"allow":["GET"]}}],"collection":[{"href":"https:\/\/www.predsjednik.hr\/en\/wp-json\/wp\/v2\/news"}],"about":[{"href":"https:\/\/www.predsjednik.hr\/en\/wp-json\/wp\/v2\/types\/news"}],"wp:featuredmedia":[{"embeddable":true,"href":"https:\/\/www.predsjednik.hr\/en\/wp-json\/wp\/v2\/media\/13319"}],"wp:attachment":[{"href":"https:\/\/www.predsjednik.hr\/en\/wp-json\/wp\/v2\/media?parent=13321"}],"wp:term":[{"taxonomy":"news-cat","embeddable":true,"href":"https:\/\/www.predsjednik.hr\/en\/wp-json\/wp\/v2\/news-cat?post=13321"}],"curies":[{"name":"wp","href":"https:\/\/api.w.org\/{rel}","templated":true}]}}