{"id":13366,"date":"2021-10-29T15:03:43","date_gmt":"2021-10-29T13:03:43","guid":{"rendered":"https:\/\/www.predsjednik.hr\/?post_type=news&#038;p=13366"},"modified":"2021-10-29T15:03:45","modified_gmt":"2021-10-29T13:03:45","slug":"president-milanovic-attends-commemoration-of-30th-anniversary-of-operation-orkan-that-liberated-largest-part-of-western-slavonia","status":"publish","type":"news","link":"https:\/\/www.predsjednik.hr\/en\/news\/president-milanovic-attends-commemoration-of-30th-anniversary-of-operation-orkan-that-liberated-largest-part-of-western-slavonia\/","title":{"rendered":"President Milanovi\u0107 Attends Commemoration of 30th Anniversary of Operation \u201cOrkan\u201c that Liberated Largest Part of Western Slavonia"},"content":{"rendered":"\n<p>On the occasion of the 30<sup>th<\/sup> anniversary of the launch of the military operation \u201cOrkan\u201d, namely the beginning of the liberation of western Slavonia, the President of the Republic and Commander in Chief of the Croatian Armed Forces Zoran Milanovi\u0107 paid tribute to the fallen Croatian defenders at the Trokut-Novska Memorial.<\/p>\n\n\n\n<p>The military operation \u201cOrkan\u201d commenced on 29 October 1991 signalling the first significant victory of the Croatian army in the Homeland War, which liberated the largest part of western Slavonia. In his address at the commemoration honouring the memory of the Croatian defenders that perished during the liberation, President Milanovi\u0107 stated that thirty years after these decisive days of recent Croatian history things have become clearer. \u201cIt\u2019s like this early morning fog is dissipating, the curtain that covered the eyes of many in the past twenty years. What we are saying today, we are saying for the sake of our sons and daughters, our grandchildren, so that the role and importance of the Croatian defenders is not forgotten. And to convey the following message: Croatia shall not, cannot and must not forget you. She would be damned by history and our own souls if she did so\u201d, President Milanovi\u0107 stated.<\/p>\n\n\n\n<p>Speaking about the operation that liberated the largest part of western Slavonia and prevented plans to split Slavonia, President Milanovi\u0107 noted the lack of equipment and the large number of Croatian defenders killed. \u201cThe operation was launched with one or two combat sets in the equipment of those who fought on the front line, who were the bravest and whose lives were in danger. Three hundred and fifteen were killed \u2013 that\u2019s a huge number. The casualties aren\u2019t greater thanks to the intelligence and knowledge invested in the operation, your commanders of the time carried out their duty of professional commanders and soldiers in two ways: both as good organizers and as cautious and smart people aware of what was available and of the good and the damage they can do. Those are among the most difficult and challenging roles in which Croatian people found themselves in past decades\u201d, President Milanovi\u0107 underlined.<\/p>\n\n\n\n<p>He added that the operation began the day after the largest quantity of equipment and ammunition were returned to the Croatian authorities in Delnice. \u201cThis is a unique example of Croatian harmony and organization, and the beginning of something that Croatia then welcomed with certain disbelief because Vukovar fell two weeks later. What you accomplished here renewed the faith and enthusiasm of the Croatian people, of those who participated and of us who watched it from the comfort and safety of Zagreb, which was the great majority of Croatian people. And that small number of Croatian people, that small number of good, right people secured Croatia\u2019s defense\u201d, the President remarked.<\/p>\n\n\n\n<p>President Milanovi\u0107 also talked about military decorations, saying that as President and Commander in Chief he cannot institute decorations. \u201cThis is done by legislation. Two years ago my predecessor initiated it in good faith, and I am sure that Minister Medved and the Government are making every effort to bring it to fruition. I am aware of technical problems that exist\u201d, the President stated. He added that every liberating operation deserves to be highlighted on its own and observed with a medal. \u201cWe have to consider it carefully and see to it that no one is resentful, omitted or bitter after it is done. I am confident that we shall do it because it is something minor that can be done\u201d, he said.<\/p>\n\n\n\n<p>\u201cWe build big things by ourselves. We are in the European Union, we struggle with problems that are incomparably smaller and simpler than what a small group of young people had to do for Croatia thirty years ago. Our current problems are slight in relation to those of thirty years ago. How will things be thirty years from now, will we remember? This is a debt of gratitude of the Croatian people, the Croatian nation and all that which unites us, because neither blood, nor soil, nor a joint past binds us. A common spirit joins us, in the hardest of times that spirit was never evil, but good, holy. Croatia shall never forget you, you were faithful to the homeland, and we shall remain faithful to the homeland\u201d, President Milanovi\u0107 said in concluding his address.<\/p>\n\n\n\n<p>Speaking at the commemoration at the Trokut-Novska Memorial besides President Milanovi\u0107 was the wartime commander Rudi Stip\u010di\u0107, the Minister of Croatian Defenders and Deputy Prime Minister and Prime Minister\u2019s envoy Tomo Medved, and Sisak-Moslavina County Prefect and envoy of the Speaker of the Croatian Parliament Ivan Celjak. Accompanying President Milanovi\u0107 was his Special Adviser for Homeland War Veterans Marijan Marekovi\u0107.<\/p>\n\n\n<!--GALLERY BLOCK-->\n<div class=\"c-lightbox-gallery js-lightbox\">\n                <!--single-->\n            <a data-no-swup class=\"c-lightbox-gallery__single js-lightbox-single\"\n               href=\"https:\/\/www.predsjednik.hr\/wp-content\/uploads\/2021\/10\/DSC_3957-1-1024x576.jpg\"\n               style=\"background-image: url('https:\/\/www.predsjednik.hr\/wp-content\/uploads\/2021\/10\/DSC_3957-1-768x432.jpg')\"><\/a>\n            <!--end single-->\n                    <!--single-->\n            <a data-no-swup class=\"c-lightbox-gallery__single js-lightbox-single\"\n               href=\"https:\/\/www.predsjednik.hr\/wp-content\/uploads\/2021\/10\/DSC_3990-1-1024x576.jpg\"\n               style=\"background-image: url('https:\/\/www.predsjednik.hr\/wp-content\/uploads\/2021\/10\/DSC_3990-1-768x432.jpg')\"><\/a>\n            <!--end single-->\n                    <!--single-->\n            <a data-no-swup class=\"c-lightbox-gallery__single js-lightbox-single\"\n               href=\"https:\/\/www.predsjednik.hr\/wp-content\/uploads\/2021\/10\/DSC_4070-1024x732.jpg\"\n               style=\"background-image: url('https:\/\/www.predsjednik.hr\/wp-content\/uploads\/2021\/10\/DSC_4070-768x549.jpg')\"><\/a>\n            <!--end single-->\n                    <!--single-->\n            <a data-no-swup class=\"c-lightbox-gallery__single js-lightbox-single\"\n               href=\"https:\/\/www.predsjednik.hr\/wp-content\/uploads\/2021\/10\/DSC_4120-1024x576.jpg\"\n               style=\"background-image: url('https:\/\/www.predsjednik.hr\/wp-content\/uploads\/2021\/10\/DSC_4120-768x432.jpg')\"><\/a>\n            <!--end single-->\n                    <!--single-->\n            <a data-no-swup class=\"c-lightbox-gallery__single js-lightbox-single\"\n               href=\"https:\/\/www.predsjednik.hr\/wp-content\/uploads\/2021\/10\/DSC_4130-1024x576.jpg\"\n               style=\"background-image: url('https:\/\/www.predsjednik.hr\/wp-content\/uploads\/2021\/10\/DSC_4130-768x432.jpg')\"><\/a>\n            <!--end single-->\n                    <!--single-->\n            <a data-no-swup class=\"c-lightbox-gallery__single js-lightbox-single\"\n               href=\"https:\/\/www.predsjednik.hr\/wp-content\/uploads\/2021\/10\/DSC_4155-1024x576.jpg\"\n               style=\"background-image: url('https:\/\/www.predsjednik.hr\/wp-content\/uploads\/2021\/10\/DSC_4155-768x432.jpg')\"><\/a>\n            <!--end single-->\n                    <!--single-->\n            <a data-no-swup class=\"c-lightbox-gallery__single js-lightbox-single\"\n               href=\"https:\/\/www.predsjednik.hr\/wp-content\/uploads\/2021\/10\/DSC_4163-1024x576.jpg\"\n               style=\"background-image: url('https:\/\/www.predsjednik.hr\/wp-content\/uploads\/2021\/10\/DSC_4163-768x432.jpg')\"><\/a>\n            <!--end single-->\n                    <!--single-->\n            <a data-no-swup class=\"c-lightbox-gallery__single js-lightbox-single\"\n               href=\"https:\/\/www.predsjednik.hr\/wp-content\/uploads\/2021\/10\/DSC_4249-1-1024x576.jpg\"\n               style=\"background-image: url('https:\/\/www.predsjednik.hr\/wp-content\/uploads\/2021\/10\/DSC_4249-1-768x432.jpg')\"><\/a>\n            <!--end single-->\n                    <!--single-->\n            <a data-no-swup class=\"c-lightbox-gallery__single js-lightbox-single\"\n               href=\"https:\/\/www.predsjednik.hr\/wp-content\/uploads\/2021\/10\/DSC_4291-1-1024x576.jpg\"\n               style=\"background-image: url('https:\/\/www.predsjednik.hr\/wp-content\/uploads\/2021\/10\/DSC_4291-1-768x432.jpg')\"><\/a>\n            <!--end single-->\n                    <!--single-->\n            <a data-no-swup class=\"c-lightbox-gallery__single js-lightbox-single\"\n               href=\"https:\/\/www.predsjednik.hr\/wp-content\/uploads\/2021\/10\/DSC_4311-1024x576.jpg\"\n               style=\"background-image: url('https:\/\/www.predsjednik.hr\/wp-content\/uploads\/2021\/10\/DSC_4311-768x432.jpg')\"><\/a>\n            <!--end single-->\n                    <!--single-->\n            <a data-no-swup class=\"c-lightbox-gallery__single js-lightbox-single\"\n               href=\"https:\/\/www.predsjednik.hr\/wp-content\/uploads\/2021\/10\/DSC_4435-1024x576.jpg\"\n               style=\"background-image: url('https:\/\/www.predsjednik.hr\/wp-content\/uploads\/2021\/10\/DSC_4435-768x432.jpg')\"><\/a>\n            <!--end single-->\n                    <!--single-->\n            <a data-no-swup class=\"c-lightbox-gallery__single js-lightbox-single\"\n               href=\"https:\/\/www.predsjednik.hr\/wp-content\/uploads\/2021\/10\/DSC_4504-1024x576.jpg\"\n               style=\"background-image: url('https:\/\/www.predsjednik.hr\/wp-content\/uploads\/2021\/10\/DSC_4504-768x432.jpg')\"><\/a>\n            <!--end single-->\n                    <!--single-->\n            <a data-no-swup class=\"c-lightbox-gallery__single js-lightbox-single\"\n               href=\"https:\/\/www.predsjednik.hr\/wp-content\/uploads\/2021\/10\/DSC_4514-1024x576.jpg\"\n               style=\"background-image: url('https:\/\/www.predsjednik.hr\/wp-content\/uploads\/2021\/10\/DSC_4514-768x432.jpg')\"><\/a>\n            <!--end single-->\n                    <!--single-->\n            <a data-no-swup class=\"c-lightbox-gallery__single js-lightbox-single\"\n               href=\"https:\/\/www.predsjednik.hr\/wp-content\/uploads\/2021\/10\/DSC_4550-1024x731.jpg\"\n               style=\"background-image: url('https:\/\/www.predsjednik.hr\/wp-content\/uploads\/2021\/10\/DSC_4550-768x549.jpg')\"><\/a>\n            <!--end single-->\n        <\/div>\n<!--end GALLERY BLOCK-->\n\n\n\n<p>PHOTO: Office of the President of the Republic of Croatia \/ Marko Beljan<\/p>\n","protected":false},"excerpt":{"rendered":"<p>The military operation \u201cOrkan\u201d commenced on 29 October 1991 signalling the first significant victory of the Croatian army in the Homeland War, which liberated the largest part of western Slavonia. In his address at the commemoration honouring the memory of the Croatian defenders that perished during the liberation, President Milanovi\u0107 stated that thirty years after these decisive days of recent Croatian history things have become clearer. <\/p>\n","protected":false},"featured_media":13350,"template":"","news-cat":[12],"class_list":["post-13366","news","type-news","status-publish","has-post-thumbnail","hentry","news-cat-news"],"acf":[],"yoast_head":"<!-- This site is optimized with the Yoast SEO plugin v27.5 - https:\/\/yoast.com\/product\/yoast-seo-wordpress\/ -->\n<title>President Milanovi\u0107 Attends Commemoration of 30th Anniversary of Operation \u201cOrkan\u201c that Liberated Largest Part of Western Slavonia - President of the Republic of Croatia - Zoran Milanovi\u0107<\/title>\n<meta name=\"robots\" content=\"index, follow, max-snippet:-1, max-image-preview:large, max-video-preview:-1\" \/>\n<link rel=\"canonical\" href=\"https:\/\/www.predsjednik.hr\/en\/news\/president-milanovic-attends-commemoration-of-30th-anniversary-of-operation-orkan-that-liberated-largest-part-of-western-slavonia\/\" \/>\n<meta property=\"og:locale\" content=\"en_US\" \/>\n<meta property=\"og:type\" content=\"article\" \/>\n<meta property=\"og:title\" content=\"President Milanovi\u0107 Attends Commemoration of 30th Anniversary of Operation \u201cOrkan\u201c that Liberated Largest Part of Western Slavonia - President of the Republic of Croatia - Zoran Milanovi\u0107\" \/>\n<meta property=\"og:description\" content=\"The military operation \u201cOrkan\u201d commenced on 29 October 1991 signalling the first significant victory of the Croatian army in the Homeland War, which liberated the largest part of western Slavonia. In his address at the commemoration honouring the memory of the Croatian defenders that perished during the liberation, President Milanovi\u0107 stated that thirty years after these decisive days of recent Croatian history things have become clearer.\" \/>\n<meta property=\"og:url\" content=\"https:\/\/www.predsjednik.hr\/en\/news\/president-milanovic-attends-commemoration-of-30th-anniversary-of-operation-orkan-that-liberated-largest-part-of-western-slavonia\/\" \/>\n<meta property=\"og:site_name\" content=\"President of the Republic of Croatia - Zoran Milanovi\u0107\" \/>\n<meta property=\"article:modified_time\" content=\"2021-10-29T13:03:45+00:00\" \/>\n<meta property=\"og:image\" content=\"https:\/\/www.predsjednik.hr\/wp-content\/uploads\/2021\/10\/DSC_4514.jpg\" \/>\n\t<meta property=\"og:image:width\" content=\"4453\" \/>\n\t<meta property=\"og:image:height\" content=\"2505\" \/>\n\t<meta property=\"og:image:type\" content=\"image\/jpeg\" \/>\n<meta name=\"twitter:card\" content=\"summary_large_image\" \/>\n<meta name=\"twitter:label1\" content=\"Est. reading time\" \/>\n\t<meta name=\"twitter:data1\" content=\"4 minutes\" \/>\n<script type=\"application\/ld+json\" class=\"yoast-schema-graph\">{\"@context\":\"https:\\\/\\\/schema.org\",\"@graph\":[{\"@type\":\"WebPage\",\"@id\":\"https:\\\/\\\/www.predsjednik.hr\\\/en\\\/news\\\/president-milanovic-attends-commemoration-of-30th-anniversary-of-operation-orkan-that-liberated-largest-part-of-western-slavonia\\\/\",\"url\":\"https:\\\/\\\/www.predsjednik.hr\\\/en\\\/news\\\/president-milanovic-attends-commemoration-of-30th-anniversary-of-operation-orkan-that-liberated-largest-part-of-western-slavonia\\\/\",\"name\":\"President Milanovi\u0107 Attends Commemoration of 30th Anniversary of Operation \u201cOrkan\u201c that Liberated Largest Part of Western Slavonia - President of the Republic of Croatia - Zoran Milanovi\u0107\",\"isPartOf\":{\"@id\":\"https:\\\/\\\/www.predsjednik.hr\\\/en\\\/#website\"},\"primaryImageOfPage\":{\"@id\":\"https:\\\/\\\/www.predsjednik.hr\\\/en\\\/news\\\/president-milanovic-attends-commemoration-of-30th-anniversary-of-operation-orkan-that-liberated-largest-part-of-western-slavonia\\\/#primaryimage\"},\"image\":{\"@id\":\"https:\\\/\\\/www.predsjednik.hr\\\/en\\\/news\\\/president-milanovic-attends-commemoration-of-30th-anniversary-of-operation-orkan-that-liberated-largest-part-of-western-slavonia\\\/#primaryimage\"},\"thumbnailUrl\":\"https:\\\/\\\/www.predsjednik.hr\\\/wp-content\\\/uploads\\\/2021\\\/10\\\/DSC_4514.jpg\",\"datePublished\":\"2021-10-29T13:03:43+00:00\",\"dateModified\":\"2021-10-29T13:03:45+00:00\",\"breadcrumb\":{\"@id\":\"https:\\\/\\\/www.predsjednik.hr\\\/en\\\/news\\\/president-milanovic-attends-commemoration-of-30th-anniversary-of-operation-orkan-that-liberated-largest-part-of-western-slavonia\\\/#breadcrumb\"},\"inLanguage\":\"en-US\",\"potentialAction\":[{\"@type\":\"ReadAction\",\"target\":[\"https:\\\/\\\/www.predsjednik.hr\\\/en\\\/news\\\/president-milanovic-attends-commemoration-of-30th-anniversary-of-operation-orkan-that-liberated-largest-part-of-western-slavonia\\\/\"]}]},{\"@type\":\"ImageObject\",\"inLanguage\":\"en-US\",\"@id\":\"https:\\\/\\\/www.predsjednik.hr\\\/en\\\/news\\\/president-milanovic-attends-commemoration-of-30th-anniversary-of-operation-orkan-that-liberated-largest-part-of-western-slavonia\\\/#primaryimage\",\"url\":\"https:\\\/\\\/www.predsjednik.hr\\\/wp-content\\\/uploads\\\/2021\\\/10\\\/DSC_4514.jpg\",\"contentUrl\":\"https:\\\/\\\/www.predsjednik.hr\\\/wp-content\\\/uploads\\\/2021\\\/10\\\/DSC_4514.jpg\",\"width\":4453,\"height\":2505,\"caption\":\"President Milanovi\u0107 Attends Commemoration of 30th Anniversary of Operation \u201cOrkan\u201c that Liberated Largest Part of Western Slavonia\"},{\"@type\":\"BreadcrumbList\",\"@id\":\"https:\\\/\\\/www.predsjednik.hr\\\/en\\\/news\\\/president-milanovic-attends-commemoration-of-30th-anniversary-of-operation-orkan-that-liberated-largest-part-of-western-slavonia\\\/#breadcrumb\",\"itemListElement\":[{\"@type\":\"ListItem\",\"position\":1,\"name\":\"Home\",\"item\":\"https:\\\/\\\/www.predsjednik.hr\\\/en\\\/\"},{\"@type\":\"ListItem\",\"position\":2,\"name\":\"Vijesti\",\"item\":\"https:\\\/\\\/www.predsjednik.hr\\\/en\\\/news\\\/\"},{\"@type\":\"ListItem\",\"position\":3,\"name\":\"President Milanovi\u0107 Attends Commemoration of 30th Anniversary of Operation \u201cOrkan\u201c that Liberated Largest Part of Western Slavonia\"}]},{\"@type\":\"WebSite\",\"@id\":\"https:\\\/\\\/www.predsjednik.hr\\\/en\\\/#website\",\"url\":\"https:\\\/\\\/www.predsjednik.hr\\\/en\\\/\",\"name\":\"President of the Republic of Croatia - Zoran Milanovi\u0107\",\"description\":\"Just another WordPress site\",\"potentialAction\":[{\"@type\":\"SearchAction\",\"target\":{\"@type\":\"EntryPoint\",\"urlTemplate\":\"https:\\\/\\\/www.predsjednik.hr\\\/en\\\/?s={search_term_string}\"},\"query-input\":{\"@type\":\"PropertyValueSpecification\",\"valueRequired\":true,\"valueName\":\"search_term_string\"}}],\"inLanguage\":\"en-US\"}]}<\/script>\n<!-- \/ Yoast SEO plugin. -->","yoast_head_json":{"title":"President Milanovi\u0107 Attends Commemoration of 30th Anniversary of Operation \u201cOrkan\u201c that Liberated Largest Part of Western Slavonia - President of the Republic of Croatia - Zoran Milanovi\u0107","robots":{"index":"index","follow":"follow","max-snippet":"max-snippet:-1","max-image-preview":"max-image-preview:large","max-video-preview":"max-video-preview:-1"},"canonical":"https:\/\/www.predsjednik.hr\/en\/news\/president-milanovic-attends-commemoration-of-30th-anniversary-of-operation-orkan-that-liberated-largest-part-of-western-slavonia\/","og_locale":"en_US","og_type":"article","og_title":"President Milanovi\u0107 Attends Commemoration of 30th Anniversary of Operation \u201cOrkan\u201c that Liberated Largest Part of Western Slavonia - President of the Republic of Croatia - Zoran Milanovi\u0107","og_description":"The military operation \u201cOrkan\u201d commenced on 29 October 1991 signalling the first significant victory of the Croatian army in the Homeland War, which liberated the largest part of western Slavonia. In his address at the commemoration honouring the memory of the Croatian defenders that perished during the liberation, President Milanovi\u0107 stated that thirty years after these decisive days of recent Croatian history things have become clearer.","og_url":"https:\/\/www.predsjednik.hr\/en\/news\/president-milanovic-attends-commemoration-of-30th-anniversary-of-operation-orkan-that-liberated-largest-part-of-western-slavonia\/","og_site_name":"President of the Republic of Croatia - Zoran Milanovi\u0107","article_modified_time":"2021-10-29T13:03:45+00:00","og_image":[{"width":4453,"height":2505,"url":"https:\/\/www.predsjednik.hr\/wp-content\/uploads\/2021\/10\/DSC_4514.jpg","type":"image\/jpeg"}],"twitter_card":"summary_large_image","twitter_misc":{"Est. reading time":"4 minutes"},"schema":{"@context":"https:\/\/schema.org","@graph":[{"@type":"WebPage","@id":"https:\/\/www.predsjednik.hr\/en\/news\/president-milanovic-attends-commemoration-of-30th-anniversary-of-operation-orkan-that-liberated-largest-part-of-western-slavonia\/","url":"https:\/\/www.predsjednik.hr\/en\/news\/president-milanovic-attends-commemoration-of-30th-anniversary-of-operation-orkan-that-liberated-largest-part-of-western-slavonia\/","name":"President Milanovi\u0107 Attends Commemoration of 30th Anniversary of Operation \u201cOrkan\u201c that Liberated Largest Part of Western Slavonia - President of the Republic of Croatia - Zoran Milanovi\u0107","isPartOf":{"@id":"https:\/\/www.predsjednik.hr\/en\/#website"},"primaryImageOfPage":{"@id":"https:\/\/www.predsjednik.hr\/en\/news\/president-milanovic-attends-commemoration-of-30th-anniversary-of-operation-orkan-that-liberated-largest-part-of-western-slavonia\/#primaryimage"},"image":{"@id":"https:\/\/www.predsjednik.hr\/en\/news\/president-milanovic-attends-commemoration-of-30th-anniversary-of-operation-orkan-that-liberated-largest-part-of-western-slavonia\/#primaryimage"},"thumbnailUrl":"https:\/\/www.predsjednik.hr\/wp-content\/uploads\/2021\/10\/DSC_4514.jpg","datePublished":"2021-10-29T13:03:43+00:00","dateModified":"2021-10-29T13:03:45+00:00","breadcrumb":{"@id":"https:\/\/www.predsjednik.hr\/en\/news\/president-milanovic-attends-commemoration-of-30th-anniversary-of-operation-orkan-that-liberated-largest-part-of-western-slavonia\/#breadcrumb"},"inLanguage":"en-US","potentialAction":[{"@type":"ReadAction","target":["https:\/\/www.predsjednik.hr\/en\/news\/president-milanovic-attends-commemoration-of-30th-anniversary-of-operation-orkan-that-liberated-largest-part-of-western-slavonia\/"]}]},{"@type":"ImageObject","inLanguage":"en-US","@id":"https:\/\/www.predsjednik.hr\/en\/news\/president-milanovic-attends-commemoration-of-30th-anniversary-of-operation-orkan-that-liberated-largest-part-of-western-slavonia\/#primaryimage","url":"https:\/\/www.predsjednik.hr\/wp-content\/uploads\/2021\/10\/DSC_4514.jpg","contentUrl":"https:\/\/www.predsjednik.hr\/wp-content\/uploads\/2021\/10\/DSC_4514.jpg","width":4453,"height":2505,"caption":"President Milanovi\u0107 Attends Commemoration of 30th Anniversary of Operation \u201cOrkan\u201c that Liberated Largest Part of Western Slavonia"},{"@type":"BreadcrumbList","@id":"https:\/\/www.predsjednik.hr\/en\/news\/president-milanovic-attends-commemoration-of-30th-anniversary-of-operation-orkan-that-liberated-largest-part-of-western-slavonia\/#breadcrumb","itemListElement":[{"@type":"ListItem","position":1,"name":"Home","item":"https:\/\/www.predsjednik.hr\/en\/"},{"@type":"ListItem","position":2,"name":"Vijesti","item":"https:\/\/www.predsjednik.hr\/en\/news\/"},{"@type":"ListItem","position":3,"name":"President Milanovi\u0107 Attends Commemoration of 30th Anniversary of Operation \u201cOrkan\u201c that Liberated Largest Part of Western Slavonia"}]},{"@type":"WebSite","@id":"https:\/\/www.predsjednik.hr\/en\/#website","url":"https:\/\/www.predsjednik.hr\/en\/","name":"President of the Republic of Croatia - Zoran Milanovi\u0107","description":"Just another WordPress site","potentialAction":[{"@type":"SearchAction","target":{"@type":"EntryPoint","urlTemplate":"https:\/\/www.predsjednik.hr\/en\/?s={search_term_string}"},"query-input":{"@type":"PropertyValueSpecification","valueRequired":true,"valueName":"search_term_string"}}],"inLanguage":"en-US"}]}},"_links":{"self":[{"href":"https:\/\/www.predsjednik.hr\/en\/wp-json\/wp\/v2\/news\/13366","targetHints":{"allow":["GET"]}}],"collection":[{"href":"https:\/\/www.predsjednik.hr\/en\/wp-json\/wp\/v2\/news"}],"about":[{"href":"https:\/\/www.predsjednik.hr\/en\/wp-json\/wp\/v2\/types\/news"}],"wp:featuredmedia":[{"embeddable":true,"href":"https:\/\/www.predsjednik.hr\/en\/wp-json\/wp\/v2\/media\/13350"}],"wp:attachment":[{"href":"https:\/\/www.predsjednik.hr\/en\/wp-json\/wp\/v2\/media?parent=13366"}],"wp:term":[{"taxonomy":"news-cat","embeddable":true,"href":"https:\/\/www.predsjednik.hr\/en\/wp-json\/wp\/v2\/news-cat?post=13366"}],"curies":[{"name":"wp","href":"https:\/\/api.w.org\/{rel}","templated":true}]}}