{"id":13368,"date":"2021-10-29T15:55:00","date_gmt":"2021-10-29T13:55:00","guid":{"rendered":"https:\/\/www.predsjednik.hr\/?post_type=news&#038;p=13368"},"modified":"2021-10-29T18:58:01","modified_gmt":"2021-10-29T16:58:01","slug":"president-milanovic-attends-swearing-in-ceremony-of-32nd-generation-of-soldiers","status":"publish","type":"news","link":"https:\/\/www.predsjednik.hr\/en\/news\/president-milanovic-attends-swearing-in-ceremony-of-32nd-generation-of-soldiers\/","title":{"rendered":"President Milanovi\u0107 Attends Swearing-in Ceremony of 32nd Generation of Soldiers"},"content":{"rendered":"\n<p>The President of the Republic and Commander in Chief of the Croatian Armed Forces Zoran Milanovi\u0107 attended a swearing-in ceremony of the 32<sup>nd<\/sup> generation of soldiers enrolled in voluntary military training at the \u201c123<sup>rd<\/sup> HV Brigade\u201d Barracks in Po\u017eega.<\/p>\n\n\n\n<p>A total of 234 female and male soldiers enrolled in voluntary military training were sworn in at the ceremony in Po\u017eega, whom the President of the Republic and Commander in Chief of the Croatian Armed Forces congratulated on having taken the oath, emphasizing that it is important, deep in terms of content and that it obliges the soldiers.<\/p>\n\n\n\n<p>He told them that they had chosen a calling that was different from all others. \u201cThirty years ago, my peers, who are today people of a certain age, defended Croatia and very few of them did that. Most of us, most of my generation were not among them, we were in relative safety. The small number of people who exposed themselves to danger then for Croatia, who postponed a better future for themselves, setting off for Europe, better work \u2013 these are the people to whom we owe eternal gratitude. That is the spirit of the heart of the culture of our people, our nation, all of us, and we must not forget them,\u201d President Milanovi\u0107 told the soldiers in his address at the ceremony.<\/p>\n\n\n\n<p>\u201cYou are here to prevent, through your work and readiness, what they had to deal with in 1991 from ever happening again. It was a dreadful, glorious time for Croatia. May it not happen again,\u201d the President of the Republic concluded.<\/p>\n\n\n\n<p>Attending the swearing-in ceremony alongside President Milanovi\u0107 were Adviser to the President of the Republic for Defense and National Security Dragan Lozan\u010di\u0107 and Special Adviser to the President of the Republic for Homeland War Veterans Marijan Marekovi\u0107.<\/p>\n\n\n<!--GALLERY BLOCK-->\n<div class=\"c-lightbox-gallery js-lightbox\">\n                <!--single-->\n            <a data-no-swup class=\"c-lightbox-gallery__single js-lightbox-single\"\n               href=\"https:\/\/www.predsjednik.hr\/wp-content\/uploads\/2021\/10\/DSC_4667-1024x576.jpg\"\n               style=\"background-image: url('https:\/\/www.predsjednik.hr\/wp-content\/uploads\/2021\/10\/DSC_4667-768x432.jpg')\"><\/a>\n            <!--end single-->\n                    <!--single-->\n            <a data-no-swup class=\"c-lightbox-gallery__single js-lightbox-single\"\n               href=\"https:\/\/www.predsjednik.hr\/wp-content\/uploads\/2021\/10\/DSC_4834-1024x576.jpg\"\n               style=\"background-image: url('https:\/\/www.predsjednik.hr\/wp-content\/uploads\/2021\/10\/DSC_4834-768x432.jpg')\"><\/a>\n            <!--end single-->\n                    <!--single-->\n            <a data-no-swup class=\"c-lightbox-gallery__single js-lightbox-single\"\n               href=\"https:\/\/www.predsjednik.hr\/wp-content\/uploads\/2021\/10\/DSC_4903-1024x576.jpg\"\n               style=\"background-image: url('https:\/\/www.predsjednik.hr\/wp-content\/uploads\/2021\/10\/DSC_4903-768x432.jpg')\"><\/a>\n            <!--end single-->\n                    <!--single-->\n            <a data-no-swup class=\"c-lightbox-gallery__single js-lightbox-single\"\n               href=\"https:\/\/www.predsjednik.hr\/wp-content\/uploads\/2021\/10\/DSC_4964-1024x576.jpg\"\n               style=\"background-image: url('https:\/\/www.predsjednik.hr\/wp-content\/uploads\/2021\/10\/DSC_4964-768x432.jpg')\"><\/a>\n            <!--end single-->\n                    <!--single-->\n            <a data-no-swup class=\"c-lightbox-gallery__single js-lightbox-single\"\n               href=\"https:\/\/www.predsjednik.hr\/wp-content\/uploads\/2021\/10\/DSC_5020-1024x576.jpg\"\n               style=\"background-image: url('https:\/\/www.predsjednik.hr\/wp-content\/uploads\/2021\/10\/DSC_5020-768x432.jpg')\"><\/a>\n            <!--end single-->\n                    <!--single-->\n            <a data-no-swup class=\"c-lightbox-gallery__single js-lightbox-single\"\n               href=\"https:\/\/www.predsjednik.hr\/wp-content\/uploads\/2021\/10\/DSC_4735-1024x683.jpg\"\n               style=\"background-image: url('https:\/\/www.predsjednik.hr\/wp-content\/uploads\/2021\/10\/DSC_4735-768x512.jpg')\"><\/a>\n            <!--end single-->\n        <\/div>\n<!--end GALLERY BLOCK-->\n\n\n\n<p>PHOTO: Office of the President of the Republic of Croatia \/ Marko Beljan<\/p>\n","protected":false},"excerpt":{"rendered":"<p>A total of 234 female and male soldiers enrolled in voluntary military training were sworn in at the ceremony in Po\u017eega, whom the President of the Republic and Commander in Chief of the Croatian Armed Forces congratulated on having taken the oath, emphasizing that it is important, deep in terms of content and that it obliges the soldiers.<\/p>\n","protected":false},"featured_media":13357,"template":"","news-cat":[12],"class_list":["post-13368","news","type-news","status-publish","has-post-thumbnail","hentry","news-cat-news"],"acf":[],"yoast_head":"<!-- This site is optimized with the Yoast SEO plugin v27.5 - https:\/\/yoast.com\/product\/yoast-seo-wordpress\/ -->\n<title>President Milanovi\u0107 Attends Swearing-in Ceremony of 32nd Generation of Soldiers - President of the Republic of Croatia - Zoran Milanovi\u0107<\/title>\n<meta name=\"robots\" content=\"index, follow, max-snippet:-1, max-image-preview:large, max-video-preview:-1\" \/>\n<link rel=\"canonical\" href=\"https:\/\/www.predsjednik.hr\/en\/news\/president-milanovic-attends-swearing-in-ceremony-of-32nd-generation-of-soldiers\/\" \/>\n<meta property=\"og:locale\" content=\"en_US\" \/>\n<meta property=\"og:type\" content=\"article\" \/>\n<meta property=\"og:title\" content=\"President Milanovi\u0107 Attends Swearing-in Ceremony of 32nd Generation of Soldiers - President of the Republic of Croatia - Zoran Milanovi\u0107\" \/>\n<meta property=\"og:description\" content=\"A total of 234 female and male soldiers enrolled in voluntary military training were sworn in at the ceremony in Po\u017eega, whom the President of the Republic and Commander in Chief of the Croatian Armed Forces congratulated on having taken the oath, emphasizing that it is important, deep in terms of content and that it obliges the soldiers.\" \/>\n<meta property=\"og:url\" content=\"https:\/\/www.predsjednik.hr\/en\/news\/president-milanovic-attends-swearing-in-ceremony-of-32nd-generation-of-soldiers\/\" \/>\n<meta property=\"og:site_name\" content=\"President of the Republic of Croatia - Zoran Milanovi\u0107\" \/>\n<meta property=\"article:modified_time\" content=\"2021-10-29T16:58:01+00:00\" \/>\n<meta property=\"og:image\" content=\"https:\/\/www.predsjednik.hr\/wp-content\/uploads\/2021\/10\/DSC_4834-1024x576.jpg\" \/>\n\t<meta property=\"og:image:width\" content=\"1024\" \/>\n\t<meta property=\"og:image:height\" content=\"576\" \/>\n\t<meta property=\"og:image:type\" content=\"image\/jpeg\" \/>\n<meta name=\"twitter:card\" content=\"summary_large_image\" \/>\n<meta name=\"twitter:label1\" content=\"Est. reading time\" \/>\n\t<meta name=\"twitter:data1\" content=\"2 minutes\" \/>\n<script type=\"application\/ld+json\" class=\"yoast-schema-graph\">{\"@context\":\"https:\\\/\\\/schema.org\",\"@graph\":[{\"@type\":\"WebPage\",\"@id\":\"https:\\\/\\\/www.predsjednik.hr\\\/en\\\/news\\\/president-milanovic-attends-swearing-in-ceremony-of-32nd-generation-of-soldiers\\\/\",\"url\":\"https:\\\/\\\/www.predsjednik.hr\\\/en\\\/news\\\/president-milanovic-attends-swearing-in-ceremony-of-32nd-generation-of-soldiers\\\/\",\"name\":\"President Milanovi\u0107 Attends Swearing-in Ceremony of 32nd Generation of Soldiers - President of the Republic of Croatia - Zoran Milanovi\u0107\",\"isPartOf\":{\"@id\":\"https:\\\/\\\/www.predsjednik.hr\\\/en\\\/#website\"},\"primaryImageOfPage\":{\"@id\":\"https:\\\/\\\/www.predsjednik.hr\\\/en\\\/news\\\/president-milanovic-attends-swearing-in-ceremony-of-32nd-generation-of-soldiers\\\/#primaryimage\"},\"image\":{\"@id\":\"https:\\\/\\\/www.predsjednik.hr\\\/en\\\/news\\\/president-milanovic-attends-swearing-in-ceremony-of-32nd-generation-of-soldiers\\\/#primaryimage\"},\"thumbnailUrl\":\"https:\\\/\\\/www.predsjednik.hr\\\/wp-content\\\/uploads\\\/2021\\\/10\\\/DSC_4834.jpg\",\"datePublished\":\"2021-10-29T13:55:00+00:00\",\"dateModified\":\"2021-10-29T16:58:01+00:00\",\"breadcrumb\":{\"@id\":\"https:\\\/\\\/www.predsjednik.hr\\\/en\\\/news\\\/president-milanovic-attends-swearing-in-ceremony-of-32nd-generation-of-soldiers\\\/#breadcrumb\"},\"inLanguage\":\"en-US\",\"potentialAction\":[{\"@type\":\"ReadAction\",\"target\":[\"https:\\\/\\\/www.predsjednik.hr\\\/en\\\/news\\\/president-milanovic-attends-swearing-in-ceremony-of-32nd-generation-of-soldiers\\\/\"]}]},{\"@type\":\"ImageObject\",\"inLanguage\":\"en-US\",\"@id\":\"https:\\\/\\\/www.predsjednik.hr\\\/en\\\/news\\\/president-milanovic-attends-swearing-in-ceremony-of-32nd-generation-of-soldiers\\\/#primaryimage\",\"url\":\"https:\\\/\\\/www.predsjednik.hr\\\/wp-content\\\/uploads\\\/2021\\\/10\\\/DSC_4834.jpg\",\"contentUrl\":\"https:\\\/\\\/www.predsjednik.hr\\\/wp-content\\\/uploads\\\/2021\\\/10\\\/DSC_4834.jpg\",\"width\":6192,\"height\":3483,\"caption\":\"President Milanovi\u0107 Attends Swearing-in Ceremony of 32nd Generation of Soldiers\"},{\"@type\":\"BreadcrumbList\",\"@id\":\"https:\\\/\\\/www.predsjednik.hr\\\/en\\\/news\\\/president-milanovic-attends-swearing-in-ceremony-of-32nd-generation-of-soldiers\\\/#breadcrumb\",\"itemListElement\":[{\"@type\":\"ListItem\",\"position\":1,\"name\":\"Home\",\"item\":\"https:\\\/\\\/www.predsjednik.hr\\\/en\\\/\"},{\"@type\":\"ListItem\",\"position\":2,\"name\":\"Vijesti\",\"item\":\"https:\\\/\\\/www.predsjednik.hr\\\/en\\\/news\\\/\"},{\"@type\":\"ListItem\",\"position\":3,\"name\":\"President Milanovi\u0107 Attends Swearing-in Ceremony of 32nd Generation of Soldiers\"}]},{\"@type\":\"WebSite\",\"@id\":\"https:\\\/\\\/www.predsjednik.hr\\\/en\\\/#website\",\"url\":\"https:\\\/\\\/www.predsjednik.hr\\\/en\\\/\",\"name\":\"President of the Republic of Croatia - Zoran Milanovi\u0107\",\"description\":\"Just another WordPress site\",\"potentialAction\":[{\"@type\":\"SearchAction\",\"target\":{\"@type\":\"EntryPoint\",\"urlTemplate\":\"https:\\\/\\\/www.predsjednik.hr\\\/en\\\/?s={search_term_string}\"},\"query-input\":{\"@type\":\"PropertyValueSpecification\",\"valueRequired\":true,\"valueName\":\"search_term_string\"}}],\"inLanguage\":\"en-US\"}]}<\/script>\n<!-- \/ Yoast SEO plugin. -->","yoast_head_json":{"title":"President Milanovi\u0107 Attends Swearing-in Ceremony of 32nd Generation of Soldiers - President of the Republic of Croatia - Zoran Milanovi\u0107","robots":{"index":"index","follow":"follow","max-snippet":"max-snippet:-1","max-image-preview":"max-image-preview:large","max-video-preview":"max-video-preview:-1"},"canonical":"https:\/\/www.predsjednik.hr\/en\/news\/president-milanovic-attends-swearing-in-ceremony-of-32nd-generation-of-soldiers\/","og_locale":"en_US","og_type":"article","og_title":"President Milanovi\u0107 Attends Swearing-in Ceremony of 32nd Generation of Soldiers - President of the Republic of Croatia - Zoran Milanovi\u0107","og_description":"A total of 234 female and male soldiers enrolled in voluntary military training were sworn in at the ceremony in Po\u017eega, whom the President of the Republic and Commander in Chief of the Croatian Armed Forces congratulated on having taken the oath, emphasizing that it is important, deep in terms of content and that it obliges the soldiers.","og_url":"https:\/\/www.predsjednik.hr\/en\/news\/president-milanovic-attends-swearing-in-ceremony-of-32nd-generation-of-soldiers\/","og_site_name":"President of the Republic of Croatia - Zoran Milanovi\u0107","article_modified_time":"2021-10-29T16:58:01+00:00","og_image":[{"width":1024,"height":576,"url":"https:\/\/www.predsjednik.hr\/wp-content\/uploads\/2021\/10\/DSC_4834-1024x576.jpg","type":"image\/jpeg"}],"twitter_card":"summary_large_image","twitter_misc":{"Est. reading time":"2 minutes"},"schema":{"@context":"https:\/\/schema.org","@graph":[{"@type":"WebPage","@id":"https:\/\/www.predsjednik.hr\/en\/news\/president-milanovic-attends-swearing-in-ceremony-of-32nd-generation-of-soldiers\/","url":"https:\/\/www.predsjednik.hr\/en\/news\/president-milanovic-attends-swearing-in-ceremony-of-32nd-generation-of-soldiers\/","name":"President Milanovi\u0107 Attends Swearing-in Ceremony of 32nd Generation of Soldiers - President of the Republic of Croatia - Zoran Milanovi\u0107","isPartOf":{"@id":"https:\/\/www.predsjednik.hr\/en\/#website"},"primaryImageOfPage":{"@id":"https:\/\/www.predsjednik.hr\/en\/news\/president-milanovic-attends-swearing-in-ceremony-of-32nd-generation-of-soldiers\/#primaryimage"},"image":{"@id":"https:\/\/www.predsjednik.hr\/en\/news\/president-milanovic-attends-swearing-in-ceremony-of-32nd-generation-of-soldiers\/#primaryimage"},"thumbnailUrl":"https:\/\/www.predsjednik.hr\/wp-content\/uploads\/2021\/10\/DSC_4834.jpg","datePublished":"2021-10-29T13:55:00+00:00","dateModified":"2021-10-29T16:58:01+00:00","breadcrumb":{"@id":"https:\/\/www.predsjednik.hr\/en\/news\/president-milanovic-attends-swearing-in-ceremony-of-32nd-generation-of-soldiers\/#breadcrumb"},"inLanguage":"en-US","potentialAction":[{"@type":"ReadAction","target":["https:\/\/www.predsjednik.hr\/en\/news\/president-milanovic-attends-swearing-in-ceremony-of-32nd-generation-of-soldiers\/"]}]},{"@type":"ImageObject","inLanguage":"en-US","@id":"https:\/\/www.predsjednik.hr\/en\/news\/president-milanovic-attends-swearing-in-ceremony-of-32nd-generation-of-soldiers\/#primaryimage","url":"https:\/\/www.predsjednik.hr\/wp-content\/uploads\/2021\/10\/DSC_4834.jpg","contentUrl":"https:\/\/www.predsjednik.hr\/wp-content\/uploads\/2021\/10\/DSC_4834.jpg","width":6192,"height":3483,"caption":"President Milanovi\u0107 Attends Swearing-in Ceremony of 32nd Generation of Soldiers"},{"@type":"BreadcrumbList","@id":"https:\/\/www.predsjednik.hr\/en\/news\/president-milanovic-attends-swearing-in-ceremony-of-32nd-generation-of-soldiers\/#breadcrumb","itemListElement":[{"@type":"ListItem","position":1,"name":"Home","item":"https:\/\/www.predsjednik.hr\/en\/"},{"@type":"ListItem","position":2,"name":"Vijesti","item":"https:\/\/www.predsjednik.hr\/en\/news\/"},{"@type":"ListItem","position":3,"name":"President Milanovi\u0107 Attends Swearing-in Ceremony of 32nd Generation of Soldiers"}]},{"@type":"WebSite","@id":"https:\/\/www.predsjednik.hr\/en\/#website","url":"https:\/\/www.predsjednik.hr\/en\/","name":"President of the Republic of Croatia - Zoran Milanovi\u0107","description":"Just another WordPress site","potentialAction":[{"@type":"SearchAction","target":{"@type":"EntryPoint","urlTemplate":"https:\/\/www.predsjednik.hr\/en\/?s={search_term_string}"},"query-input":{"@type":"PropertyValueSpecification","valueRequired":true,"valueName":"search_term_string"}}],"inLanguage":"en-US"}]}},"_links":{"self":[{"href":"https:\/\/www.predsjednik.hr\/en\/wp-json\/wp\/v2\/news\/13368","targetHints":{"allow":["GET"]}}],"collection":[{"href":"https:\/\/www.predsjednik.hr\/en\/wp-json\/wp\/v2\/news"}],"about":[{"href":"https:\/\/www.predsjednik.hr\/en\/wp-json\/wp\/v2\/types\/news"}],"wp:featuredmedia":[{"embeddable":true,"href":"https:\/\/www.predsjednik.hr\/en\/wp-json\/wp\/v2\/media\/13357"}],"wp:attachment":[{"href":"https:\/\/www.predsjednik.hr\/en\/wp-json\/wp\/v2\/media?parent=13368"}],"wp:term":[{"taxonomy":"news-cat","embeddable":true,"href":"https:\/\/www.predsjednik.hr\/en\/wp-json\/wp\/v2\/news-cat?post=13368"}],"curies":[{"name":"wp","href":"https:\/\/api.w.org\/{rel}","templated":true}]}}