{"id":13394,"date":"2021-11-02T15:14:51","date_gmt":"2021-11-02T14:14:51","guid":{"rendered":"https:\/\/www.predsjednik.hr\/?post_type=news&#038;p=13394"},"modified":"2021-11-02T15:14:54","modified_gmt":"2021-11-02T14:14:54","slug":"president-milanovic-at-30th-anniversary-commemoration-of-fall-of-defense-of-neighbourhood-of-luzac","status":"publish","type":"news","link":"https:\/\/www.predsjednik.hr\/en\/news\/president-milanovic-at-30th-anniversary-commemoration-of-fall-of-defense-of-neighbourhood-of-luzac\/","title":{"rendered":"President Milanovi\u0107 at 30th Anniversary Commemoration of Fall of Defense of Neighbourhood of Lu\u017eac"},"content":{"rendered":"\n<p>The President of the Republic Zoran Milanovi\u0107 attended a commemoration observing the 30<sup>th<\/sup> anniversary of the fall of Vukovar\u2019s neighbourhood of Lu\u017eac and the massacre of its residents. By laying a wreath at the Memorial in Lu\u017eac, President Milanovi\u0107 paid tribute to the 69 massacred and missing residents during the defense and the occupation of the neighbourhood.<\/p>\n\n\n\n<p>By occupying this part of Vukovar, the Serbian aggressor managed to cut the communication line between the defenders in the centre of Vukovar and those in Borovo naselje and therefore the occupation of Lu\u017eac is considered to be the start of the fall of the defense of Vukovar.<\/p>\n\n\n\n<p>Alongside President Milanovi\u0107 was the Special Adviser for Homeland War Veterans Marijan Marekovi\u0107.<\/p>\n\n\n<!--GALLERY BLOCK-->\n<div class=\"c-lightbox-gallery js-lightbox\">\n                <!--single-->\n            <a data-no-swup class=\"c-lightbox-gallery__single js-lightbox-single\"\n               href=\"https:\/\/www.predsjednik.hr\/wp-content\/uploads\/2021\/11\/DSC_7730-1024x576.jpg\"\n               style=\"background-image: url('https:\/\/www.predsjednik.hr\/wp-content\/uploads\/2021\/11\/DSC_7730-768x432.jpg')\"><\/a>\n            <!--end single-->\n                    <!--single-->\n            <a data-no-swup class=\"c-lightbox-gallery__single js-lightbox-single\"\n               href=\"https:\/\/www.predsjednik.hr\/wp-content\/uploads\/2021\/11\/DSC_7802-1024x576.jpg\"\n               style=\"background-image: url('https:\/\/www.predsjednik.hr\/wp-content\/uploads\/2021\/11\/DSC_7802-768x432.jpg')\"><\/a>\n            <!--end single-->\n                    <!--single-->\n            <a data-no-swup class=\"c-lightbox-gallery__single js-lightbox-single\"\n               href=\"https:\/\/www.predsjednik.hr\/wp-content\/uploads\/2021\/11\/DSC_7815-1024x576.jpg\"\n               style=\"background-image: url('https:\/\/www.predsjednik.hr\/wp-content\/uploads\/2021\/11\/DSC_7815-768x432.jpg')\"><\/a>\n            <!--end single-->\n                    <!--single-->\n            <a data-no-swup class=\"c-lightbox-gallery__single js-lightbox-single\"\n               href=\"https:\/\/www.predsjednik.hr\/wp-content\/uploads\/2021\/11\/DSC_7821-1024x731.jpg\"\n               style=\"background-image: url('https:\/\/www.predsjednik.hr\/wp-content\/uploads\/2021\/11\/DSC_7821-768x549.jpg')\"><\/a>\n            <!--end single-->\n                    <!--single-->\n            <a data-no-swup class=\"c-lightbox-gallery__single js-lightbox-single\"\n               href=\"https:\/\/www.predsjednik.hr\/wp-content\/uploads\/2021\/11\/DSC_7835-1024x731.jpg\"\n               style=\"background-image: url('https:\/\/www.predsjednik.hr\/wp-content\/uploads\/2021\/11\/DSC_7835-768x549.jpg')\"><\/a>\n            <!--end single-->\n                    <!--single-->\n            <a data-no-swup class=\"c-lightbox-gallery__single js-lightbox-single\"\n               href=\"https:\/\/www.predsjednik.hr\/wp-content\/uploads\/2021\/11\/DSC_7850-1024x683.jpg\"\n               style=\"background-image: url('https:\/\/www.predsjednik.hr\/wp-content\/uploads\/2021\/11\/DSC_7850-768x512.jpg')\"><\/a>\n            <!--end single-->\n                    <!--single-->\n            <a data-no-swup class=\"c-lightbox-gallery__single js-lightbox-single\"\n               href=\"https:\/\/www.predsjednik.hr\/wp-content\/uploads\/2021\/11\/DSC_7867-1024x683.jpg\"\n               style=\"background-image: url('https:\/\/www.predsjednik.hr\/wp-content\/uploads\/2021\/11\/DSC_7867-768x512.jpg')\"><\/a>\n            <!--end single-->\n        <\/div>\n<!--end GALLERY BLOCK-->\n\n\n\n<p>PHOTO: Office of the President of the Republic of Croatia \/ Ana Marija Kati\u0107<\/p>\n","protected":false},"excerpt":{"rendered":"<p>The President of the Republic Zoran Milanovi\u0107 attended a commemoration observing the 30th anniversary of the fall of Vukovar\u2019s neighbourhood of Lu\u017eac and the massacre of its residents. By laying a wreath at the Memorial in Lu\u017eac, President Milanovi\u0107 paid tribute to the 69 massacred and missing residents during the defense and the occupation of the neighbourhood.<\/p>\n","protected":false},"featured_media":13390,"template":"","news-cat":[12],"class_list":["post-13394","news","type-news","status-publish","has-post-thumbnail","hentry","news-cat-news"],"acf":[],"yoast_head":"<!-- This site is optimized with the Yoast SEO plugin v27.5 - https:\/\/yoast.com\/product\/yoast-seo-wordpress\/ -->\n<title>President Milanovi\u0107 at 30th Anniversary Commemoration of Fall of Defense of Neighbourhood of Lu\u017eac - President of the Republic of Croatia - Zoran Milanovi\u0107<\/title>\n<meta name=\"robots\" content=\"index, follow, max-snippet:-1, max-image-preview:large, max-video-preview:-1\" \/>\n<link rel=\"canonical\" href=\"https:\/\/www.predsjednik.hr\/en\/news\/president-milanovic-at-30th-anniversary-commemoration-of-fall-of-defense-of-neighbourhood-of-luzac\/\" \/>\n<meta property=\"og:locale\" content=\"en_US\" \/>\n<meta property=\"og:type\" content=\"article\" \/>\n<meta property=\"og:title\" content=\"President Milanovi\u0107 at 30th Anniversary Commemoration of Fall of Defense of Neighbourhood of Lu\u017eac - President of the Republic of Croatia - Zoran Milanovi\u0107\" \/>\n<meta property=\"og:description\" content=\"The President of the Republic Zoran Milanovi\u0107 attended a commemoration observing the 30th anniversary of the fall of Vukovar\u2019s neighbourhood of Lu\u017eac and the massacre of its residents. By laying a wreath at the Memorial in Lu\u017eac, President Milanovi\u0107 paid tribute to the 69 massacred and missing residents during the defense and the occupation of the neighbourhood.\" \/>\n<meta property=\"og:url\" content=\"https:\/\/www.predsjednik.hr\/en\/news\/president-milanovic-at-30th-anniversary-commemoration-of-fall-of-defense-of-neighbourhood-of-luzac\/\" \/>\n<meta property=\"og:site_name\" content=\"President of the Republic of Croatia - Zoran Milanovi\u0107\" \/>\n<meta property=\"article:modified_time\" content=\"2021-11-02T14:14:54+00:00\" \/>\n<meta property=\"og:image\" content=\"https:\/\/www.predsjednik.hr\/wp-content\/uploads\/2021\/11\/DSC_7867.jpg\" \/>\n\t<meta property=\"og:image:width\" content=\"6192\" \/>\n\t<meta property=\"og:image:height\" content=\"4128\" \/>\n\t<meta property=\"og:image:type\" content=\"image\/jpeg\" \/>\n<meta name=\"twitter:card\" content=\"summary_large_image\" \/>\n<meta name=\"twitter:label1\" content=\"Est. reading time\" \/>\n\t<meta name=\"twitter:data1\" content=\"1 minute\" \/>\n<script type=\"application\/ld+json\" class=\"yoast-schema-graph\">{\"@context\":\"https:\\\/\\\/schema.org\",\"@graph\":[{\"@type\":\"WebPage\",\"@id\":\"https:\\\/\\\/www.predsjednik.hr\\\/en\\\/news\\\/president-milanovic-at-30th-anniversary-commemoration-of-fall-of-defense-of-neighbourhood-of-luzac\\\/\",\"url\":\"https:\\\/\\\/www.predsjednik.hr\\\/en\\\/news\\\/president-milanovic-at-30th-anniversary-commemoration-of-fall-of-defense-of-neighbourhood-of-luzac\\\/\",\"name\":\"President Milanovi\u0107 at 30th Anniversary Commemoration of Fall of Defense of Neighbourhood of Lu\u017eac - President of the Republic of Croatia - Zoran Milanovi\u0107\",\"isPartOf\":{\"@id\":\"https:\\\/\\\/www.predsjednik.hr\\\/en\\\/#website\"},\"primaryImageOfPage\":{\"@id\":\"https:\\\/\\\/www.predsjednik.hr\\\/en\\\/news\\\/president-milanovic-at-30th-anniversary-commemoration-of-fall-of-defense-of-neighbourhood-of-luzac\\\/#primaryimage\"},\"image\":{\"@id\":\"https:\\\/\\\/www.predsjednik.hr\\\/en\\\/news\\\/president-milanovic-at-30th-anniversary-commemoration-of-fall-of-defense-of-neighbourhood-of-luzac\\\/#primaryimage\"},\"thumbnailUrl\":\"https:\\\/\\\/www.predsjednik.hr\\\/wp-content\\\/uploads\\\/2021\\\/11\\\/DSC_7867.jpg\",\"datePublished\":\"2021-11-02T14:14:51+00:00\",\"dateModified\":\"2021-11-02T14:14:54+00:00\",\"breadcrumb\":{\"@id\":\"https:\\\/\\\/www.predsjednik.hr\\\/en\\\/news\\\/president-milanovic-at-30th-anniversary-commemoration-of-fall-of-defense-of-neighbourhood-of-luzac\\\/#breadcrumb\"},\"inLanguage\":\"en-US\",\"potentialAction\":[{\"@type\":\"ReadAction\",\"target\":[\"https:\\\/\\\/www.predsjednik.hr\\\/en\\\/news\\\/president-milanovic-at-30th-anniversary-commemoration-of-fall-of-defense-of-neighbourhood-of-luzac\\\/\"]}]},{\"@type\":\"ImageObject\",\"inLanguage\":\"en-US\",\"@id\":\"https:\\\/\\\/www.predsjednik.hr\\\/en\\\/news\\\/president-milanovic-at-30th-anniversary-commemoration-of-fall-of-defense-of-neighbourhood-of-luzac\\\/#primaryimage\",\"url\":\"https:\\\/\\\/www.predsjednik.hr\\\/wp-content\\\/uploads\\\/2021\\\/11\\\/DSC_7867.jpg\",\"contentUrl\":\"https:\\\/\\\/www.predsjednik.hr\\\/wp-content\\\/uploads\\\/2021\\\/11\\\/DSC_7867.jpg\",\"width\":6192,\"height\":4128,\"caption\":\"President Milanovi\u0107 at 30th Anniversary Commemoration of Fall of Defense of Neighbourhood of Lu\u017eac\"},{\"@type\":\"BreadcrumbList\",\"@id\":\"https:\\\/\\\/www.predsjednik.hr\\\/en\\\/news\\\/president-milanovic-at-30th-anniversary-commemoration-of-fall-of-defense-of-neighbourhood-of-luzac\\\/#breadcrumb\",\"itemListElement\":[{\"@type\":\"ListItem\",\"position\":1,\"name\":\"Home\",\"item\":\"https:\\\/\\\/www.predsjednik.hr\\\/en\\\/\"},{\"@type\":\"ListItem\",\"position\":2,\"name\":\"Vijesti\",\"item\":\"https:\\\/\\\/www.predsjednik.hr\\\/en\\\/news\\\/\"},{\"@type\":\"ListItem\",\"position\":3,\"name\":\"President Milanovi\u0107 at 30th Anniversary Commemoration of Fall of Defense of Neighbourhood of Lu\u017eac\"}]},{\"@type\":\"WebSite\",\"@id\":\"https:\\\/\\\/www.predsjednik.hr\\\/en\\\/#website\",\"url\":\"https:\\\/\\\/www.predsjednik.hr\\\/en\\\/\",\"name\":\"President of the Republic of Croatia - Zoran Milanovi\u0107\",\"description\":\"Just another WordPress site\",\"potentialAction\":[{\"@type\":\"SearchAction\",\"target\":{\"@type\":\"EntryPoint\",\"urlTemplate\":\"https:\\\/\\\/www.predsjednik.hr\\\/en\\\/?s={search_term_string}\"},\"query-input\":{\"@type\":\"PropertyValueSpecification\",\"valueRequired\":true,\"valueName\":\"search_term_string\"}}],\"inLanguage\":\"en-US\"}]}<\/script>\n<!-- \/ Yoast SEO plugin. -->","yoast_head_json":{"title":"President Milanovi\u0107 at 30th Anniversary Commemoration of Fall of Defense of Neighbourhood of Lu\u017eac - President of the Republic of Croatia - Zoran Milanovi\u0107","robots":{"index":"index","follow":"follow","max-snippet":"max-snippet:-1","max-image-preview":"max-image-preview:large","max-video-preview":"max-video-preview:-1"},"canonical":"https:\/\/www.predsjednik.hr\/en\/news\/president-milanovic-at-30th-anniversary-commemoration-of-fall-of-defense-of-neighbourhood-of-luzac\/","og_locale":"en_US","og_type":"article","og_title":"President Milanovi\u0107 at 30th Anniversary Commemoration of Fall of Defense of Neighbourhood of Lu\u017eac - President of the Republic of Croatia - Zoran Milanovi\u0107","og_description":"The President of the Republic Zoran Milanovi\u0107 attended a commemoration observing the 30th anniversary of the fall of Vukovar\u2019s neighbourhood of Lu\u017eac and the massacre of its residents. By laying a wreath at the Memorial in Lu\u017eac, President Milanovi\u0107 paid tribute to the 69 massacred and missing residents during the defense and the occupation of the neighbourhood.","og_url":"https:\/\/www.predsjednik.hr\/en\/news\/president-milanovic-at-30th-anniversary-commemoration-of-fall-of-defense-of-neighbourhood-of-luzac\/","og_site_name":"President of the Republic of Croatia - Zoran Milanovi\u0107","article_modified_time":"2021-11-02T14:14:54+00:00","og_image":[{"width":6192,"height":4128,"url":"https:\/\/www.predsjednik.hr\/wp-content\/uploads\/2021\/11\/DSC_7867.jpg","type":"image\/jpeg"}],"twitter_card":"summary_large_image","twitter_misc":{"Est. reading time":"1 minute"},"schema":{"@context":"https:\/\/schema.org","@graph":[{"@type":"WebPage","@id":"https:\/\/www.predsjednik.hr\/en\/news\/president-milanovic-at-30th-anniversary-commemoration-of-fall-of-defense-of-neighbourhood-of-luzac\/","url":"https:\/\/www.predsjednik.hr\/en\/news\/president-milanovic-at-30th-anniversary-commemoration-of-fall-of-defense-of-neighbourhood-of-luzac\/","name":"President Milanovi\u0107 at 30th Anniversary Commemoration of Fall of Defense of Neighbourhood of Lu\u017eac - President of the Republic of Croatia - Zoran Milanovi\u0107","isPartOf":{"@id":"https:\/\/www.predsjednik.hr\/en\/#website"},"primaryImageOfPage":{"@id":"https:\/\/www.predsjednik.hr\/en\/news\/president-milanovic-at-30th-anniversary-commemoration-of-fall-of-defense-of-neighbourhood-of-luzac\/#primaryimage"},"image":{"@id":"https:\/\/www.predsjednik.hr\/en\/news\/president-milanovic-at-30th-anniversary-commemoration-of-fall-of-defense-of-neighbourhood-of-luzac\/#primaryimage"},"thumbnailUrl":"https:\/\/www.predsjednik.hr\/wp-content\/uploads\/2021\/11\/DSC_7867.jpg","datePublished":"2021-11-02T14:14:51+00:00","dateModified":"2021-11-02T14:14:54+00:00","breadcrumb":{"@id":"https:\/\/www.predsjednik.hr\/en\/news\/president-milanovic-at-30th-anniversary-commemoration-of-fall-of-defense-of-neighbourhood-of-luzac\/#breadcrumb"},"inLanguage":"en-US","potentialAction":[{"@type":"ReadAction","target":["https:\/\/www.predsjednik.hr\/en\/news\/president-milanovic-at-30th-anniversary-commemoration-of-fall-of-defense-of-neighbourhood-of-luzac\/"]}]},{"@type":"ImageObject","inLanguage":"en-US","@id":"https:\/\/www.predsjednik.hr\/en\/news\/president-milanovic-at-30th-anniversary-commemoration-of-fall-of-defense-of-neighbourhood-of-luzac\/#primaryimage","url":"https:\/\/www.predsjednik.hr\/wp-content\/uploads\/2021\/11\/DSC_7867.jpg","contentUrl":"https:\/\/www.predsjednik.hr\/wp-content\/uploads\/2021\/11\/DSC_7867.jpg","width":6192,"height":4128,"caption":"President Milanovi\u0107 at 30th Anniversary Commemoration of Fall of Defense of Neighbourhood of Lu\u017eac"},{"@type":"BreadcrumbList","@id":"https:\/\/www.predsjednik.hr\/en\/news\/president-milanovic-at-30th-anniversary-commemoration-of-fall-of-defense-of-neighbourhood-of-luzac\/#breadcrumb","itemListElement":[{"@type":"ListItem","position":1,"name":"Home","item":"https:\/\/www.predsjednik.hr\/en\/"},{"@type":"ListItem","position":2,"name":"Vijesti","item":"https:\/\/www.predsjednik.hr\/en\/news\/"},{"@type":"ListItem","position":3,"name":"President Milanovi\u0107 at 30th Anniversary Commemoration of Fall of Defense of Neighbourhood of Lu\u017eac"}]},{"@type":"WebSite","@id":"https:\/\/www.predsjednik.hr\/en\/#website","url":"https:\/\/www.predsjednik.hr\/en\/","name":"President of the Republic of Croatia - Zoran Milanovi\u0107","description":"Just another WordPress site","potentialAction":[{"@type":"SearchAction","target":{"@type":"EntryPoint","urlTemplate":"https:\/\/www.predsjednik.hr\/en\/?s={search_term_string}"},"query-input":{"@type":"PropertyValueSpecification","valueRequired":true,"valueName":"search_term_string"}}],"inLanguage":"en-US"}]}},"_links":{"self":[{"href":"https:\/\/www.predsjednik.hr\/en\/wp-json\/wp\/v2\/news\/13394","targetHints":{"allow":["GET"]}}],"collection":[{"href":"https:\/\/www.predsjednik.hr\/en\/wp-json\/wp\/v2\/news"}],"about":[{"href":"https:\/\/www.predsjednik.hr\/en\/wp-json\/wp\/v2\/types\/news"}],"wp:featuredmedia":[{"embeddable":true,"href":"https:\/\/www.predsjednik.hr\/en\/wp-json\/wp\/v2\/media\/13390"}],"wp:attachment":[{"href":"https:\/\/www.predsjednik.hr\/en\/wp-json\/wp\/v2\/media?parent=13394"}],"wp:term":[{"taxonomy":"news-cat","embeddable":true,"href":"https:\/\/www.predsjednik.hr\/en\/wp-json\/wp\/v2\/news-cat?post=13394"}],"curies":[{"name":"wp","href":"https:\/\/api.w.org\/{rel}","templated":true}]}}