{"id":13460,"date":"2021-11-03T16:10:36","date_gmt":"2021-11-03T15:10:36","guid":{"rendered":"https:\/\/www.predsjednik.hr\/?post_type=news&#038;p=13460"},"modified":"2021-11-03T16:10:38","modified_gmt":"2021-11-03T15:10:38","slug":"president-milanovic-meets-with-representative-of-the-croatian-people-in-bosnia-and-herzegovina-dragan-covic","status":"publish","type":"news","link":"https:\/\/www.predsjednik.hr\/en\/news\/president-milanovic-meets-with-representative-of-the-croatian-people-in-bosnia-and-herzegovina-dragan-covic\/","title":{"rendered":"President Milanovi\u0107 Meets with Representative of the Croatian People in Bosnia and Herzegovina Dragan \u010covi\u0107"},"content":{"rendered":"\n<p>The President of the Republic Zoran Milanovi\u0107 met today in the Office of the President with Dragan \u010covi\u0107, the representative of the Croatian people in Bosnia and Herzegovina. President Milanovi\u0107 and Mr. \u010covi\u0107 discussed the status of the Croatian people in Bosnia and Herzegovina and the need to ensure the rights of Croats as an equal and constituent people in Bosnia and Herzegovina, in accordance with the Dayton Agreement, which includes legitimate representation in the institutions and authorities of Bosnia and Herzegovina.<\/p>\n\n\n<!--GALLERY BLOCK-->\n<div class=\"c-lightbox-gallery js-lightbox\">\n                <!--single-->\n            <a data-no-swup class=\"c-lightbox-gallery__single js-lightbox-single\"\n               href=\"https:\/\/www.predsjednik.hr\/wp-content\/uploads\/2021\/11\/DSC_9430-1024x731.jpg\"\n               style=\"background-image: url('https:\/\/www.predsjednik.hr\/wp-content\/uploads\/2021\/11\/DSC_9430-768x549.jpg')\"><\/a>\n            <!--end single-->\n                    <!--single-->\n            <a data-no-swup class=\"c-lightbox-gallery__single js-lightbox-single\"\n               href=\"https:\/\/www.predsjednik.hr\/wp-content\/uploads\/2021\/11\/DSC_9433-1024x731.jpg\"\n               style=\"background-image: url('https:\/\/www.predsjednik.hr\/wp-content\/uploads\/2021\/11\/DSC_9433-768x549.jpg')\"><\/a>\n            <!--end single-->\n                    <!--single-->\n            <a data-no-swup class=\"c-lightbox-gallery__single js-lightbox-single\"\n               href=\"https:\/\/www.predsjednik.hr\/wp-content\/uploads\/2021\/11\/DSC_9455-1024x576.jpg\"\n               style=\"background-image: url('https:\/\/www.predsjednik.hr\/wp-content\/uploads\/2021\/11\/DSC_9455-768x432.jpg')\"><\/a>\n            <!--end single-->\n        <\/div>\n<!--end GALLERY BLOCK-->\n\n\n\n<p>PHOTO: Office of the President of the Republic of Croatia \/ Dario Andri\u0161ek<\/p>\n","protected":false},"excerpt":{"rendered":"<p>President Milanovi\u0107 and Mr. \u010covi\u0107 discussed the status of the Croatian people in Bosnia and Herzegovina and the need to ensure the rights of Croats as an equal and constituent people in Bosnia and Herzegovina, in accordance with the Dayton Agreement, which includes legitimate representation in the institutions and authorities of Bosnia and Herzegovina.<\/p>\n","protected":false},"featured_media":13455,"template":"","news-cat":[12],"class_list":["post-13460","news","type-news","status-publish","has-post-thumbnail","hentry","news-cat-news"],"acf":[],"yoast_head":"<!-- This site is optimized with the Yoast SEO plugin v27.5 - https:\/\/yoast.com\/product\/yoast-seo-wordpress\/ -->\n<title>President Milanovi\u0107 Meets with Representative of the Croatian People in Bosnia and Herzegovina Dragan \u010covi\u0107 - President of the Republic of Croatia - Zoran Milanovi\u0107<\/title>\n<meta name=\"robots\" content=\"index, follow, max-snippet:-1, max-image-preview:large, max-video-preview:-1\" \/>\n<link rel=\"canonical\" href=\"https:\/\/www.predsjednik.hr\/en\/news\/president-milanovic-meets-with-representative-of-the-croatian-people-in-bosnia-and-herzegovina-dragan-covic\/\" \/>\n<meta property=\"og:locale\" content=\"en_US\" \/>\n<meta property=\"og:type\" content=\"article\" \/>\n<meta property=\"og:title\" content=\"President Milanovi\u0107 Meets with Representative of the Croatian People in Bosnia and Herzegovina Dragan \u010covi\u0107 - President of the Republic of Croatia - Zoran Milanovi\u0107\" \/>\n<meta property=\"og:description\" content=\"President Milanovi\u0107 and Mr. \u010covi\u0107 discussed the status of the Croatian people in Bosnia and Herzegovina and the need to ensure the rights of Croats as an equal and constituent people in Bosnia and Herzegovina, in accordance with the Dayton Agreement, which includes legitimate representation in the institutions and authorities of Bosnia and Herzegovina.\" \/>\n<meta property=\"og:url\" content=\"https:\/\/www.predsjednik.hr\/en\/news\/president-milanovic-meets-with-representative-of-the-croatian-people-in-bosnia-and-herzegovina-dragan-covic\/\" \/>\n<meta property=\"og:site_name\" content=\"President of the Republic of Croatia - Zoran Milanovi\u0107\" \/>\n<meta property=\"article:modified_time\" content=\"2021-11-03T15:10:38+00:00\" \/>\n<meta property=\"og:image\" content=\"https:\/\/www.predsjednik.hr\/wp-content\/uploads\/2021\/11\/DSC_9433.jpg\" \/>\n\t<meta property=\"og:image:width\" content=\"4670\" \/>\n\t<meta property=\"og:image:height\" content=\"3336\" \/>\n\t<meta property=\"og:image:type\" content=\"image\/jpeg\" \/>\n<meta name=\"twitter:card\" content=\"summary_large_image\" \/>\n<meta name=\"twitter:label1\" content=\"Est. reading time\" \/>\n\t<meta name=\"twitter:data1\" content=\"1 minute\" \/>\n<script type=\"application\/ld+json\" class=\"yoast-schema-graph\">{\"@context\":\"https:\\\/\\\/schema.org\",\"@graph\":[{\"@type\":\"WebPage\",\"@id\":\"https:\\\/\\\/www.predsjednik.hr\\\/en\\\/news\\\/president-milanovic-meets-with-representative-of-the-croatian-people-in-bosnia-and-herzegovina-dragan-covic\\\/\",\"url\":\"https:\\\/\\\/www.predsjednik.hr\\\/en\\\/news\\\/president-milanovic-meets-with-representative-of-the-croatian-people-in-bosnia-and-herzegovina-dragan-covic\\\/\",\"name\":\"President Milanovi\u0107 Meets with Representative of the Croatian People in Bosnia and Herzegovina Dragan \u010covi\u0107 - President of the Republic of Croatia - Zoran Milanovi\u0107\",\"isPartOf\":{\"@id\":\"https:\\\/\\\/www.predsjednik.hr\\\/en\\\/#website\"},\"primaryImageOfPage\":{\"@id\":\"https:\\\/\\\/www.predsjednik.hr\\\/en\\\/news\\\/president-milanovic-meets-with-representative-of-the-croatian-people-in-bosnia-and-herzegovina-dragan-covic\\\/#primaryimage\"},\"image\":{\"@id\":\"https:\\\/\\\/www.predsjednik.hr\\\/en\\\/news\\\/president-milanovic-meets-with-representative-of-the-croatian-people-in-bosnia-and-herzegovina-dragan-covic\\\/#primaryimage\"},\"thumbnailUrl\":\"https:\\\/\\\/www.predsjednik.hr\\\/wp-content\\\/uploads\\\/2021\\\/11\\\/DSC_9433.jpg\",\"datePublished\":\"2021-11-03T15:10:36+00:00\",\"dateModified\":\"2021-11-03T15:10:38+00:00\",\"breadcrumb\":{\"@id\":\"https:\\\/\\\/www.predsjednik.hr\\\/en\\\/news\\\/president-milanovic-meets-with-representative-of-the-croatian-people-in-bosnia-and-herzegovina-dragan-covic\\\/#breadcrumb\"},\"inLanguage\":\"en-US\",\"potentialAction\":[{\"@type\":\"ReadAction\",\"target\":[\"https:\\\/\\\/www.predsjednik.hr\\\/en\\\/news\\\/president-milanovic-meets-with-representative-of-the-croatian-people-in-bosnia-and-herzegovina-dragan-covic\\\/\"]}]},{\"@type\":\"ImageObject\",\"inLanguage\":\"en-US\",\"@id\":\"https:\\\/\\\/www.predsjednik.hr\\\/en\\\/news\\\/president-milanovic-meets-with-representative-of-the-croatian-people-in-bosnia-and-herzegovina-dragan-covic\\\/#primaryimage\",\"url\":\"https:\\\/\\\/www.predsjednik.hr\\\/wp-content\\\/uploads\\\/2021\\\/11\\\/DSC_9433.jpg\",\"contentUrl\":\"https:\\\/\\\/www.predsjednik.hr\\\/wp-content\\\/uploads\\\/2021\\\/11\\\/DSC_9433.jpg\",\"width\":4670,\"height\":3336,\"caption\":\"President Milanovi\u0107 Meets with Representative of the Croatian People in Bosnia and Herzegovina Dragan \u010covi\u0107\"},{\"@type\":\"BreadcrumbList\",\"@id\":\"https:\\\/\\\/www.predsjednik.hr\\\/en\\\/news\\\/president-milanovic-meets-with-representative-of-the-croatian-people-in-bosnia-and-herzegovina-dragan-covic\\\/#breadcrumb\",\"itemListElement\":[{\"@type\":\"ListItem\",\"position\":1,\"name\":\"Home\",\"item\":\"https:\\\/\\\/www.predsjednik.hr\\\/en\\\/\"},{\"@type\":\"ListItem\",\"position\":2,\"name\":\"Vijesti\",\"item\":\"https:\\\/\\\/www.predsjednik.hr\\\/en\\\/news\\\/\"},{\"@type\":\"ListItem\",\"position\":3,\"name\":\"President Milanovi\u0107 Meets with Representative of the Croatian People in Bosnia and Herzegovina Dragan \u010covi\u0107\"}]},{\"@type\":\"WebSite\",\"@id\":\"https:\\\/\\\/www.predsjednik.hr\\\/en\\\/#website\",\"url\":\"https:\\\/\\\/www.predsjednik.hr\\\/en\\\/\",\"name\":\"President of the Republic of Croatia - Zoran Milanovi\u0107\",\"description\":\"Just another WordPress site\",\"potentialAction\":[{\"@type\":\"SearchAction\",\"target\":{\"@type\":\"EntryPoint\",\"urlTemplate\":\"https:\\\/\\\/www.predsjednik.hr\\\/en\\\/?s={search_term_string}\"},\"query-input\":{\"@type\":\"PropertyValueSpecification\",\"valueRequired\":true,\"valueName\":\"search_term_string\"}}],\"inLanguage\":\"en-US\"}]}<\/script>\n<!-- \/ Yoast SEO plugin. -->","yoast_head_json":{"title":"President Milanovi\u0107 Meets with Representative of the Croatian People in Bosnia and Herzegovina Dragan \u010covi\u0107 - President of the Republic of Croatia - Zoran Milanovi\u0107","robots":{"index":"index","follow":"follow","max-snippet":"max-snippet:-1","max-image-preview":"max-image-preview:large","max-video-preview":"max-video-preview:-1"},"canonical":"https:\/\/www.predsjednik.hr\/en\/news\/president-milanovic-meets-with-representative-of-the-croatian-people-in-bosnia-and-herzegovina-dragan-covic\/","og_locale":"en_US","og_type":"article","og_title":"President Milanovi\u0107 Meets with Representative of the Croatian People in Bosnia and Herzegovina Dragan \u010covi\u0107 - President of the Republic of Croatia - Zoran Milanovi\u0107","og_description":"President Milanovi\u0107 and Mr. \u010covi\u0107 discussed the status of the Croatian people in Bosnia and Herzegovina and the need to ensure the rights of Croats as an equal and constituent people in Bosnia and Herzegovina, in accordance with the Dayton Agreement, which includes legitimate representation in the institutions and authorities of Bosnia and Herzegovina.","og_url":"https:\/\/www.predsjednik.hr\/en\/news\/president-milanovic-meets-with-representative-of-the-croatian-people-in-bosnia-and-herzegovina-dragan-covic\/","og_site_name":"President of the Republic of Croatia - Zoran Milanovi\u0107","article_modified_time":"2021-11-03T15:10:38+00:00","og_image":[{"width":4670,"height":3336,"url":"https:\/\/www.predsjednik.hr\/wp-content\/uploads\/2021\/11\/DSC_9433.jpg","type":"image\/jpeg"}],"twitter_card":"summary_large_image","twitter_misc":{"Est. reading time":"1 minute"},"schema":{"@context":"https:\/\/schema.org","@graph":[{"@type":"WebPage","@id":"https:\/\/www.predsjednik.hr\/en\/news\/president-milanovic-meets-with-representative-of-the-croatian-people-in-bosnia-and-herzegovina-dragan-covic\/","url":"https:\/\/www.predsjednik.hr\/en\/news\/president-milanovic-meets-with-representative-of-the-croatian-people-in-bosnia-and-herzegovina-dragan-covic\/","name":"President Milanovi\u0107 Meets with Representative of the Croatian People in Bosnia and Herzegovina Dragan \u010covi\u0107 - President of the Republic of Croatia - Zoran Milanovi\u0107","isPartOf":{"@id":"https:\/\/www.predsjednik.hr\/en\/#website"},"primaryImageOfPage":{"@id":"https:\/\/www.predsjednik.hr\/en\/news\/president-milanovic-meets-with-representative-of-the-croatian-people-in-bosnia-and-herzegovina-dragan-covic\/#primaryimage"},"image":{"@id":"https:\/\/www.predsjednik.hr\/en\/news\/president-milanovic-meets-with-representative-of-the-croatian-people-in-bosnia-and-herzegovina-dragan-covic\/#primaryimage"},"thumbnailUrl":"https:\/\/www.predsjednik.hr\/wp-content\/uploads\/2021\/11\/DSC_9433.jpg","datePublished":"2021-11-03T15:10:36+00:00","dateModified":"2021-11-03T15:10:38+00:00","breadcrumb":{"@id":"https:\/\/www.predsjednik.hr\/en\/news\/president-milanovic-meets-with-representative-of-the-croatian-people-in-bosnia-and-herzegovina-dragan-covic\/#breadcrumb"},"inLanguage":"en-US","potentialAction":[{"@type":"ReadAction","target":["https:\/\/www.predsjednik.hr\/en\/news\/president-milanovic-meets-with-representative-of-the-croatian-people-in-bosnia-and-herzegovina-dragan-covic\/"]}]},{"@type":"ImageObject","inLanguage":"en-US","@id":"https:\/\/www.predsjednik.hr\/en\/news\/president-milanovic-meets-with-representative-of-the-croatian-people-in-bosnia-and-herzegovina-dragan-covic\/#primaryimage","url":"https:\/\/www.predsjednik.hr\/wp-content\/uploads\/2021\/11\/DSC_9433.jpg","contentUrl":"https:\/\/www.predsjednik.hr\/wp-content\/uploads\/2021\/11\/DSC_9433.jpg","width":4670,"height":3336,"caption":"President Milanovi\u0107 Meets with Representative of the Croatian People in Bosnia and Herzegovina Dragan \u010covi\u0107"},{"@type":"BreadcrumbList","@id":"https:\/\/www.predsjednik.hr\/en\/news\/president-milanovic-meets-with-representative-of-the-croatian-people-in-bosnia-and-herzegovina-dragan-covic\/#breadcrumb","itemListElement":[{"@type":"ListItem","position":1,"name":"Home","item":"https:\/\/www.predsjednik.hr\/en\/"},{"@type":"ListItem","position":2,"name":"Vijesti","item":"https:\/\/www.predsjednik.hr\/en\/news\/"},{"@type":"ListItem","position":3,"name":"President Milanovi\u0107 Meets with Representative of the Croatian People in Bosnia and Herzegovina Dragan \u010covi\u0107"}]},{"@type":"WebSite","@id":"https:\/\/www.predsjednik.hr\/en\/#website","url":"https:\/\/www.predsjednik.hr\/en\/","name":"President of the Republic of Croatia - Zoran Milanovi\u0107","description":"Just another WordPress site","potentialAction":[{"@type":"SearchAction","target":{"@type":"EntryPoint","urlTemplate":"https:\/\/www.predsjednik.hr\/en\/?s={search_term_string}"},"query-input":{"@type":"PropertyValueSpecification","valueRequired":true,"valueName":"search_term_string"}}],"inLanguage":"en-US"}]}},"_links":{"self":[{"href":"https:\/\/www.predsjednik.hr\/en\/wp-json\/wp\/v2\/news\/13460","targetHints":{"allow":["GET"]}}],"collection":[{"href":"https:\/\/www.predsjednik.hr\/en\/wp-json\/wp\/v2\/news"}],"about":[{"href":"https:\/\/www.predsjednik.hr\/en\/wp-json\/wp\/v2\/types\/news"}],"wp:featuredmedia":[{"embeddable":true,"href":"https:\/\/www.predsjednik.hr\/en\/wp-json\/wp\/v2\/media\/13455"}],"wp:attachment":[{"href":"https:\/\/www.predsjednik.hr\/en\/wp-json\/wp\/v2\/media?parent=13460"}],"wp:term":[{"taxonomy":"news-cat","embeddable":true,"href":"https:\/\/www.predsjednik.hr\/en\/wp-json\/wp\/v2\/news-cat?post=13460"}],"curies":[{"name":"wp","href":"https:\/\/api.w.org\/{rel}","templated":true}]}}