{"id":13504,"date":"2021-11-04T17:22:00","date_gmt":"2021-11-04T16:22:00","guid":{"rendered":"https:\/\/www.predsjednik.hr\/?post_type=news&#038;p=13504"},"modified":"2021-11-05T09:23:31","modified_gmt":"2021-11-05T08:23:31","slug":"president-milanovic-holds-talks-with-military-leaders-on-situation-shortcomings-necessary-budget-adjustments-and-croatian-armed-forces-development-plans","status":"publish","type":"news","link":"https:\/\/www.predsjednik.hr\/en\/news\/president-milanovic-holds-talks-with-military-leaders-on-situation-shortcomings-necessary-budget-adjustments-and-croatian-armed-forces-development-plans\/","title":{"rendered":"President Milanovi\u0107 Holds Talks with Military Leaders on Situation, Shortcomings, Necessary Budget Adjustments and Croatian Armed Forces Development Plans"},"content":{"rendered":"\n<p>The President of the Republic and Commander in Chief of the Croatian Armed Forces Zoran Milanovi\u0107 held a meeting today in the Office of the President with the Chief of the General Staff and commanders of all branches of the Croatian Armed Forces. The meeting discussed the situation, shortcomings, necessary budget adjustments and development plans of the Croatian Armed Forces.<\/p>\n\n\n\n<p>The meeting was attended by the Chief of the General Staff of the Croatian Armed Forces Admiral Robert Hranj, Director of the General Staff of the Croatian Armed Forces Major General Ivica Oluji\u0107, Commander of the Croatian Army Lieutenant General Boris \u0160eri\u0107, Commander of the Croatian Navy Rear Admiral Ivo Raffanelli, Chief of Staff \u2013 Deputy Commander of the Croatian Air Force Colonel Marinko Galovi\u0107 and Chief of the Planning Directorate Brigadier General Gordana Gara\u0161i\u0107.<\/p>\n\n\n\n<p>Adviser to the President of the Republic for Defense and National Security Dragan Lozan\u010di\u0107 was alongside President Milanovi\u0107 at the meeting.<\/p>\n\n\n<!--GALLERY BLOCK-->\n<div class=\"c-lightbox-gallery js-lightbox\">\n                <!--single-->\n            <a data-no-swup class=\"c-lightbox-gallery__single js-lightbox-single\"\n               href=\"https:\/\/www.predsjednik.hr\/wp-content\/uploads\/2021\/11\/DSC_9482-1024x576.jpg\"\n               style=\"background-image: url('https:\/\/www.predsjednik.hr\/wp-content\/uploads\/2021\/11\/DSC_9482-768x432.jpg')\"><\/a>\n            <!--end single-->\n                    <!--single-->\n            <a data-no-swup class=\"c-lightbox-gallery__single js-lightbox-single\"\n               href=\"https:\/\/www.predsjednik.hr\/wp-content\/uploads\/2021\/11\/DSC_9502-1024x588.jpg\"\n               style=\"background-image: url('https:\/\/www.predsjednik.hr\/wp-content\/uploads\/2021\/11\/DSC_9502-768x441.jpg')\"><\/a>\n            <!--end single-->\n        <\/div>\n<!--end GALLERY BLOCK-->\n\n\n\n<p>FOTO: Ured predsjednika Republike Hrvatske \/ Tomislav Bu\u0161ljeta<\/p>\n","protected":false},"excerpt":{"rendered":"<p>The President of the Republic and Commander in Chief of the Croatian Armed Forces Zoran Milanovi\u0107 held a meeting today in the Office of the President with the Chief of the General Staff and commanders of all branches of the Croatian Armed Forces.<\/p>\n","protected":false},"featured_media":13503,"template":"","news-cat":[12],"class_list":["post-13504","news","type-news","status-publish","has-post-thumbnail","hentry","news-cat-news"],"acf":[],"yoast_head":"<!-- This site is optimized with the Yoast SEO plugin v27.5 - https:\/\/yoast.com\/product\/yoast-seo-wordpress\/ -->\n<title>President Milanovi\u0107 Holds Talks with Military Leaders on Situation, Shortcomings, Necessary Budget Adjustments and Croatian Armed Forces Development Plans - President of the Republic of Croatia - Zoran Milanovi\u0107<\/title>\n<meta name=\"robots\" content=\"index, follow, max-snippet:-1, max-image-preview:large, max-video-preview:-1\" \/>\n<link rel=\"canonical\" href=\"https:\/\/www.predsjednik.hr\/en\/news\/president-milanovic-holds-talks-with-military-leaders-on-situation-shortcomings-necessary-budget-adjustments-and-croatian-armed-forces-development-plans\/\" \/>\n<meta property=\"og:locale\" content=\"en_US\" \/>\n<meta property=\"og:type\" content=\"article\" \/>\n<meta property=\"og:title\" content=\"President Milanovi\u0107 Holds Talks with Military Leaders on Situation, Shortcomings, Necessary Budget Adjustments and Croatian Armed Forces Development Plans - President of the Republic of Croatia - Zoran Milanovi\u0107\" \/>\n<meta property=\"og:description\" content=\"The President of the Republic and Commander in Chief of the Croatian Armed Forces Zoran Milanovi\u0107 held a meeting today in the Office of the President with the Chief of the General Staff and commanders of all branches of the Croatian Armed Forces.\" \/>\n<meta property=\"og:url\" content=\"https:\/\/www.predsjednik.hr\/en\/news\/president-milanovic-holds-talks-with-military-leaders-on-situation-shortcomings-necessary-budget-adjustments-and-croatian-armed-forces-development-plans\/\" \/>\n<meta property=\"og:site_name\" content=\"President of the Republic of Croatia - Zoran Milanovi\u0107\" \/>\n<meta property=\"article:modified_time\" content=\"2021-11-05T08:23:31+00:00\" \/>\n<meta property=\"og:image\" content=\"https:\/\/www.predsjednik.hr\/wp-content\/uploads\/2021\/11\/DSC_9502.jpg\" \/>\n\t<meta property=\"og:image:width\" content=\"4000\" \/>\n\t<meta property=\"og:image:height\" content=\"2297\" \/>\n\t<meta property=\"og:image:type\" content=\"image\/jpeg\" \/>\n<meta name=\"twitter:card\" content=\"summary_large_image\" \/>\n<meta name=\"twitter:label1\" content=\"Est. reading time\" \/>\n\t<meta name=\"twitter:data1\" content=\"1 minute\" \/>\n<script type=\"application\/ld+json\" class=\"yoast-schema-graph\">{\"@context\":\"https:\\\/\\\/schema.org\",\"@graph\":[{\"@type\":\"WebPage\",\"@id\":\"https:\\\/\\\/www.predsjednik.hr\\\/en\\\/news\\\/president-milanovic-holds-talks-with-military-leaders-on-situation-shortcomings-necessary-budget-adjustments-and-croatian-armed-forces-development-plans\\\/\",\"url\":\"https:\\\/\\\/www.predsjednik.hr\\\/en\\\/news\\\/president-milanovic-holds-talks-with-military-leaders-on-situation-shortcomings-necessary-budget-adjustments-and-croatian-armed-forces-development-plans\\\/\",\"name\":\"President Milanovi\u0107 Holds Talks with Military Leaders on Situation, Shortcomings, Necessary Budget Adjustments and Croatian Armed Forces Development Plans - President of the Republic of Croatia - Zoran Milanovi\u0107\",\"isPartOf\":{\"@id\":\"https:\\\/\\\/www.predsjednik.hr\\\/en\\\/#website\"},\"primaryImageOfPage\":{\"@id\":\"https:\\\/\\\/www.predsjednik.hr\\\/en\\\/news\\\/president-milanovic-holds-talks-with-military-leaders-on-situation-shortcomings-necessary-budget-adjustments-and-croatian-armed-forces-development-plans\\\/#primaryimage\"},\"image\":{\"@id\":\"https:\\\/\\\/www.predsjednik.hr\\\/en\\\/news\\\/president-milanovic-holds-talks-with-military-leaders-on-situation-shortcomings-necessary-budget-adjustments-and-croatian-armed-forces-development-plans\\\/#primaryimage\"},\"thumbnailUrl\":\"https:\\\/\\\/www.predsjednik.hr\\\/wp-content\\\/uploads\\\/2021\\\/11\\\/DSC_9502.jpg\",\"datePublished\":\"2021-11-04T16:22:00+00:00\",\"dateModified\":\"2021-11-05T08:23:31+00:00\",\"breadcrumb\":{\"@id\":\"https:\\\/\\\/www.predsjednik.hr\\\/en\\\/news\\\/president-milanovic-holds-talks-with-military-leaders-on-situation-shortcomings-necessary-budget-adjustments-and-croatian-armed-forces-development-plans\\\/#breadcrumb\"},\"inLanguage\":\"en-US\",\"potentialAction\":[{\"@type\":\"ReadAction\",\"target\":[\"https:\\\/\\\/www.predsjednik.hr\\\/en\\\/news\\\/president-milanovic-holds-talks-with-military-leaders-on-situation-shortcomings-necessary-budget-adjustments-and-croatian-armed-forces-development-plans\\\/\"]}]},{\"@type\":\"ImageObject\",\"inLanguage\":\"en-US\",\"@id\":\"https:\\\/\\\/www.predsjednik.hr\\\/en\\\/news\\\/president-milanovic-holds-talks-with-military-leaders-on-situation-shortcomings-necessary-budget-adjustments-and-croatian-armed-forces-development-plans\\\/#primaryimage\",\"url\":\"https:\\\/\\\/www.predsjednik.hr\\\/wp-content\\\/uploads\\\/2021\\\/11\\\/DSC_9502.jpg\",\"contentUrl\":\"https:\\\/\\\/www.predsjednik.hr\\\/wp-content\\\/uploads\\\/2021\\\/11\\\/DSC_9502.jpg\",\"width\":4000,\"height\":2297,\"caption\":\"The President of the Republic and Commander in Chief of the Croatian Armed Forces Zoran Milanovi\u0107 held a meeting today in the Office of the President with the Chief of the General Staff and commanders of all branches of the Croatian Armed Forces.\"},{\"@type\":\"BreadcrumbList\",\"@id\":\"https:\\\/\\\/www.predsjednik.hr\\\/en\\\/news\\\/president-milanovic-holds-talks-with-military-leaders-on-situation-shortcomings-necessary-budget-adjustments-and-croatian-armed-forces-development-plans\\\/#breadcrumb\",\"itemListElement\":[{\"@type\":\"ListItem\",\"position\":1,\"name\":\"Home\",\"item\":\"https:\\\/\\\/www.predsjednik.hr\\\/en\\\/\"},{\"@type\":\"ListItem\",\"position\":2,\"name\":\"Vijesti\",\"item\":\"https:\\\/\\\/www.predsjednik.hr\\\/en\\\/news\\\/\"},{\"@type\":\"ListItem\",\"position\":3,\"name\":\"President Milanovi\u0107 Holds Talks with Military Leaders on Situation, Shortcomings, Necessary Budget Adjustments and Croatian Armed Forces Development Plans\"}]},{\"@type\":\"WebSite\",\"@id\":\"https:\\\/\\\/www.predsjednik.hr\\\/en\\\/#website\",\"url\":\"https:\\\/\\\/www.predsjednik.hr\\\/en\\\/\",\"name\":\"President of the Republic of Croatia - Zoran Milanovi\u0107\",\"description\":\"Just another WordPress site\",\"potentialAction\":[{\"@type\":\"SearchAction\",\"target\":{\"@type\":\"EntryPoint\",\"urlTemplate\":\"https:\\\/\\\/www.predsjednik.hr\\\/en\\\/?s={search_term_string}\"},\"query-input\":{\"@type\":\"PropertyValueSpecification\",\"valueRequired\":true,\"valueName\":\"search_term_string\"}}],\"inLanguage\":\"en-US\"}]}<\/script>\n<!-- \/ Yoast SEO plugin. -->","yoast_head_json":{"title":"President Milanovi\u0107 Holds Talks with Military Leaders on Situation, Shortcomings, Necessary Budget Adjustments and Croatian Armed Forces Development Plans - President of the Republic of Croatia - Zoran Milanovi\u0107","robots":{"index":"index","follow":"follow","max-snippet":"max-snippet:-1","max-image-preview":"max-image-preview:large","max-video-preview":"max-video-preview:-1"},"canonical":"https:\/\/www.predsjednik.hr\/en\/news\/president-milanovic-holds-talks-with-military-leaders-on-situation-shortcomings-necessary-budget-adjustments-and-croatian-armed-forces-development-plans\/","og_locale":"en_US","og_type":"article","og_title":"President Milanovi\u0107 Holds Talks with Military Leaders on Situation, Shortcomings, Necessary Budget Adjustments and Croatian Armed Forces Development Plans - President of the Republic of Croatia - Zoran Milanovi\u0107","og_description":"The President of the Republic and Commander in Chief of the Croatian Armed Forces Zoran Milanovi\u0107 held a meeting today in the Office of the President with the Chief of the General Staff and commanders of all branches of the Croatian Armed Forces.","og_url":"https:\/\/www.predsjednik.hr\/en\/news\/president-milanovic-holds-talks-with-military-leaders-on-situation-shortcomings-necessary-budget-adjustments-and-croatian-armed-forces-development-plans\/","og_site_name":"President of the Republic of Croatia - Zoran Milanovi\u0107","article_modified_time":"2021-11-05T08:23:31+00:00","og_image":[{"width":4000,"height":2297,"url":"https:\/\/www.predsjednik.hr\/wp-content\/uploads\/2021\/11\/DSC_9502.jpg","type":"image\/jpeg"}],"twitter_card":"summary_large_image","twitter_misc":{"Est. reading time":"1 minute"},"schema":{"@context":"https:\/\/schema.org","@graph":[{"@type":"WebPage","@id":"https:\/\/www.predsjednik.hr\/en\/news\/president-milanovic-holds-talks-with-military-leaders-on-situation-shortcomings-necessary-budget-adjustments-and-croatian-armed-forces-development-plans\/","url":"https:\/\/www.predsjednik.hr\/en\/news\/president-milanovic-holds-talks-with-military-leaders-on-situation-shortcomings-necessary-budget-adjustments-and-croatian-armed-forces-development-plans\/","name":"President Milanovi\u0107 Holds Talks with Military Leaders on Situation, Shortcomings, Necessary Budget Adjustments and Croatian Armed Forces Development Plans - President of the Republic of Croatia - Zoran Milanovi\u0107","isPartOf":{"@id":"https:\/\/www.predsjednik.hr\/en\/#website"},"primaryImageOfPage":{"@id":"https:\/\/www.predsjednik.hr\/en\/news\/president-milanovic-holds-talks-with-military-leaders-on-situation-shortcomings-necessary-budget-adjustments-and-croatian-armed-forces-development-plans\/#primaryimage"},"image":{"@id":"https:\/\/www.predsjednik.hr\/en\/news\/president-milanovic-holds-talks-with-military-leaders-on-situation-shortcomings-necessary-budget-adjustments-and-croatian-armed-forces-development-plans\/#primaryimage"},"thumbnailUrl":"https:\/\/www.predsjednik.hr\/wp-content\/uploads\/2021\/11\/DSC_9502.jpg","datePublished":"2021-11-04T16:22:00+00:00","dateModified":"2021-11-05T08:23:31+00:00","breadcrumb":{"@id":"https:\/\/www.predsjednik.hr\/en\/news\/president-milanovic-holds-talks-with-military-leaders-on-situation-shortcomings-necessary-budget-adjustments-and-croatian-armed-forces-development-plans\/#breadcrumb"},"inLanguage":"en-US","potentialAction":[{"@type":"ReadAction","target":["https:\/\/www.predsjednik.hr\/en\/news\/president-milanovic-holds-talks-with-military-leaders-on-situation-shortcomings-necessary-budget-adjustments-and-croatian-armed-forces-development-plans\/"]}]},{"@type":"ImageObject","inLanguage":"en-US","@id":"https:\/\/www.predsjednik.hr\/en\/news\/president-milanovic-holds-talks-with-military-leaders-on-situation-shortcomings-necessary-budget-adjustments-and-croatian-armed-forces-development-plans\/#primaryimage","url":"https:\/\/www.predsjednik.hr\/wp-content\/uploads\/2021\/11\/DSC_9502.jpg","contentUrl":"https:\/\/www.predsjednik.hr\/wp-content\/uploads\/2021\/11\/DSC_9502.jpg","width":4000,"height":2297,"caption":"The President of the Republic and Commander in Chief of the Croatian Armed Forces Zoran Milanovi\u0107 held a meeting today in the Office of the President with the Chief of the General Staff and commanders of all branches of the Croatian Armed Forces."},{"@type":"BreadcrumbList","@id":"https:\/\/www.predsjednik.hr\/en\/news\/president-milanovic-holds-talks-with-military-leaders-on-situation-shortcomings-necessary-budget-adjustments-and-croatian-armed-forces-development-plans\/#breadcrumb","itemListElement":[{"@type":"ListItem","position":1,"name":"Home","item":"https:\/\/www.predsjednik.hr\/en\/"},{"@type":"ListItem","position":2,"name":"Vijesti","item":"https:\/\/www.predsjednik.hr\/en\/news\/"},{"@type":"ListItem","position":3,"name":"President Milanovi\u0107 Holds Talks with Military Leaders on Situation, Shortcomings, Necessary Budget Adjustments and Croatian Armed Forces Development Plans"}]},{"@type":"WebSite","@id":"https:\/\/www.predsjednik.hr\/en\/#website","url":"https:\/\/www.predsjednik.hr\/en\/","name":"President of the Republic of Croatia - Zoran Milanovi\u0107","description":"Just another WordPress site","potentialAction":[{"@type":"SearchAction","target":{"@type":"EntryPoint","urlTemplate":"https:\/\/www.predsjednik.hr\/en\/?s={search_term_string}"},"query-input":{"@type":"PropertyValueSpecification","valueRequired":true,"valueName":"search_term_string"}}],"inLanguage":"en-US"}]}},"_links":{"self":[{"href":"https:\/\/www.predsjednik.hr\/en\/wp-json\/wp\/v2\/news\/13504","targetHints":{"allow":["GET"]}}],"collection":[{"href":"https:\/\/www.predsjednik.hr\/en\/wp-json\/wp\/v2\/news"}],"about":[{"href":"https:\/\/www.predsjednik.hr\/en\/wp-json\/wp\/v2\/types\/news"}],"wp:featuredmedia":[{"embeddable":true,"href":"https:\/\/www.predsjednik.hr\/en\/wp-json\/wp\/v2\/media\/13503"}],"wp:attachment":[{"href":"https:\/\/www.predsjednik.hr\/en\/wp-json\/wp\/v2\/media?parent=13504"}],"wp:term":[{"taxonomy":"news-cat","embeddable":true,"href":"https:\/\/www.predsjednik.hr\/en\/wp-json\/wp\/v2\/news-cat?post=13504"}],"curies":[{"name":"wp","href":"https:\/\/api.w.org\/{rel}","templated":true}]}}