{"id":13550,"date":"2021-11-05T14:26:38","date_gmt":"2021-11-05T13:26:38","guid":{"rendered":"https:\/\/www.predsjednik.hr\/?post_type=news&#038;p=13550"},"modified":"2021-11-05T14:26:40","modified_gmt":"2021-11-05T13:26:40","slug":"president-milanovic-attends-31st-anniversary-ceremony-marking-formation-of-tigers-1st-guards-brigade","status":"publish","type":"news","link":"https:\/\/www.predsjednik.hr\/en\/news\/president-milanovic-attends-31st-anniversary-ceremony-marking-formation-of-tigers-1st-guards-brigade\/","title":{"rendered":"President Milanovi\u0107 Attends 31st Anniversary Ceremony Marking Formation of \u201cTigers\u201d 1st Guards Brigade"},"content":{"rendered":"\n<p>The President of the Republic and Commander in Chief of the Croatian Armed Forces Zoran Milanovi\u0107 attended a ceremony marking the 31<sup>st<\/sup> anniversary of the formation of the \u201cTigers\u201d 1<sup>st<\/sup> Guards Brigade and the 14<sup>th<\/sup> anniversary of the formation of the \u201cTigers\u201d 1<sup>st<\/sup> Mechanized Battalion.<\/p>\n\n\n\n<p>The ceremony marking the anniversary of the formation of the brigade started by laying wreaths at the Memorial to the fallen and missing members of the Tigers 1<sup>st<\/sup> Guards Brigade. Besides the families of the fallen, missing and deceased members and the members of the Association of Veterans of the Tigers 1<sup>st<\/sup> Guards Brigade, wreaths were also laid by the President of the Republic and Commander in Chief of the Croatian Armed Forces, envoys of the Speaker of the Croatian Parliament and of the Prime Minister, and the Mayor of Zagreb.<\/p>\n\n\n\n<p>Alongside President Milanovi\u0107 at the wreath-laying ceremony were the Deputy Chief of the General Staff of the Croatian Armed Forces Lieutenant General Sini\u0161a Jurkovi\u0107, Commander of the Croatian Army Lieutenant General Boris \u0160eri\u0107, Command Support Commander Lieutenant General Mladen Fuzul, the Chief of Staff-Deputy Command Support Commander Brigadier General Ivan Raos, Commander of the Guards Mechanized Brigade Brigadier General Dra\u017een Ressler, Adviser to the President of the Republic for Defence and National Security Dragan Lozan\u010di\u0107 and the Special Adviser to the President of the Republic for Homeland War Veterans Marijan Marekovi\u0107.<\/p>\n\n\n\n<p>The wreath-laying ceremony was followed by a beret presentation in the \u201cTigers\u201d 1<sup>st<\/sup> Guards Brigade Barracks by President Milanovi\u0107, Deputy Prime Minister and Minister of Croatian Defenders and envoy of the Prime Minister Tomo Medved, Defence Minister Mario Bano\u017ei\u0107, Deputy Chief of the General Staff of the Croatian Armed Forces Lieutenant General Sini\u0161a Jurkovi\u0107, Commander of the Guards Mechanized Brigade Brigadier General Dra\u017een Ressler, and representatives of the Association of Veterans of the Tigers 1<sup>st<\/sup> Guards Brigade.<\/p>\n\n\n<!--GALLERY BLOCK-->\n<div class=\"c-lightbox-gallery js-lightbox\">\n                <!--single-->\n            <a data-no-swup class=\"c-lightbox-gallery__single js-lightbox-single\"\n               href=\"https:\/\/www.predsjednik.hr\/wp-content\/uploads\/2021\/11\/DSC_6982-1024x683.jpg\"\n               style=\"background-image: url('https:\/\/www.predsjednik.hr\/wp-content\/uploads\/2021\/11\/DSC_6982-768x512.jpg')\"><\/a>\n            <!--end single-->\n                    <!--single-->\n            <a data-no-swup class=\"c-lightbox-gallery__single js-lightbox-single\"\n               href=\"https:\/\/www.predsjednik.hr\/wp-content\/uploads\/2021\/11\/DSC_7109-1024x589.jpg\"\n               style=\"background-image: url('https:\/\/www.predsjednik.hr\/wp-content\/uploads\/2021\/11\/DSC_7109-768x441.jpg')\"><\/a>\n            <!--end single-->\n                    <!--single-->\n            <a data-no-swup class=\"c-lightbox-gallery__single js-lightbox-single\"\n               href=\"https:\/\/www.predsjednik.hr\/wp-content\/uploads\/2021\/11\/DSC_7143-1024x750.jpg\"\n               style=\"background-image: url('https:\/\/www.predsjednik.hr\/wp-content\/uploads\/2021\/11\/DSC_7143-768x562.jpg')\"><\/a>\n            <!--end single-->\n                    <!--single-->\n            <a data-no-swup class=\"c-lightbox-gallery__single js-lightbox-single\"\n               href=\"https:\/\/www.predsjednik.hr\/wp-content\/uploads\/2021\/11\/DSC_7165-1024x716.jpg\"\n               style=\"background-image: url('https:\/\/www.predsjednik.hr\/wp-content\/uploads\/2021\/11\/DSC_7165-768x537.jpg')\"><\/a>\n            <!--end single-->\n                    <!--single-->\n            <a data-no-swup class=\"c-lightbox-gallery__single js-lightbox-single\"\n               href=\"https:\/\/www.predsjednik.hr\/wp-content\/uploads\/2021\/11\/DSC_7272-1024x683.jpg\"\n               style=\"background-image: url('https:\/\/www.predsjednik.hr\/wp-content\/uploads\/2021\/11\/DSC_7272-768x512.jpg')\"><\/a>\n            <!--end single-->\n                    <!--single-->\n            <a data-no-swup class=\"c-lightbox-gallery__single js-lightbox-single\"\n               href=\"https:\/\/www.predsjednik.hr\/wp-content\/uploads\/2021\/11\/DSC_7294-1024x692.jpg\"\n               style=\"background-image: url('https:\/\/www.predsjednik.hr\/wp-content\/uploads\/2021\/11\/DSC_7294-768x519.jpg')\"><\/a>\n            <!--end single-->\n                    <!--single-->\n            <a data-no-swup class=\"c-lightbox-gallery__single js-lightbox-single\"\n               href=\"https:\/\/www.predsjednik.hr\/wp-content\/uploads\/2021\/11\/DSC_7405-1-1024x705.jpg\"\n               style=\"background-image: url('https:\/\/www.predsjednik.hr\/wp-content\/uploads\/2021\/11\/DSC_7405-1-768x529.jpg')\"><\/a>\n            <!--end single-->\n                    <!--single-->\n            <a data-no-swup class=\"c-lightbox-gallery__single js-lightbox-single\"\n               href=\"https:\/\/www.predsjednik.hr\/wp-content\/uploads\/2021\/11\/DSC_7545-1024x683.jpg\"\n               style=\"background-image: url('https:\/\/www.predsjednik.hr\/wp-content\/uploads\/2021\/11\/DSC_7545-768x512.jpg')\"><\/a>\n            <!--end single-->\n                    <!--single-->\n            <a data-no-swup class=\"c-lightbox-gallery__single js-lightbox-single\"\n               href=\"https:\/\/www.predsjednik.hr\/wp-content\/uploads\/2021\/11\/DSC_7599-1024x699.jpg\"\n               style=\"background-image: url('https:\/\/www.predsjednik.hr\/wp-content\/uploads\/2021\/11\/DSC_7599-768x524.jpg')\"><\/a>\n            <!--end single-->\n                    <!--single-->\n            <a data-no-swup class=\"c-lightbox-gallery__single js-lightbox-single\"\n               href=\"https:\/\/www.predsjednik.hr\/wp-content\/uploads\/2021\/11\/DSC_7692-1024x676.jpg\"\n               style=\"background-image: url('https:\/\/www.predsjednik.hr\/wp-content\/uploads\/2021\/11\/DSC_7692-768x507.jpg')\"><\/a>\n            <!--end single-->\n        <\/div>\n<!--end GALLERY BLOCK-->\n\n\n\n<p>PHOTO: Office of the President of the Republic of Croatia \/ Tomislav Bu\u0161ljeta<\/p>\n","protected":false},"excerpt":{"rendered":"<p>The President of the Republic and Commander in Chief of the Croatian Armed Forces Zoran Milanovi\u0107 attended a ceremony marking the 31st anniversary of the formation of the \u201cTigers\u201d 1st Guards Brigade and the 14th anniversary of the formation of the \u201cTigers\u201d 1st Mechanized Battalion.<\/p>\n","protected":false},"featured_media":13519,"template":"","news-cat":[12],"class_list":["post-13550","news","type-news","status-publish","has-post-thumbnail","hentry","news-cat-news"],"acf":[],"yoast_head":"<!-- This site is optimized with the Yoast SEO plugin v27.5 - https:\/\/yoast.com\/product\/yoast-seo-wordpress\/ -->\n<title>President Milanovi\u0107 Attends 31st Anniversary Ceremony Marking Formation of \u201cTigers\u201d 1st Guards Brigade - President of the Republic of Croatia - Zoran Milanovi\u0107<\/title>\n<meta name=\"robots\" content=\"index, follow, max-snippet:-1, max-image-preview:large, max-video-preview:-1\" \/>\n<link rel=\"canonical\" href=\"https:\/\/www.predsjednik.hr\/en\/news\/president-milanovic-attends-31st-anniversary-ceremony-marking-formation-of-tigers-1st-guards-brigade\/\" \/>\n<meta property=\"og:locale\" content=\"en_US\" \/>\n<meta property=\"og:type\" content=\"article\" \/>\n<meta property=\"og:title\" content=\"President Milanovi\u0107 Attends 31st Anniversary Ceremony Marking Formation of \u201cTigers\u201d 1st Guards Brigade - President of the Republic of Croatia - Zoran Milanovi\u0107\" \/>\n<meta property=\"og:description\" content=\"The President of the Republic and Commander in Chief of the Croatian Armed Forces Zoran Milanovi\u0107 attended a ceremony marking the 31st anniversary of the formation of the \u201cTigers\u201d 1st Guards Brigade and the 14th anniversary of the formation of the \u201cTigers\u201d 1st Mechanized Battalion.\" \/>\n<meta property=\"og:url\" content=\"https:\/\/www.predsjednik.hr\/en\/news\/president-milanovic-attends-31st-anniversary-ceremony-marking-formation-of-tigers-1st-guards-brigade\/\" \/>\n<meta property=\"og:site_name\" content=\"President of the Republic of Croatia - Zoran Milanovi\u0107\" \/>\n<meta property=\"article:modified_time\" content=\"2021-11-05T13:26:40+00:00\" \/>\n<meta property=\"og:image\" content=\"https:\/\/www.predsjednik.hr\/wp-content\/uploads\/2021\/11\/DSC_7405-1.jpg\" \/>\n\t<meta property=\"og:image:width\" content=\"4096\" \/>\n\t<meta property=\"og:image:height\" content=\"2820\" \/>\n\t<meta property=\"og:image:type\" content=\"image\/jpeg\" \/>\n<meta name=\"twitter:card\" content=\"summary_large_image\" \/>\n<meta name=\"twitter:label1\" content=\"Est. reading time\" \/>\n\t<meta name=\"twitter:data1\" content=\"2 minutes\" \/>\n<script type=\"application\/ld+json\" class=\"yoast-schema-graph\">{\"@context\":\"https:\\\/\\\/schema.org\",\"@graph\":[{\"@type\":\"WebPage\",\"@id\":\"https:\\\/\\\/www.predsjednik.hr\\\/en\\\/news\\\/president-milanovic-attends-31st-anniversary-ceremony-marking-formation-of-tigers-1st-guards-brigade\\\/\",\"url\":\"https:\\\/\\\/www.predsjednik.hr\\\/en\\\/news\\\/president-milanovic-attends-31st-anniversary-ceremony-marking-formation-of-tigers-1st-guards-brigade\\\/\",\"name\":\"President Milanovi\u0107 Attends 31st Anniversary Ceremony Marking Formation of \u201cTigers\u201d 1st Guards Brigade - President of the Republic of Croatia - Zoran Milanovi\u0107\",\"isPartOf\":{\"@id\":\"https:\\\/\\\/www.predsjednik.hr\\\/en\\\/#website\"},\"primaryImageOfPage\":{\"@id\":\"https:\\\/\\\/www.predsjednik.hr\\\/en\\\/news\\\/president-milanovic-attends-31st-anniversary-ceremony-marking-formation-of-tigers-1st-guards-brigade\\\/#primaryimage\"},\"image\":{\"@id\":\"https:\\\/\\\/www.predsjednik.hr\\\/en\\\/news\\\/president-milanovic-attends-31st-anniversary-ceremony-marking-formation-of-tigers-1st-guards-brigade\\\/#primaryimage\"},\"thumbnailUrl\":\"https:\\\/\\\/www.predsjednik.hr\\\/wp-content\\\/uploads\\\/2021\\\/11\\\/DSC_7405-1.jpg\",\"datePublished\":\"2021-11-05T13:26:38+00:00\",\"dateModified\":\"2021-11-05T13:26:40+00:00\",\"breadcrumb\":{\"@id\":\"https:\\\/\\\/www.predsjednik.hr\\\/en\\\/news\\\/president-milanovic-attends-31st-anniversary-ceremony-marking-formation-of-tigers-1st-guards-brigade\\\/#breadcrumb\"},\"inLanguage\":\"en-US\",\"potentialAction\":[{\"@type\":\"ReadAction\",\"target\":[\"https:\\\/\\\/www.predsjednik.hr\\\/en\\\/news\\\/president-milanovic-attends-31st-anniversary-ceremony-marking-formation-of-tigers-1st-guards-brigade\\\/\"]}]},{\"@type\":\"ImageObject\",\"inLanguage\":\"en-US\",\"@id\":\"https:\\\/\\\/www.predsjednik.hr\\\/en\\\/news\\\/president-milanovic-attends-31st-anniversary-ceremony-marking-formation-of-tigers-1st-guards-brigade\\\/#primaryimage\",\"url\":\"https:\\\/\\\/www.predsjednik.hr\\\/wp-content\\\/uploads\\\/2021\\\/11\\\/DSC_7405-1.jpg\",\"contentUrl\":\"https:\\\/\\\/www.predsjednik.hr\\\/wp-content\\\/uploads\\\/2021\\\/11\\\/DSC_7405-1.jpg\",\"width\":4096,\"height\":2820,\"caption\":\"The President of the Republic and Commander in Chief of the Croatian Armed Forces Zoran Milanovi\u0107 attended a ceremony marking the 31st anniversary of the formation of the \u201cTigers\u201d 1st Guards Brigade and the 14th anniversary of the formation of the \u201cTigers\u201d 1st Mechanized Battalion.\"},{\"@type\":\"BreadcrumbList\",\"@id\":\"https:\\\/\\\/www.predsjednik.hr\\\/en\\\/news\\\/president-milanovic-attends-31st-anniversary-ceremony-marking-formation-of-tigers-1st-guards-brigade\\\/#breadcrumb\",\"itemListElement\":[{\"@type\":\"ListItem\",\"position\":1,\"name\":\"Home\",\"item\":\"https:\\\/\\\/www.predsjednik.hr\\\/en\\\/\"},{\"@type\":\"ListItem\",\"position\":2,\"name\":\"Vijesti\",\"item\":\"https:\\\/\\\/www.predsjednik.hr\\\/en\\\/news\\\/\"},{\"@type\":\"ListItem\",\"position\":3,\"name\":\"President Milanovi\u0107 Attends 31st Anniversary Ceremony Marking Formation of \u201cTigers\u201d 1st Guards Brigade\"}]},{\"@type\":\"WebSite\",\"@id\":\"https:\\\/\\\/www.predsjednik.hr\\\/en\\\/#website\",\"url\":\"https:\\\/\\\/www.predsjednik.hr\\\/en\\\/\",\"name\":\"President of the Republic of Croatia - Zoran Milanovi\u0107\",\"description\":\"Just another WordPress site\",\"potentialAction\":[{\"@type\":\"SearchAction\",\"target\":{\"@type\":\"EntryPoint\",\"urlTemplate\":\"https:\\\/\\\/www.predsjednik.hr\\\/en\\\/?s={search_term_string}\"},\"query-input\":{\"@type\":\"PropertyValueSpecification\",\"valueRequired\":true,\"valueName\":\"search_term_string\"}}],\"inLanguage\":\"en-US\"}]}<\/script>\n<!-- \/ Yoast SEO plugin. -->","yoast_head_json":{"title":"President Milanovi\u0107 Attends 31st Anniversary Ceremony Marking Formation of \u201cTigers\u201d 1st Guards Brigade - President of the Republic of Croatia - Zoran Milanovi\u0107","robots":{"index":"index","follow":"follow","max-snippet":"max-snippet:-1","max-image-preview":"max-image-preview:large","max-video-preview":"max-video-preview:-1"},"canonical":"https:\/\/www.predsjednik.hr\/en\/news\/president-milanovic-attends-31st-anniversary-ceremony-marking-formation-of-tigers-1st-guards-brigade\/","og_locale":"en_US","og_type":"article","og_title":"President Milanovi\u0107 Attends 31st Anniversary Ceremony Marking Formation of \u201cTigers\u201d 1st Guards Brigade - President of the Republic of Croatia - Zoran Milanovi\u0107","og_description":"The President of the Republic and Commander in Chief of the Croatian Armed Forces Zoran Milanovi\u0107 attended a ceremony marking the 31st anniversary of the formation of the \u201cTigers\u201d 1st Guards Brigade and the 14th anniversary of the formation of the \u201cTigers\u201d 1st Mechanized Battalion.","og_url":"https:\/\/www.predsjednik.hr\/en\/news\/president-milanovic-attends-31st-anniversary-ceremony-marking-formation-of-tigers-1st-guards-brigade\/","og_site_name":"President of the Republic of Croatia - Zoran Milanovi\u0107","article_modified_time":"2021-11-05T13:26:40+00:00","og_image":[{"width":4096,"height":2820,"url":"https:\/\/www.predsjednik.hr\/wp-content\/uploads\/2021\/11\/DSC_7405-1.jpg","type":"image\/jpeg"}],"twitter_card":"summary_large_image","twitter_misc":{"Est. reading time":"2 minutes"},"schema":{"@context":"https:\/\/schema.org","@graph":[{"@type":"WebPage","@id":"https:\/\/www.predsjednik.hr\/en\/news\/president-milanovic-attends-31st-anniversary-ceremony-marking-formation-of-tigers-1st-guards-brigade\/","url":"https:\/\/www.predsjednik.hr\/en\/news\/president-milanovic-attends-31st-anniversary-ceremony-marking-formation-of-tigers-1st-guards-brigade\/","name":"President Milanovi\u0107 Attends 31st Anniversary Ceremony Marking Formation of \u201cTigers\u201d 1st Guards Brigade - President of the Republic of Croatia - Zoran Milanovi\u0107","isPartOf":{"@id":"https:\/\/www.predsjednik.hr\/en\/#website"},"primaryImageOfPage":{"@id":"https:\/\/www.predsjednik.hr\/en\/news\/president-milanovic-attends-31st-anniversary-ceremony-marking-formation-of-tigers-1st-guards-brigade\/#primaryimage"},"image":{"@id":"https:\/\/www.predsjednik.hr\/en\/news\/president-milanovic-attends-31st-anniversary-ceremony-marking-formation-of-tigers-1st-guards-brigade\/#primaryimage"},"thumbnailUrl":"https:\/\/www.predsjednik.hr\/wp-content\/uploads\/2021\/11\/DSC_7405-1.jpg","datePublished":"2021-11-05T13:26:38+00:00","dateModified":"2021-11-05T13:26:40+00:00","breadcrumb":{"@id":"https:\/\/www.predsjednik.hr\/en\/news\/president-milanovic-attends-31st-anniversary-ceremony-marking-formation-of-tigers-1st-guards-brigade\/#breadcrumb"},"inLanguage":"en-US","potentialAction":[{"@type":"ReadAction","target":["https:\/\/www.predsjednik.hr\/en\/news\/president-milanovic-attends-31st-anniversary-ceremony-marking-formation-of-tigers-1st-guards-brigade\/"]}]},{"@type":"ImageObject","inLanguage":"en-US","@id":"https:\/\/www.predsjednik.hr\/en\/news\/president-milanovic-attends-31st-anniversary-ceremony-marking-formation-of-tigers-1st-guards-brigade\/#primaryimage","url":"https:\/\/www.predsjednik.hr\/wp-content\/uploads\/2021\/11\/DSC_7405-1.jpg","contentUrl":"https:\/\/www.predsjednik.hr\/wp-content\/uploads\/2021\/11\/DSC_7405-1.jpg","width":4096,"height":2820,"caption":"The President of the Republic and Commander in Chief of the Croatian Armed Forces Zoran Milanovi\u0107 attended a ceremony marking the 31st anniversary of the formation of the \u201cTigers\u201d 1st Guards Brigade and the 14th anniversary of the formation of the \u201cTigers\u201d 1st Mechanized Battalion."},{"@type":"BreadcrumbList","@id":"https:\/\/www.predsjednik.hr\/en\/news\/president-milanovic-attends-31st-anniversary-ceremony-marking-formation-of-tigers-1st-guards-brigade\/#breadcrumb","itemListElement":[{"@type":"ListItem","position":1,"name":"Home","item":"https:\/\/www.predsjednik.hr\/en\/"},{"@type":"ListItem","position":2,"name":"Vijesti","item":"https:\/\/www.predsjednik.hr\/en\/news\/"},{"@type":"ListItem","position":3,"name":"President Milanovi\u0107 Attends 31st Anniversary Ceremony Marking Formation of \u201cTigers\u201d 1st Guards Brigade"}]},{"@type":"WebSite","@id":"https:\/\/www.predsjednik.hr\/en\/#website","url":"https:\/\/www.predsjednik.hr\/en\/","name":"President of the Republic of Croatia - Zoran Milanovi\u0107","description":"Just another WordPress site","potentialAction":[{"@type":"SearchAction","target":{"@type":"EntryPoint","urlTemplate":"https:\/\/www.predsjednik.hr\/en\/?s={search_term_string}"},"query-input":{"@type":"PropertyValueSpecification","valueRequired":true,"valueName":"search_term_string"}}],"inLanguage":"en-US"}]}},"_links":{"self":[{"href":"https:\/\/www.predsjednik.hr\/en\/wp-json\/wp\/v2\/news\/13550","targetHints":{"allow":["GET"]}}],"collection":[{"href":"https:\/\/www.predsjednik.hr\/en\/wp-json\/wp\/v2\/news"}],"about":[{"href":"https:\/\/www.predsjednik.hr\/en\/wp-json\/wp\/v2\/types\/news"}],"wp:featuredmedia":[{"embeddable":true,"href":"https:\/\/www.predsjednik.hr\/en\/wp-json\/wp\/v2\/media\/13519"}],"wp:attachment":[{"href":"https:\/\/www.predsjednik.hr\/en\/wp-json\/wp\/v2\/media?parent=13550"}],"wp:term":[{"taxonomy":"news-cat","embeddable":true,"href":"https:\/\/www.predsjednik.hr\/en\/wp-json\/wp\/v2\/news-cat?post=13550"}],"curies":[{"name":"wp","href":"https:\/\/api.w.org\/{rel}","templated":true}]}}