{"id":13551,"date":"2021-11-05T15:34:20","date_gmt":"2021-11-05T14:34:20","guid":{"rendered":"https:\/\/www.predsjednik.hr\/?post_type=news&#038;p=13551"},"modified":"2021-11-05T15:34:23","modified_gmt":"2021-11-05T14:34:23","slug":"president-milanovic-meets-with-chief-of-the-u-s-national-guard-bureau-general-daniel-hokanson","status":"publish","type":"news","link":"https:\/\/www.predsjednik.hr\/en\/news\/president-milanovic-meets-with-chief-of-the-u-s-national-guard-bureau-general-daniel-hokanson\/","title":{"rendered":"President Milanovi\u0107 Meets with Chief of the U.S. National Guard Bureau General Daniel Hokanson"},"content":{"rendered":"\n<p>The President of the Republic Zoran Milanovi\u0107 received today in the Office of the President the Chief of the United States National Guard Bureau General Daniel Hokanson.<\/p>\n\n\n\n<p>The meeting discussed the cooperation to date between the Croatian Armed Forces and the Minnesota National Guard, which was mutually assessed as very successful. Support for the further strengthening and development of the current partnership was also expressed at the meeting.<\/p>\n\n\n\n<p>Attending the meeting in the Office of the President alongside General Hokanson were the Charg\u00e9 d\u2019Affaires, ad interim, in the U.S. Embassy in the Republic of Croatia Mark Fleming, Defense Attach\u00e9 in the U.S. Embassy in the Republic of Croatia Colonel Matt Denny, Member of the Working Group for Activities with Leading Officials of the U.S. National Guard Bureau Dr. John Finney and Second Secretary in the U.S. Embassy in the Republic of Croatia Cameron Millard.<\/p>\n\n\n\n<p>Attending the meeting alongside President Milanovi\u0107 were the Chief of the General Staff of the Croatian Armed Forces Admiral Robert Hranj, Adviser to the President of the Republic for Defense and National Security Dragan Lozan\u010di\u0107, Adviser to the President of the Republic for Foreign and European Policy Ambassador Neven Pelicari\u0107 and Director of the General Staff of the Croatian Armed Forces Major General Ivica Oluji\u0107.&nbsp;&nbsp;&nbsp;<\/p>\n\n\n<!--GALLERY BLOCK-->\n<div class=\"c-lightbox-gallery js-lightbox\">\n                <!--single-->\n            <a data-no-swup class=\"c-lightbox-gallery__single js-lightbox-single\"\n               href=\"https:\/\/www.predsjednik.hr\/wp-content\/uploads\/2021\/11\/DSC_9563-1024x576.jpg\"\n               style=\"background-image: url('https:\/\/www.predsjednik.hr\/wp-content\/uploads\/2021\/11\/DSC_9563-768x432.jpg')\"><\/a>\n            <!--end single-->\n                    <!--single-->\n            <a data-no-swup class=\"c-lightbox-gallery__single js-lightbox-single\"\n               href=\"https:\/\/www.predsjednik.hr\/wp-content\/uploads\/2021\/11\/DSC_9634-1024x731.jpg\"\n               style=\"background-image: url('https:\/\/www.predsjednik.hr\/wp-content\/uploads\/2021\/11\/DSC_9634-768x548.jpg')\"><\/a>\n            <!--end single-->\n                    <!--single-->\n            <a data-no-swup class=\"c-lightbox-gallery__single js-lightbox-single\"\n               href=\"https:\/\/www.predsjednik.hr\/wp-content\/uploads\/2021\/11\/DSC_9648-1024x576.jpg\"\n               style=\"background-image: url('https:\/\/www.predsjednik.hr\/wp-content\/uploads\/2021\/11\/DSC_9648-768x432.jpg')\"><\/a>\n            <!--end single-->\n                    <!--single-->\n            <a data-no-swup class=\"c-lightbox-gallery__single js-lightbox-single\"\n               href=\"https:\/\/www.predsjednik.hr\/wp-content\/uploads\/2021\/11\/DSC_9652-1024x576.jpg\"\n               style=\"background-image: url('https:\/\/www.predsjednik.hr\/wp-content\/uploads\/2021\/11\/DSC_9652-768x432.jpg')\"><\/a>\n            <!--end single-->\n        <\/div>\n<!--end GALLERY BLOCK-->\n\n\n\n<p>PHOTO: Office of the President of the Republic of Croatia \/ Ana Marija Kati\u0107<\/p>\n","protected":false},"excerpt":{"rendered":"<p>The meeting discussed the cooperation to date between the Croatian Armed Forces and the Minnesota National Guard, which was mutually assessed as very successful. Support for the further strengthening and development of the current partnership was also expressed at the meeting.<\/p>\n","protected":false},"featured_media":13532,"template":"","news-cat":[12],"class_list":["post-13551","news","type-news","status-publish","has-post-thumbnail","hentry","news-cat-news"],"acf":[],"yoast_head":"<!-- This site is optimized with the Yoast SEO plugin v27.5 - https:\/\/yoast.com\/product\/yoast-seo-wordpress\/ -->\n<title>President Milanovi\u0107 Meets with Chief of the U.S. National Guard Bureau General Daniel Hokanson - President of the Republic of Croatia - Zoran Milanovi\u0107<\/title>\n<meta name=\"robots\" content=\"index, follow, max-snippet:-1, max-image-preview:large, max-video-preview:-1\" \/>\n<link rel=\"canonical\" href=\"https:\/\/www.predsjednik.hr\/en\/news\/president-milanovic-meets-with-chief-of-the-u-s-national-guard-bureau-general-daniel-hokanson\/\" \/>\n<meta property=\"og:locale\" content=\"en_US\" \/>\n<meta property=\"og:type\" content=\"article\" \/>\n<meta property=\"og:title\" content=\"President Milanovi\u0107 Meets with Chief of the U.S. National Guard Bureau General Daniel Hokanson - President of the Republic of Croatia - Zoran Milanovi\u0107\" \/>\n<meta property=\"og:description\" content=\"The meeting discussed the cooperation to date between the Croatian Armed Forces and the Minnesota National Guard, which was mutually assessed as very successful. Support for the further strengthening and development of the current partnership was also expressed at the meeting.\" \/>\n<meta property=\"og:url\" content=\"https:\/\/www.predsjednik.hr\/en\/news\/president-milanovic-meets-with-chief-of-the-u-s-national-guard-bureau-general-daniel-hokanson\/\" \/>\n<meta property=\"og:site_name\" content=\"President of the Republic of Croatia - Zoran Milanovi\u0107\" \/>\n<meta property=\"article:modified_time\" content=\"2021-11-05T14:34:23+00:00\" \/>\n<meta property=\"og:image\" content=\"https:\/\/www.predsjednik.hr\/wp-content\/uploads\/2021\/11\/DSC_9634.jpg\" \/>\n\t<meta property=\"og:image:width\" content=\"5780\" \/>\n\t<meta property=\"og:image:height\" content=\"4128\" \/>\n\t<meta property=\"og:image:type\" content=\"image\/jpeg\" \/>\n<meta name=\"twitter:card\" content=\"summary_large_image\" \/>\n<meta name=\"twitter:label1\" content=\"Est. reading time\" \/>\n\t<meta name=\"twitter:data1\" content=\"1 minute\" \/>\n<script type=\"application\/ld+json\" class=\"yoast-schema-graph\">{\"@context\":\"https:\\\/\\\/schema.org\",\"@graph\":[{\"@type\":\"WebPage\",\"@id\":\"https:\\\/\\\/www.predsjednik.hr\\\/en\\\/news\\\/president-milanovic-meets-with-chief-of-the-u-s-national-guard-bureau-general-daniel-hokanson\\\/\",\"url\":\"https:\\\/\\\/www.predsjednik.hr\\\/en\\\/news\\\/president-milanovic-meets-with-chief-of-the-u-s-national-guard-bureau-general-daniel-hokanson\\\/\",\"name\":\"President Milanovi\u0107 Meets with Chief of the U.S. National Guard Bureau General Daniel Hokanson - President of the Republic of Croatia - Zoran Milanovi\u0107\",\"isPartOf\":{\"@id\":\"https:\\\/\\\/www.predsjednik.hr\\\/en\\\/#website\"},\"primaryImageOfPage\":{\"@id\":\"https:\\\/\\\/www.predsjednik.hr\\\/en\\\/news\\\/president-milanovic-meets-with-chief-of-the-u-s-national-guard-bureau-general-daniel-hokanson\\\/#primaryimage\"},\"image\":{\"@id\":\"https:\\\/\\\/www.predsjednik.hr\\\/en\\\/news\\\/president-milanovic-meets-with-chief-of-the-u-s-national-guard-bureau-general-daniel-hokanson\\\/#primaryimage\"},\"thumbnailUrl\":\"https:\\\/\\\/www.predsjednik.hr\\\/wp-content\\\/uploads\\\/2021\\\/11\\\/DSC_9634.jpg\",\"datePublished\":\"2021-11-05T14:34:20+00:00\",\"dateModified\":\"2021-11-05T14:34:23+00:00\",\"breadcrumb\":{\"@id\":\"https:\\\/\\\/www.predsjednik.hr\\\/en\\\/news\\\/president-milanovic-meets-with-chief-of-the-u-s-national-guard-bureau-general-daniel-hokanson\\\/#breadcrumb\"},\"inLanguage\":\"en-US\",\"potentialAction\":[{\"@type\":\"ReadAction\",\"target\":[\"https:\\\/\\\/www.predsjednik.hr\\\/en\\\/news\\\/president-milanovic-meets-with-chief-of-the-u-s-national-guard-bureau-general-daniel-hokanson\\\/\"]}]},{\"@type\":\"ImageObject\",\"inLanguage\":\"en-US\",\"@id\":\"https:\\\/\\\/www.predsjednik.hr\\\/en\\\/news\\\/president-milanovic-meets-with-chief-of-the-u-s-national-guard-bureau-general-daniel-hokanson\\\/#primaryimage\",\"url\":\"https:\\\/\\\/www.predsjednik.hr\\\/wp-content\\\/uploads\\\/2021\\\/11\\\/DSC_9634.jpg\",\"contentUrl\":\"https:\\\/\\\/www.predsjednik.hr\\\/wp-content\\\/uploads\\\/2021\\\/11\\\/DSC_9634.jpg\",\"width\":5780,\"height\":4128,\"caption\":\"President Milanovi\u0107 Meets with Chief of the U.S. National Guard Bureau General Daniel Hokanson\"},{\"@type\":\"BreadcrumbList\",\"@id\":\"https:\\\/\\\/www.predsjednik.hr\\\/en\\\/news\\\/president-milanovic-meets-with-chief-of-the-u-s-national-guard-bureau-general-daniel-hokanson\\\/#breadcrumb\",\"itemListElement\":[{\"@type\":\"ListItem\",\"position\":1,\"name\":\"Home\",\"item\":\"https:\\\/\\\/www.predsjednik.hr\\\/en\\\/\"},{\"@type\":\"ListItem\",\"position\":2,\"name\":\"Vijesti\",\"item\":\"https:\\\/\\\/www.predsjednik.hr\\\/en\\\/news\\\/\"},{\"@type\":\"ListItem\",\"position\":3,\"name\":\"President Milanovi\u0107 Meets with Chief of the U.S. National Guard Bureau General Daniel Hokanson\"}]},{\"@type\":\"WebSite\",\"@id\":\"https:\\\/\\\/www.predsjednik.hr\\\/en\\\/#website\",\"url\":\"https:\\\/\\\/www.predsjednik.hr\\\/en\\\/\",\"name\":\"President of the Republic of Croatia - Zoran Milanovi\u0107\",\"description\":\"Just another WordPress site\",\"potentialAction\":[{\"@type\":\"SearchAction\",\"target\":{\"@type\":\"EntryPoint\",\"urlTemplate\":\"https:\\\/\\\/www.predsjednik.hr\\\/en\\\/?s={search_term_string}\"},\"query-input\":{\"@type\":\"PropertyValueSpecification\",\"valueRequired\":true,\"valueName\":\"search_term_string\"}}],\"inLanguage\":\"en-US\"}]}<\/script>\n<!-- \/ Yoast SEO plugin. -->","yoast_head_json":{"title":"President Milanovi\u0107 Meets with Chief of the U.S. National Guard Bureau General Daniel Hokanson - President of the Republic of Croatia - Zoran Milanovi\u0107","robots":{"index":"index","follow":"follow","max-snippet":"max-snippet:-1","max-image-preview":"max-image-preview:large","max-video-preview":"max-video-preview:-1"},"canonical":"https:\/\/www.predsjednik.hr\/en\/news\/president-milanovic-meets-with-chief-of-the-u-s-national-guard-bureau-general-daniel-hokanson\/","og_locale":"en_US","og_type":"article","og_title":"President Milanovi\u0107 Meets with Chief of the U.S. National Guard Bureau General Daniel Hokanson - President of the Republic of Croatia - Zoran Milanovi\u0107","og_description":"The meeting discussed the cooperation to date between the Croatian Armed Forces and the Minnesota National Guard, which was mutually assessed as very successful. Support for the further strengthening and development of the current partnership was also expressed at the meeting.","og_url":"https:\/\/www.predsjednik.hr\/en\/news\/president-milanovic-meets-with-chief-of-the-u-s-national-guard-bureau-general-daniel-hokanson\/","og_site_name":"President of the Republic of Croatia - Zoran Milanovi\u0107","article_modified_time":"2021-11-05T14:34:23+00:00","og_image":[{"width":5780,"height":4128,"url":"https:\/\/www.predsjednik.hr\/wp-content\/uploads\/2021\/11\/DSC_9634.jpg","type":"image\/jpeg"}],"twitter_card":"summary_large_image","twitter_misc":{"Est. reading time":"1 minute"},"schema":{"@context":"https:\/\/schema.org","@graph":[{"@type":"WebPage","@id":"https:\/\/www.predsjednik.hr\/en\/news\/president-milanovic-meets-with-chief-of-the-u-s-national-guard-bureau-general-daniel-hokanson\/","url":"https:\/\/www.predsjednik.hr\/en\/news\/president-milanovic-meets-with-chief-of-the-u-s-national-guard-bureau-general-daniel-hokanson\/","name":"President Milanovi\u0107 Meets with Chief of the U.S. National Guard Bureau General Daniel Hokanson - President of the Republic of Croatia - Zoran Milanovi\u0107","isPartOf":{"@id":"https:\/\/www.predsjednik.hr\/en\/#website"},"primaryImageOfPage":{"@id":"https:\/\/www.predsjednik.hr\/en\/news\/president-milanovic-meets-with-chief-of-the-u-s-national-guard-bureau-general-daniel-hokanson\/#primaryimage"},"image":{"@id":"https:\/\/www.predsjednik.hr\/en\/news\/president-milanovic-meets-with-chief-of-the-u-s-national-guard-bureau-general-daniel-hokanson\/#primaryimage"},"thumbnailUrl":"https:\/\/www.predsjednik.hr\/wp-content\/uploads\/2021\/11\/DSC_9634.jpg","datePublished":"2021-11-05T14:34:20+00:00","dateModified":"2021-11-05T14:34:23+00:00","breadcrumb":{"@id":"https:\/\/www.predsjednik.hr\/en\/news\/president-milanovic-meets-with-chief-of-the-u-s-national-guard-bureau-general-daniel-hokanson\/#breadcrumb"},"inLanguage":"en-US","potentialAction":[{"@type":"ReadAction","target":["https:\/\/www.predsjednik.hr\/en\/news\/president-milanovic-meets-with-chief-of-the-u-s-national-guard-bureau-general-daniel-hokanson\/"]}]},{"@type":"ImageObject","inLanguage":"en-US","@id":"https:\/\/www.predsjednik.hr\/en\/news\/president-milanovic-meets-with-chief-of-the-u-s-national-guard-bureau-general-daniel-hokanson\/#primaryimage","url":"https:\/\/www.predsjednik.hr\/wp-content\/uploads\/2021\/11\/DSC_9634.jpg","contentUrl":"https:\/\/www.predsjednik.hr\/wp-content\/uploads\/2021\/11\/DSC_9634.jpg","width":5780,"height":4128,"caption":"President Milanovi\u0107 Meets with Chief of the U.S. National Guard Bureau General Daniel Hokanson"},{"@type":"BreadcrumbList","@id":"https:\/\/www.predsjednik.hr\/en\/news\/president-milanovic-meets-with-chief-of-the-u-s-national-guard-bureau-general-daniel-hokanson\/#breadcrumb","itemListElement":[{"@type":"ListItem","position":1,"name":"Home","item":"https:\/\/www.predsjednik.hr\/en\/"},{"@type":"ListItem","position":2,"name":"Vijesti","item":"https:\/\/www.predsjednik.hr\/en\/news\/"},{"@type":"ListItem","position":3,"name":"President Milanovi\u0107 Meets with Chief of the U.S. National Guard Bureau General Daniel Hokanson"}]},{"@type":"WebSite","@id":"https:\/\/www.predsjednik.hr\/en\/#website","url":"https:\/\/www.predsjednik.hr\/en\/","name":"President of the Republic of Croatia - Zoran Milanovi\u0107","description":"Just another WordPress site","potentialAction":[{"@type":"SearchAction","target":{"@type":"EntryPoint","urlTemplate":"https:\/\/www.predsjednik.hr\/en\/?s={search_term_string}"},"query-input":{"@type":"PropertyValueSpecification","valueRequired":true,"valueName":"search_term_string"}}],"inLanguage":"en-US"}]}},"_links":{"self":[{"href":"https:\/\/www.predsjednik.hr\/en\/wp-json\/wp\/v2\/news\/13551","targetHints":{"allow":["GET"]}}],"collection":[{"href":"https:\/\/www.predsjednik.hr\/en\/wp-json\/wp\/v2\/news"}],"about":[{"href":"https:\/\/www.predsjednik.hr\/en\/wp-json\/wp\/v2\/types\/news"}],"wp:featuredmedia":[{"embeddable":true,"href":"https:\/\/www.predsjednik.hr\/en\/wp-json\/wp\/v2\/media\/13532"}],"wp:attachment":[{"href":"https:\/\/www.predsjednik.hr\/en\/wp-json\/wp\/v2\/media?parent=13551"}],"wp:term":[{"taxonomy":"news-cat","embeddable":true,"href":"https:\/\/www.predsjednik.hr\/en\/wp-json\/wp\/v2\/news-cat?post=13551"}],"curies":[{"name":"wp","href":"https:\/\/api.w.org\/{rel}","templated":true}]}}