{"id":13589,"date":"2021-11-08T16:41:00","date_gmt":"2021-11-08T15:41:00","guid":{"rendered":"https:\/\/www.predsjednik.hr\/?post_type=news&#038;p=13589"},"modified":"2021-11-09T10:43:15","modified_gmt":"2021-11-09T09:43:15","slug":"president-milanovic-meets-with-association-of-veterans-soldiers-and-patriots-delegation","status":"publish","type":"news","link":"https:\/\/www.predsjednik.hr\/en\/news\/president-milanovic-meets-with-association-of-veterans-soldiers-and-patriots-delegation\/","title":{"rendered":"President Milanovi\u0107 Meets with Association of Veterans, Soldiers and Patriots Delegation"},"content":{"rendered":"\n<p>The President of the Republic Zoran Milanovi\u0107 met today in the Office of the President with representatives of the Association of Veterans, Soldiers and Patriots, which actively tends to the physical, mental and spiritual well-being of Croatian soldiers and veterans who were defenders in the Homeland War, and provides assistance to those in need with a view to getting rid of the negative effects caused by terrifying wartime and post-war ordeals.<\/p>\n\n\n\n<p>The association was founded in 2011 with the aim of looking after the spiritual well-being of Croatian defenders. In 2014 it became a member of the Association of Military Christian Fellowship international organization. The delegation pointed out that the activities of the association are implemented in three areas: social care, sports activities and film production.<\/p>\n\n\n\n<p>The delegation explained that social care is implemented through a number of projects and the Charitable Family Shop, while sports activities are carried out through a veterans\u2019 three-team and chess competition. The association made the <em>\u201cBura du\u0161e\u201d <\/em>film as part of the film production segment and is currently shooting two more films: <em>\u201c1991. Tko je tvoj bli\u017enji?\u201d<\/em> and <em>\u201c\u0160ah-rat.\u201d<\/em> The association has successfully implemented projects that were co-financed by the European Social Fund, including the \u2018Care for Veterans\u2019 project and the \u2018Care for Thy Neighbour\u2019 project. The \u2018Care for People and the Environment\u2019 project is currently in the evaluation phase, in collaboration with the \u0160ipan Film School, the delegation pointed out.<\/p>\n\n\n\n<p>Attending the meeting in the Office of the President were the President of the Association of Veterans, Soldiers and Patriots Dra\u017een Hr\u017eenjak, Vice President Slobodan Mi\u0161evi\u0107, \u201cAtlantik \u2013 Banovina\u201d project leaders Martin Cruickshank and Werner Ili\u0107, and the scriptwriter and executive producer of the <em>\u201c1991. Tko je tvoj bli\u017enji?\u201d<\/em> film Ante Damjanovi\u0107. Special Adviser to the President of the Republic for Homeland War Veterans Marijan Marekovi\u0107 was alongside President Milanovi\u0107.<\/p>\n\n\n<!--GALLERY BLOCK-->\n<div class=\"c-lightbox-gallery js-lightbox\">\n                <!--single-->\n            <a data-no-swup class=\"c-lightbox-gallery__single js-lightbox-single\"\n               href=\"https:\/\/www.predsjednik.hr\/wp-content\/uploads\/2021\/11\/DSC_0153-1024x576.jpg\"\n               style=\"background-image: url('https:\/\/www.predsjednik.hr\/wp-content\/uploads\/2021\/11\/DSC_0153-768x432.jpg')\"><\/a>\n            <!--end single-->\n                    <!--single-->\n            <a data-no-swup class=\"c-lightbox-gallery__single js-lightbox-single\"\n               href=\"https:\/\/www.predsjednik.hr\/wp-content\/uploads\/2021\/11\/DSC_0161-1024x576.jpg\"\n               style=\"background-image: url('https:\/\/www.predsjednik.hr\/wp-content\/uploads\/2021\/11\/DSC_0161-768x432.jpg')\"><\/a>\n            <!--end single-->\n                    <!--single-->\n            <a data-no-swup class=\"c-lightbox-gallery__single js-lightbox-single\"\n               href=\"https:\/\/www.predsjednik.hr\/wp-content\/uploads\/2021\/11\/DSC_0185-1024x576.jpg\"\n               style=\"background-image: url('https:\/\/www.predsjednik.hr\/wp-content\/uploads\/2021\/11\/DSC_0185-768x432.jpg')\"><\/a>\n            <!--end single-->\n                    <!--single-->\n            <a data-no-swup class=\"c-lightbox-gallery__single js-lightbox-single\"\n               href=\"https:\/\/www.predsjednik.hr\/wp-content\/uploads\/2021\/11\/DSC_0194-1024x576.jpg\"\n               style=\"background-image: url('https:\/\/www.predsjednik.hr\/wp-content\/uploads\/2021\/11\/DSC_0194-768x432.jpg')\"><\/a>\n            <!--end single-->\n        <\/div>\n<!--end GALLERY BLOCK-->\n\n\n\n<p>PHOTO: Office of the President of the Republic of Croatia \/ Dario Andri\u0161ek<\/p>\n","protected":false},"excerpt":{"rendered":"<p>The President of the Republic Zoran Milanovi\u0107 met today in the Office of the President with representatives of the Association of Veterans, Soldiers and Patriots, which actively tends to the physical, mental and spiritual well-being of Croatian soldiers and veterans who were defenders in the Homeland War, and provides assistance to those in need with a view to getting rid of the negative effects caused by terrifying wartime and post-war ordeals.<\/p>\n","protected":false},"featured_media":13586,"template":"","news-cat":[12],"class_list":["post-13589","news","type-news","status-publish","has-post-thumbnail","hentry","news-cat-news"],"acf":[],"yoast_head":"<!-- This site is optimized with the Yoast SEO plugin v27.5 - https:\/\/yoast.com\/product\/yoast-seo-wordpress\/ -->\n<title>President Milanovi\u0107 Meets with Association of Veterans, Soldiers and Patriots Delegation - President of the Republic of Croatia - Zoran Milanovi\u0107<\/title>\n<meta name=\"robots\" content=\"index, follow, max-snippet:-1, max-image-preview:large, max-video-preview:-1\" \/>\n<link rel=\"canonical\" href=\"https:\/\/www.predsjednik.hr\/en\/news\/president-milanovic-meets-with-association-of-veterans-soldiers-and-patriots-delegation\/\" \/>\n<meta property=\"og:locale\" content=\"en_US\" \/>\n<meta property=\"og:type\" content=\"article\" \/>\n<meta property=\"og:title\" content=\"President Milanovi\u0107 Meets with Association of Veterans, Soldiers and Patriots Delegation - President of the Republic of Croatia - Zoran Milanovi\u0107\" \/>\n<meta property=\"og:description\" content=\"The President of the Republic Zoran Milanovi\u0107 met today in the Office of the President with representatives of the Association of Veterans, Soldiers and Patriots, which actively tends to the physical, mental and spiritual well-being of Croatian soldiers and veterans who were defenders in the Homeland War, and provides assistance to those in need with a view to getting rid of the negative effects caused by terrifying wartime and post-war ordeals.\" \/>\n<meta property=\"og:url\" content=\"https:\/\/www.predsjednik.hr\/en\/news\/president-milanovic-meets-with-association-of-veterans-soldiers-and-patriots-delegation\/\" \/>\n<meta property=\"og:site_name\" content=\"President of the Republic of Croatia - Zoran Milanovi\u0107\" \/>\n<meta property=\"article:modified_time\" content=\"2021-11-09T09:43:15+00:00\" \/>\n<meta property=\"og:image\" content=\"https:\/\/www.predsjednik.hr\/wp-content\/uploads\/2021\/11\/DSC_0194-1.jpg\" \/>\n\t<meta property=\"og:image:width\" content=\"5993\" \/>\n\t<meta property=\"og:image:height\" content=\"3371\" \/>\n\t<meta property=\"og:image:type\" content=\"image\/jpeg\" \/>\n<meta name=\"twitter:card\" content=\"summary_large_image\" \/>\n<meta name=\"twitter:label1\" content=\"Est. reading time\" \/>\n\t<meta name=\"twitter:data1\" content=\"2 minutes\" \/>\n<script type=\"application\/ld+json\" class=\"yoast-schema-graph\">{\"@context\":\"https:\\\/\\\/schema.org\",\"@graph\":[{\"@type\":\"WebPage\",\"@id\":\"https:\\\/\\\/www.predsjednik.hr\\\/en\\\/news\\\/president-milanovic-meets-with-association-of-veterans-soldiers-and-patriots-delegation\\\/\",\"url\":\"https:\\\/\\\/www.predsjednik.hr\\\/en\\\/news\\\/president-milanovic-meets-with-association-of-veterans-soldiers-and-patriots-delegation\\\/\",\"name\":\"President Milanovi\u0107 Meets with Association of Veterans, Soldiers and Patriots Delegation - President of the Republic of Croatia - Zoran Milanovi\u0107\",\"isPartOf\":{\"@id\":\"https:\\\/\\\/www.predsjednik.hr\\\/en\\\/#website\"},\"primaryImageOfPage\":{\"@id\":\"https:\\\/\\\/www.predsjednik.hr\\\/en\\\/news\\\/president-milanovic-meets-with-association-of-veterans-soldiers-and-patriots-delegation\\\/#primaryimage\"},\"image\":{\"@id\":\"https:\\\/\\\/www.predsjednik.hr\\\/en\\\/news\\\/president-milanovic-meets-with-association-of-veterans-soldiers-and-patriots-delegation\\\/#primaryimage\"},\"thumbnailUrl\":\"https:\\\/\\\/www.predsjednik.hr\\\/wp-content\\\/uploads\\\/2021\\\/11\\\/DSC_0194-1.jpg\",\"datePublished\":\"2021-11-08T15:41:00+00:00\",\"dateModified\":\"2021-11-09T09:43:15+00:00\",\"breadcrumb\":{\"@id\":\"https:\\\/\\\/www.predsjednik.hr\\\/en\\\/news\\\/president-milanovic-meets-with-association-of-veterans-soldiers-and-patriots-delegation\\\/#breadcrumb\"},\"inLanguage\":\"en-US\",\"potentialAction\":[{\"@type\":\"ReadAction\",\"target\":[\"https:\\\/\\\/www.predsjednik.hr\\\/en\\\/news\\\/president-milanovic-meets-with-association-of-veterans-soldiers-and-patriots-delegation\\\/\"]}]},{\"@type\":\"ImageObject\",\"inLanguage\":\"en-US\",\"@id\":\"https:\\\/\\\/www.predsjednik.hr\\\/en\\\/news\\\/president-milanovic-meets-with-association-of-veterans-soldiers-and-patriots-delegation\\\/#primaryimage\",\"url\":\"https:\\\/\\\/www.predsjednik.hr\\\/wp-content\\\/uploads\\\/2021\\\/11\\\/DSC_0194-1.jpg\",\"contentUrl\":\"https:\\\/\\\/www.predsjednik.hr\\\/wp-content\\\/uploads\\\/2021\\\/11\\\/DSC_0194-1.jpg\",\"width\":5993,\"height\":3371,\"caption\":\"Predsjednik Milanovi\u0107 razgovarao s predstavnicima Udruge veterana, vojnika i domoljuba\"},{\"@type\":\"BreadcrumbList\",\"@id\":\"https:\\\/\\\/www.predsjednik.hr\\\/en\\\/news\\\/president-milanovic-meets-with-association-of-veterans-soldiers-and-patriots-delegation\\\/#breadcrumb\",\"itemListElement\":[{\"@type\":\"ListItem\",\"position\":1,\"name\":\"Home\",\"item\":\"https:\\\/\\\/www.predsjednik.hr\\\/en\\\/\"},{\"@type\":\"ListItem\",\"position\":2,\"name\":\"Vijesti\",\"item\":\"https:\\\/\\\/www.predsjednik.hr\\\/en\\\/news\\\/\"},{\"@type\":\"ListItem\",\"position\":3,\"name\":\"President Milanovi\u0107 Meets with Association of Veterans, Soldiers and Patriots Delegation\"}]},{\"@type\":\"WebSite\",\"@id\":\"https:\\\/\\\/www.predsjednik.hr\\\/en\\\/#website\",\"url\":\"https:\\\/\\\/www.predsjednik.hr\\\/en\\\/\",\"name\":\"President of the Republic of Croatia - Zoran Milanovi\u0107\",\"description\":\"Just another WordPress site\",\"potentialAction\":[{\"@type\":\"SearchAction\",\"target\":{\"@type\":\"EntryPoint\",\"urlTemplate\":\"https:\\\/\\\/www.predsjednik.hr\\\/en\\\/?s={search_term_string}\"},\"query-input\":{\"@type\":\"PropertyValueSpecification\",\"valueRequired\":true,\"valueName\":\"search_term_string\"}}],\"inLanguage\":\"en-US\"}]}<\/script>\n<!-- \/ Yoast SEO plugin. -->","yoast_head_json":{"title":"President Milanovi\u0107 Meets with Association of Veterans, Soldiers and Patriots Delegation - President of the Republic of Croatia - Zoran Milanovi\u0107","robots":{"index":"index","follow":"follow","max-snippet":"max-snippet:-1","max-image-preview":"max-image-preview:large","max-video-preview":"max-video-preview:-1"},"canonical":"https:\/\/www.predsjednik.hr\/en\/news\/president-milanovic-meets-with-association-of-veterans-soldiers-and-patriots-delegation\/","og_locale":"en_US","og_type":"article","og_title":"President Milanovi\u0107 Meets with Association of Veterans, Soldiers and Patriots Delegation - President of the Republic of Croatia - Zoran Milanovi\u0107","og_description":"The President of the Republic Zoran Milanovi\u0107 met today in the Office of the President with representatives of the Association of Veterans, Soldiers and Patriots, which actively tends to the physical, mental and spiritual well-being of Croatian soldiers and veterans who were defenders in the Homeland War, and provides assistance to those in need with a view to getting rid of the negative effects caused by terrifying wartime and post-war ordeals.","og_url":"https:\/\/www.predsjednik.hr\/en\/news\/president-milanovic-meets-with-association-of-veterans-soldiers-and-patriots-delegation\/","og_site_name":"President of the Republic of Croatia - Zoran Milanovi\u0107","article_modified_time":"2021-11-09T09:43:15+00:00","og_image":[{"width":5993,"height":3371,"url":"https:\/\/www.predsjednik.hr\/wp-content\/uploads\/2021\/11\/DSC_0194-1.jpg","type":"image\/jpeg"}],"twitter_card":"summary_large_image","twitter_misc":{"Est. reading time":"2 minutes"},"schema":{"@context":"https:\/\/schema.org","@graph":[{"@type":"WebPage","@id":"https:\/\/www.predsjednik.hr\/en\/news\/president-milanovic-meets-with-association-of-veterans-soldiers-and-patriots-delegation\/","url":"https:\/\/www.predsjednik.hr\/en\/news\/president-milanovic-meets-with-association-of-veterans-soldiers-and-patriots-delegation\/","name":"President Milanovi\u0107 Meets with Association of Veterans, Soldiers and Patriots Delegation - President of the Republic of Croatia - Zoran Milanovi\u0107","isPartOf":{"@id":"https:\/\/www.predsjednik.hr\/en\/#website"},"primaryImageOfPage":{"@id":"https:\/\/www.predsjednik.hr\/en\/news\/president-milanovic-meets-with-association-of-veterans-soldiers-and-patriots-delegation\/#primaryimage"},"image":{"@id":"https:\/\/www.predsjednik.hr\/en\/news\/president-milanovic-meets-with-association-of-veterans-soldiers-and-patriots-delegation\/#primaryimage"},"thumbnailUrl":"https:\/\/www.predsjednik.hr\/wp-content\/uploads\/2021\/11\/DSC_0194-1.jpg","datePublished":"2021-11-08T15:41:00+00:00","dateModified":"2021-11-09T09:43:15+00:00","breadcrumb":{"@id":"https:\/\/www.predsjednik.hr\/en\/news\/president-milanovic-meets-with-association-of-veterans-soldiers-and-patriots-delegation\/#breadcrumb"},"inLanguage":"en-US","potentialAction":[{"@type":"ReadAction","target":["https:\/\/www.predsjednik.hr\/en\/news\/president-milanovic-meets-with-association-of-veterans-soldiers-and-patriots-delegation\/"]}]},{"@type":"ImageObject","inLanguage":"en-US","@id":"https:\/\/www.predsjednik.hr\/en\/news\/president-milanovic-meets-with-association-of-veterans-soldiers-and-patriots-delegation\/#primaryimage","url":"https:\/\/www.predsjednik.hr\/wp-content\/uploads\/2021\/11\/DSC_0194-1.jpg","contentUrl":"https:\/\/www.predsjednik.hr\/wp-content\/uploads\/2021\/11\/DSC_0194-1.jpg","width":5993,"height":3371,"caption":"Predsjednik Milanovi\u0107 razgovarao s predstavnicima Udruge veterana, vojnika i domoljuba"},{"@type":"BreadcrumbList","@id":"https:\/\/www.predsjednik.hr\/en\/news\/president-milanovic-meets-with-association-of-veterans-soldiers-and-patriots-delegation\/#breadcrumb","itemListElement":[{"@type":"ListItem","position":1,"name":"Home","item":"https:\/\/www.predsjednik.hr\/en\/"},{"@type":"ListItem","position":2,"name":"Vijesti","item":"https:\/\/www.predsjednik.hr\/en\/news\/"},{"@type":"ListItem","position":3,"name":"President Milanovi\u0107 Meets with Association of Veterans, Soldiers and Patriots Delegation"}]},{"@type":"WebSite","@id":"https:\/\/www.predsjednik.hr\/en\/#website","url":"https:\/\/www.predsjednik.hr\/en\/","name":"President of the Republic of Croatia - Zoran Milanovi\u0107","description":"Just another WordPress site","potentialAction":[{"@type":"SearchAction","target":{"@type":"EntryPoint","urlTemplate":"https:\/\/www.predsjednik.hr\/en\/?s={search_term_string}"},"query-input":{"@type":"PropertyValueSpecification","valueRequired":true,"valueName":"search_term_string"}}],"inLanguage":"en-US"}]}},"_links":{"self":[{"href":"https:\/\/www.predsjednik.hr\/en\/wp-json\/wp\/v2\/news\/13589","targetHints":{"allow":["GET"]}}],"collection":[{"href":"https:\/\/www.predsjednik.hr\/en\/wp-json\/wp\/v2\/news"}],"about":[{"href":"https:\/\/www.predsjednik.hr\/en\/wp-json\/wp\/v2\/types\/news"}],"wp:featuredmedia":[{"embeddable":true,"href":"https:\/\/www.predsjednik.hr\/en\/wp-json\/wp\/v2\/media\/13586"}],"wp:attachment":[{"href":"https:\/\/www.predsjednik.hr\/en\/wp-json\/wp\/v2\/media?parent=13589"}],"wp:term":[{"taxonomy":"news-cat","embeddable":true,"href":"https:\/\/www.predsjednik.hr\/en\/wp-json\/wp\/v2\/news-cat?post=13589"}],"curies":[{"name":"wp","href":"https:\/\/api.w.org\/{rel}","templated":true}]}}