{"id":13642,"date":"2021-11-10T15:31:34","date_gmt":"2021-11-10T14:31:34","guid":{"rendered":"https:\/\/www.predsjednik.hr\/?post_type=news&#038;p=13642"},"modified":"2021-11-10T15:31:35","modified_gmt":"2021-11-10T14:31:35","slug":"president-milanovic-receives-association-of-world-roma-organization-in-the-fight-against-discrimination-racism-and-poverty","status":"publish","type":"news","link":"https:\/\/www.predsjednik.hr\/en\/news\/president-milanovic-receives-association-of-world-roma-organization-in-the-fight-against-discrimination-racism-and-poverty\/","title":{"rendered":"President Milanovi\u0107 Receives Association of World Roma Organization in the Fight against Discrimination, Racism and Poverty"},"content":{"rendered":"\n<p>The President of the Republic Zoran Milanovi\u0107 received today a delegation of the Association of the World Roma Organization in the fight against discrimination, racism and poverty. They acquainted him with their activities aimed at eliminating discrimination, racism and poverty by assembling Roma and other national minorities in various forms of sports and recreational activities.<\/p>\n\n\n\n<p>They informed President Milanovi\u0107 of their representatives leaving for an audience with Pope Francis on 21 November in the Vatican where a humanitarian football match will be played between the representatives of Roma in Croatia and the representation of the Vatican. They view Pope Francis\u2019s decision to receive them as recognition for their fight against discrimination and racism in the world. Organizer of the event is Msgr. Melchor Sanchez de Toca, Under-secretary of the Pontifical Council for Culture and Board Director of the Sport of the Vatican, in cooperation with Nikola Krikovi\u0107, Association member. The Stadio dei Marmi in the Foro Italico sports complex has been booked for the match.<\/p>\n\n\n\n<p>At the meeting they also discussed the status of Roma in Croatia. The representatives of the Association thanked President Milanovi\u0107 for his support to events aimed at the promotion and protection of the rights of Roma. Attending the meeting with President Milanovi\u0107 were the president of the Association of the World Roma Organization in the fight against discrimination, racism and poverty Toti Dedi\u0107, vice-president Elmir Mehmedovi\u0107, secretary Antonio Dedi\u0107 and Association members Rehat Ristemi, Nikola Krikovi\u0107, Nadir Dedi\u0107, Damir Azizi, Suljo Seferovi\u0107, Suljo Seferovi\u0107 Jr and Mazen Al Ahmad.<\/p>\n\n\n\n<p>Alongside President Milanovi\u0107 was his Adviser for Human Rights and Civil Society Melita Muli\u0107.<\/p>\n\n\n<!--GALLERY BLOCK-->\n<div class=\"c-lightbox-gallery js-lightbox\">\n                <!--single-->\n            <a data-no-swup class=\"c-lightbox-gallery__single js-lightbox-single\"\n               href=\"https:\/\/www.predsjednik.hr\/wp-content\/uploads\/2021\/11\/DSC_0709-1024x731.jpg\"\n               style=\"background-image: url('https:\/\/www.predsjednik.hr\/wp-content\/uploads\/2021\/11\/DSC_0709-768x549.jpg')\"><\/a>\n            <!--end single-->\n                    <!--single-->\n            <a data-no-swup class=\"c-lightbox-gallery__single js-lightbox-single\"\n               href=\"https:\/\/www.predsjednik.hr\/wp-content\/uploads\/2021\/11\/DSC_0727-1024x732.jpg\"\n               style=\"background-image: url('https:\/\/www.predsjednik.hr\/wp-content\/uploads\/2021\/11\/DSC_0727-768x549.jpg')\"><\/a>\n            <!--end single-->\n                    <!--single-->\n            <a data-no-swup class=\"c-lightbox-gallery__single js-lightbox-single\"\n               href=\"https:\/\/www.predsjednik.hr\/wp-content\/uploads\/2021\/11\/DSC_0736-1024x732.jpg\"\n               style=\"background-image: url('https:\/\/www.predsjednik.hr\/wp-content\/uploads\/2021\/11\/DSC_0736-768x549.jpg')\"><\/a>\n            <!--end single-->\n                    <!--single-->\n            <a data-no-swup class=\"c-lightbox-gallery__single js-lightbox-single\"\n               href=\"https:\/\/www.predsjednik.hr\/wp-content\/uploads\/2021\/11\/DSC_0762-1024x576.jpg\"\n               style=\"background-image: url('https:\/\/www.predsjednik.hr\/wp-content\/uploads\/2021\/11\/DSC_0762-768x432.jpg')\"><\/a>\n            <!--end single-->\n                    <!--single-->\n            <a data-no-swup class=\"c-lightbox-gallery__single js-lightbox-single\"\n               href=\"https:\/\/www.predsjednik.hr\/wp-content\/uploads\/2021\/11\/DSC_0770-1024x576.jpg\"\n               style=\"background-image: url('https:\/\/www.predsjednik.hr\/wp-content\/uploads\/2021\/11\/DSC_0770-768x432.jpg')\"><\/a>\n            <!--end single-->\n        <\/div>\n<!--end GALLERY BLOCK-->\n\n\n\n<p>PHOTO: Office of the President of the Republic of Croatia \/ Filip Glas<\/p>\n","protected":false},"excerpt":{"rendered":"<p>The President of the Republic Zoran Milanovi\u0107 received today a delegation of the Association of the World Roma Organization in the fight against discrimination, racism and poverty. They acquainted him with their activities aimed at eliminating discrimination, racism and poverty by assembling Roma and other national minorities in various forms of sports and recreational activities.<\/p>\n","protected":false},"featured_media":13637,"template":"","news-cat":[12],"class_list":["post-13642","news","type-news","status-publish","has-post-thumbnail","hentry","news-cat-news"],"acf":[],"yoast_head":"<!-- This site is optimized with the Yoast SEO plugin v27.5 - https:\/\/yoast.com\/product\/yoast-seo-wordpress\/ -->\n<title>President Milanovi\u0107 Receives Association of World Roma Organization in the Fight against Discrimination, Racism and Poverty - President of the Republic of Croatia - Zoran Milanovi\u0107<\/title>\n<meta name=\"robots\" content=\"index, follow, max-snippet:-1, max-image-preview:large, max-video-preview:-1\" \/>\n<link rel=\"canonical\" href=\"https:\/\/www.predsjednik.hr\/en\/news\/president-milanovic-receives-association-of-world-roma-organization-in-the-fight-against-discrimination-racism-and-poverty\/\" \/>\n<meta property=\"og:locale\" content=\"en_US\" \/>\n<meta property=\"og:type\" content=\"article\" \/>\n<meta property=\"og:title\" content=\"President Milanovi\u0107 Receives Association of World Roma Organization in the Fight against Discrimination, Racism and Poverty - President of the Republic of Croatia - Zoran Milanovi\u0107\" \/>\n<meta property=\"og:description\" content=\"The President of the Republic Zoran Milanovi\u0107 received today a delegation of the Association of the World Roma Organization in the fight against discrimination, racism and poverty. They acquainted him with their activities aimed at eliminating discrimination, racism and poverty by assembling Roma and other national minorities in various forms of sports and recreational activities.\" \/>\n<meta property=\"og:url\" content=\"https:\/\/www.predsjednik.hr\/en\/news\/president-milanovic-receives-association-of-world-roma-organization-in-the-fight-against-discrimination-racism-and-poverty\/\" \/>\n<meta property=\"og:site_name\" content=\"President of the Republic of Croatia - Zoran Milanovi\u0107\" \/>\n<meta property=\"article:modified_time\" content=\"2021-11-10T14:31:35+00:00\" \/>\n<meta property=\"og:image\" content=\"https:\/\/www.predsjednik.hr\/wp-content\/uploads\/2021\/11\/DSC_0736-1.jpg\" \/>\n\t<meta property=\"og:image:width\" content=\"4965\" \/>\n\t<meta property=\"og:image:height\" content=\"3547\" \/>\n\t<meta property=\"og:image:type\" content=\"image\/jpeg\" \/>\n<meta name=\"twitter:card\" content=\"summary_large_image\" \/>\n<meta name=\"twitter:label1\" content=\"Est. reading time\" \/>\n\t<meta name=\"twitter:data1\" content=\"2 minutes\" \/>\n<script type=\"application\/ld+json\" class=\"yoast-schema-graph\">{\"@context\":\"https:\\\/\\\/schema.org\",\"@graph\":[{\"@type\":\"WebPage\",\"@id\":\"https:\\\/\\\/www.predsjednik.hr\\\/en\\\/news\\\/president-milanovic-receives-association-of-world-roma-organization-in-the-fight-against-discrimination-racism-and-poverty\\\/\",\"url\":\"https:\\\/\\\/www.predsjednik.hr\\\/en\\\/news\\\/president-milanovic-receives-association-of-world-roma-organization-in-the-fight-against-discrimination-racism-and-poverty\\\/\",\"name\":\"President Milanovi\u0107 Receives Association of World Roma Organization in the Fight against Discrimination, Racism and Poverty - President of the Republic of Croatia - Zoran Milanovi\u0107\",\"isPartOf\":{\"@id\":\"https:\\\/\\\/www.predsjednik.hr\\\/en\\\/#website\"},\"primaryImageOfPage\":{\"@id\":\"https:\\\/\\\/www.predsjednik.hr\\\/en\\\/news\\\/president-milanovic-receives-association-of-world-roma-organization-in-the-fight-against-discrimination-racism-and-poverty\\\/#primaryimage\"},\"image\":{\"@id\":\"https:\\\/\\\/www.predsjednik.hr\\\/en\\\/news\\\/president-milanovic-receives-association-of-world-roma-organization-in-the-fight-against-discrimination-racism-and-poverty\\\/#primaryimage\"},\"thumbnailUrl\":\"https:\\\/\\\/www.predsjednik.hr\\\/wp-content\\\/uploads\\\/2021\\\/11\\\/DSC_0736-1.jpg\",\"datePublished\":\"2021-11-10T14:31:34+00:00\",\"dateModified\":\"2021-11-10T14:31:35+00:00\",\"breadcrumb\":{\"@id\":\"https:\\\/\\\/www.predsjednik.hr\\\/en\\\/news\\\/president-milanovic-receives-association-of-world-roma-organization-in-the-fight-against-discrimination-racism-and-poverty\\\/#breadcrumb\"},\"inLanguage\":\"en-US\",\"potentialAction\":[{\"@type\":\"ReadAction\",\"target\":[\"https:\\\/\\\/www.predsjednik.hr\\\/en\\\/news\\\/president-milanovic-receives-association-of-world-roma-organization-in-the-fight-against-discrimination-racism-and-poverty\\\/\"]}]},{\"@type\":\"ImageObject\",\"inLanguage\":\"en-US\",\"@id\":\"https:\\\/\\\/www.predsjednik.hr\\\/en\\\/news\\\/president-milanovic-receives-association-of-world-roma-organization-in-the-fight-against-discrimination-racism-and-poverty\\\/#primaryimage\",\"url\":\"https:\\\/\\\/www.predsjednik.hr\\\/wp-content\\\/uploads\\\/2021\\\/11\\\/DSC_0736-1.jpg\",\"contentUrl\":\"https:\\\/\\\/www.predsjednik.hr\\\/wp-content\\\/uploads\\\/2021\\\/11\\\/DSC_0736-1.jpg\",\"width\":4965,\"height\":3547,\"caption\":\"Predsjednik Milanovi\u0107 primio izaslanstvo Udruge Svjetske organizacije Roma u borbi protiv diskriminacije, rasizma i siroma\u0161tva\"},{\"@type\":\"BreadcrumbList\",\"@id\":\"https:\\\/\\\/www.predsjednik.hr\\\/en\\\/news\\\/president-milanovic-receives-association-of-world-roma-organization-in-the-fight-against-discrimination-racism-and-poverty\\\/#breadcrumb\",\"itemListElement\":[{\"@type\":\"ListItem\",\"position\":1,\"name\":\"Home\",\"item\":\"https:\\\/\\\/www.predsjednik.hr\\\/en\\\/\"},{\"@type\":\"ListItem\",\"position\":2,\"name\":\"Vijesti\",\"item\":\"https:\\\/\\\/www.predsjednik.hr\\\/en\\\/news\\\/\"},{\"@type\":\"ListItem\",\"position\":3,\"name\":\"President Milanovi\u0107 Receives Association of World Roma Organization in the Fight against Discrimination, Racism and Poverty\"}]},{\"@type\":\"WebSite\",\"@id\":\"https:\\\/\\\/www.predsjednik.hr\\\/en\\\/#website\",\"url\":\"https:\\\/\\\/www.predsjednik.hr\\\/en\\\/\",\"name\":\"President of the Republic of Croatia - Zoran Milanovi\u0107\",\"description\":\"Just another WordPress site\",\"potentialAction\":[{\"@type\":\"SearchAction\",\"target\":{\"@type\":\"EntryPoint\",\"urlTemplate\":\"https:\\\/\\\/www.predsjednik.hr\\\/en\\\/?s={search_term_string}\"},\"query-input\":{\"@type\":\"PropertyValueSpecification\",\"valueRequired\":true,\"valueName\":\"search_term_string\"}}],\"inLanguage\":\"en-US\"}]}<\/script>\n<!-- \/ Yoast SEO plugin. -->","yoast_head_json":{"title":"President Milanovi\u0107 Receives Association of World Roma Organization in the Fight against Discrimination, Racism and Poverty - President of the Republic of Croatia - Zoran Milanovi\u0107","robots":{"index":"index","follow":"follow","max-snippet":"max-snippet:-1","max-image-preview":"max-image-preview:large","max-video-preview":"max-video-preview:-1"},"canonical":"https:\/\/www.predsjednik.hr\/en\/news\/president-milanovic-receives-association-of-world-roma-organization-in-the-fight-against-discrimination-racism-and-poverty\/","og_locale":"en_US","og_type":"article","og_title":"President Milanovi\u0107 Receives Association of World Roma Organization in the Fight against Discrimination, Racism and Poverty - President of the Republic of Croatia - Zoran Milanovi\u0107","og_description":"The President of the Republic Zoran Milanovi\u0107 received today a delegation of the Association of the World Roma Organization in the fight against discrimination, racism and poverty. They acquainted him with their activities aimed at eliminating discrimination, racism and poverty by assembling Roma and other national minorities in various forms of sports and recreational activities.","og_url":"https:\/\/www.predsjednik.hr\/en\/news\/president-milanovic-receives-association-of-world-roma-organization-in-the-fight-against-discrimination-racism-and-poverty\/","og_site_name":"President of the Republic of Croatia - Zoran Milanovi\u0107","article_modified_time":"2021-11-10T14:31:35+00:00","og_image":[{"width":4965,"height":3547,"url":"https:\/\/www.predsjednik.hr\/wp-content\/uploads\/2021\/11\/DSC_0736-1.jpg","type":"image\/jpeg"}],"twitter_card":"summary_large_image","twitter_misc":{"Est. reading time":"2 minutes"},"schema":{"@context":"https:\/\/schema.org","@graph":[{"@type":"WebPage","@id":"https:\/\/www.predsjednik.hr\/en\/news\/president-milanovic-receives-association-of-world-roma-organization-in-the-fight-against-discrimination-racism-and-poverty\/","url":"https:\/\/www.predsjednik.hr\/en\/news\/president-milanovic-receives-association-of-world-roma-organization-in-the-fight-against-discrimination-racism-and-poverty\/","name":"President Milanovi\u0107 Receives Association of World Roma Organization in the Fight against Discrimination, Racism and Poverty - President of the Republic of Croatia - Zoran Milanovi\u0107","isPartOf":{"@id":"https:\/\/www.predsjednik.hr\/en\/#website"},"primaryImageOfPage":{"@id":"https:\/\/www.predsjednik.hr\/en\/news\/president-milanovic-receives-association-of-world-roma-organization-in-the-fight-against-discrimination-racism-and-poverty\/#primaryimage"},"image":{"@id":"https:\/\/www.predsjednik.hr\/en\/news\/president-milanovic-receives-association-of-world-roma-organization-in-the-fight-against-discrimination-racism-and-poverty\/#primaryimage"},"thumbnailUrl":"https:\/\/www.predsjednik.hr\/wp-content\/uploads\/2021\/11\/DSC_0736-1.jpg","datePublished":"2021-11-10T14:31:34+00:00","dateModified":"2021-11-10T14:31:35+00:00","breadcrumb":{"@id":"https:\/\/www.predsjednik.hr\/en\/news\/president-milanovic-receives-association-of-world-roma-organization-in-the-fight-against-discrimination-racism-and-poverty\/#breadcrumb"},"inLanguage":"en-US","potentialAction":[{"@type":"ReadAction","target":["https:\/\/www.predsjednik.hr\/en\/news\/president-milanovic-receives-association-of-world-roma-organization-in-the-fight-against-discrimination-racism-and-poverty\/"]}]},{"@type":"ImageObject","inLanguage":"en-US","@id":"https:\/\/www.predsjednik.hr\/en\/news\/president-milanovic-receives-association-of-world-roma-organization-in-the-fight-against-discrimination-racism-and-poverty\/#primaryimage","url":"https:\/\/www.predsjednik.hr\/wp-content\/uploads\/2021\/11\/DSC_0736-1.jpg","contentUrl":"https:\/\/www.predsjednik.hr\/wp-content\/uploads\/2021\/11\/DSC_0736-1.jpg","width":4965,"height":3547,"caption":"Predsjednik Milanovi\u0107 primio izaslanstvo Udruge Svjetske organizacije Roma u borbi protiv diskriminacije, rasizma i siroma\u0161tva"},{"@type":"BreadcrumbList","@id":"https:\/\/www.predsjednik.hr\/en\/news\/president-milanovic-receives-association-of-world-roma-organization-in-the-fight-against-discrimination-racism-and-poverty\/#breadcrumb","itemListElement":[{"@type":"ListItem","position":1,"name":"Home","item":"https:\/\/www.predsjednik.hr\/en\/"},{"@type":"ListItem","position":2,"name":"Vijesti","item":"https:\/\/www.predsjednik.hr\/en\/news\/"},{"@type":"ListItem","position":3,"name":"President Milanovi\u0107 Receives Association of World Roma Organization in the Fight against Discrimination, Racism and Poverty"}]},{"@type":"WebSite","@id":"https:\/\/www.predsjednik.hr\/en\/#website","url":"https:\/\/www.predsjednik.hr\/en\/","name":"President of the Republic of Croatia - Zoran Milanovi\u0107","description":"Just another WordPress site","potentialAction":[{"@type":"SearchAction","target":{"@type":"EntryPoint","urlTemplate":"https:\/\/www.predsjednik.hr\/en\/?s={search_term_string}"},"query-input":{"@type":"PropertyValueSpecification","valueRequired":true,"valueName":"search_term_string"}}],"inLanguage":"en-US"}]}},"_links":{"self":[{"href":"https:\/\/www.predsjednik.hr\/en\/wp-json\/wp\/v2\/news\/13642","targetHints":{"allow":["GET"]}}],"collection":[{"href":"https:\/\/www.predsjednik.hr\/en\/wp-json\/wp\/v2\/news"}],"about":[{"href":"https:\/\/www.predsjednik.hr\/en\/wp-json\/wp\/v2\/types\/news"}],"wp:featuredmedia":[{"embeddable":true,"href":"https:\/\/www.predsjednik.hr\/en\/wp-json\/wp\/v2\/media\/13637"}],"wp:attachment":[{"href":"https:\/\/www.predsjednik.hr\/en\/wp-json\/wp\/v2\/media?parent=13642"}],"wp:term":[{"taxonomy":"news-cat","embeddable":true,"href":"https:\/\/www.predsjednik.hr\/en\/wp-json\/wp\/v2\/news-cat?post=13642"}],"curies":[{"name":"wp","href":"https:\/\/api.w.org\/{rel}","templated":true}]}}