{"id":13658,"date":"2021-11-10T16:07:47","date_gmt":"2021-11-10T15:07:47","guid":{"rendered":"https:\/\/www.predsjednik.hr\/?post_type=news&#038;p=13658"},"modified":"2021-11-10T16:07:53","modified_gmt":"2021-11-10T15:07:53","slug":"chief-of-the-armed-forces-general-staff-sends-letter-to-president-of-the-republic-prime-minister-and-minister-of-defense-i-answered-all-the-questions-i-was-asked","status":"publish","type":"news","link":"https:\/\/www.predsjednik.hr\/en\/news\/chief-of-the-armed-forces-general-staff-sends-letter-to-president-of-the-republic-prime-minister-and-minister-of-defense-i-answered-all-the-questions-i-was-asked\/","title":{"rendered":"Chief of the Armed Forces General Staff Sends Letter to President of the Republic, Prime Minister and Minister of Defense: I answered all the questions I was asked"},"content":{"rendered":"\n<p>After Andrej Plenkovi\u0107, who did that yesterday in a perfidious way, today his multipurpose yes-man Gordan Jandrokovi\u0107 blatantly lied that the President of the Republic forbade the Chief of the General Staff of the Croatian Armed Forces Admiral Robert Hranj to speak at the meeting of the Defense Council. It is nothing new that they are lying, but now with their lies they are putting in an uncomfortable situation the Chief of the General Staff of the Croatian Armed Forces, perfidiously attempting to drag him into a discussion in which he, as an honourable and professional soldier, does not want to participate.<\/p>\n\n\n\n<p>In order to protect his dignity, the Chief of the General Staff sent a letter to the President of the Republic, the Prime Minister and the Minister of Defense in which he himself best described his participation in the meeting of the Defense Council. In order for the public to be accurately informed, we are publishing the letter of the Chief of the General Staff of the Croatian Armed Forces in its entirety:<\/p>\n\n\n\n<p>\u201cIn view of the numerous media requests to comment on my participation in the Defense Council, I would like to emphasize that, as a professional soldier and as the Chief of the General Staff of the Croatian Armed Forces, I consider it inappropriate to disclose the details of the discussion from yesterday\u2019s meetings of the Defense Council and the National Security Council.<\/p>\n\n\n\n<p>I believe that the most important thing is that the important issues related to the situation in the Armed Forces were discussed in detail, in an engaged manner and, I believe, ultimately, constructively.<\/p>\n\n\n\n<p>My presentation was in regard to the capabilities of the Armed Forces and the state of the military infrastructure. I also spoke about the details in view of achieving certain capabilities.<\/p>\n\n\n\n<p>Finally, I am convinced that at the meeting of the Defense Council, in accordance with my own understanding and knowledge, I answered all the questions I was asked.\u201d<\/p>\n","protected":false},"excerpt":{"rendered":"<p>After Andrej Plenkovi\u0107, who did that yesterday in a perfidious way, today his multipurpose yes-man Gordan Jandrokovi\u0107 blatantly lied that the President of the Republic forbade the Chief of the General Staff of the Croatian Armed Forces Admiral Robert Hranj to speak at the meeting of the Defense Council. It is nothing new that they are lying, but now with their lies they are putting in an uncomfortable situation the Chief of the General Staff of the Croatian Armed Forces, perfidiously attempting to drag him into a discussion in which he, as an honourable and professional soldier, does not want to participate.<\/p>\n","protected":false},"featured_media":13640,"template":"","news-cat":[12],"class_list":["post-13658","news","type-news","status-publish","has-post-thumbnail","hentry","news-cat-news"],"acf":[],"yoast_head":"<!-- This site is optimized with the Yoast SEO plugin v27.5 - https:\/\/yoast.com\/product\/yoast-seo-wordpress\/ -->\n<title>Chief of the Armed Forces General Staff Sends Letter to President of the Republic, Prime Minister and Minister of Defense: I answered all the questions I was asked - President of the Republic of Croatia - Zoran Milanovi\u0107<\/title>\n<meta name=\"robots\" content=\"index, follow, max-snippet:-1, max-image-preview:large, max-video-preview:-1\" \/>\n<link rel=\"canonical\" href=\"https:\/\/www.predsjednik.hr\/en\/news\/chief-of-the-armed-forces-general-staff-sends-letter-to-president-of-the-republic-prime-minister-and-minister-of-defense-i-answered-all-the-questions-i-was-asked\/\" \/>\n<meta property=\"og:locale\" content=\"en_US\" \/>\n<meta property=\"og:type\" content=\"article\" \/>\n<meta property=\"og:title\" content=\"Chief of the Armed Forces General Staff Sends Letter to President of the Republic, Prime Minister and Minister of Defense: I answered all the questions I was asked - President of the Republic of Croatia - Zoran Milanovi\u0107\" \/>\n<meta property=\"og:description\" content=\"After Andrej Plenkovi\u0107, who did that yesterday in a perfidious way, today his multipurpose yes-man Gordan Jandrokovi\u0107 blatantly lied that the President of the Republic forbade the Chief of the General Staff of the Croatian Armed Forces Admiral Robert Hranj to speak at the meeting of the Defense Council. It is nothing new that they are lying, but now with their lies they are putting in an uncomfortable situation the Chief of the General Staff of the Croatian Armed Forces, perfidiously attempting to drag him into a discussion in which he, as an honourable and professional soldier, does not want to participate.\" \/>\n<meta property=\"og:url\" content=\"https:\/\/www.predsjednik.hr\/en\/news\/chief-of-the-armed-forces-general-staff-sends-letter-to-president-of-the-republic-prime-minister-and-minister-of-defense-i-answered-all-the-questions-i-was-asked\/\" \/>\n<meta property=\"og:site_name\" content=\"President of the Republic of Croatia - Zoran Milanovi\u0107\" \/>\n<meta property=\"article:modified_time\" content=\"2021-11-10T15:07:53+00:00\" \/>\n<meta property=\"og:image\" content=\"https:\/\/www.predsjednik.hr\/wp-content\/uploads\/2021\/11\/DSC_0282-1.jpg\" \/>\n\t<meta property=\"og:image:width\" content=\"5974\" \/>\n\t<meta property=\"og:image:height\" content=\"3360\" \/>\n\t<meta property=\"og:image:type\" content=\"image\/jpeg\" \/>\n<meta name=\"twitter:card\" content=\"summary_large_image\" \/>\n<meta name=\"twitter:label1\" content=\"Est. reading time\" \/>\n\t<meta name=\"twitter:data1\" content=\"2 minutes\" \/>\n<script type=\"application\/ld+json\" class=\"yoast-schema-graph\">{\"@context\":\"https:\\\/\\\/schema.org\",\"@graph\":[{\"@type\":\"WebPage\",\"@id\":\"https:\\\/\\\/www.predsjednik.hr\\\/en\\\/news\\\/chief-of-the-armed-forces-general-staff-sends-letter-to-president-of-the-republic-prime-minister-and-minister-of-defense-i-answered-all-the-questions-i-was-asked\\\/\",\"url\":\"https:\\\/\\\/www.predsjednik.hr\\\/en\\\/news\\\/chief-of-the-armed-forces-general-staff-sends-letter-to-president-of-the-republic-prime-minister-and-minister-of-defense-i-answered-all-the-questions-i-was-asked\\\/\",\"name\":\"Chief of the Armed Forces General Staff Sends Letter to President of the Republic, Prime Minister and Minister of Defense: I answered all the questions I was asked - President of the Republic of Croatia - Zoran Milanovi\u0107\",\"isPartOf\":{\"@id\":\"https:\\\/\\\/www.predsjednik.hr\\\/en\\\/#website\"},\"primaryImageOfPage\":{\"@id\":\"https:\\\/\\\/www.predsjednik.hr\\\/en\\\/news\\\/chief-of-the-armed-forces-general-staff-sends-letter-to-president-of-the-republic-prime-minister-and-minister-of-defense-i-answered-all-the-questions-i-was-asked\\\/#primaryimage\"},\"image\":{\"@id\":\"https:\\\/\\\/www.predsjednik.hr\\\/en\\\/news\\\/chief-of-the-armed-forces-general-staff-sends-letter-to-president-of-the-republic-prime-minister-and-minister-of-defense-i-answered-all-the-questions-i-was-asked\\\/#primaryimage\"},\"thumbnailUrl\":\"https:\\\/\\\/www.predsjednik.hr\\\/wp-content\\\/uploads\\\/2021\\\/11\\\/DSC_0282-1.jpg\",\"datePublished\":\"2021-11-10T15:07:47+00:00\",\"dateModified\":\"2021-11-10T15:07:53+00:00\",\"breadcrumb\":{\"@id\":\"https:\\\/\\\/www.predsjednik.hr\\\/en\\\/news\\\/chief-of-the-armed-forces-general-staff-sends-letter-to-president-of-the-republic-prime-minister-and-minister-of-defense-i-answered-all-the-questions-i-was-asked\\\/#breadcrumb\"},\"inLanguage\":\"en-US\",\"potentialAction\":[{\"@type\":\"ReadAction\",\"target\":[\"https:\\\/\\\/www.predsjednik.hr\\\/en\\\/news\\\/chief-of-the-armed-forces-general-staff-sends-letter-to-president-of-the-republic-prime-minister-and-minister-of-defense-i-answered-all-the-questions-i-was-asked\\\/\"]}]},{\"@type\":\"ImageObject\",\"inLanguage\":\"en-US\",\"@id\":\"https:\\\/\\\/www.predsjednik.hr\\\/en\\\/news\\\/chief-of-the-armed-forces-general-staff-sends-letter-to-president-of-the-republic-prime-minister-and-minister-of-defense-i-answered-all-the-questions-i-was-asked\\\/#primaryimage\",\"url\":\"https:\\\/\\\/www.predsjednik.hr\\\/wp-content\\\/uploads\\\/2021\\\/11\\\/DSC_0282-1.jpg\",\"contentUrl\":\"https:\\\/\\\/www.predsjednik.hr\\\/wp-content\\\/uploads\\\/2021\\\/11\\\/DSC_0282-1.jpg\",\"width\":5974,\"height\":3360},{\"@type\":\"BreadcrumbList\",\"@id\":\"https:\\\/\\\/www.predsjednik.hr\\\/en\\\/news\\\/chief-of-the-armed-forces-general-staff-sends-letter-to-president-of-the-republic-prime-minister-and-minister-of-defense-i-answered-all-the-questions-i-was-asked\\\/#breadcrumb\",\"itemListElement\":[{\"@type\":\"ListItem\",\"position\":1,\"name\":\"Home\",\"item\":\"https:\\\/\\\/www.predsjednik.hr\\\/en\\\/\"},{\"@type\":\"ListItem\",\"position\":2,\"name\":\"Vijesti\",\"item\":\"https:\\\/\\\/www.predsjednik.hr\\\/en\\\/news\\\/\"},{\"@type\":\"ListItem\",\"position\":3,\"name\":\"Chief of the Armed Forces General Staff Sends Letter to President of the Republic, Prime Minister and Minister of Defense: I answered all the questions I was asked\"}]},{\"@type\":\"WebSite\",\"@id\":\"https:\\\/\\\/www.predsjednik.hr\\\/en\\\/#website\",\"url\":\"https:\\\/\\\/www.predsjednik.hr\\\/en\\\/\",\"name\":\"President of the Republic of Croatia - Zoran Milanovi\u0107\",\"description\":\"Just another WordPress site\",\"potentialAction\":[{\"@type\":\"SearchAction\",\"target\":{\"@type\":\"EntryPoint\",\"urlTemplate\":\"https:\\\/\\\/www.predsjednik.hr\\\/en\\\/?s={search_term_string}\"},\"query-input\":{\"@type\":\"PropertyValueSpecification\",\"valueRequired\":true,\"valueName\":\"search_term_string\"}}],\"inLanguage\":\"en-US\"}]}<\/script>\n<!-- \/ Yoast SEO plugin. -->","yoast_head_json":{"title":"Chief of the Armed Forces General Staff Sends Letter to President of the Republic, Prime Minister and Minister of Defense: I answered all the questions I was asked - President of the Republic of Croatia - Zoran Milanovi\u0107","robots":{"index":"index","follow":"follow","max-snippet":"max-snippet:-1","max-image-preview":"max-image-preview:large","max-video-preview":"max-video-preview:-1"},"canonical":"https:\/\/www.predsjednik.hr\/en\/news\/chief-of-the-armed-forces-general-staff-sends-letter-to-president-of-the-republic-prime-minister-and-minister-of-defense-i-answered-all-the-questions-i-was-asked\/","og_locale":"en_US","og_type":"article","og_title":"Chief of the Armed Forces General Staff Sends Letter to President of the Republic, Prime Minister and Minister of Defense: I answered all the questions I was asked - President of the Republic of Croatia - Zoran Milanovi\u0107","og_description":"After Andrej Plenkovi\u0107, who did that yesterday in a perfidious way, today his multipurpose yes-man Gordan Jandrokovi\u0107 blatantly lied that the President of the Republic forbade the Chief of the General Staff of the Croatian Armed Forces Admiral Robert Hranj to speak at the meeting of the Defense Council. It is nothing new that they are lying, but now with their lies they are putting in an uncomfortable situation the Chief of the General Staff of the Croatian Armed Forces, perfidiously attempting to drag him into a discussion in which he, as an honourable and professional soldier, does not want to participate.","og_url":"https:\/\/www.predsjednik.hr\/en\/news\/chief-of-the-armed-forces-general-staff-sends-letter-to-president-of-the-republic-prime-minister-and-minister-of-defense-i-answered-all-the-questions-i-was-asked\/","og_site_name":"President of the Republic of Croatia - Zoran Milanovi\u0107","article_modified_time":"2021-11-10T15:07:53+00:00","og_image":[{"width":5974,"height":3360,"url":"https:\/\/www.predsjednik.hr\/wp-content\/uploads\/2021\/11\/DSC_0282-1.jpg","type":"image\/jpeg"}],"twitter_card":"summary_large_image","twitter_misc":{"Est. reading time":"2 minutes"},"schema":{"@context":"https:\/\/schema.org","@graph":[{"@type":"WebPage","@id":"https:\/\/www.predsjednik.hr\/en\/news\/chief-of-the-armed-forces-general-staff-sends-letter-to-president-of-the-republic-prime-minister-and-minister-of-defense-i-answered-all-the-questions-i-was-asked\/","url":"https:\/\/www.predsjednik.hr\/en\/news\/chief-of-the-armed-forces-general-staff-sends-letter-to-president-of-the-republic-prime-minister-and-minister-of-defense-i-answered-all-the-questions-i-was-asked\/","name":"Chief of the Armed Forces General Staff Sends Letter to President of the Republic, Prime Minister and Minister of Defense: I answered all the questions I was asked - President of the Republic of Croatia - Zoran Milanovi\u0107","isPartOf":{"@id":"https:\/\/www.predsjednik.hr\/en\/#website"},"primaryImageOfPage":{"@id":"https:\/\/www.predsjednik.hr\/en\/news\/chief-of-the-armed-forces-general-staff-sends-letter-to-president-of-the-republic-prime-minister-and-minister-of-defense-i-answered-all-the-questions-i-was-asked\/#primaryimage"},"image":{"@id":"https:\/\/www.predsjednik.hr\/en\/news\/chief-of-the-armed-forces-general-staff-sends-letter-to-president-of-the-republic-prime-minister-and-minister-of-defense-i-answered-all-the-questions-i-was-asked\/#primaryimage"},"thumbnailUrl":"https:\/\/www.predsjednik.hr\/wp-content\/uploads\/2021\/11\/DSC_0282-1.jpg","datePublished":"2021-11-10T15:07:47+00:00","dateModified":"2021-11-10T15:07:53+00:00","breadcrumb":{"@id":"https:\/\/www.predsjednik.hr\/en\/news\/chief-of-the-armed-forces-general-staff-sends-letter-to-president-of-the-republic-prime-minister-and-minister-of-defense-i-answered-all-the-questions-i-was-asked\/#breadcrumb"},"inLanguage":"en-US","potentialAction":[{"@type":"ReadAction","target":["https:\/\/www.predsjednik.hr\/en\/news\/chief-of-the-armed-forces-general-staff-sends-letter-to-president-of-the-republic-prime-minister-and-minister-of-defense-i-answered-all-the-questions-i-was-asked\/"]}]},{"@type":"ImageObject","inLanguage":"en-US","@id":"https:\/\/www.predsjednik.hr\/en\/news\/chief-of-the-armed-forces-general-staff-sends-letter-to-president-of-the-republic-prime-minister-and-minister-of-defense-i-answered-all-the-questions-i-was-asked\/#primaryimage","url":"https:\/\/www.predsjednik.hr\/wp-content\/uploads\/2021\/11\/DSC_0282-1.jpg","contentUrl":"https:\/\/www.predsjednik.hr\/wp-content\/uploads\/2021\/11\/DSC_0282-1.jpg","width":5974,"height":3360},{"@type":"BreadcrumbList","@id":"https:\/\/www.predsjednik.hr\/en\/news\/chief-of-the-armed-forces-general-staff-sends-letter-to-president-of-the-republic-prime-minister-and-minister-of-defense-i-answered-all-the-questions-i-was-asked\/#breadcrumb","itemListElement":[{"@type":"ListItem","position":1,"name":"Home","item":"https:\/\/www.predsjednik.hr\/en\/"},{"@type":"ListItem","position":2,"name":"Vijesti","item":"https:\/\/www.predsjednik.hr\/en\/news\/"},{"@type":"ListItem","position":3,"name":"Chief of the Armed Forces General Staff Sends Letter to President of the Republic, Prime Minister and Minister of Defense: I answered all the questions I was asked"}]},{"@type":"WebSite","@id":"https:\/\/www.predsjednik.hr\/en\/#website","url":"https:\/\/www.predsjednik.hr\/en\/","name":"President of the Republic of Croatia - Zoran Milanovi\u0107","description":"Just another WordPress site","potentialAction":[{"@type":"SearchAction","target":{"@type":"EntryPoint","urlTemplate":"https:\/\/www.predsjednik.hr\/en\/?s={search_term_string}"},"query-input":{"@type":"PropertyValueSpecification","valueRequired":true,"valueName":"search_term_string"}}],"inLanguage":"en-US"}]}},"_links":{"self":[{"href":"https:\/\/www.predsjednik.hr\/en\/wp-json\/wp\/v2\/news\/13658","targetHints":{"allow":["GET"]}}],"collection":[{"href":"https:\/\/www.predsjednik.hr\/en\/wp-json\/wp\/v2\/news"}],"about":[{"href":"https:\/\/www.predsjednik.hr\/en\/wp-json\/wp\/v2\/types\/news"}],"wp:featuredmedia":[{"embeddable":true,"href":"https:\/\/www.predsjednik.hr\/en\/wp-json\/wp\/v2\/media\/13640"}],"wp:attachment":[{"href":"https:\/\/www.predsjednik.hr\/en\/wp-json\/wp\/v2\/media?parent=13658"}],"wp:term":[{"taxonomy":"news-cat","embeddable":true,"href":"https:\/\/www.predsjednik.hr\/en\/wp-json\/wp\/v2\/news-cat?post=13658"}],"curies":[{"name":"wp","href":"https:\/\/api.w.org\/{rel}","templated":true}]}}