{"id":13693,"date":"2021-11-11T15:36:00","date_gmt":"2021-11-11T14:36:00","guid":{"rendered":"https:\/\/www.predsjednik.hr\/?post_type=news&#038;p=13693"},"modified":"2021-11-12T12:37:28","modified_gmt":"2021-11-12T11:37:28","slug":"president-milanovic-comments-on-arrest-of-former-minister-zalac-this-is-the-political-staff-of-andrej-plenkovic-his-choice","status":"publish","type":"news","link":"https:\/\/www.predsjednik.hr\/en\/news\/president-milanovic-comments-on-arrest-of-former-minister-zalac-this-is-the-political-staff-of-andrej-plenkovic-his-choice\/","title":{"rendered":"President Milanovi\u0107 Comments on Arrest of Former Minister \u017dalac: This is the political staff of Andrej Plenkovi\u0107, his choice"},"content":{"rendered":"\n<p>\u201c<em>Gabika<\/em> has fallen, Plenkovi\u0107\u2019s staff. Of course, this is only the arrest, but clearly it was monitored to the last detail. In the interest of public confidence in the system, I hope that the indictment, if it is handed down, will come quickly \u2013 unlike in the \u2018Slovenska\u2019 case, where we are still waiting for the indictment,\u201d said the President of the Republic Zoran Milanovi\u0107, commenting in a statement to the press on the case of the arrest of former minister Gabrijela \u017dalac.<\/p>\n\n\n\n<p>\u201cMs. \u017dalac is Plenkovi\u0107\u2019s young staff, green when it comes to her experience but much darker when it comes to her morals,\u201d said the President, adding that there are many more like Ms. \u017dalac and recalling that he has previously called for putting a time cap on the investigation period, which would shorten criminal proceedings. \u201cClearly, they don\u2019t intend to do that. I am not referring to the process, but to the standards of the process and to the way in which it is conducted,\u201d the President explained.<\/p>\n\n\n\n<p>\u201cI hope we didn\u2019t think that so much money would come to Croatia without it being controlled. Those are huge amounts of money. Procurement of software is a necessity, without which the state cannot function today. The profits are great, but do they have to be enormous? No. As far as I understood, this is about beefing up a company with one employee. A lot is going on out there in terms of pricing, especially in regard to software,\u201d President Milanovi\u0107 underscored. Asked to comment on the fact that Ms. \u017dalac is still a member of the HDZ Presidency, President Milanovi\u0107 said he did not know that she is still a member and added: \u201cThis is the political staff of Andrej Plenkovi\u0107. This is his choice and his choice is fantastic.\u201d<\/p>\n\n\n\n<p>Journalists asked President Milanovi\u0107 to comment on the claim made by Serbian President Aleksandar Vu\u010di\u0107, who said that both sides had done too little to resolve the fate of missing persons. \u201cVu\u010di\u0107 is not in a position to negotiate. This will either be resolved or it will not be resolved. If Serbia wants to join the European Union, it must resolve this issue. Our demands towards Serbia are minimal, but will things stay the same \u2013 with the two thousand people who we know were killed, buried in Croatia and moved to Serbia before the arrival of UNPROFOR \u2013 they will not! This will be cleared up,\u201d President Milanovi\u0107 told the press.<\/p>\n\n\n\n<p>The President also commented on the meeting of the Defense Council, the content of which was publicly discussed by the Prime Minister and the Speaker of the Croatian Parliament. \u201cThey are rambling on the content of the talks at the National Security Council and the Defense Council, which in my opinion amounts to a crime. For the first time we heard that Plenkovi\u0107 and Parliament Speaker Jandrokovi\u0107 dared to talk about what happened at a meeting at which not even cell phones are allowed. Jandrokovi\u0107 is apparently the only person who did not understand that. After three hours of the meeting, the man takes out his phone and starts to type. And then he said he was not aware that was not allowed. This is only one detail having nothing to do with content, so that you can see what the security culture is of a man who runs Parliament and who calls other people trash. He fell into syncope for four hours at the session and did not open his mouth. And when he opened it, he should have been confined. Enough about what occurred at the meeting and about who forbade Robert Hranj to speak. In the end, he had to respond yesterday. Who does the public believe, <em>Njonjo<\/em> or the admiral,\u201d the President asked.<\/p>\n\n\n\n<p>President Milanovi\u0107 said once again that Croatia had decided not to invest in anything but fighter jets, which he considers a problem, \u201cespecially because, according to projections, no investments are planned in the next three years.\u201d He reminded that the former Croatian President had repeatedly ordered the deployment of Croatian Armed Forces members across the Croatian border without a decision of the Minister of Defense. \u201cThree times in 2015, the Croatian Army went across the border without a decision of the minister \u2013 at the request of the President, i.e. her Office and by direct order of Drago Lovri\u0107. Once to Bleiburg with rifles and twice by helicopter to Srebrenica. You know about all that, these events are public. There are no decisions by the minister on record. In the Bugojno case, the military did not move from Croatia until the minister issued a decision on the basis of which Admiral Hranj signed the order, because without an order the military isn\u2019t going anywhere. Earlier, the law was violated in some way or it was ignored, because why should the minister approve the President\u2019s helicopter flight to Srebrenica,\u201d said the President.<\/p>\n\n\n\n<p>Asked by journalists whether he would ask for the consent of the Minister of Defense for the use of military resources, President Milanovi\u0107 replied: \u201cI will not seek consent for a helicopter flight and the minister will not speak in the barracks until he returns Colonel Bur\u010dul. If necessary, I will fly as the Commander in Chief.\u201d The President reiterated that military resources are being used for private purposes: \u201cAbsolutely, these are public affairs, the ministerial decisions that are being signed in the grey zone. I see it happening \u2013 missile and patrol boats that are being deployed for non-military purposes and are being offered for selective use. We will discuss this because it is a criminal offense.\u201d<\/p>\n","protected":false},"excerpt":{"rendered":"<p>\u201cGabika has fallen, Plenkovi\u0107\u2019s staff. Of course, this is only the arrest, but clearly it was monitored to the last detail. In the interest of public confidence in the system, I hope that the indictment, if it is handed down, will come quickly \u2013 unlike in the \u2018Slovenska\u2019 case, where we are still waiting for the indictment,\u201d said the President of the Republic Zoran Milanovi\u0107, commenting in a statement to the press on the case of the arrest of former minister Gabrijela \u017dalac.<\/p>\n","protected":false},"featured_media":13690,"template":"","news-cat":[12],"class_list":["post-13693","news","type-news","status-publish","has-post-thumbnail","hentry","news-cat-news"],"acf":[],"yoast_head":"<!-- This site is optimized with the Yoast SEO plugin v27.5 - https:\/\/yoast.com\/product\/yoast-seo-wordpress\/ -->\n<title>President Milanovi\u0107 Comments on Arrest of Former Minister \u017dalac: This is the political staff of Andrej Plenkovi\u0107, his choice - President of the Republic of Croatia - Zoran Milanovi\u0107<\/title>\n<meta name=\"robots\" content=\"index, follow, max-snippet:-1, max-image-preview:large, max-video-preview:-1\" \/>\n<link rel=\"canonical\" href=\"https:\/\/www.predsjednik.hr\/en\/news\/president-milanovic-comments-on-arrest-of-former-minister-zalac-this-is-the-political-staff-of-andrej-plenkovic-his-choice\/\" \/>\n<meta property=\"og:locale\" content=\"en_US\" \/>\n<meta property=\"og:type\" content=\"article\" \/>\n<meta property=\"og:title\" content=\"President Milanovi\u0107 Comments on Arrest of Former Minister \u017dalac: This is the political staff of Andrej Plenkovi\u0107, his choice - President of the Republic of Croatia - Zoran Milanovi\u0107\" \/>\n<meta property=\"og:description\" content=\"\u201cGabika has fallen, Plenkovi\u0107\u2019s staff. Of course, this is only the arrest, but clearly it was monitored to the last detail. In the interest of public confidence in the system, I hope that the indictment, if it is handed down, will come quickly \u2013 unlike in the \u2018Slovenska\u2019 case, where we are still waiting for the indictment,\u201d said the President of the Republic Zoran Milanovi\u0107, commenting in a statement to the press on the case of the arrest of former minister Gabrijela \u017dalac.\" \/>\n<meta property=\"og:url\" content=\"https:\/\/www.predsjednik.hr\/en\/news\/president-milanovic-comments-on-arrest-of-former-minister-zalac-this-is-the-political-staff-of-andrej-plenkovic-his-choice\/\" \/>\n<meta property=\"og:site_name\" content=\"President of the Republic of Croatia - Zoran Milanovi\u0107\" \/>\n<meta property=\"article:modified_time\" content=\"2021-11-12T11:37:28+00:00\" \/>\n<meta property=\"og:image\" content=\"https:\/\/www.predsjednik.hr\/wp-content\/uploads\/2021\/11\/DSC_1377.jpg\" \/>\n\t<meta property=\"og:image:width\" content=\"4096\" \/>\n\t<meta property=\"og:image:height\" content=\"2731\" \/>\n\t<meta property=\"og:image:type\" content=\"image\/jpeg\" \/>\n<meta name=\"twitter:card\" content=\"summary_large_image\" \/>\n<meta name=\"twitter:label1\" content=\"Est. reading time\" \/>\n\t<meta name=\"twitter:data1\" content=\"5 minutes\" \/>\n<script type=\"application\/ld+json\" class=\"yoast-schema-graph\">{\"@context\":\"https:\\\/\\\/schema.org\",\"@graph\":[{\"@type\":\"WebPage\",\"@id\":\"https:\\\/\\\/www.predsjednik.hr\\\/en\\\/news\\\/president-milanovic-comments-on-arrest-of-former-minister-zalac-this-is-the-political-staff-of-andrej-plenkovic-his-choice\\\/\",\"url\":\"https:\\\/\\\/www.predsjednik.hr\\\/en\\\/news\\\/president-milanovic-comments-on-arrest-of-former-minister-zalac-this-is-the-political-staff-of-andrej-plenkovic-his-choice\\\/\",\"name\":\"President Milanovi\u0107 Comments on Arrest of Former Minister \u017dalac: This is the political staff of Andrej Plenkovi\u0107, his choice - President of the Republic of Croatia - Zoran Milanovi\u0107\",\"isPartOf\":{\"@id\":\"https:\\\/\\\/www.predsjednik.hr\\\/en\\\/#website\"},\"primaryImageOfPage\":{\"@id\":\"https:\\\/\\\/www.predsjednik.hr\\\/en\\\/news\\\/president-milanovic-comments-on-arrest-of-former-minister-zalac-this-is-the-political-staff-of-andrej-plenkovic-his-choice\\\/#primaryimage\"},\"image\":{\"@id\":\"https:\\\/\\\/www.predsjednik.hr\\\/en\\\/news\\\/president-milanovic-comments-on-arrest-of-former-minister-zalac-this-is-the-political-staff-of-andrej-plenkovic-his-choice\\\/#primaryimage\"},\"thumbnailUrl\":\"https:\\\/\\\/www.predsjednik.hr\\\/wp-content\\\/uploads\\\/2021\\\/11\\\/DSC_1377.jpg\",\"datePublished\":\"2021-11-11T14:36:00+00:00\",\"dateModified\":\"2021-11-12T11:37:28+00:00\",\"breadcrumb\":{\"@id\":\"https:\\\/\\\/www.predsjednik.hr\\\/en\\\/news\\\/president-milanovic-comments-on-arrest-of-former-minister-zalac-this-is-the-political-staff-of-andrej-plenkovic-his-choice\\\/#breadcrumb\"},\"inLanguage\":\"en-US\",\"potentialAction\":[{\"@type\":\"ReadAction\",\"target\":[\"https:\\\/\\\/www.predsjednik.hr\\\/en\\\/news\\\/president-milanovic-comments-on-arrest-of-former-minister-zalac-this-is-the-political-staff-of-andrej-plenkovic-his-choice\\\/\"]}]},{\"@type\":\"ImageObject\",\"inLanguage\":\"en-US\",\"@id\":\"https:\\\/\\\/www.predsjednik.hr\\\/en\\\/news\\\/president-milanovic-comments-on-arrest-of-former-minister-zalac-this-is-the-political-staff-of-andrej-plenkovic-his-choice\\\/#primaryimage\",\"url\":\"https:\\\/\\\/www.predsjednik.hr\\\/wp-content\\\/uploads\\\/2021\\\/11\\\/DSC_1377.jpg\",\"contentUrl\":\"https:\\\/\\\/www.predsjednik.hr\\\/wp-content\\\/uploads\\\/2021\\\/11\\\/DSC_1377.jpg\",\"width\":4096,\"height\":2731},{\"@type\":\"BreadcrumbList\",\"@id\":\"https:\\\/\\\/www.predsjednik.hr\\\/en\\\/news\\\/president-milanovic-comments-on-arrest-of-former-minister-zalac-this-is-the-political-staff-of-andrej-plenkovic-his-choice\\\/#breadcrumb\",\"itemListElement\":[{\"@type\":\"ListItem\",\"position\":1,\"name\":\"Home\",\"item\":\"https:\\\/\\\/www.predsjednik.hr\\\/en\\\/\"},{\"@type\":\"ListItem\",\"position\":2,\"name\":\"Vijesti\",\"item\":\"https:\\\/\\\/www.predsjednik.hr\\\/en\\\/news\\\/\"},{\"@type\":\"ListItem\",\"position\":3,\"name\":\"President Milanovi\u0107 Comments on Arrest of Former Minister \u017dalac: This is the political staff of Andrej Plenkovi\u0107, his choice\"}]},{\"@type\":\"WebSite\",\"@id\":\"https:\\\/\\\/www.predsjednik.hr\\\/en\\\/#website\",\"url\":\"https:\\\/\\\/www.predsjednik.hr\\\/en\\\/\",\"name\":\"President of the Republic of Croatia - Zoran Milanovi\u0107\",\"description\":\"Just another WordPress site\",\"potentialAction\":[{\"@type\":\"SearchAction\",\"target\":{\"@type\":\"EntryPoint\",\"urlTemplate\":\"https:\\\/\\\/www.predsjednik.hr\\\/en\\\/?s={search_term_string}\"},\"query-input\":{\"@type\":\"PropertyValueSpecification\",\"valueRequired\":true,\"valueName\":\"search_term_string\"}}],\"inLanguage\":\"en-US\"}]}<\/script>\n<!-- \/ Yoast SEO plugin. -->","yoast_head_json":{"title":"President Milanovi\u0107 Comments on Arrest of Former Minister \u017dalac: This is the political staff of Andrej Plenkovi\u0107, his choice - President of the Republic of Croatia - Zoran Milanovi\u0107","robots":{"index":"index","follow":"follow","max-snippet":"max-snippet:-1","max-image-preview":"max-image-preview:large","max-video-preview":"max-video-preview:-1"},"canonical":"https:\/\/www.predsjednik.hr\/en\/news\/president-milanovic-comments-on-arrest-of-former-minister-zalac-this-is-the-political-staff-of-andrej-plenkovic-his-choice\/","og_locale":"en_US","og_type":"article","og_title":"President Milanovi\u0107 Comments on Arrest of Former Minister \u017dalac: This is the political staff of Andrej Plenkovi\u0107, his choice - President of the Republic of Croatia - Zoran Milanovi\u0107","og_description":"\u201cGabika has fallen, Plenkovi\u0107\u2019s staff. Of course, this is only the arrest, but clearly it was monitored to the last detail. In the interest of public confidence in the system, I hope that the indictment, if it is handed down, will come quickly \u2013 unlike in the \u2018Slovenska\u2019 case, where we are still waiting for the indictment,\u201d said the President of the Republic Zoran Milanovi\u0107, commenting in a statement to the press on the case of the arrest of former minister Gabrijela \u017dalac.","og_url":"https:\/\/www.predsjednik.hr\/en\/news\/president-milanovic-comments-on-arrest-of-former-minister-zalac-this-is-the-political-staff-of-andrej-plenkovic-his-choice\/","og_site_name":"President of the Republic of Croatia - Zoran Milanovi\u0107","article_modified_time":"2021-11-12T11:37:28+00:00","og_image":[{"width":4096,"height":2731,"url":"https:\/\/www.predsjednik.hr\/wp-content\/uploads\/2021\/11\/DSC_1377.jpg","type":"image\/jpeg"}],"twitter_card":"summary_large_image","twitter_misc":{"Est. reading time":"5 minutes"},"schema":{"@context":"https:\/\/schema.org","@graph":[{"@type":"WebPage","@id":"https:\/\/www.predsjednik.hr\/en\/news\/president-milanovic-comments-on-arrest-of-former-minister-zalac-this-is-the-political-staff-of-andrej-plenkovic-his-choice\/","url":"https:\/\/www.predsjednik.hr\/en\/news\/president-milanovic-comments-on-arrest-of-former-minister-zalac-this-is-the-political-staff-of-andrej-plenkovic-his-choice\/","name":"President Milanovi\u0107 Comments on Arrest of Former Minister \u017dalac: This is the political staff of Andrej Plenkovi\u0107, his choice - President of the Republic of Croatia - Zoran Milanovi\u0107","isPartOf":{"@id":"https:\/\/www.predsjednik.hr\/en\/#website"},"primaryImageOfPage":{"@id":"https:\/\/www.predsjednik.hr\/en\/news\/president-milanovic-comments-on-arrest-of-former-minister-zalac-this-is-the-political-staff-of-andrej-plenkovic-his-choice\/#primaryimage"},"image":{"@id":"https:\/\/www.predsjednik.hr\/en\/news\/president-milanovic-comments-on-arrest-of-former-minister-zalac-this-is-the-political-staff-of-andrej-plenkovic-his-choice\/#primaryimage"},"thumbnailUrl":"https:\/\/www.predsjednik.hr\/wp-content\/uploads\/2021\/11\/DSC_1377.jpg","datePublished":"2021-11-11T14:36:00+00:00","dateModified":"2021-11-12T11:37:28+00:00","breadcrumb":{"@id":"https:\/\/www.predsjednik.hr\/en\/news\/president-milanovic-comments-on-arrest-of-former-minister-zalac-this-is-the-political-staff-of-andrej-plenkovic-his-choice\/#breadcrumb"},"inLanguage":"en-US","potentialAction":[{"@type":"ReadAction","target":["https:\/\/www.predsjednik.hr\/en\/news\/president-milanovic-comments-on-arrest-of-former-minister-zalac-this-is-the-political-staff-of-andrej-plenkovic-his-choice\/"]}]},{"@type":"ImageObject","inLanguage":"en-US","@id":"https:\/\/www.predsjednik.hr\/en\/news\/president-milanovic-comments-on-arrest-of-former-minister-zalac-this-is-the-political-staff-of-andrej-plenkovic-his-choice\/#primaryimage","url":"https:\/\/www.predsjednik.hr\/wp-content\/uploads\/2021\/11\/DSC_1377.jpg","contentUrl":"https:\/\/www.predsjednik.hr\/wp-content\/uploads\/2021\/11\/DSC_1377.jpg","width":4096,"height":2731},{"@type":"BreadcrumbList","@id":"https:\/\/www.predsjednik.hr\/en\/news\/president-milanovic-comments-on-arrest-of-former-minister-zalac-this-is-the-political-staff-of-andrej-plenkovic-his-choice\/#breadcrumb","itemListElement":[{"@type":"ListItem","position":1,"name":"Home","item":"https:\/\/www.predsjednik.hr\/en\/"},{"@type":"ListItem","position":2,"name":"Vijesti","item":"https:\/\/www.predsjednik.hr\/en\/news\/"},{"@type":"ListItem","position":3,"name":"President Milanovi\u0107 Comments on Arrest of Former Minister \u017dalac: This is the political staff of Andrej Plenkovi\u0107, his choice"}]},{"@type":"WebSite","@id":"https:\/\/www.predsjednik.hr\/en\/#website","url":"https:\/\/www.predsjednik.hr\/en\/","name":"President of the Republic of Croatia - Zoran Milanovi\u0107","description":"Just another WordPress site","potentialAction":[{"@type":"SearchAction","target":{"@type":"EntryPoint","urlTemplate":"https:\/\/www.predsjednik.hr\/en\/?s={search_term_string}"},"query-input":{"@type":"PropertyValueSpecification","valueRequired":true,"valueName":"search_term_string"}}],"inLanguage":"en-US"}]}},"_links":{"self":[{"href":"https:\/\/www.predsjednik.hr\/en\/wp-json\/wp\/v2\/news\/13693","targetHints":{"allow":["GET"]}}],"collection":[{"href":"https:\/\/www.predsjednik.hr\/en\/wp-json\/wp\/v2\/news"}],"about":[{"href":"https:\/\/www.predsjednik.hr\/en\/wp-json\/wp\/v2\/types\/news"}],"wp:featuredmedia":[{"embeddable":true,"href":"https:\/\/www.predsjednik.hr\/en\/wp-json\/wp\/v2\/media\/13690"}],"wp:attachment":[{"href":"https:\/\/www.predsjednik.hr\/en\/wp-json\/wp\/v2\/media?parent=13693"}],"wp:term":[{"taxonomy":"news-cat","embeddable":true,"href":"https:\/\/www.predsjednik.hr\/en\/wp-json\/wp\/v2\/news-cat?post=13693"}],"curies":[{"name":"wp","href":"https:\/\/api.w.org\/{rel}","templated":true}]}}