{"id":13698,"date":"2021-11-12T15:10:28","date_gmt":"2021-11-12T14:10:28","guid":{"rendered":"https:\/\/www.predsjednik.hr\/?post_type=news&#038;p=13698"},"modified":"2021-11-12T15:10:30","modified_gmt":"2021-11-12T14:10:30","slug":"president-milanovic-on-official-visit-to-holy-see","status":"publish","type":"news","link":"https:\/\/www.predsjednik.hr\/en\/news\/president-milanovic-on-official-visit-to-holy-see\/","title":{"rendered":"President Milanovi\u0107 on Official Visit to Holy See"},"content":{"rendered":"\n<p>The President of the Republic Zoran Milanovi\u0107 and his wife Sanja Musi\u0107 Milanovi\u0107 will pay an Official visit to the Holy See on Monday, 15 November 2021.<\/p>\n\n\n\n<p>During his stay in the Vatican, President Milanovi\u0107 will have a private audience with the Holy Father Pope Francis, and will hold a meeting with the Secretary of State of the Holy See Cardinal Pietro Parolin and the Secretary for Relations with States Archbishop Paul Richard Gallagher.<\/p>\n\n\n\n<p>In the remainder of the day, President Milanovi\u0107 will visit the Pontifical Croatian College of St. Jerome where he will meet with the rector Rev. Marko \u0110urin and Croatian students studying at Catholic universities in Rome.<\/p>\n\n\n\n<p>Programme of the President\u2019s visit to the Vatican:<\/p>\n\n\n\n<p>10:00<\/p>\n\n\n\n<p>Private audience of the President of the Republic with the Holy Father Pope Francis<\/p>\n\n\n\n<p>11:00<\/p>\n\n\n\n<p>Meeting of the President with the Secretary of State of the Holy See Cardinal Pietro Parolin and the Secretary for Relations with States Archbishop Paul Richard Gallagher<\/p>\n\n\n\n<p>12:05<\/p>\n\n\n\n<p>Statement to the press of the President of the Republic Zoran Milanovi\u0107<\/p>\n\n\n\n<p>12:20<\/p>\n\n\n\n<p>Visit of the President of the Republic to the Pontifical Croatian College of St. Jerome and meeting with rector Rev. Marko \u0110urin<\/p>\n","protected":false},"excerpt":{"rendered":"<p>The President of the Republic Zoran Milanovi\u0107 and his wife Sanja Musi\u0107 Milanovi\u0107 will pay an Official visit to the Holy See on Monday, 15 November 2021. During his stay in the Vatican, President Milanovi\u0107 will have a private audience with the Holy Father Pope Francis, and will hold a meeting with the Secretary of State of the Holy See Cardinal Pietro Parolin and the Secretary for Relations with States Archbishop Paul Richard Gallagher.<\/p>\n","protected":false},"featured_media":13697,"template":"","news-cat":[12],"class_list":["post-13698","news","type-news","status-publish","has-post-thumbnail","hentry","news-cat-news"],"acf":[],"yoast_head":"<!-- This site is optimized with the Yoast SEO plugin v27.5 - https:\/\/yoast.com\/product\/yoast-seo-wordpress\/ -->\n<title>President Milanovi\u0107 on Official Visit to Holy See - President of the Republic of Croatia - Zoran Milanovi\u0107<\/title>\n<meta name=\"robots\" content=\"index, follow, max-snippet:-1, max-image-preview:large, max-video-preview:-1\" \/>\n<link rel=\"canonical\" href=\"https:\/\/www.predsjednik.hr\/en\/news\/president-milanovic-on-official-visit-to-holy-see\/\" \/>\n<meta property=\"og:locale\" content=\"en_US\" \/>\n<meta property=\"og:type\" content=\"article\" \/>\n<meta property=\"og:title\" content=\"President Milanovi\u0107 on Official Visit to Holy See - President of the Republic of Croatia - Zoran Milanovi\u0107\" \/>\n<meta property=\"og:description\" content=\"The President of the Republic Zoran Milanovi\u0107 and his wife Sanja Musi\u0107 Milanovi\u0107 will pay an Official visit to the Holy See on Monday, 15 November 2021. During his stay in the Vatican, President Milanovi\u0107 will have a private audience with the Holy Father Pope Francis, and will hold a meeting with the Secretary of State of the Holy See Cardinal Pietro Parolin and the Secretary for Relations with States Archbishop Paul Richard Gallagher.\" \/>\n<meta property=\"og:url\" content=\"https:\/\/www.predsjednik.hr\/en\/news\/president-milanovic-on-official-visit-to-holy-see\/\" \/>\n<meta property=\"og:site_name\" content=\"President of the Republic of Croatia - Zoran Milanovi\u0107\" \/>\n<meta property=\"article:modified_time\" content=\"2021-11-12T14:10:30+00:00\" \/>\n<meta property=\"og:image\" content=\"https:\/\/www.predsjednik.hr\/wp-content\/uploads\/2021\/11\/DSC_0063.jpg\" \/>\n\t<meta property=\"og:image:width\" content=\"2733\" \/>\n\t<meta property=\"og:image:height\" content=\"1538\" \/>\n\t<meta property=\"og:image:type\" content=\"image\/jpeg\" \/>\n<meta name=\"twitter:card\" content=\"summary_large_image\" \/>\n<meta name=\"twitter:label1\" content=\"Est. reading time\" \/>\n\t<meta name=\"twitter:data1\" content=\"1 minute\" \/>\n<script type=\"application\/ld+json\" class=\"yoast-schema-graph\">{\"@context\":\"https:\\\/\\\/schema.org\",\"@graph\":[{\"@type\":\"WebPage\",\"@id\":\"https:\\\/\\\/www.predsjednik.hr\\\/en\\\/news\\\/president-milanovic-on-official-visit-to-holy-see\\\/\",\"url\":\"https:\\\/\\\/www.predsjednik.hr\\\/en\\\/news\\\/president-milanovic-on-official-visit-to-holy-see\\\/\",\"name\":\"President Milanovi\u0107 on Official Visit to Holy See - President of the Republic of Croatia - Zoran Milanovi\u0107\",\"isPartOf\":{\"@id\":\"https:\\\/\\\/www.predsjednik.hr\\\/en\\\/#website\"},\"primaryImageOfPage\":{\"@id\":\"https:\\\/\\\/www.predsjednik.hr\\\/en\\\/news\\\/president-milanovic-on-official-visit-to-holy-see\\\/#primaryimage\"},\"image\":{\"@id\":\"https:\\\/\\\/www.predsjednik.hr\\\/en\\\/news\\\/president-milanovic-on-official-visit-to-holy-see\\\/#primaryimage\"},\"thumbnailUrl\":\"https:\\\/\\\/www.predsjednik.hr\\\/wp-content\\\/uploads\\\/2021\\\/11\\\/DSC_0063.jpg\",\"datePublished\":\"2021-11-12T14:10:28+00:00\",\"dateModified\":\"2021-11-12T14:10:30+00:00\",\"breadcrumb\":{\"@id\":\"https:\\\/\\\/www.predsjednik.hr\\\/en\\\/news\\\/president-milanovic-on-official-visit-to-holy-see\\\/#breadcrumb\"},\"inLanguage\":\"en-US\",\"potentialAction\":[{\"@type\":\"ReadAction\",\"target\":[\"https:\\\/\\\/www.predsjednik.hr\\\/en\\\/news\\\/president-milanovic-on-official-visit-to-holy-see\\\/\"]}]},{\"@type\":\"ImageObject\",\"inLanguage\":\"en-US\",\"@id\":\"https:\\\/\\\/www.predsjednik.hr\\\/en\\\/news\\\/president-milanovic-on-official-visit-to-holy-see\\\/#primaryimage\",\"url\":\"https:\\\/\\\/www.predsjednik.hr\\\/wp-content\\\/uploads\\\/2021\\\/11\\\/DSC_0063.jpg\",\"contentUrl\":\"https:\\\/\\\/www.predsjednik.hr\\\/wp-content\\\/uploads\\\/2021\\\/11\\\/DSC_0063.jpg\",\"width\":2733,\"height\":1538},{\"@type\":\"BreadcrumbList\",\"@id\":\"https:\\\/\\\/www.predsjednik.hr\\\/en\\\/news\\\/president-milanovic-on-official-visit-to-holy-see\\\/#breadcrumb\",\"itemListElement\":[{\"@type\":\"ListItem\",\"position\":1,\"name\":\"Home\",\"item\":\"https:\\\/\\\/www.predsjednik.hr\\\/en\\\/\"},{\"@type\":\"ListItem\",\"position\":2,\"name\":\"Vijesti\",\"item\":\"https:\\\/\\\/www.predsjednik.hr\\\/en\\\/news\\\/\"},{\"@type\":\"ListItem\",\"position\":3,\"name\":\"President Milanovi\u0107 on Official Visit to Holy See\"}]},{\"@type\":\"WebSite\",\"@id\":\"https:\\\/\\\/www.predsjednik.hr\\\/en\\\/#website\",\"url\":\"https:\\\/\\\/www.predsjednik.hr\\\/en\\\/\",\"name\":\"President of the Republic of Croatia - Zoran Milanovi\u0107\",\"description\":\"Just another WordPress site\",\"potentialAction\":[{\"@type\":\"SearchAction\",\"target\":{\"@type\":\"EntryPoint\",\"urlTemplate\":\"https:\\\/\\\/www.predsjednik.hr\\\/en\\\/?s={search_term_string}\"},\"query-input\":{\"@type\":\"PropertyValueSpecification\",\"valueRequired\":true,\"valueName\":\"search_term_string\"}}],\"inLanguage\":\"en-US\"}]}<\/script>\n<!-- \/ Yoast SEO plugin. -->","yoast_head_json":{"title":"President Milanovi\u0107 on Official Visit to Holy See - President of the Republic of Croatia - Zoran Milanovi\u0107","robots":{"index":"index","follow":"follow","max-snippet":"max-snippet:-1","max-image-preview":"max-image-preview:large","max-video-preview":"max-video-preview:-1"},"canonical":"https:\/\/www.predsjednik.hr\/en\/news\/president-milanovic-on-official-visit-to-holy-see\/","og_locale":"en_US","og_type":"article","og_title":"President Milanovi\u0107 on Official Visit to Holy See - President of the Republic of Croatia - Zoran Milanovi\u0107","og_description":"The President of the Republic Zoran Milanovi\u0107 and his wife Sanja Musi\u0107 Milanovi\u0107 will pay an Official visit to the Holy See on Monday, 15 November 2021. During his stay in the Vatican, President Milanovi\u0107 will have a private audience with the Holy Father Pope Francis, and will hold a meeting with the Secretary of State of the Holy See Cardinal Pietro Parolin and the Secretary for Relations with States Archbishop Paul Richard Gallagher.","og_url":"https:\/\/www.predsjednik.hr\/en\/news\/president-milanovic-on-official-visit-to-holy-see\/","og_site_name":"President of the Republic of Croatia - Zoran Milanovi\u0107","article_modified_time":"2021-11-12T14:10:30+00:00","og_image":[{"width":2733,"height":1538,"url":"https:\/\/www.predsjednik.hr\/wp-content\/uploads\/2021\/11\/DSC_0063.jpg","type":"image\/jpeg"}],"twitter_card":"summary_large_image","twitter_misc":{"Est. reading time":"1 minute"},"schema":{"@context":"https:\/\/schema.org","@graph":[{"@type":"WebPage","@id":"https:\/\/www.predsjednik.hr\/en\/news\/president-milanovic-on-official-visit-to-holy-see\/","url":"https:\/\/www.predsjednik.hr\/en\/news\/president-milanovic-on-official-visit-to-holy-see\/","name":"President Milanovi\u0107 on Official Visit to Holy See - President of the Republic of Croatia - Zoran Milanovi\u0107","isPartOf":{"@id":"https:\/\/www.predsjednik.hr\/en\/#website"},"primaryImageOfPage":{"@id":"https:\/\/www.predsjednik.hr\/en\/news\/president-milanovic-on-official-visit-to-holy-see\/#primaryimage"},"image":{"@id":"https:\/\/www.predsjednik.hr\/en\/news\/president-milanovic-on-official-visit-to-holy-see\/#primaryimage"},"thumbnailUrl":"https:\/\/www.predsjednik.hr\/wp-content\/uploads\/2021\/11\/DSC_0063.jpg","datePublished":"2021-11-12T14:10:28+00:00","dateModified":"2021-11-12T14:10:30+00:00","breadcrumb":{"@id":"https:\/\/www.predsjednik.hr\/en\/news\/president-milanovic-on-official-visit-to-holy-see\/#breadcrumb"},"inLanguage":"en-US","potentialAction":[{"@type":"ReadAction","target":["https:\/\/www.predsjednik.hr\/en\/news\/president-milanovic-on-official-visit-to-holy-see\/"]}]},{"@type":"ImageObject","inLanguage":"en-US","@id":"https:\/\/www.predsjednik.hr\/en\/news\/president-milanovic-on-official-visit-to-holy-see\/#primaryimage","url":"https:\/\/www.predsjednik.hr\/wp-content\/uploads\/2021\/11\/DSC_0063.jpg","contentUrl":"https:\/\/www.predsjednik.hr\/wp-content\/uploads\/2021\/11\/DSC_0063.jpg","width":2733,"height":1538},{"@type":"BreadcrumbList","@id":"https:\/\/www.predsjednik.hr\/en\/news\/president-milanovic-on-official-visit-to-holy-see\/#breadcrumb","itemListElement":[{"@type":"ListItem","position":1,"name":"Home","item":"https:\/\/www.predsjednik.hr\/en\/"},{"@type":"ListItem","position":2,"name":"Vijesti","item":"https:\/\/www.predsjednik.hr\/en\/news\/"},{"@type":"ListItem","position":3,"name":"President Milanovi\u0107 on Official Visit to Holy See"}]},{"@type":"WebSite","@id":"https:\/\/www.predsjednik.hr\/en\/#website","url":"https:\/\/www.predsjednik.hr\/en\/","name":"President of the Republic of Croatia - Zoran Milanovi\u0107","description":"Just another WordPress site","potentialAction":[{"@type":"SearchAction","target":{"@type":"EntryPoint","urlTemplate":"https:\/\/www.predsjednik.hr\/en\/?s={search_term_string}"},"query-input":{"@type":"PropertyValueSpecification","valueRequired":true,"valueName":"search_term_string"}}],"inLanguage":"en-US"}]}},"_links":{"self":[{"href":"https:\/\/www.predsjednik.hr\/en\/wp-json\/wp\/v2\/news\/13698","targetHints":{"allow":["GET"]}}],"collection":[{"href":"https:\/\/www.predsjednik.hr\/en\/wp-json\/wp\/v2\/news"}],"about":[{"href":"https:\/\/www.predsjednik.hr\/en\/wp-json\/wp\/v2\/types\/news"}],"wp:featuredmedia":[{"embeddable":true,"href":"https:\/\/www.predsjednik.hr\/en\/wp-json\/wp\/v2\/media\/13697"}],"wp:attachment":[{"href":"https:\/\/www.predsjednik.hr\/en\/wp-json\/wp\/v2\/media?parent=13698"}],"wp:term":[{"taxonomy":"news-cat","embeddable":true,"href":"https:\/\/www.predsjednik.hr\/en\/wp-json\/wp\/v2\/news-cat?post=13698"}],"curies":[{"name":"wp","href":"https:\/\/api.w.org\/{rel}","templated":true}]}}