{"id":13804,"date":"2021-11-15T16:10:36","date_gmt":"2021-11-15T15:10:36","guid":{"rendered":"https:\/\/www.predsjednik.hr\/?post_type=news&#038;p=13804"},"modified":"2021-11-16T09:12:49","modified_gmt":"2021-11-16T08:12:49","slug":"president-milanovic-at-audience-with-pope-francis-in-the-vatican-invites-him-to-visit-croatia","status":"publish","type":"news","link":"https:\/\/www.predsjednik.hr\/en\/news\/president-milanovic-at-audience-with-pope-francis-in-the-vatican-invites-him-to-visit-croatia\/","title":{"rendered":"President Milanovi\u0107 at Audience with Pope Francis in the Vatican Invites Him to Visit Croatia"},"content":{"rendered":"\n<p>The President of the Republic Zoran Milanovi\u0107 and First Lady Sanja Music Milanovi\u0107 are paying an Official visit to the Holy See. After an audience with the Holy Father Pope Francis, and a meeting with Cardinal Secretary of State Pietro Parolin and the Secretary for Relations with States Archbishop Paul Richard Gallagher, President Milanovi\u0107 stated that they discussed topics that concern us and that with the assistance of the Vatican, we can perhaps solve them better since there is understanding.<\/p>\n\n\n\n<p>President Milanovi\u0107 confirmed that he has invited Pope Francis to visit the Republic of Croatia. \u201cThe Pope is absolutely welcome in Croatia\u201d, he said.<\/p>\n\n\n\n<p>The President also noted that they discussed vaccination. \u201cEveryone is vaccinated in the Vatican, evidently a scientific view of the issue prevails here, and masks are scarce\u201d.<\/p>\n\n\n\n<p>\u201cI\u2019ve got a problem lately with this madness lacking arguments. I\u2019ve supported this for months, but now I don\u2019t see any sense because it has no scientific base. The invention of a vaccine, which is the result of the work of a number of brilliant minds, cannot be science and this stupidity with the measures. Today in Austria they are prohibiting people who aren\u2019t vaccinated to leave their homes, except to go to work. What\u2019s that? Science?\u201d, President Milanovi\u0107 told the press when asked to comment on the letter of the Croatian Bishops\u2019 Conference related to vaccination.<\/p>\n\n\n\n<p>\u201cI\u2019ve told the citizens to get vaccinated, but they have a right to defend themselves from self-will. Where are human rights advocates? Where is the European Court of Human Rights that has an ambition to tailor the constitutions of other states? They\u2019re not here. The Pope has said \u2013 it is an act of love, think of yourself and get vaccinated. I won\u2019t ask you any more if you\u2019re vaccinated. My duty is to get vaccinated if I want to do something good for myself\u201d, President Milanovi\u0107 added.<\/p>\n\n\n\n<p>Asked about the Pope\u2019s view on the situation in the Western Balkans, especially Bosnia and Herzegovina and Montenegro, President Milanovi\u0107 said that he discussed this matter with Cardinal Parolin and Archbishop Gallagher. \u201cThey are friends willing to help, they know enough, but not everything. Their view is one which suits us, they can help, but there are limits. And we can help ourselves\u201d, the President said, and repeated that he is in favour of a meeting with Serbian President Vu\u010di\u0107 and Turkish President Erdo\u011fan \u201cto sit down and see whether we as representatives of the nations in Bosnia and Herzegovina can achieve more than second-class diplomats who are making a mess of things in Bosnia and Herzegovina\u201d.<\/p>\n\n\n\n<p>\u201cAs long as Croats insist on not being deprived of their right to elect their representative and look on to Sarajevo, and they do say that, be happy and may you shudder when Croats turn away from Sarajevo and say they\u2019re not interested in that. An intelligent conclusion is that Croatia still cares for Bosnia and Herzegovina. Let\u2019s not extinguish this\u201d, the President said.<\/p>\n\n\n\n<p>About his meeting with the Holy Father, President Milanovi\u0107 further said that he presented the Pope with&nbsp;a Glagolitic missal, a very precious and excellent book, very important for the Croatian identity. \u201cI told him that the Glagolitic Croatian script had been in use for centuries, long before the Latin alphabet. The few Croats who could write were semiliterate Glagolitic priests who kept up the tradition, the identity\u201d, he said.<\/p>\n\n\n\n<p>\u201cHe presented his works, speeches and one work of art to me\u201d, President Milanovi\u0107 said. Asked what message the Pope conveyed to him, he said \u201cit\u2019s too personal\u201d to share it with the public.<\/p>\n\n\n\n<p>There are religious and Church matters where I have no business, it\u2019s not my job. We talked about the region, Europe, Brussels. Pope Francis has interesting views on Brussels as an estranged centre of power that doesn\u2019t realize that European states are historical, national states\u201d, President Milanovi\u0107 replied when asked if they talked about bilateral relations between Croatia and the Holy See. \u201cWe talked about Europe\u2019s identity, about problems of administrative management\u201d, President Milanovi\u0107 concluded.<\/p>\n\n\n\n<p>In the remainder of the day, President Milanovi\u0107 visited the Pontifical Croatian College of St. Jerome where he met with the rector Rev. Marko \u0110urin and the Croatian students studying at Catholic universities in Rome.<\/p>\n\n\n<!--GALLERY BLOCK-->\n<div class=\"c-lightbox-gallery js-lightbox\">\n                <!--single-->\n            <a data-no-swup class=\"c-lightbox-gallery__single js-lightbox-single\"\n               href=\"https:\/\/www.predsjednik.hr\/wp-content\/uploads\/2021\/11\/DSC_9690-1024x683.jpg\"\n               style=\"background-image: url('https:\/\/www.predsjednik.hr\/wp-content\/uploads\/2021\/11\/DSC_9690-768x512.jpg')\"><\/a>\n            <!--end single-->\n                    <!--single-->\n            <a data-no-swup class=\"c-lightbox-gallery__single js-lightbox-single\"\n               href=\"https:\/\/www.predsjednik.hr\/wp-content\/uploads\/2021\/11\/DSC_9701-1024x683.jpg\"\n               style=\"background-image: url('https:\/\/www.predsjednik.hr\/wp-content\/uploads\/2021\/11\/DSC_9701-768x512.jpg')\"><\/a>\n            <!--end single-->\n                    <!--single-->\n            <a data-no-swup class=\"c-lightbox-gallery__single js-lightbox-single\"\n               href=\"https:\/\/www.predsjednik.hr\/wp-content\/uploads\/2021\/11\/DSC0063-1024x683.jpg\"\n               style=\"background-image: url('https:\/\/www.predsjednik.hr\/wp-content\/uploads\/2021\/11\/DSC0063-768x512.jpg')\"><\/a>\n            <!--end single-->\n                    <!--single-->\n            <a data-no-swup class=\"c-lightbox-gallery__single js-lightbox-single\"\n               href=\"https:\/\/www.predsjednik.hr\/wp-content\/uploads\/2021\/11\/DSC0093-1024x683.jpg\"\n               style=\"background-image: url('https:\/\/www.predsjednik.hr\/wp-content\/uploads\/2021\/11\/DSC0093-768x512.jpg')\"><\/a>\n            <!--end single-->\n                    <!--single-->\n            <a data-no-swup class=\"c-lightbox-gallery__single js-lightbox-single\"\n               href=\"https:\/\/www.predsjednik.hr\/wp-content\/uploads\/2021\/11\/DSC0144-1024x683.jpg\"\n               style=\"background-image: url('https:\/\/www.predsjednik.hr\/wp-content\/uploads\/2021\/11\/DSC0144-768x512.jpg')\"><\/a>\n            <!--end single-->\n                    <!--single-->\n            <a data-no-swup class=\"c-lightbox-gallery__single js-lightbox-single\"\n               href=\"https:\/\/www.predsjednik.hr\/wp-content\/uploads\/2021\/11\/DSC0259-1024x683.jpg\"\n               style=\"background-image: url('https:\/\/www.predsjednik.hr\/wp-content\/uploads\/2021\/11\/DSC0259-768x512.jpg')\"><\/a>\n            <!--end single-->\n                    <!--single-->\n            <a data-no-swup class=\"c-lightbox-gallery__single js-lightbox-single\"\n               href=\"https:\/\/www.predsjednik.hr\/wp-content\/uploads\/2021\/11\/MTC0112-1024x683.jpg\"\n               style=\"background-image: url('https:\/\/www.predsjednik.hr\/wp-content\/uploads\/2021\/11\/MTC0112-768x512.jpg')\"><\/a>\n            <!--end single-->\n                    <!--single-->\n            <a data-no-swup class=\"c-lightbox-gallery__single js-lightbox-single\"\n               href=\"https:\/\/www.predsjednik.hr\/wp-content\/uploads\/2021\/11\/MTC0126-1024x683.jpg\"\n               style=\"background-image: url('https:\/\/www.predsjednik.hr\/wp-content\/uploads\/2021\/11\/MTC0126-768x512.jpg')\"><\/a>\n            <!--end single-->\n                    <!--single-->\n            <a data-no-swup class=\"c-lightbox-gallery__single js-lightbox-single\"\n               href=\"https:\/\/www.predsjednik.hr\/wp-content\/uploads\/2021\/11\/MTC0133-1024x683.jpg\"\n               style=\"background-image: url('https:\/\/www.predsjednik.hr\/wp-content\/uploads\/2021\/11\/MTC0133-768x512.jpg')\"><\/a>\n            <!--end single-->\n                    <!--single-->\n            <a data-no-swup class=\"c-lightbox-gallery__single js-lightbox-single\"\n               href=\"https:\/\/www.predsjednik.hr\/wp-content\/uploads\/2021\/11\/MTC0165-1024x683.jpg\"\n               style=\"background-image: url('https:\/\/www.predsjednik.hr\/wp-content\/uploads\/2021\/11\/MTC0165-768x512.jpg')\"><\/a>\n            <!--end single-->\n                    <!--single-->\n            <a data-no-swup class=\"c-lightbox-gallery__single js-lightbox-single\"\n               href=\"https:\/\/www.predsjednik.hr\/wp-content\/uploads\/2021\/11\/MTC0227-1024x683.jpg\"\n               style=\"background-image: url('https:\/\/www.predsjednik.hr\/wp-content\/uploads\/2021\/11\/MTC0227-768x512.jpg')\"><\/a>\n            <!--end single-->\n                    <!--single-->\n            <a data-no-swup class=\"c-lightbox-gallery__single js-lightbox-single\"\n               href=\"https:\/\/www.predsjednik.hr\/wp-content\/uploads\/2021\/11\/MTC0229-1024x683.jpg\"\n               style=\"background-image: url('https:\/\/www.predsjednik.hr\/wp-content\/uploads\/2021\/11\/MTC0229-768x512.jpg')\"><\/a>\n            <!--end single-->\n                    <!--single-->\n            <a data-no-swup class=\"c-lightbox-gallery__single js-lightbox-single\"\n               href=\"https:\/\/www.predsjednik.hr\/wp-content\/uploads\/2021\/11\/MTC0232-1024x683.jpg\"\n               style=\"background-image: url('https:\/\/www.predsjednik.hr\/wp-content\/uploads\/2021\/11\/MTC0232-768x512.jpg')\"><\/a>\n            <!--end single-->\n                    <!--single-->\n            <a data-no-swup class=\"c-lightbox-gallery__single js-lightbox-single\"\n               href=\"https:\/\/www.predsjednik.hr\/wp-content\/uploads\/2021\/11\/DSC_9874-1024x576.jpg\"\n               style=\"background-image: url('https:\/\/www.predsjednik.hr\/wp-content\/uploads\/2021\/11\/DSC_9874-768x432.jpg')\"><\/a>\n            <!--end single-->\n                    <!--single-->\n            <a data-no-swup class=\"c-lightbox-gallery__single js-lightbox-single\"\n               href=\"https:\/\/www.predsjednik.hr\/wp-content\/uploads\/2021\/11\/DSC_9908-1024x576.jpg\"\n               style=\"background-image: url('https:\/\/www.predsjednik.hr\/wp-content\/uploads\/2021\/11\/DSC_9908-768x432.jpg')\"><\/a>\n            <!--end single-->\n                    <!--single-->\n            <a data-no-swup class=\"c-lightbox-gallery__single js-lightbox-single\"\n               href=\"https:\/\/www.predsjednik.hr\/wp-content\/uploads\/2021\/11\/DSC_9919-1024x576.jpg\"\n               style=\"background-image: url('https:\/\/www.predsjednik.hr\/wp-content\/uploads\/2021\/11\/DSC_9919-768x432.jpg')\"><\/a>\n            <!--end single-->\n                    <!--single-->\n            <a data-no-swup class=\"c-lightbox-gallery__single js-lightbox-single\"\n               href=\"https:\/\/www.predsjednik.hr\/wp-content\/uploads\/2021\/11\/DSC_9935-1024x732.jpg\"\n               style=\"background-image: url('https:\/\/www.predsjednik.hr\/wp-content\/uploads\/2021\/11\/DSC_9935-768x549.jpg')\"><\/a>\n            <!--end single-->\n                    <!--single-->\n            <a data-no-swup class=\"c-lightbox-gallery__single js-lightbox-single\"\n               href=\"https:\/\/www.predsjednik.hr\/wp-content\/uploads\/2021\/11\/DSC_9941-1024x576.jpg\"\n               style=\"background-image: url('https:\/\/www.predsjednik.hr\/wp-content\/uploads\/2021\/11\/DSC_9941-768x432.jpg')\"><\/a>\n            <!--end single-->\n                    <!--single-->\n            <a data-no-swup class=\"c-lightbox-gallery__single js-lightbox-single\"\n               href=\"https:\/\/www.predsjednik.hr\/wp-content\/uploads\/2021\/11\/DSC_9951-1024x683.jpg\"\n               style=\"background-image: url('https:\/\/www.predsjednik.hr\/wp-content\/uploads\/2021\/11\/DSC_9951-768x512.jpg')\"><\/a>\n            <!--end single-->\n                    <!--single-->\n            <a data-no-swup class=\"c-lightbox-gallery__single js-lightbox-single\"\n               href=\"https:\/\/www.predsjednik.hr\/wp-content\/uploads\/2021\/11\/DSC_9955-1024x683.jpg\"\n               style=\"background-image: url('https:\/\/www.predsjednik.hr\/wp-content\/uploads\/2021\/11\/DSC_9955-768x512.jpg')\"><\/a>\n            <!--end single-->\n                    <!--single-->\n            <a data-no-swup class=\"c-lightbox-gallery__single js-lightbox-single\"\n               href=\"https:\/\/www.predsjednik.hr\/wp-content\/uploads\/2021\/11\/DSC_9963-1024x683.jpg\"\n               style=\"background-image: url('https:\/\/www.predsjednik.hr\/wp-content\/uploads\/2021\/11\/DSC_9963-768x512.jpg')\"><\/a>\n            <!--end single-->\n        <\/div>\n<!--end GALLERY BLOCK-->\n\n\n\n<p>PHOTO: \u00a9 Vatican Media<\/p>\n\n\n\n<p>PHOTO: Office of the President of the Republic of Croatia \/ Filip Glas<\/p>\n","protected":false},"excerpt":{"rendered":"<p>The President of the Republic Zoran Milanovi\u0107 and First Lady Sanja Music Milanovi\u0107 are paying an Official visit to the Holy See. After an audience with the Holy Father Pope Francis, and a meeting with Cardinal Secretary of State Pietro Parolin and the Secretary for Relations with States Archbishop Paul Richard Gallagher, President Milanovi\u0107 stated that they discussed topics that concern us and that with the assistance of the Vatican, we can perhaps solve them better since there is understanding.<\/p>\n","protected":false},"featured_media":13771,"template":"","news-cat":[12],"class_list":["post-13804","news","type-news","status-publish","has-post-thumbnail","hentry","news-cat-news"],"acf":[],"yoast_head":"<!-- This site is optimized with the Yoast SEO plugin v27.5 - https:\/\/yoast.com\/product\/yoast-seo-wordpress\/ -->\n<title>President Milanovi\u0107 at Audience with Pope Francis in the Vatican Invites Him to Visit Croatia - President of the Republic of Croatia - Zoran Milanovi\u0107<\/title>\n<meta name=\"robots\" content=\"index, follow, max-snippet:-1, max-image-preview:large, max-video-preview:-1\" \/>\n<link rel=\"canonical\" href=\"https:\/\/www.predsjednik.hr\/en\/news\/president-milanovic-at-audience-with-pope-francis-in-the-vatican-invites-him-to-visit-croatia\/\" \/>\n<meta property=\"og:locale\" content=\"en_US\" \/>\n<meta property=\"og:type\" content=\"article\" \/>\n<meta property=\"og:title\" content=\"President Milanovi\u0107 at Audience with Pope Francis in the Vatican Invites Him to Visit Croatia - President of the Republic of Croatia - Zoran Milanovi\u0107\" \/>\n<meta property=\"og:description\" content=\"The President of the Republic Zoran Milanovi\u0107 and First Lady Sanja Music Milanovi\u0107 are paying an Official visit to the Holy See. After an audience with the Holy Father Pope Francis, and a meeting with Cardinal Secretary of State Pietro Parolin and the Secretary for Relations with States Archbishop Paul Richard Gallagher, President Milanovi\u0107 stated that they discussed topics that concern us and that with the assistance of the Vatican, we can perhaps solve them better since there is understanding.\" \/>\n<meta property=\"og:url\" content=\"https:\/\/www.predsjednik.hr\/en\/news\/president-milanovic-at-audience-with-pope-francis-in-the-vatican-invites-him-to-visit-croatia\/\" \/>\n<meta property=\"og:site_name\" content=\"President of the Republic of Croatia - Zoran Milanovi\u0107\" \/>\n<meta property=\"article:modified_time\" content=\"2021-11-16T08:12:49+00:00\" \/>\n<meta property=\"og:image\" content=\"https:\/\/www.predsjednik.hr\/wp-content\/uploads\/2021\/11\/DSC0259.jpg\" \/>\n\t<meta property=\"og:image:width\" content=\"3543\" \/>\n\t<meta property=\"og:image:height\" content=\"2362\" \/>\n\t<meta property=\"og:image:type\" content=\"image\/jpeg\" \/>\n<meta name=\"twitter:card\" content=\"summary_large_image\" \/>\n<meta name=\"twitter:label1\" content=\"Est. reading time\" \/>\n\t<meta name=\"twitter:data1\" content=\"4 minutes\" \/>\n<script type=\"application\/ld+json\" class=\"yoast-schema-graph\">{\"@context\":\"https:\\\/\\\/schema.org\",\"@graph\":[{\"@type\":\"WebPage\",\"@id\":\"https:\\\/\\\/www.predsjednik.hr\\\/en\\\/news\\\/president-milanovic-at-audience-with-pope-francis-in-the-vatican-invites-him-to-visit-croatia\\\/\",\"url\":\"https:\\\/\\\/www.predsjednik.hr\\\/en\\\/news\\\/president-milanovic-at-audience-with-pope-francis-in-the-vatican-invites-him-to-visit-croatia\\\/\",\"name\":\"President Milanovi\u0107 at Audience with Pope Francis in the Vatican Invites Him to Visit Croatia - President of the Republic of Croatia - Zoran Milanovi\u0107\",\"isPartOf\":{\"@id\":\"https:\\\/\\\/www.predsjednik.hr\\\/en\\\/#website\"},\"primaryImageOfPage\":{\"@id\":\"https:\\\/\\\/www.predsjednik.hr\\\/en\\\/news\\\/president-milanovic-at-audience-with-pope-francis-in-the-vatican-invites-him-to-visit-croatia\\\/#primaryimage\"},\"image\":{\"@id\":\"https:\\\/\\\/www.predsjednik.hr\\\/en\\\/news\\\/president-milanovic-at-audience-with-pope-francis-in-the-vatican-invites-him-to-visit-croatia\\\/#primaryimage\"},\"thumbnailUrl\":\"https:\\\/\\\/www.predsjednik.hr\\\/wp-content\\\/uploads\\\/2021\\\/11\\\/DSC0259.jpg\",\"datePublished\":\"2021-11-15T15:10:36+00:00\",\"dateModified\":\"2021-11-16T08:12:49+00:00\",\"breadcrumb\":{\"@id\":\"https:\\\/\\\/www.predsjednik.hr\\\/en\\\/news\\\/president-milanovic-at-audience-with-pope-francis-in-the-vatican-invites-him-to-visit-croatia\\\/#breadcrumb\"},\"inLanguage\":\"en-US\",\"potentialAction\":[{\"@type\":\"ReadAction\",\"target\":[\"https:\\\/\\\/www.predsjednik.hr\\\/en\\\/news\\\/president-milanovic-at-audience-with-pope-francis-in-the-vatican-invites-him-to-visit-croatia\\\/\"]}]},{\"@type\":\"ImageObject\",\"inLanguage\":\"en-US\",\"@id\":\"https:\\\/\\\/www.predsjednik.hr\\\/en\\\/news\\\/president-milanovic-at-audience-with-pope-francis-in-the-vatican-invites-him-to-visit-croatia\\\/#primaryimage\",\"url\":\"https:\\\/\\\/www.predsjednik.hr\\\/wp-content\\\/uploads\\\/2021\\\/11\\\/DSC0259.jpg\",\"contentUrl\":\"https:\\\/\\\/www.predsjednik.hr\\\/wp-content\\\/uploads\\\/2021\\\/11\\\/DSC0259.jpg\",\"width\":3543,\"height\":2362,\"caption\":\"President Milanovi\u0107 at Audience with Pope Francis in the Vatican Invites Him to Visit Croatia\"},{\"@type\":\"BreadcrumbList\",\"@id\":\"https:\\\/\\\/www.predsjednik.hr\\\/en\\\/news\\\/president-milanovic-at-audience-with-pope-francis-in-the-vatican-invites-him-to-visit-croatia\\\/#breadcrumb\",\"itemListElement\":[{\"@type\":\"ListItem\",\"position\":1,\"name\":\"Home\",\"item\":\"https:\\\/\\\/www.predsjednik.hr\\\/en\\\/\"},{\"@type\":\"ListItem\",\"position\":2,\"name\":\"Vijesti\",\"item\":\"https:\\\/\\\/www.predsjednik.hr\\\/en\\\/news\\\/\"},{\"@type\":\"ListItem\",\"position\":3,\"name\":\"President Milanovi\u0107 at Audience with Pope Francis in the Vatican Invites Him to Visit Croatia\"}]},{\"@type\":\"WebSite\",\"@id\":\"https:\\\/\\\/www.predsjednik.hr\\\/en\\\/#website\",\"url\":\"https:\\\/\\\/www.predsjednik.hr\\\/en\\\/\",\"name\":\"President of the Republic of Croatia - Zoran Milanovi\u0107\",\"description\":\"Just another WordPress site\",\"potentialAction\":[{\"@type\":\"SearchAction\",\"target\":{\"@type\":\"EntryPoint\",\"urlTemplate\":\"https:\\\/\\\/www.predsjednik.hr\\\/en\\\/?s={search_term_string}\"},\"query-input\":{\"@type\":\"PropertyValueSpecification\",\"valueRequired\":true,\"valueName\":\"search_term_string\"}}],\"inLanguage\":\"en-US\"}]}<\/script>\n<!-- \/ Yoast SEO plugin. -->","yoast_head_json":{"title":"President Milanovi\u0107 at Audience with Pope Francis in the Vatican Invites Him to Visit Croatia - President of the Republic of Croatia - Zoran Milanovi\u0107","robots":{"index":"index","follow":"follow","max-snippet":"max-snippet:-1","max-image-preview":"max-image-preview:large","max-video-preview":"max-video-preview:-1"},"canonical":"https:\/\/www.predsjednik.hr\/en\/news\/president-milanovic-at-audience-with-pope-francis-in-the-vatican-invites-him-to-visit-croatia\/","og_locale":"en_US","og_type":"article","og_title":"President Milanovi\u0107 at Audience with Pope Francis in the Vatican Invites Him to Visit Croatia - President of the Republic of Croatia - Zoran Milanovi\u0107","og_description":"The President of the Republic Zoran Milanovi\u0107 and First Lady Sanja Music Milanovi\u0107 are paying an Official visit to the Holy See. After an audience with the Holy Father Pope Francis, and a meeting with Cardinal Secretary of State Pietro Parolin and the Secretary for Relations with States Archbishop Paul Richard Gallagher, President Milanovi\u0107 stated that they discussed topics that concern us and that with the assistance of the Vatican, we can perhaps solve them better since there is understanding.","og_url":"https:\/\/www.predsjednik.hr\/en\/news\/president-milanovic-at-audience-with-pope-francis-in-the-vatican-invites-him-to-visit-croatia\/","og_site_name":"President of the Republic of Croatia - Zoran Milanovi\u0107","article_modified_time":"2021-11-16T08:12:49+00:00","og_image":[{"width":3543,"height":2362,"url":"https:\/\/www.predsjednik.hr\/wp-content\/uploads\/2021\/11\/DSC0259.jpg","type":"image\/jpeg"}],"twitter_card":"summary_large_image","twitter_misc":{"Est. reading time":"4 minutes"},"schema":{"@context":"https:\/\/schema.org","@graph":[{"@type":"WebPage","@id":"https:\/\/www.predsjednik.hr\/en\/news\/president-milanovic-at-audience-with-pope-francis-in-the-vatican-invites-him-to-visit-croatia\/","url":"https:\/\/www.predsjednik.hr\/en\/news\/president-milanovic-at-audience-with-pope-francis-in-the-vatican-invites-him-to-visit-croatia\/","name":"President Milanovi\u0107 at Audience with Pope Francis in the Vatican Invites Him to Visit Croatia - President of the Republic of Croatia - Zoran Milanovi\u0107","isPartOf":{"@id":"https:\/\/www.predsjednik.hr\/en\/#website"},"primaryImageOfPage":{"@id":"https:\/\/www.predsjednik.hr\/en\/news\/president-milanovic-at-audience-with-pope-francis-in-the-vatican-invites-him-to-visit-croatia\/#primaryimage"},"image":{"@id":"https:\/\/www.predsjednik.hr\/en\/news\/president-milanovic-at-audience-with-pope-francis-in-the-vatican-invites-him-to-visit-croatia\/#primaryimage"},"thumbnailUrl":"https:\/\/www.predsjednik.hr\/wp-content\/uploads\/2021\/11\/DSC0259.jpg","datePublished":"2021-11-15T15:10:36+00:00","dateModified":"2021-11-16T08:12:49+00:00","breadcrumb":{"@id":"https:\/\/www.predsjednik.hr\/en\/news\/president-milanovic-at-audience-with-pope-francis-in-the-vatican-invites-him-to-visit-croatia\/#breadcrumb"},"inLanguage":"en-US","potentialAction":[{"@type":"ReadAction","target":["https:\/\/www.predsjednik.hr\/en\/news\/president-milanovic-at-audience-with-pope-francis-in-the-vatican-invites-him-to-visit-croatia\/"]}]},{"@type":"ImageObject","inLanguage":"en-US","@id":"https:\/\/www.predsjednik.hr\/en\/news\/president-milanovic-at-audience-with-pope-francis-in-the-vatican-invites-him-to-visit-croatia\/#primaryimage","url":"https:\/\/www.predsjednik.hr\/wp-content\/uploads\/2021\/11\/DSC0259.jpg","contentUrl":"https:\/\/www.predsjednik.hr\/wp-content\/uploads\/2021\/11\/DSC0259.jpg","width":3543,"height":2362,"caption":"President Milanovi\u0107 at Audience with Pope Francis in the Vatican Invites Him to Visit Croatia"},{"@type":"BreadcrumbList","@id":"https:\/\/www.predsjednik.hr\/en\/news\/president-milanovic-at-audience-with-pope-francis-in-the-vatican-invites-him-to-visit-croatia\/#breadcrumb","itemListElement":[{"@type":"ListItem","position":1,"name":"Home","item":"https:\/\/www.predsjednik.hr\/en\/"},{"@type":"ListItem","position":2,"name":"Vijesti","item":"https:\/\/www.predsjednik.hr\/en\/news\/"},{"@type":"ListItem","position":3,"name":"President Milanovi\u0107 at Audience with Pope Francis in the Vatican Invites Him to Visit Croatia"}]},{"@type":"WebSite","@id":"https:\/\/www.predsjednik.hr\/en\/#website","url":"https:\/\/www.predsjednik.hr\/en\/","name":"President of the Republic of Croatia - Zoran Milanovi\u0107","description":"Just another WordPress site","potentialAction":[{"@type":"SearchAction","target":{"@type":"EntryPoint","urlTemplate":"https:\/\/www.predsjednik.hr\/en\/?s={search_term_string}"},"query-input":{"@type":"PropertyValueSpecification","valueRequired":true,"valueName":"search_term_string"}}],"inLanguage":"en-US"}]}},"_links":{"self":[{"href":"https:\/\/www.predsjednik.hr\/en\/wp-json\/wp\/v2\/news\/13804","targetHints":{"allow":["GET"]}}],"collection":[{"href":"https:\/\/www.predsjednik.hr\/en\/wp-json\/wp\/v2\/news"}],"about":[{"href":"https:\/\/www.predsjednik.hr\/en\/wp-json\/wp\/v2\/types\/news"}],"wp:featuredmedia":[{"embeddable":true,"href":"https:\/\/www.predsjednik.hr\/en\/wp-json\/wp\/v2\/media\/13771"}],"wp:attachment":[{"href":"https:\/\/www.predsjednik.hr\/en\/wp-json\/wp\/v2\/media?parent=13804"}],"wp:term":[{"taxonomy":"news-cat","embeddable":true,"href":"https:\/\/www.predsjednik.hr\/en\/wp-json\/wp\/v2\/news-cat?post=13804"}],"curies":[{"name":"wp","href":"https:\/\/api.w.org\/{rel}","templated":true}]}}