{"id":13867,"date":"2021-11-16T19:32:00","date_gmt":"2021-11-16T18:32:00","guid":{"rendered":"https:\/\/www.predsjednik.hr\/?post_type=news&#038;p=13867"},"modified":"2021-11-17T11:35:00","modified_gmt":"2021-11-17T10:35:00","slug":"president-milanovic-presents-extraordinary-promotions-to-defenders-of-vukovar-and-tells-them-croatia-has-not-forgotten-you","status":"publish","type":"news","link":"https:\/\/www.predsjednik.hr\/en\/news\/president-milanovic-presents-extraordinary-promotions-to-defenders-of-vukovar-and-tells-them-croatia-has-not-forgotten-you\/","title":{"rendered":"President Milanovi\u0107 Presents Extraordinary Promotions to Defenders of Vukovar and Tells Them: Croatia has Not Forgotten You"},"content":{"rendered":"\n<p>On the occasion of the observance of the 30<sup>th<\/sup> anniversary of the 204<sup>th<\/sup> Croatian Army Brigade and the 30<sup>th<\/sup> anniversary of the Battle of Vukovar, the President of the Republic and Commander in Chief of the Croatian Armed Forces Zoran Milanovi\u0107 presented at a ceremony in the Office of the President extraordinary promotions to active duty military personnel who took part in the defense of Vukovar.<\/p>\n\n\n\n<p>For outstanding services in the Homeland War and in the defense of the Republic of Croatia, Brigadier General \u017deljko \u017divanovi\u0107 was extraordinarily promoted to the rank of Major General in the military intelligence branch. Lieutenant Colonel Goran Seren\u010de\u0161 was extraordinarily promoted to the rank of Colonel in the liaison unit for outstanding services in the Homeland War and in the defense of the Republic of Croatia. Lieutenant Colonel Mile Skukan was extraordinarily promoted to the rank of military police Colonel. Major Marin Ivankovi\u0107 was extraordinarily promoted to the rank of Lieutenant Colonel in the technical services unit. Master Sergeant Miroslav Knebl was extraordinarily promoted to the rank of Sergeant Major.<\/p>\n\n\n\n<p>The delegation of Vukovar defenders, led by the former commander of the 204<sup>th<\/sup> Croatian Army Brigade, retired Colonel Branko Borkovi\u0107, did not include Colonel Seren\u010de\u0161, who was justifiably absent because of his participation in the SHAPE NATO Allied Command Operations in Mons, Belgium.<\/p>\n\n\n\n<p>\u201cHeroes of Vukovar, there are a few of you. Just as there were a few of you thirty years ago. Exceptionally, so the law says, extraordinary promotions are given in exceptional circumstances, only to exceptional people. These promotions would not have been given to you, who thirty years ago were there where it was incomparably the most difficult, had Colonel Branko Borkovi\u0107 Jastreb not proposed so. This is above all thanks to him and his initiative. The decision and gratitude were mine \u2013 from the heart,\u201d President Milanovi\u0107 said in his address.<\/p>\n\n\n\n<p>Emphasizing that the defenders of Vukovar who received promotions were there, where it was the most difficult, President Milanovi\u0107 concluded: \u201cThe Croatian state has not forgotten you. Admittedly, there was an incentive outside the system, but justice was served. I wish you all the best. Some of you will work for a while longer, some will probably retire in a dignified way; you will not be driven off. Thank you again for what you have done.\u201d<\/p>\n\n\n\n<p>On the occasion of the observance of the 30<sup>th<\/sup> anniversary of the 204<sup>th<\/sup> Croatian Army Brigade and the 30<sup>th<\/sup> anniversary of the Battle of Vukovar, the President of the Republic and Commander in Chief of the Croatian Armed Forces Zoran Milanovi\u0107 also issued Decisions on bestowing decorations upon the defenders of Vukovar, which will be presented at a later date. The Order of Duke Domagoj with Ribbon was posthumously awarded to Zvonimir Bra\u010di\u0107, Ivan Brdar and Velimir \u0110erek for bravery and heroism they have displayed in the Homeland War.<\/p>\n\n\n\n<p>The following defenders of Vukovar were awarded the Order of Nikola \u0160ubi\u0107 Zrinski for a deed of valour in the Homeland War: Robert Alvir (missing in action), Ivica Arbanas, Sanja Arbanas, Ivica Bano\u017ei\u0107, Stanislav Bartolovi\u0107 (posthumously), Sini\u0161a Cvijan, Dra\u017een \u010covi\u0107, \u017deljko Deli\u0107 (posthumously), Dra\u017een \u0110urovi\u0107, Jasna Edl-\u0160piljar, Anto Ga\u0161i\u0107 (posthumously), Petar Gojun, Zdenko Horvat, Marin Ivankovi\u0107, Ivica Jakovljevi\u0107, Sini\u0161a Jak\u0161evac, Stjepan Kati\u0107 (posthumously), Zlatko Kova\u010di\u0107, Damir Kr\u0161i\u0107, Ilija Marti\u0107, Darko Mihaljevi\u0107, Zoran Milas, Suzana Pejnovi\u0107, Tomislav Plav\u0161i\u0107, Nenad Sinkovi\u0107 (posthumously).<\/p>\n\n\n\n<p>For extraordinary successful command of units of the Croatian Armed Forces and for extraordinary military services in their organization and development, the Order of Ban Jela\u010di\u0107 was presented to Drago Ad\u017eaga, Ivan An\u0111eli\u0107, Marinko Babi\u0107, Mirko Brekalo, Kre\u0161o Brnas, Nikola Buri\u0107, Marko Cvitkovi\u0107, Zvonko \u010cukelj (posthumously), Ivan \u0106uri\u0107, Vladimir \u0110uki\u0107 (posthumously), Marko Filkovi\u0107, Zoran Gotal (posthumously), Zoran Gruber (posthumously), Zlatko Horvat (posthumously), \u017deljko Juki\u0107, Antun Juri\u0107, Viktorin Juri\u0107, Petar Ka\u010di\u0107 (posthumously), Franjo Kra\u010dak (posthumously), Stjepan Kuli\u0107, Marinko Leko, Sini\u0161a Mataija (posthumously), Zvonko Milas, Julije Novak, Zdenko Novak, Juraj Njavro (posthumously), Vlado O\u0161ust, Ivan Poljak (posthumously), Drago Skoko, Zoran \u0160ipo\u0161 (posthumously), Josip Toma\u0161i\u0107 (posthumously), Adorjan Toth (posthumously), Vladimir Urban (missing in action), Vinko \u017dani\u0107 and \u017deljko \u017divanovi\u0107.<\/p>\n\n\n\n<p>As an honourable sign of the eternal memory of those who died for the Croatian state in war, the Order of Petar Zrinski and Fran Krsto Frankopan with Gilded Interlace was posthumously awarded to Mirko Vagenhofer. The Order of the Croatian Trefoil was bestowed upon Michael Geu\u0161i\u0107, Josip Ki\u0161 (posthumously) and Zvonimir Petri\u0107 for extraordinary services to the Republic of Croatia in a state of war.<\/p>\n\n\n\n<p>Attending the ceremony alongside the President of the Republic were the Chief of the General Staff of the Croatian Armed Forces Admiral Robert Hranj, Head of the Office of the President of the Republic Orsat Miljeni\u0107, State Secretary in the Ministry of Croatian Veterans\u2019 Affairs \u0160piro Janovi\u0107, Adviser to the President of the Republic for Defense and National Security Dragan Lozan\u010di\u0107, Special Adviser to the President of the Republic for Homeland War Veterans Marijan Marekovi\u0107 and Mayor of Vukovar Ivan Penava.<\/p>\n\n\n<!--GALLERY BLOCK-->\n<div class=\"c-lightbox-gallery js-lightbox\">\n                <!--single-->\n            <a data-no-swup class=\"c-lightbox-gallery__single js-lightbox-single\"\n               href=\"https:\/\/www.predsjednik.hr\/wp-content\/uploads\/2021\/11\/DSC_4844-1024x716.jpg\"\n               style=\"background-image: url('https:\/\/www.predsjednik.hr\/wp-content\/uploads\/2021\/11\/DSC_4844-768x537.jpg')\"><\/a>\n            <!--end single-->\n                    <!--single-->\n            <a data-no-swup class=\"c-lightbox-gallery__single js-lightbox-single\"\n               href=\"https:\/\/www.predsjednik.hr\/wp-content\/uploads\/2021\/11\/DSC_4921-1024x683.jpg\"\n               style=\"background-image: url('https:\/\/www.predsjednik.hr\/wp-content\/uploads\/2021\/11\/DSC_4921-768x512.jpg')\"><\/a>\n            <!--end single-->\n                    <!--single-->\n            <a data-no-swup class=\"c-lightbox-gallery__single js-lightbox-single\"\n               href=\"https:\/\/www.predsjednik.hr\/wp-content\/uploads\/2021\/11\/DSC_4968-1024x676.jpg\"\n               style=\"background-image: url('https:\/\/www.predsjednik.hr\/wp-content\/uploads\/2021\/11\/DSC_4968-768x507.jpg')\"><\/a>\n            <!--end single-->\n                    <!--single-->\n            <a data-no-swup class=\"c-lightbox-gallery__single js-lightbox-single\"\n               href=\"https:\/\/www.predsjednik.hr\/wp-content\/uploads\/2021\/11\/DSC_4989-1024x731.jpg\"\n               style=\"background-image: url('https:\/\/www.predsjednik.hr\/wp-content\/uploads\/2021\/11\/DSC_4989-768x549.jpg')\"><\/a>\n            <!--end single-->\n                    <!--single-->\n            <a data-no-swup class=\"c-lightbox-gallery__single js-lightbox-single\"\n               href=\"https:\/\/www.predsjednik.hr\/wp-content\/uploads\/2021\/11\/DSC_5009-1024x731.jpg\"\n               style=\"background-image: url('https:\/\/www.predsjednik.hr\/wp-content\/uploads\/2021\/11\/DSC_5009-768x549.jpg')\"><\/a>\n            <!--end single-->\n                    <!--single-->\n            <a data-no-swup class=\"c-lightbox-gallery__single js-lightbox-single\"\n               href=\"https:\/\/www.predsjednik.hr\/wp-content\/uploads\/2021\/11\/DSC_5027-1024x732.jpg\"\n               style=\"background-image: url('https:\/\/www.predsjednik.hr\/wp-content\/uploads\/2021\/11\/DSC_5027-768x549.jpg')\"><\/a>\n            <!--end single-->\n                    <!--single-->\n            <a data-no-swup class=\"c-lightbox-gallery__single js-lightbox-single\"\n               href=\"https:\/\/www.predsjednik.hr\/wp-content\/uploads\/2021\/11\/DSC_5048-1024x731.jpg\"\n               style=\"background-image: url('https:\/\/www.predsjednik.hr\/wp-content\/uploads\/2021\/11\/DSC_5048-768x549.jpg')\"><\/a>\n            <!--end single-->\n                    <!--single-->\n            <a data-no-swup class=\"c-lightbox-gallery__single js-lightbox-single\"\n               href=\"https:\/\/www.predsjednik.hr\/wp-content\/uploads\/2021\/11\/DSC_5058-1024x731.jpg\"\n               style=\"background-image: url('https:\/\/www.predsjednik.hr\/wp-content\/uploads\/2021\/11\/DSC_5058-768x549.jpg')\"><\/a>\n            <!--end single-->\n                    <!--single-->\n            <a data-no-swup class=\"c-lightbox-gallery__single js-lightbox-single\"\n               href=\"https:\/\/www.predsjednik.hr\/wp-content\/uploads\/2021\/11\/DSC_5066-1024x731.jpg\"\n               style=\"background-image: url('https:\/\/www.predsjednik.hr\/wp-content\/uploads\/2021\/11\/DSC_5066-768x549.jpg')\"><\/a>\n            <!--end single-->\n                    <!--single-->\n            <a data-no-swup class=\"c-lightbox-gallery__single js-lightbox-single\"\n               href=\"https:\/\/www.predsjednik.hr\/wp-content\/uploads\/2021\/11\/DSC_5117-1024x735.jpg\"\n               style=\"background-image: url('https:\/\/www.predsjednik.hr\/wp-content\/uploads\/2021\/11\/DSC_5117-768x551.jpg')\"><\/a>\n            <!--end single-->\n                    <!--single-->\n            <a data-no-swup class=\"c-lightbox-gallery__single js-lightbox-single\"\n               href=\"https:\/\/www.predsjednik.hr\/wp-content\/uploads\/2021\/11\/DSC_5197-1024x503.jpg\"\n               style=\"background-image: url('https:\/\/www.predsjednik.hr\/wp-content\/uploads\/2021\/11\/DSC_5197-768x377.jpg')\"><\/a>\n            <!--end single-->\n        <\/div>\n<!--end GALLERY BLOCK-->\n\n\n\n<p>PHOTO: Office of the President of the Republic of Croatia \/ Tomislav Bu\u0161ljeta<\/p>\n","protected":false},"excerpt":{"rendered":"<p>On the occasion of the observance of the 30th anniversary of the 204th Croatian Army Brigade and the 30th anniversary of the Battle of Vukovar, the President of the Republic and Commander in Chief of the Croatian Armed Forces Zoran Milanovi\u0107 presented at a ceremony in the Office of the President extraordinary promotions to active duty military personnel who took part in the defense of Vukovar.<\/p>\n","protected":false},"featured_media":13865,"template":"","news-cat":[12],"class_list":["post-13867","news","type-news","status-publish","has-post-thumbnail","hentry","news-cat-news"],"acf":[],"yoast_head":"<!-- This site is optimized with the Yoast SEO plugin v27.5 - https:\/\/yoast.com\/product\/yoast-seo-wordpress\/ -->\n<title>President Milanovi\u0107 Presents Extraordinary Promotions to Defenders of Vukovar and Tells Them: Croatia has Not Forgotten You - President of the Republic of Croatia - Zoran Milanovi\u0107<\/title>\n<meta name=\"robots\" content=\"index, follow, max-snippet:-1, max-image-preview:large, max-video-preview:-1\" \/>\n<link rel=\"canonical\" href=\"https:\/\/www.predsjednik.hr\/en\/news\/president-milanovic-presents-extraordinary-promotions-to-defenders-of-vukovar-and-tells-them-croatia-has-not-forgotten-you\/\" \/>\n<meta property=\"og:locale\" content=\"en_US\" \/>\n<meta property=\"og:type\" content=\"article\" \/>\n<meta property=\"og:title\" content=\"President Milanovi\u0107 Presents Extraordinary Promotions to Defenders of Vukovar and Tells Them: Croatia has Not Forgotten You - President of the Republic of Croatia - Zoran Milanovi\u0107\" \/>\n<meta property=\"og:description\" content=\"On the occasion of the observance of the 30th anniversary of the 204th Croatian Army Brigade and the 30th anniversary of the Battle of Vukovar, the President of the Republic and Commander in Chief of the Croatian Armed Forces Zoran Milanovi\u0107 presented at a ceremony in the Office of the President extraordinary promotions to active duty military personnel who took part in the defense of Vukovar.\" \/>\n<meta property=\"og:url\" content=\"https:\/\/www.predsjednik.hr\/en\/news\/president-milanovic-presents-extraordinary-promotions-to-defenders-of-vukovar-and-tells-them-croatia-has-not-forgotten-you\/\" \/>\n<meta property=\"og:site_name\" content=\"President of the Republic of Croatia - Zoran Milanovi\u0107\" \/>\n<meta property=\"article:modified_time\" content=\"2021-11-17T10:35:00+00:00\" \/>\n<meta property=\"og:image\" content=\"https:\/\/www.predsjednik.hr\/wp-content\/uploads\/2021\/11\/DSC_5197.jpg\" \/>\n\t<meta property=\"og:image:width\" content=\"4096\" \/>\n\t<meta property=\"og:image:height\" content=\"2013\" \/>\n\t<meta property=\"og:image:type\" content=\"image\/jpeg\" \/>\n<meta name=\"twitter:card\" content=\"summary_large_image\" \/>\n<meta name=\"twitter:label1\" content=\"Est. reading time\" \/>\n\t<meta name=\"twitter:data1\" content=\"4 minutes\" \/>\n<script type=\"application\/ld+json\" class=\"yoast-schema-graph\">{\"@context\":\"https:\\\/\\\/schema.org\",\"@graph\":[{\"@type\":\"WebPage\",\"@id\":\"https:\\\/\\\/www.predsjednik.hr\\\/en\\\/news\\\/president-milanovic-presents-extraordinary-promotions-to-defenders-of-vukovar-and-tells-them-croatia-has-not-forgotten-you\\\/\",\"url\":\"https:\\\/\\\/www.predsjednik.hr\\\/en\\\/news\\\/president-milanovic-presents-extraordinary-promotions-to-defenders-of-vukovar-and-tells-them-croatia-has-not-forgotten-you\\\/\",\"name\":\"President Milanovi\u0107 Presents Extraordinary Promotions to Defenders of Vukovar and Tells Them: Croatia has Not Forgotten You - President of the Republic of Croatia - Zoran Milanovi\u0107\",\"isPartOf\":{\"@id\":\"https:\\\/\\\/www.predsjednik.hr\\\/en\\\/#website\"},\"primaryImageOfPage\":{\"@id\":\"https:\\\/\\\/www.predsjednik.hr\\\/en\\\/news\\\/president-milanovic-presents-extraordinary-promotions-to-defenders-of-vukovar-and-tells-them-croatia-has-not-forgotten-you\\\/#primaryimage\"},\"image\":{\"@id\":\"https:\\\/\\\/www.predsjednik.hr\\\/en\\\/news\\\/president-milanovic-presents-extraordinary-promotions-to-defenders-of-vukovar-and-tells-them-croatia-has-not-forgotten-you\\\/#primaryimage\"},\"thumbnailUrl\":\"https:\\\/\\\/www.predsjednik.hr\\\/wp-content\\\/uploads\\\/2021\\\/11\\\/DSC_5197.jpg\",\"datePublished\":\"2021-11-16T18:32:00+00:00\",\"dateModified\":\"2021-11-17T10:35:00+00:00\",\"breadcrumb\":{\"@id\":\"https:\\\/\\\/www.predsjednik.hr\\\/en\\\/news\\\/president-milanovic-presents-extraordinary-promotions-to-defenders-of-vukovar-and-tells-them-croatia-has-not-forgotten-you\\\/#breadcrumb\"},\"inLanguage\":\"en-US\",\"potentialAction\":[{\"@type\":\"ReadAction\",\"target\":[\"https:\\\/\\\/www.predsjednik.hr\\\/en\\\/news\\\/president-milanovic-presents-extraordinary-promotions-to-defenders-of-vukovar-and-tells-them-croatia-has-not-forgotten-you\\\/\"]}]},{\"@type\":\"ImageObject\",\"inLanguage\":\"en-US\",\"@id\":\"https:\\\/\\\/www.predsjednik.hr\\\/en\\\/news\\\/president-milanovic-presents-extraordinary-promotions-to-defenders-of-vukovar-and-tells-them-croatia-has-not-forgotten-you\\\/#primaryimage\",\"url\":\"https:\\\/\\\/www.predsjednik.hr\\\/wp-content\\\/uploads\\\/2021\\\/11\\\/DSC_5197.jpg\",\"contentUrl\":\"https:\\\/\\\/www.predsjednik.hr\\\/wp-content\\\/uploads\\\/2021\\\/11\\\/DSC_5197.jpg\",\"width\":4096,\"height\":2013,\"caption\":\"On the occasion of the observance of the 30th anniversary of the 204th Croatian Army Brigade and the 30th anniversary of the Battle of Vukovar, the President of the Republic and Commander in Chief of the Croatian Armed Forces Zoran Milanovi\u0107 presented at a ceremony in the Office of the President extraordinary promotions to active duty military personnel who took part in the defense of Vukovar.\"},{\"@type\":\"BreadcrumbList\",\"@id\":\"https:\\\/\\\/www.predsjednik.hr\\\/en\\\/news\\\/president-milanovic-presents-extraordinary-promotions-to-defenders-of-vukovar-and-tells-them-croatia-has-not-forgotten-you\\\/#breadcrumb\",\"itemListElement\":[{\"@type\":\"ListItem\",\"position\":1,\"name\":\"Home\",\"item\":\"https:\\\/\\\/www.predsjednik.hr\\\/en\\\/\"},{\"@type\":\"ListItem\",\"position\":2,\"name\":\"Vijesti\",\"item\":\"https:\\\/\\\/www.predsjednik.hr\\\/en\\\/news\\\/\"},{\"@type\":\"ListItem\",\"position\":3,\"name\":\"President Milanovi\u0107 Presents Extraordinary Promotions to Defenders of Vukovar and Tells Them: Croatia has Not Forgotten You\"}]},{\"@type\":\"WebSite\",\"@id\":\"https:\\\/\\\/www.predsjednik.hr\\\/en\\\/#website\",\"url\":\"https:\\\/\\\/www.predsjednik.hr\\\/en\\\/\",\"name\":\"President of the Republic of Croatia - Zoran Milanovi\u0107\",\"description\":\"Just another WordPress site\",\"potentialAction\":[{\"@type\":\"SearchAction\",\"target\":{\"@type\":\"EntryPoint\",\"urlTemplate\":\"https:\\\/\\\/www.predsjednik.hr\\\/en\\\/?s={search_term_string}\"},\"query-input\":{\"@type\":\"PropertyValueSpecification\",\"valueRequired\":true,\"valueName\":\"search_term_string\"}}],\"inLanguage\":\"en-US\"}]}<\/script>\n<!-- \/ Yoast SEO plugin. -->","yoast_head_json":{"title":"President Milanovi\u0107 Presents Extraordinary Promotions to Defenders of Vukovar and Tells Them: Croatia has Not Forgotten You - President of the Republic of Croatia - Zoran Milanovi\u0107","robots":{"index":"index","follow":"follow","max-snippet":"max-snippet:-1","max-image-preview":"max-image-preview:large","max-video-preview":"max-video-preview:-1"},"canonical":"https:\/\/www.predsjednik.hr\/en\/news\/president-milanovic-presents-extraordinary-promotions-to-defenders-of-vukovar-and-tells-them-croatia-has-not-forgotten-you\/","og_locale":"en_US","og_type":"article","og_title":"President Milanovi\u0107 Presents Extraordinary Promotions to Defenders of Vukovar and Tells Them: Croatia has Not Forgotten You - President of the Republic of Croatia - Zoran Milanovi\u0107","og_description":"On the occasion of the observance of the 30th anniversary of the 204th Croatian Army Brigade and the 30th anniversary of the Battle of Vukovar, the President of the Republic and Commander in Chief of the Croatian Armed Forces Zoran Milanovi\u0107 presented at a ceremony in the Office of the President extraordinary promotions to active duty military personnel who took part in the defense of Vukovar.","og_url":"https:\/\/www.predsjednik.hr\/en\/news\/president-milanovic-presents-extraordinary-promotions-to-defenders-of-vukovar-and-tells-them-croatia-has-not-forgotten-you\/","og_site_name":"President of the Republic of Croatia - Zoran Milanovi\u0107","article_modified_time":"2021-11-17T10:35:00+00:00","og_image":[{"width":4096,"height":2013,"url":"https:\/\/www.predsjednik.hr\/wp-content\/uploads\/2021\/11\/DSC_5197.jpg","type":"image\/jpeg"}],"twitter_card":"summary_large_image","twitter_misc":{"Est. reading time":"4 minutes"},"schema":{"@context":"https:\/\/schema.org","@graph":[{"@type":"WebPage","@id":"https:\/\/www.predsjednik.hr\/en\/news\/president-milanovic-presents-extraordinary-promotions-to-defenders-of-vukovar-and-tells-them-croatia-has-not-forgotten-you\/","url":"https:\/\/www.predsjednik.hr\/en\/news\/president-milanovic-presents-extraordinary-promotions-to-defenders-of-vukovar-and-tells-them-croatia-has-not-forgotten-you\/","name":"President Milanovi\u0107 Presents Extraordinary Promotions to Defenders of Vukovar and Tells Them: Croatia has Not Forgotten You - President of the Republic of Croatia - Zoran Milanovi\u0107","isPartOf":{"@id":"https:\/\/www.predsjednik.hr\/en\/#website"},"primaryImageOfPage":{"@id":"https:\/\/www.predsjednik.hr\/en\/news\/president-milanovic-presents-extraordinary-promotions-to-defenders-of-vukovar-and-tells-them-croatia-has-not-forgotten-you\/#primaryimage"},"image":{"@id":"https:\/\/www.predsjednik.hr\/en\/news\/president-milanovic-presents-extraordinary-promotions-to-defenders-of-vukovar-and-tells-them-croatia-has-not-forgotten-you\/#primaryimage"},"thumbnailUrl":"https:\/\/www.predsjednik.hr\/wp-content\/uploads\/2021\/11\/DSC_5197.jpg","datePublished":"2021-11-16T18:32:00+00:00","dateModified":"2021-11-17T10:35:00+00:00","breadcrumb":{"@id":"https:\/\/www.predsjednik.hr\/en\/news\/president-milanovic-presents-extraordinary-promotions-to-defenders-of-vukovar-and-tells-them-croatia-has-not-forgotten-you\/#breadcrumb"},"inLanguage":"en-US","potentialAction":[{"@type":"ReadAction","target":["https:\/\/www.predsjednik.hr\/en\/news\/president-milanovic-presents-extraordinary-promotions-to-defenders-of-vukovar-and-tells-them-croatia-has-not-forgotten-you\/"]}]},{"@type":"ImageObject","inLanguage":"en-US","@id":"https:\/\/www.predsjednik.hr\/en\/news\/president-milanovic-presents-extraordinary-promotions-to-defenders-of-vukovar-and-tells-them-croatia-has-not-forgotten-you\/#primaryimage","url":"https:\/\/www.predsjednik.hr\/wp-content\/uploads\/2021\/11\/DSC_5197.jpg","contentUrl":"https:\/\/www.predsjednik.hr\/wp-content\/uploads\/2021\/11\/DSC_5197.jpg","width":4096,"height":2013,"caption":"On the occasion of the observance of the 30th anniversary of the 204th Croatian Army Brigade and the 30th anniversary of the Battle of Vukovar, the President of the Republic and Commander in Chief of the Croatian Armed Forces Zoran Milanovi\u0107 presented at a ceremony in the Office of the President extraordinary promotions to active duty military personnel who took part in the defense of Vukovar."},{"@type":"BreadcrumbList","@id":"https:\/\/www.predsjednik.hr\/en\/news\/president-milanovic-presents-extraordinary-promotions-to-defenders-of-vukovar-and-tells-them-croatia-has-not-forgotten-you\/#breadcrumb","itemListElement":[{"@type":"ListItem","position":1,"name":"Home","item":"https:\/\/www.predsjednik.hr\/en\/"},{"@type":"ListItem","position":2,"name":"Vijesti","item":"https:\/\/www.predsjednik.hr\/en\/news\/"},{"@type":"ListItem","position":3,"name":"President Milanovi\u0107 Presents Extraordinary Promotions to Defenders of Vukovar and Tells Them: Croatia has Not Forgotten You"}]},{"@type":"WebSite","@id":"https:\/\/www.predsjednik.hr\/en\/#website","url":"https:\/\/www.predsjednik.hr\/en\/","name":"President of the Republic of Croatia - Zoran Milanovi\u0107","description":"Just another WordPress site","potentialAction":[{"@type":"SearchAction","target":{"@type":"EntryPoint","urlTemplate":"https:\/\/www.predsjednik.hr\/en\/?s={search_term_string}"},"query-input":{"@type":"PropertyValueSpecification","valueRequired":true,"valueName":"search_term_string"}}],"inLanguage":"en-US"}]}},"_links":{"self":[{"href":"https:\/\/www.predsjednik.hr\/en\/wp-json\/wp\/v2\/news\/13867","targetHints":{"allow":["GET"]}}],"collection":[{"href":"https:\/\/www.predsjednik.hr\/en\/wp-json\/wp\/v2\/news"}],"about":[{"href":"https:\/\/www.predsjednik.hr\/en\/wp-json\/wp\/v2\/types\/news"}],"wp:featuredmedia":[{"embeddable":true,"href":"https:\/\/www.predsjednik.hr\/en\/wp-json\/wp\/v2\/media\/13865"}],"wp:attachment":[{"href":"https:\/\/www.predsjednik.hr\/en\/wp-json\/wp\/v2\/media?parent=13867"}],"wp:term":[{"taxonomy":"news-cat","embeddable":true,"href":"https:\/\/www.predsjednik.hr\/en\/wp-json\/wp\/v2\/news-cat?post=13867"}],"curies":[{"name":"wp","href":"https:\/\/api.w.org\/{rel}","templated":true}]}}