{"id":13934,"date":"2021-11-18T15:13:00","date_gmt":"2021-11-18T14:13:00","guid":{"rendered":"https:\/\/www.predsjednik.hr\/?post_type=news&#038;p=13934"},"modified":"2021-11-19T12:14:27","modified_gmt":"2021-11-19T11:14:27","slug":"president-of-the-republic-attends-observance-of-30th-anniversary-of-vukovar-tragedy","status":"publish","type":"news","link":"https:\/\/www.predsjednik.hr\/en\/news\/president-of-the-republic-attends-observance-of-30th-anniversary-of-vukovar-tragedy\/","title":{"rendered":"President of the Republic Attends Observance of 30th Anniversary of Vukovar Tragedy"},"content":{"rendered":"\n<p>The President of the Republic and Commander in Chief of the Croatian Armed Forces Zoran Milanovi\u0107 attended the observance of the 30<sup>th<\/sup> anniversary of the Vukovar tragedy \u201cDay of Remembrance of the Sacrifice of Vukovar 1991-2021\u201c (Dan sje\u0107anja na \u017ertvu Vukovara 1991.- 2021.\u201c, which began with the programme \u201cVukovar \u2013 Special Place of Homeland Reverence\u201d (Vukovar \u2013 mjesto posebnog domovinskog pijeteta).<\/p>\n\n\n\n<p>After the special programme held in front of the National Memorial Vukovar Hospital, President Milanovi\u0107 and all the participants, led by the Vukovar defenders and family members of the fallen, killed and missing Vukovar defenders, walked in a Memorial procession on the streets of Vukovar up to the Croatian Homeland War Defenders Memorial Cemetery.<\/p>\n\n\n\n<p>At a wreath-laying ceremony in front of the Memorial in the Croatian Homeland War Defenders Memorial Cemetery, President Milanovi\u0107 paid tribute to the killed and missing persons in the defence of Vukovar. Alongside the President were the Deputy Chief of the General Staff of the Croatian Armed Forces Lieutenant General Sini\u0161a Jurkovi\u0107, Major General Tihomir Kundid, Brigadier General \u017deljko \u017divanovi\u0107, Brigadier General Senad Fejzi\u0107, Commodore Milan \u017duni\u0107, Brigadier General Mijo Valid\u017ei\u0107, Brigadier General \u017deljko Ljubas, Special Adviser to the President for Homeland War Veterans Marijan Marekovi\u0107 and Adviser to the President for Human Rights and Civil Society Melita Muli\u0107.<\/p>\n\n\n\n<p>Following the wreath-laying ceremony in the Croatian Homeland War Defenders Memorial Cemetery, the President of the Republic laid a wreath in front of the Memorial at the mass grave at Ov\u010dara.<\/p>\n\n\n<!--GALLERY BLOCK-->\n<div class=\"c-lightbox-gallery js-lightbox\">\n                <!--single-->\n            <a data-no-swup class=\"c-lightbox-gallery__single js-lightbox-single\"\n               href=\"https:\/\/www.predsjednik.hr\/wp-content\/uploads\/2021\/11\/DSC_5036-1024x576.jpg\"\n               style=\"background-image: url('https:\/\/www.predsjednik.hr\/wp-content\/uploads\/2021\/11\/DSC_5036-768x432.jpg')\"><\/a>\n            <!--end single-->\n                    <!--single-->\n            <a data-no-swup class=\"c-lightbox-gallery__single js-lightbox-single\"\n               href=\"https:\/\/www.predsjednik.hr\/wp-content\/uploads\/2021\/11\/DSC_5039-1024x576.jpg\"\n               style=\"background-image: url('https:\/\/www.predsjednik.hr\/wp-content\/uploads\/2021\/11\/DSC_5039-768x432.jpg')\"><\/a>\n            <!--end single-->\n                    <!--single-->\n            <a data-no-swup class=\"c-lightbox-gallery__single js-lightbox-single\"\n               href=\"https:\/\/www.predsjednik.hr\/wp-content\/uploads\/2021\/11\/DSC_5051-1024x576.jpg\"\n               style=\"background-image: url('https:\/\/www.predsjednik.hr\/wp-content\/uploads\/2021\/11\/DSC_5051-768x432.jpg')\"><\/a>\n            <!--end single-->\n                    <!--single-->\n            <a data-no-swup class=\"c-lightbox-gallery__single js-lightbox-single\"\n               href=\"https:\/\/www.predsjednik.hr\/wp-content\/uploads\/2021\/11\/DSC_5094-1024x768.jpg\"\n               style=\"background-image: url('https:\/\/www.predsjednik.hr\/wp-content\/uploads\/2021\/11\/DSC_5094-768x576.jpg')\"><\/a>\n            <!--end single-->\n                    <!--single-->\n            <a data-no-swup class=\"c-lightbox-gallery__single js-lightbox-single\"\n               href=\"https:\/\/www.predsjednik.hr\/wp-content\/uploads\/2021\/11\/DSC_5148-1024x576.jpg\"\n               style=\"background-image: url('https:\/\/www.predsjednik.hr\/wp-content\/uploads\/2021\/11\/DSC_5148-768x432.jpg')\"><\/a>\n            <!--end single-->\n                    <!--single-->\n            <a data-no-swup class=\"c-lightbox-gallery__single js-lightbox-single\"\n               href=\"https:\/\/www.predsjednik.hr\/wp-content\/uploads\/2021\/11\/DSC_5150-1024x768.jpg\"\n               style=\"background-image: url('https:\/\/www.predsjednik.hr\/wp-content\/uploads\/2021\/11\/DSC_5150-768x576.jpg')\"><\/a>\n            <!--end single-->\n                    <!--single-->\n            <a data-no-swup class=\"c-lightbox-gallery__single js-lightbox-single\"\n               href=\"https:\/\/www.predsjednik.hr\/wp-content\/uploads\/2021\/11\/DSC_5209-1-768x1024.jpg\"\n               style=\"background-image: url('https:\/\/www.predsjednik.hr\/wp-content\/uploads\/2021\/11\/DSC_5209-1-768x1024.jpg')\"><\/a>\n            <!--end single-->\n                    <!--single-->\n            <a data-no-swup class=\"c-lightbox-gallery__single js-lightbox-single\"\n               href=\"https:\/\/www.predsjednik.hr\/wp-content\/uploads\/2021\/11\/DSC_5237-1024x768.jpg\"\n               style=\"background-image: url('https:\/\/www.predsjednik.hr\/wp-content\/uploads\/2021\/11\/DSC_5237-768x576.jpg')\"><\/a>\n            <!--end single-->\n                    <!--single-->\n            <a data-no-swup class=\"c-lightbox-gallery__single js-lightbox-single\"\n               href=\"https:\/\/www.predsjednik.hr\/wp-content\/uploads\/2021\/11\/DSC_5977-1024x626.jpg\"\n               style=\"background-image: url('https:\/\/www.predsjednik.hr\/wp-content\/uploads\/2021\/11\/DSC_5977-768x469.jpg')\"><\/a>\n            <!--end single-->\n                    <!--single-->\n            <a data-no-swup class=\"c-lightbox-gallery__single js-lightbox-single\"\n               href=\"https:\/\/www.predsjednik.hr\/wp-content\/uploads\/2021\/11\/DSC_6080-1024x748.jpg\"\n               style=\"background-image: url('https:\/\/www.predsjednik.hr\/wp-content\/uploads\/2021\/11\/DSC_6080-768x561.jpg')\"><\/a>\n            <!--end single-->\n                    <!--single-->\n            <a data-no-swup class=\"c-lightbox-gallery__single js-lightbox-single\"\n               href=\"https:\/\/www.predsjednik.hr\/wp-content\/uploads\/2021\/11\/DSC_6119-1024x708.jpg\"\n               style=\"background-image: url('https:\/\/www.predsjednik.hr\/wp-content\/uploads\/2021\/11\/DSC_6119-768x531.jpg')\"><\/a>\n            <!--end single-->\n                    <!--single-->\n            <a data-no-swup class=\"c-lightbox-gallery__single js-lightbox-single\"\n               href=\"https:\/\/www.predsjednik.hr\/wp-content\/uploads\/2021\/11\/DSC_6140-1024x683.jpg\"\n               style=\"background-image: url('https:\/\/www.predsjednik.hr\/wp-content\/uploads\/2021\/11\/DSC_6140-768x512.jpg')\"><\/a>\n            <!--end single-->\n                    <!--single-->\n            <a data-no-swup class=\"c-lightbox-gallery__single js-lightbox-single\"\n               href=\"https:\/\/www.predsjednik.hr\/wp-content\/uploads\/2021\/11\/DSC_6173-1024x633.jpg\"\n               style=\"background-image: url('https:\/\/www.predsjednik.hr\/wp-content\/uploads\/2021\/11\/DSC_6173-768x475.jpg')\"><\/a>\n            <!--end single-->\n                    <!--single-->\n            <a data-no-swup class=\"c-lightbox-gallery__single js-lightbox-single\"\n               href=\"https:\/\/www.predsjednik.hr\/wp-content\/uploads\/2021\/11\/DSC_6304-1024x683.jpg\"\n               style=\"background-image: url('https:\/\/www.predsjednik.hr\/wp-content\/uploads\/2021\/11\/DSC_6304-768x512.jpg')\"><\/a>\n            <!--end single-->\n                    <!--single-->\n            <a data-no-swup class=\"c-lightbox-gallery__single js-lightbox-single\"\n               href=\"https:\/\/www.predsjednik.hr\/wp-content\/uploads\/2021\/11\/DSC_6311-1024x794.jpg\"\n               style=\"background-image: url('https:\/\/www.predsjednik.hr\/wp-content\/uploads\/2021\/11\/DSC_6311-768x596.jpg')\"><\/a>\n            <!--end single-->\n                    <!--single-->\n            <a data-no-swup class=\"c-lightbox-gallery__single js-lightbox-single\"\n               href=\"https:\/\/www.predsjednik.hr\/wp-content\/uploads\/2021\/11\/DSC_6553-1024x703.jpg\"\n               style=\"background-image: url('https:\/\/www.predsjednik.hr\/wp-content\/uploads\/2021\/11\/DSC_6553-768x527.jpg')\"><\/a>\n            <!--end single-->\n                    <!--single-->\n            <a data-no-swup class=\"c-lightbox-gallery__single js-lightbox-single\"\n               href=\"https:\/\/www.predsjednik.hr\/wp-content\/uploads\/2021\/11\/DSC_6570-1024x747.jpg\"\n               style=\"background-image: url('https:\/\/www.predsjednik.hr\/wp-content\/uploads\/2021\/11\/DSC_6570-768x560.jpg')\"><\/a>\n            <!--end single-->\n                    <!--single-->\n            <a data-no-swup class=\"c-lightbox-gallery__single js-lightbox-single\"\n               href=\"https:\/\/www.predsjednik.hr\/wp-content\/uploads\/2021\/11\/DSC_6592-1024x731.jpg\"\n               style=\"background-image: url('https:\/\/www.predsjednik.hr\/wp-content\/uploads\/2021\/11\/DSC_6592-768x548.jpg')\"><\/a>\n            <!--end single-->\n                    <!--single-->\n            <a data-no-swup class=\"c-lightbox-gallery__single js-lightbox-single\"\n               href=\"https:\/\/www.predsjednik.hr\/wp-content\/uploads\/2021\/11\/DSC_6604-1024x683.jpg\"\n               style=\"background-image: url('https:\/\/www.predsjednik.hr\/wp-content\/uploads\/2021\/11\/DSC_6604-768x512.jpg')\"><\/a>\n            <!--end single-->\n                    <!--single-->\n            <a data-no-swup class=\"c-lightbox-gallery__single js-lightbox-single\"\n               href=\"https:\/\/www.predsjednik.hr\/wp-content\/uploads\/2021\/11\/DSC_5352-1024x768.jpg\"\n               style=\"background-image: url('https:\/\/www.predsjednik.hr\/wp-content\/uploads\/2021\/11\/DSC_5352-768x576.jpg')\"><\/a>\n            <!--end single-->\n                    <!--single-->\n            <a data-no-swup class=\"c-lightbox-gallery__single js-lightbox-single\"\n               href=\"https:\/\/www.predsjednik.hr\/wp-content\/uploads\/2021\/11\/DSC_6678-1-1024x711.jpg\"\n               style=\"background-image: url('https:\/\/www.predsjednik.hr\/wp-content\/uploads\/2021\/11\/DSC_6678-1-768x533.jpg')\"><\/a>\n            <!--end single-->\n                    <!--single-->\n            <a data-no-swup class=\"c-lightbox-gallery__single js-lightbox-single\"\n               href=\"https:\/\/www.predsjednik.hr\/wp-content\/uploads\/2021\/11\/DSC_6683-1024x683.jpg\"\n               style=\"background-image: url('https:\/\/www.predsjednik.hr\/wp-content\/uploads\/2021\/11\/DSC_6683-768x512.jpg')\"><\/a>\n            <!--end single-->\n                    <!--single-->\n            <a data-no-swup class=\"c-lightbox-gallery__single js-lightbox-single\"\n               href=\"https:\/\/www.predsjednik.hr\/wp-content\/uploads\/2021\/11\/DSC_6696-1024x576.jpg\"\n               style=\"background-image: url('https:\/\/www.predsjednik.hr\/wp-content\/uploads\/2021\/11\/DSC_6696-768x432.jpg')\"><\/a>\n            <!--end single-->\n                    <!--single-->\n            <a data-no-swup class=\"c-lightbox-gallery__single js-lightbox-single\"\n               href=\"https:\/\/www.predsjednik.hr\/wp-content\/uploads\/2021\/11\/DSC_6705-1024x660.jpg\"\n               style=\"background-image: url('https:\/\/www.predsjednik.hr\/wp-content\/uploads\/2021\/11\/DSC_6705-768x495.jpg')\"><\/a>\n            <!--end single-->\n        <\/div>\n<!--end GALLERY BLOCK-->\n\n\n\n<p>PHOTO: Office of the President of the Republic of Croatia \/ Ana Marija Kati\u0107, Tomislav Bu\u0161ljeta<\/p>\n","protected":false},"excerpt":{"rendered":"<p>The President of the Republic and Commander in Chief of the Croatian Armed Forces Zoran Milanovi\u0107 attended the observance of the 30th anniversary of the Vukovar tragedy \u201cDay of Remembrance of the Sacrifice of Vukovar 1991-2021\u201c (Dan sje\u0107anja na \u017ertvu Vukovara 1991.- 2021.\u201c, which began with the programme \u201cVukovar \u2013 Special Place of Homeland Reverence\u201d (Vukovar \u2013 mjesto posebnog domovinskog pijeteta).<\/p>\n","protected":false},"featured_media":13905,"template":"","news-cat":[12],"class_list":["post-13934","news","type-news","status-publish","has-post-thumbnail","hentry","news-cat-news"],"acf":[],"yoast_head":"<!-- This site is optimized with the Yoast SEO plugin v27.5 - https:\/\/yoast.com\/product\/yoast-seo-wordpress\/ -->\n<title>President of the Republic Attends Observance of 30th Anniversary of Vukovar Tragedy - President of the Republic of Croatia - Zoran Milanovi\u0107<\/title>\n<meta name=\"robots\" content=\"index, follow, max-snippet:-1, max-image-preview:large, max-video-preview:-1\" \/>\n<link rel=\"canonical\" href=\"https:\/\/www.predsjednik.hr\/en\/news\/president-of-the-republic-attends-observance-of-30th-anniversary-of-vukovar-tragedy\/\" \/>\n<meta property=\"og:locale\" content=\"en_US\" \/>\n<meta property=\"og:type\" content=\"article\" \/>\n<meta property=\"og:title\" content=\"President of the Republic Attends Observance of 30th Anniversary of Vukovar Tragedy - President of the Republic of Croatia - Zoran Milanovi\u0107\" \/>\n<meta property=\"og:description\" content=\"The President of the Republic and Commander in Chief of the Croatian Armed Forces Zoran Milanovi\u0107 attended the observance of the 30th anniversary of the Vukovar tragedy \u201cDay of Remembrance of the Sacrifice of Vukovar 1991-2021\u201c (Dan sje\u0107anja na \u017ertvu Vukovara 1991.- 2021.\u201c, which began with the programme \u201cVukovar \u2013 Special Place of Homeland Reverence\u201d (Vukovar \u2013 mjesto posebnog domovinskog pijeteta).\" \/>\n<meta property=\"og:url\" content=\"https:\/\/www.predsjednik.hr\/en\/news\/president-of-the-republic-attends-observance-of-30th-anniversary-of-vukovar-tragedy\/\" \/>\n<meta property=\"og:site_name\" content=\"President of the Republic of Croatia - Zoran Milanovi\u0107\" \/>\n<meta property=\"article:modified_time\" content=\"2021-11-19T11:14:27+00:00\" \/>\n<meta property=\"og:image\" content=\"https:\/\/www.predsjednik.hr\/wp-content\/uploads\/2021\/11\/DSC_6553.jpg\" \/>\n\t<meta property=\"og:image:width\" content=\"4096\" \/>\n\t<meta property=\"og:image:height\" content=\"2812\" \/>\n\t<meta property=\"og:image:type\" content=\"image\/jpeg\" \/>\n<meta name=\"twitter:card\" content=\"summary_large_image\" \/>\n<meta name=\"twitter:label1\" content=\"Est. reading time\" \/>\n\t<meta name=\"twitter:data1\" content=\"2 minutes\" \/>\n<script type=\"application\/ld+json\" class=\"yoast-schema-graph\">{\"@context\":\"https:\\\/\\\/schema.org\",\"@graph\":[{\"@type\":\"WebPage\",\"@id\":\"https:\\\/\\\/www.predsjednik.hr\\\/en\\\/news\\\/president-of-the-republic-attends-observance-of-30th-anniversary-of-vukovar-tragedy\\\/\",\"url\":\"https:\\\/\\\/www.predsjednik.hr\\\/en\\\/news\\\/president-of-the-republic-attends-observance-of-30th-anniversary-of-vukovar-tragedy\\\/\",\"name\":\"President of the Republic Attends Observance of 30th Anniversary of Vukovar Tragedy - President of the Republic of Croatia - Zoran Milanovi\u0107\",\"isPartOf\":{\"@id\":\"https:\\\/\\\/www.predsjednik.hr\\\/en\\\/#website\"},\"primaryImageOfPage\":{\"@id\":\"https:\\\/\\\/www.predsjednik.hr\\\/en\\\/news\\\/president-of-the-republic-attends-observance-of-30th-anniversary-of-vukovar-tragedy\\\/#primaryimage\"},\"image\":{\"@id\":\"https:\\\/\\\/www.predsjednik.hr\\\/en\\\/news\\\/president-of-the-republic-attends-observance-of-30th-anniversary-of-vukovar-tragedy\\\/#primaryimage\"},\"thumbnailUrl\":\"https:\\\/\\\/www.predsjednik.hr\\\/wp-content\\\/uploads\\\/2021\\\/11\\\/DSC_6553.jpg\",\"datePublished\":\"2021-11-18T14:13:00+00:00\",\"dateModified\":\"2021-11-19T11:14:27+00:00\",\"breadcrumb\":{\"@id\":\"https:\\\/\\\/www.predsjednik.hr\\\/en\\\/news\\\/president-of-the-republic-attends-observance-of-30th-anniversary-of-vukovar-tragedy\\\/#breadcrumb\"},\"inLanguage\":\"en-US\",\"potentialAction\":[{\"@type\":\"ReadAction\",\"target\":[\"https:\\\/\\\/www.predsjednik.hr\\\/en\\\/news\\\/president-of-the-republic-attends-observance-of-30th-anniversary-of-vukovar-tragedy\\\/\"]}]},{\"@type\":\"ImageObject\",\"inLanguage\":\"en-US\",\"@id\":\"https:\\\/\\\/www.predsjednik.hr\\\/en\\\/news\\\/president-of-the-republic-attends-observance-of-30th-anniversary-of-vukovar-tragedy\\\/#primaryimage\",\"url\":\"https:\\\/\\\/www.predsjednik.hr\\\/wp-content\\\/uploads\\\/2021\\\/11\\\/DSC_6553.jpg\",\"contentUrl\":\"https:\\\/\\\/www.predsjednik.hr\\\/wp-content\\\/uploads\\\/2021\\\/11\\\/DSC_6553.jpg\",\"width\":4096,\"height\":2812,\"caption\":\"Predsjednik Republike sudjelovao na obilje\u017eavanju 30. obljetnice stradanja Vukovara\"},{\"@type\":\"BreadcrumbList\",\"@id\":\"https:\\\/\\\/www.predsjednik.hr\\\/en\\\/news\\\/president-of-the-republic-attends-observance-of-30th-anniversary-of-vukovar-tragedy\\\/#breadcrumb\",\"itemListElement\":[{\"@type\":\"ListItem\",\"position\":1,\"name\":\"Home\",\"item\":\"https:\\\/\\\/www.predsjednik.hr\\\/en\\\/\"},{\"@type\":\"ListItem\",\"position\":2,\"name\":\"Vijesti\",\"item\":\"https:\\\/\\\/www.predsjednik.hr\\\/en\\\/news\\\/\"},{\"@type\":\"ListItem\",\"position\":3,\"name\":\"President of the Republic Attends Observance of 30th Anniversary of Vukovar Tragedy\"}]},{\"@type\":\"WebSite\",\"@id\":\"https:\\\/\\\/www.predsjednik.hr\\\/en\\\/#website\",\"url\":\"https:\\\/\\\/www.predsjednik.hr\\\/en\\\/\",\"name\":\"President of the Republic of Croatia - Zoran Milanovi\u0107\",\"description\":\"Just another WordPress site\",\"potentialAction\":[{\"@type\":\"SearchAction\",\"target\":{\"@type\":\"EntryPoint\",\"urlTemplate\":\"https:\\\/\\\/www.predsjednik.hr\\\/en\\\/?s={search_term_string}\"},\"query-input\":{\"@type\":\"PropertyValueSpecification\",\"valueRequired\":true,\"valueName\":\"search_term_string\"}}],\"inLanguage\":\"en-US\"}]}<\/script>\n<!-- \/ Yoast SEO plugin. -->","yoast_head_json":{"title":"President of the Republic Attends Observance of 30th Anniversary of Vukovar Tragedy - President of the Republic of Croatia - Zoran Milanovi\u0107","robots":{"index":"index","follow":"follow","max-snippet":"max-snippet:-1","max-image-preview":"max-image-preview:large","max-video-preview":"max-video-preview:-1"},"canonical":"https:\/\/www.predsjednik.hr\/en\/news\/president-of-the-republic-attends-observance-of-30th-anniversary-of-vukovar-tragedy\/","og_locale":"en_US","og_type":"article","og_title":"President of the Republic Attends Observance of 30th Anniversary of Vukovar Tragedy - President of the Republic of Croatia - Zoran Milanovi\u0107","og_description":"The President of the Republic and Commander in Chief of the Croatian Armed Forces Zoran Milanovi\u0107 attended the observance of the 30th anniversary of the Vukovar tragedy \u201cDay of Remembrance of the Sacrifice of Vukovar 1991-2021\u201c (Dan sje\u0107anja na \u017ertvu Vukovara 1991.- 2021.\u201c, which began with the programme \u201cVukovar \u2013 Special Place of Homeland Reverence\u201d (Vukovar \u2013 mjesto posebnog domovinskog pijeteta).","og_url":"https:\/\/www.predsjednik.hr\/en\/news\/president-of-the-republic-attends-observance-of-30th-anniversary-of-vukovar-tragedy\/","og_site_name":"President of the Republic of Croatia - Zoran Milanovi\u0107","article_modified_time":"2021-11-19T11:14:27+00:00","og_image":[{"width":4096,"height":2812,"url":"https:\/\/www.predsjednik.hr\/wp-content\/uploads\/2021\/11\/DSC_6553.jpg","type":"image\/jpeg"}],"twitter_card":"summary_large_image","twitter_misc":{"Est. reading time":"2 minutes"},"schema":{"@context":"https:\/\/schema.org","@graph":[{"@type":"WebPage","@id":"https:\/\/www.predsjednik.hr\/en\/news\/president-of-the-republic-attends-observance-of-30th-anniversary-of-vukovar-tragedy\/","url":"https:\/\/www.predsjednik.hr\/en\/news\/president-of-the-republic-attends-observance-of-30th-anniversary-of-vukovar-tragedy\/","name":"President of the Republic Attends Observance of 30th Anniversary of Vukovar Tragedy - President of the Republic of Croatia - Zoran Milanovi\u0107","isPartOf":{"@id":"https:\/\/www.predsjednik.hr\/en\/#website"},"primaryImageOfPage":{"@id":"https:\/\/www.predsjednik.hr\/en\/news\/president-of-the-republic-attends-observance-of-30th-anniversary-of-vukovar-tragedy\/#primaryimage"},"image":{"@id":"https:\/\/www.predsjednik.hr\/en\/news\/president-of-the-republic-attends-observance-of-30th-anniversary-of-vukovar-tragedy\/#primaryimage"},"thumbnailUrl":"https:\/\/www.predsjednik.hr\/wp-content\/uploads\/2021\/11\/DSC_6553.jpg","datePublished":"2021-11-18T14:13:00+00:00","dateModified":"2021-11-19T11:14:27+00:00","breadcrumb":{"@id":"https:\/\/www.predsjednik.hr\/en\/news\/president-of-the-republic-attends-observance-of-30th-anniversary-of-vukovar-tragedy\/#breadcrumb"},"inLanguage":"en-US","potentialAction":[{"@type":"ReadAction","target":["https:\/\/www.predsjednik.hr\/en\/news\/president-of-the-republic-attends-observance-of-30th-anniversary-of-vukovar-tragedy\/"]}]},{"@type":"ImageObject","inLanguage":"en-US","@id":"https:\/\/www.predsjednik.hr\/en\/news\/president-of-the-republic-attends-observance-of-30th-anniversary-of-vukovar-tragedy\/#primaryimage","url":"https:\/\/www.predsjednik.hr\/wp-content\/uploads\/2021\/11\/DSC_6553.jpg","contentUrl":"https:\/\/www.predsjednik.hr\/wp-content\/uploads\/2021\/11\/DSC_6553.jpg","width":4096,"height":2812,"caption":"Predsjednik Republike sudjelovao na obilje\u017eavanju 30. obljetnice stradanja Vukovara"},{"@type":"BreadcrumbList","@id":"https:\/\/www.predsjednik.hr\/en\/news\/president-of-the-republic-attends-observance-of-30th-anniversary-of-vukovar-tragedy\/#breadcrumb","itemListElement":[{"@type":"ListItem","position":1,"name":"Home","item":"https:\/\/www.predsjednik.hr\/en\/"},{"@type":"ListItem","position":2,"name":"Vijesti","item":"https:\/\/www.predsjednik.hr\/en\/news\/"},{"@type":"ListItem","position":3,"name":"President of the Republic Attends Observance of 30th Anniversary of Vukovar Tragedy"}]},{"@type":"WebSite","@id":"https:\/\/www.predsjednik.hr\/en\/#website","url":"https:\/\/www.predsjednik.hr\/en\/","name":"President of the Republic of Croatia - Zoran Milanovi\u0107","description":"Just another WordPress site","potentialAction":[{"@type":"SearchAction","target":{"@type":"EntryPoint","urlTemplate":"https:\/\/www.predsjednik.hr\/en\/?s={search_term_string}"},"query-input":{"@type":"PropertyValueSpecification","valueRequired":true,"valueName":"search_term_string"}}],"inLanguage":"en-US"}]}},"_links":{"self":[{"href":"https:\/\/www.predsjednik.hr\/en\/wp-json\/wp\/v2\/news\/13934","targetHints":{"allow":["GET"]}}],"collection":[{"href":"https:\/\/www.predsjednik.hr\/en\/wp-json\/wp\/v2\/news"}],"about":[{"href":"https:\/\/www.predsjednik.hr\/en\/wp-json\/wp\/v2\/types\/news"}],"wp:featuredmedia":[{"embeddable":true,"href":"https:\/\/www.predsjednik.hr\/en\/wp-json\/wp\/v2\/media\/13905"}],"wp:attachment":[{"href":"https:\/\/www.predsjednik.hr\/en\/wp-json\/wp\/v2\/media?parent=13934"}],"wp:term":[{"taxonomy":"news-cat","embeddable":true,"href":"https:\/\/www.predsjednik.hr\/en\/wp-json\/wp\/v2\/news-cat?post=13934"}],"curies":[{"name":"wp","href":"https:\/\/api.w.org\/{rel}","templated":true}]}}