{"id":13996,"date":"2021-11-22T15:58:58","date_gmt":"2021-11-22T14:58:58","guid":{"rendered":"https:\/\/www.predsjednik.hr\/?post_type=news&#038;p=13996"},"modified":"2021-11-22T15:59:00","modified_gmt":"2021-11-22T14:59:00","slug":"president-milanovic-i-will-not-allow-daily-politics-in-the-barracks","status":"publish","type":"news","link":"https:\/\/www.predsjednik.hr\/en\/news\/president-milanovic-i-will-not-allow-daily-politics-in-the-barracks\/","title":{"rendered":"President Milanovi\u0107: I will not allow daily politics in the barracks"},"content":{"rendered":"\n<p>\u201cAfter deliberating and based on my experience to date, I have decided that for the time being no statements will be made on the barracks premises, which are after all special sites. I want them to be protected from daily politics, which has been hard to achieve lately. The minister did not show up at the last minute. His attendance was announced and even to a child it became clear that it was a manoeuvre aimed at manipulating everyone \u2013 it wasn\u2019t the first nor the last time,\u201d President Milanovi\u0107 said in a statement to the press in front of the 132<sup>nd<\/sup> Croatian Army Brigade Barracks in Na\u0161ice, where he attended a send-off ceremony for troops participating in the KFOR mission.<\/p>\n\n\n\n<p>\u201cAt events such as this, which are above all for the military and people who are leaving for duty, there simply shouldn\u2019t be daily politics,\u201d the President added, clarifying that press statements can be given, if needed, outside the barracks. The President told journalists that only he spoke at the send-off for the 130 members of the military who are going on a mission to Kosovo and that this would have been the case even if the minister had come.<\/p>\n\n\n\n<p>\u201cEven if he had come, he would not have addressed the event and he will not make any speeches at least until he reinstates Colonel Bur\u010dul in the system. We are again back to square one. I do not allow the oppression of the army and anger to be vented on officers for the wrong reasons, just as Pilatus aircraft fly for the wrong reasons. This should take place outside the barracks premises. You are not deprived of any information. This is an army barracks and I will not allow daily politics, Croatian Democratic Union (HDZ) members and their petty intrigues inside. If necessary you will stay outside, you will get a statement. The minister announced his attendance and then, as a petty thief, didn\u2019t come, leaving his own people in the lurch, just as he left colonels and generals in the lurch, threatening and demanding their resignations,\u201d said President Milanovi\u0107, explaining his decision not to let journalists cover the Croatian contingent send-off ceremony in the barracks.<\/p>\n\n\n\n<p>\u201cI don\u2019t know what his colleagues who go through toll booths think about his flights. He flies urgently and announces the flight one day earlier. And then he\u2019s not even in the flight manifest. But luckily, ultimately you cannot cheat. And then he issues a statement saying he did everything at the invitation of the Air Force. They called the Commander of the Air Force from the Cabinet, without any written trace, sidestepping the Chief of the General Staff. Everything was taken care of by phone so he would not have to write a decision for himself and then in the press statement it says that it was done at the invitation of the Air Force. Where is the proof of that? He flew urgently to Tisno where his dad has a summer home, so his lamb wouldn\u2019t get cold, and he announced an urgent flight one day earlier. If that doesn\u2019t bother his colleagues, then I don\u2019t care. But it can\u2019t happen without a written trace, which he insists on when I am the one in question. It\u2019s awful what he\u2019s doing,\u201d said President Milanovi\u0107, commenting on information that last summer Minister Bano\u017ei\u0107 flew on a Croatian Air Force aircraft from the coast to Zagreb and back.<\/p>\n\n\n\n<p>The President further talked about the impending signing of the contract to procure French fighter jets: \u201cIn a few days Bano\u017ei\u0107\u2019s signature will be on the contract for the procurement of fighter jets worth billions. We\u2019re beginning to behave as if the French are doing us a favour. What about other needs? The armoured fighting vehicles for the infantry have been stricken out overnight, without any explanation, the generals weren\u2019t told anything. For example, it\u2019s like not going to the dentist for years, you have a defect, you can\u2019t have the most expensive treatment each year, it\u2019s simply a methodical approach to work that some HDZ members don\u2019t succeed in because they didn\u2019t live like that and didn\u2019t get the education. You see what methodology is, the army records everything\u201d.<\/p>\n\n\n\n<p>President Milanovi\u0107 also commented on Saturday\u2019s protest, condemning the attack against journalists. \u201cThe attack on journalist Latkovi\u0107 is stupid, journalists have to go out in the field. I condemn this. However, a small number of people were involved\u201d. Asked whether he considers himself responsible, he replied sarcastically: \u201cOf course, I am red Zoki, I hate Croatia and that\u2019s my mission. What kind of question is that?\u201d<\/p>\n\n\n\n<p>As for the reasons for the protest, President Milanovi\u0107 stated: \u201cThis repression is of unreal proportions, it\u2019s unconstitutional, immoral from the outset. And when did I first talk about this? I waited and watched. What\u2019s happening at this moment is coming from some circles in Europe, it\u2019s coming from some dumbbells in Brussels, there\u2019s none of this in Scandinavian countries, in Great Britain, or in the United States. What do such actions accomplish besides harassing people? No one has spoken to the generals in terms of there being no entry into the barracks without a COVID certificate. There are people who do not want to get vaccinated or tested. It\u2019s not clear to me, but which genius has studied how this impacts the combat readiness of our healthy soldiers. What about human rights? This was chaotic, a spontaneous revolt\u201d.<\/p>\n\n\n\n<p>The President also referred to the new measures and the situation in the healthcare system. If the point is to prevent the virus, that\u2019s impossible. But if the point is to ease the burden on hospitals, then the President wonders why was nothing done in the past year and a half to be ready. \u201cA week ago Hranj received a Government decision to pitch tents in front of the hospital in Dubrava. Why are there no containers? Because they\u2019re in Banija. Why are they in Banija? Because they\u2019re needed. Why are they needed? Because nothing is being done! To whom should I address these questions? Why did we not prepare for this stress? It\u2019s inhumane to divide people between those who are vaccinated and those who are not, this is a totally primitive philosophy. What\u2019s the difference? If the vaccine indeed protected health, and it does, if it would prevent the spread of the virus, therefore viral vector-based vaccines, then I\u2019d say ok, let\u2019s go toward full vaccination. However, the decisions aren\u2019t made by science, it\u2019s an impulse coming from somewhere\u201d, he said.<\/p>\n\n\n\n<p>Regarding the lockdown in Austria, President Milanovi\u0107 said that it\u2019s a disaster. He announced that his Office will call the Austrian ambassador for talks: \u201cToday, the Austrian ambassador will be called so that we can express our deep concern for fundamental human rights in Austria. That\u2019s how things are done, our ambassadors are always called for some stupidities, so we\u2019ll call theirs too\u201d.<\/p>\n","protected":false},"excerpt":{"rendered":"<p>\u201cAt events such as this, which are above all for the military and people who are leaving for duty, there simply shouldn\u2019t be daily politics,\u201d the President added, clarifying that press statements can be given, if needed, outside the barracks. The President told journalists that only he spoke at the send-off for the 130 members of the military who are going on a mission to Kosovo and that this would have been the case even if the minister had come.<\/p>\n","protected":false},"featured_media":13979,"template":"","news-cat":[12],"class_list":["post-13996","news","type-news","status-publish","has-post-thumbnail","hentry","news-cat-news"],"acf":[],"yoast_head":"<!-- This site is optimized with the Yoast SEO plugin v27.5 - https:\/\/yoast.com\/product\/yoast-seo-wordpress\/ -->\n<title>President Milanovi\u0107: I will not allow daily politics in the barracks - President of the Republic of Croatia - Zoran Milanovi\u0107<\/title>\n<meta name=\"robots\" content=\"index, follow, max-snippet:-1, max-image-preview:large, max-video-preview:-1\" \/>\n<link rel=\"canonical\" href=\"https:\/\/www.predsjednik.hr\/en\/news\/president-milanovic-i-will-not-allow-daily-politics-in-the-barracks\/\" \/>\n<meta property=\"og:locale\" content=\"en_US\" \/>\n<meta property=\"og:type\" content=\"article\" \/>\n<meta property=\"og:title\" content=\"President Milanovi\u0107: I will not allow daily politics in the barracks - President of the Republic of Croatia - Zoran Milanovi\u0107\" \/>\n<meta property=\"og:description\" content=\"\u201cAt events such as this, which are above all for the military and people who are leaving for duty, there simply shouldn\u2019t be daily politics,\u201d the President added, clarifying that press statements can be given, if needed, outside the barracks. The President told journalists that only he spoke at the send-off for the 130 members of the military who are going on a mission to Kosovo and that this would have been the case even if the minister had come.\" \/>\n<meta property=\"og:url\" content=\"https:\/\/www.predsjednik.hr\/en\/news\/president-milanovic-i-will-not-allow-daily-politics-in-the-barracks\/\" \/>\n<meta property=\"og:site_name\" content=\"President of the Republic of Croatia - Zoran Milanovi\u0107\" \/>\n<meta property=\"article:modified_time\" content=\"2021-11-22T14:59:00+00:00\" \/>\n<meta property=\"og:image\" content=\"https:\/\/www.predsjednik.hr\/wp-content\/uploads\/2021\/11\/DSC_1405.jpg\" \/>\n\t<meta property=\"og:image:width\" content=\"5431\" \/>\n\t<meta property=\"og:image:height\" content=\"3055\" \/>\n\t<meta property=\"og:image:type\" content=\"image\/jpeg\" \/>\n<meta name=\"twitter:card\" content=\"summary_large_image\" \/>\n<meta name=\"twitter:label1\" content=\"Est. reading time\" \/>\n\t<meta name=\"twitter:data1\" content=\"6 minutes\" \/>\n<script type=\"application\/ld+json\" class=\"yoast-schema-graph\">{\"@context\":\"https:\\\/\\\/schema.org\",\"@graph\":[{\"@type\":\"WebPage\",\"@id\":\"https:\\\/\\\/www.predsjednik.hr\\\/en\\\/news\\\/president-milanovic-i-will-not-allow-daily-politics-in-the-barracks\\\/\",\"url\":\"https:\\\/\\\/www.predsjednik.hr\\\/en\\\/news\\\/president-milanovic-i-will-not-allow-daily-politics-in-the-barracks\\\/\",\"name\":\"President Milanovi\u0107: I will not allow daily politics in the barracks - President of the Republic of Croatia - Zoran Milanovi\u0107\",\"isPartOf\":{\"@id\":\"https:\\\/\\\/www.predsjednik.hr\\\/en\\\/#website\"},\"primaryImageOfPage\":{\"@id\":\"https:\\\/\\\/www.predsjednik.hr\\\/en\\\/news\\\/president-milanovic-i-will-not-allow-daily-politics-in-the-barracks\\\/#primaryimage\"},\"image\":{\"@id\":\"https:\\\/\\\/www.predsjednik.hr\\\/en\\\/news\\\/president-milanovic-i-will-not-allow-daily-politics-in-the-barracks\\\/#primaryimage\"},\"thumbnailUrl\":\"https:\\\/\\\/www.predsjednik.hr\\\/wp-content\\\/uploads\\\/2021\\\/11\\\/DSC_1405.jpg\",\"datePublished\":\"2021-11-22T14:58:58+00:00\",\"dateModified\":\"2021-11-22T14:59:00+00:00\",\"breadcrumb\":{\"@id\":\"https:\\\/\\\/www.predsjednik.hr\\\/en\\\/news\\\/president-milanovic-i-will-not-allow-daily-politics-in-the-barracks\\\/#breadcrumb\"},\"inLanguage\":\"en-US\",\"potentialAction\":[{\"@type\":\"ReadAction\",\"target\":[\"https:\\\/\\\/www.predsjednik.hr\\\/en\\\/news\\\/president-milanovic-i-will-not-allow-daily-politics-in-the-barracks\\\/\"]}]},{\"@type\":\"ImageObject\",\"inLanguage\":\"en-US\",\"@id\":\"https:\\\/\\\/www.predsjednik.hr\\\/en\\\/news\\\/president-milanovic-i-will-not-allow-daily-politics-in-the-barracks\\\/#primaryimage\",\"url\":\"https:\\\/\\\/www.predsjednik.hr\\\/wp-content\\\/uploads\\\/2021\\\/11\\\/DSC_1405.jpg\",\"contentUrl\":\"https:\\\/\\\/www.predsjednik.hr\\\/wp-content\\\/uploads\\\/2021\\\/11\\\/DSC_1405.jpg\",\"width\":5431,\"height\":3055},{\"@type\":\"BreadcrumbList\",\"@id\":\"https:\\\/\\\/www.predsjednik.hr\\\/en\\\/news\\\/president-milanovic-i-will-not-allow-daily-politics-in-the-barracks\\\/#breadcrumb\",\"itemListElement\":[{\"@type\":\"ListItem\",\"position\":1,\"name\":\"Home\",\"item\":\"https:\\\/\\\/www.predsjednik.hr\\\/en\\\/\"},{\"@type\":\"ListItem\",\"position\":2,\"name\":\"Vijesti\",\"item\":\"https:\\\/\\\/www.predsjednik.hr\\\/en\\\/news\\\/\"},{\"@type\":\"ListItem\",\"position\":3,\"name\":\"President Milanovi\u0107: I will not allow daily politics in the barracks\"}]},{\"@type\":\"WebSite\",\"@id\":\"https:\\\/\\\/www.predsjednik.hr\\\/en\\\/#website\",\"url\":\"https:\\\/\\\/www.predsjednik.hr\\\/en\\\/\",\"name\":\"President of the Republic of Croatia - Zoran Milanovi\u0107\",\"description\":\"Just another WordPress site\",\"potentialAction\":[{\"@type\":\"SearchAction\",\"target\":{\"@type\":\"EntryPoint\",\"urlTemplate\":\"https:\\\/\\\/www.predsjednik.hr\\\/en\\\/?s={search_term_string}\"},\"query-input\":{\"@type\":\"PropertyValueSpecification\",\"valueRequired\":true,\"valueName\":\"search_term_string\"}}],\"inLanguage\":\"en-US\"}]}<\/script>\n<!-- \/ Yoast SEO plugin. -->","yoast_head_json":{"title":"President Milanovi\u0107: I will not allow daily politics in the barracks - President of the Republic of Croatia - Zoran Milanovi\u0107","robots":{"index":"index","follow":"follow","max-snippet":"max-snippet:-1","max-image-preview":"max-image-preview:large","max-video-preview":"max-video-preview:-1"},"canonical":"https:\/\/www.predsjednik.hr\/en\/news\/president-milanovic-i-will-not-allow-daily-politics-in-the-barracks\/","og_locale":"en_US","og_type":"article","og_title":"President Milanovi\u0107: I will not allow daily politics in the barracks - President of the Republic of Croatia - Zoran Milanovi\u0107","og_description":"\u201cAt events such as this, which are above all for the military and people who are leaving for duty, there simply shouldn\u2019t be daily politics,\u201d the President added, clarifying that press statements can be given, if needed, outside the barracks. The President told journalists that only he spoke at the send-off for the 130 members of the military who are going on a mission to Kosovo and that this would have been the case even if the minister had come.","og_url":"https:\/\/www.predsjednik.hr\/en\/news\/president-milanovic-i-will-not-allow-daily-politics-in-the-barracks\/","og_site_name":"President of the Republic of Croatia - Zoran Milanovi\u0107","article_modified_time":"2021-11-22T14:59:00+00:00","og_image":[{"width":5431,"height":3055,"url":"https:\/\/www.predsjednik.hr\/wp-content\/uploads\/2021\/11\/DSC_1405.jpg","type":"image\/jpeg"}],"twitter_card":"summary_large_image","twitter_misc":{"Est. reading time":"6 minutes"},"schema":{"@context":"https:\/\/schema.org","@graph":[{"@type":"WebPage","@id":"https:\/\/www.predsjednik.hr\/en\/news\/president-milanovic-i-will-not-allow-daily-politics-in-the-barracks\/","url":"https:\/\/www.predsjednik.hr\/en\/news\/president-milanovic-i-will-not-allow-daily-politics-in-the-barracks\/","name":"President Milanovi\u0107: I will not allow daily politics in the barracks - President of the Republic of Croatia - Zoran Milanovi\u0107","isPartOf":{"@id":"https:\/\/www.predsjednik.hr\/en\/#website"},"primaryImageOfPage":{"@id":"https:\/\/www.predsjednik.hr\/en\/news\/president-milanovic-i-will-not-allow-daily-politics-in-the-barracks\/#primaryimage"},"image":{"@id":"https:\/\/www.predsjednik.hr\/en\/news\/president-milanovic-i-will-not-allow-daily-politics-in-the-barracks\/#primaryimage"},"thumbnailUrl":"https:\/\/www.predsjednik.hr\/wp-content\/uploads\/2021\/11\/DSC_1405.jpg","datePublished":"2021-11-22T14:58:58+00:00","dateModified":"2021-11-22T14:59:00+00:00","breadcrumb":{"@id":"https:\/\/www.predsjednik.hr\/en\/news\/president-milanovic-i-will-not-allow-daily-politics-in-the-barracks\/#breadcrumb"},"inLanguage":"en-US","potentialAction":[{"@type":"ReadAction","target":["https:\/\/www.predsjednik.hr\/en\/news\/president-milanovic-i-will-not-allow-daily-politics-in-the-barracks\/"]}]},{"@type":"ImageObject","inLanguage":"en-US","@id":"https:\/\/www.predsjednik.hr\/en\/news\/president-milanovic-i-will-not-allow-daily-politics-in-the-barracks\/#primaryimage","url":"https:\/\/www.predsjednik.hr\/wp-content\/uploads\/2021\/11\/DSC_1405.jpg","contentUrl":"https:\/\/www.predsjednik.hr\/wp-content\/uploads\/2021\/11\/DSC_1405.jpg","width":5431,"height":3055},{"@type":"BreadcrumbList","@id":"https:\/\/www.predsjednik.hr\/en\/news\/president-milanovic-i-will-not-allow-daily-politics-in-the-barracks\/#breadcrumb","itemListElement":[{"@type":"ListItem","position":1,"name":"Home","item":"https:\/\/www.predsjednik.hr\/en\/"},{"@type":"ListItem","position":2,"name":"Vijesti","item":"https:\/\/www.predsjednik.hr\/en\/news\/"},{"@type":"ListItem","position":3,"name":"President Milanovi\u0107: I will not allow daily politics in the barracks"}]},{"@type":"WebSite","@id":"https:\/\/www.predsjednik.hr\/en\/#website","url":"https:\/\/www.predsjednik.hr\/en\/","name":"President of the Republic of Croatia - Zoran Milanovi\u0107","description":"Just another WordPress site","potentialAction":[{"@type":"SearchAction","target":{"@type":"EntryPoint","urlTemplate":"https:\/\/www.predsjednik.hr\/en\/?s={search_term_string}"},"query-input":{"@type":"PropertyValueSpecification","valueRequired":true,"valueName":"search_term_string"}}],"inLanguage":"en-US"}]}},"_links":{"self":[{"href":"https:\/\/www.predsjednik.hr\/en\/wp-json\/wp\/v2\/news\/13996","targetHints":{"allow":["GET"]}}],"collection":[{"href":"https:\/\/www.predsjednik.hr\/en\/wp-json\/wp\/v2\/news"}],"about":[{"href":"https:\/\/www.predsjednik.hr\/en\/wp-json\/wp\/v2\/types\/news"}],"wp:featuredmedia":[{"embeddable":true,"href":"https:\/\/www.predsjednik.hr\/en\/wp-json\/wp\/v2\/media\/13979"}],"wp:attachment":[{"href":"https:\/\/www.predsjednik.hr\/en\/wp-json\/wp\/v2\/media?parent=13996"}],"wp:term":[{"taxonomy":"news-cat","embeddable":true,"href":"https:\/\/www.predsjednik.hr\/en\/wp-json\/wp\/v2\/news-cat?post=13996"}],"curies":[{"name":"wp","href":"https:\/\/api.w.org\/{rel}","templated":true}]}}