{"id":14039,"date":"2021-11-23T14:40:00","date_gmt":"2021-11-23T13:40:00","guid":{"rendered":"https:\/\/www.predsjednik.hr\/?post_type=news&#038;p=14039"},"modified":"2021-11-24T13:15:49","modified_gmt":"2021-11-24T12:15:49","slug":"president-milanovic-receives-delegation-of-marathoner-association-heroji-ne-umiru","status":"publish","type":"news","link":"https:\/\/www.predsjednik.hr\/en\/news\/president-milanovic-receives-delegation-of-marathoner-association-heroji-ne-umiru\/","title":{"rendered":"President Milanovi\u0107 Receives Delegation of Marathoner Association \u201cHeroji ne umiru\u201c"},"content":{"rendered":"\n<p>The President of the Republic Zoran Milanovi\u0107 received in his office today a delegation of the Marathoner Association of Sisak-Moslavina County \u201cHeroji ne umiru\u201d (Heroes Never Die). Through its activities the Association assembles amateur runners, and promotes the values of the Homeland War and sports as a healthy way of life.<\/p>\n\n\n\n<p>The Sisak-Moslavina County Marathoner Association \u201cHeroji ne umiru\u201d was founded in 2017 and has a membership of 150 from the Republic of Croatia and neighbouring Bosnia and Herzegovina. They organize about 40 marathons yearly.<\/p>\n\n\n\n<p>The Associations\u2019 representatives noted that by means of marathons they commemorate key events from the Homeland War with the goal that they never be forgotten and at the same time promote sports as a healthy way of life. They held a number of memorial runs and, besides observing significant anniversaries of operations \u201cBljesak\u201c (Flash), \u201cOluja\u201c (Storm), \u201cMaslenica\u201c and \u201c\u0160kabrnja\u201c, they held a run in memory of the firefighters who perished on Kornati islands. This year they also organized the first memorial run of international character, which was held on 20 November from Novi Travnik to Vitez. It included memorials in Novi Travnik, Bu\u010di\u0107i, Nevi\u0107 Polje, Prahulje, Grgino Polje, Nova Bila, Jadrol, war hospital, Kri\u017ean\u010devo Selo and Vitez. They further announced today a plan to hold a memorial run for Korita, near Novska, as well as a new project for shooting a documentary.<\/p>\n\n\n\n<p>At the meeting with President Milanovi\u0107 were Association president Igor Vukovi\u0107, Board of Directors president Danijel Tomac, member Alen \u010cau\u0161evi\u0107 and honorary member Du\u0161ko \u0160trbac. Alongside President Milanovi\u0107 was the Special Adviser to the President for Homeland War Veterans Marijan Marekovi\u0107.<\/p>\n\n\n<!--GALLERY BLOCK-->\n<div class=\"c-lightbox-gallery js-lightbox\">\n                <!--single-->\n            <a data-no-swup class=\"c-lightbox-gallery__single js-lightbox-single\"\n               href=\"https:\/\/www.predsjednik.hr\/wp-content\/uploads\/2021\/11\/DSC_7714-1024x732.jpg\"\n               style=\"background-image: url('https:\/\/www.predsjednik.hr\/wp-content\/uploads\/2021\/11\/DSC_7714-768x549.jpg')\"><\/a>\n            <!--end single-->\n                    <!--single-->\n            <a data-no-swup class=\"c-lightbox-gallery__single js-lightbox-single\"\n               href=\"https:\/\/www.predsjednik.hr\/wp-content\/uploads\/2021\/11\/DSC_7725-1024x731.jpg\"\n               style=\"background-image: url('https:\/\/www.predsjednik.hr\/wp-content\/uploads\/2021\/11\/DSC_7725-768x549.jpg')\"><\/a>\n            <!--end single-->\n                    <!--single-->\n            <a data-no-swup class=\"c-lightbox-gallery__single js-lightbox-single\"\n               href=\"https:\/\/www.predsjednik.hr\/wp-content\/uploads\/2021\/11\/DSC_7748-1024x576.jpg\"\n               style=\"background-image: url('https:\/\/www.predsjednik.hr\/wp-content\/uploads\/2021\/11\/DSC_7748-768x432.jpg')\"><\/a>\n            <!--end single-->\n        <\/div>\n<!--end GALLERY BLOCK-->\n\n\n\n<p>PHOTO: Office of the President of the Republic of Croatia \/ Filip Glas<\/p>\n","protected":false},"excerpt":{"rendered":"<p>The President of the Republic Zoran Milanovi\u0107 received in his office today a delegation of the Marathoner Association of Sisak-Moslavina County \u201cHeroji ne umiru\u201d (Heroes Never Die). Through its activities the Association assembles amateur runners, and promotes the values of the Homeland War and sports as a healthy way of life.<\/p>\n","protected":false},"featured_media":14008,"template":"","news-cat":[12],"class_list":["post-14039","news","type-news","status-publish","has-post-thumbnail","hentry","news-cat-news"],"acf":[],"yoast_head":"<!-- This site is optimized with the Yoast SEO plugin v27.5 - https:\/\/yoast.com\/product\/yoast-seo-wordpress\/ -->\n<title>President Milanovi\u0107 Receives Delegation of Marathoner Association \u201cHeroji ne umiru\u201c - President of the Republic of Croatia - Zoran Milanovi\u0107<\/title>\n<meta name=\"robots\" content=\"index, follow, max-snippet:-1, max-image-preview:large, max-video-preview:-1\" \/>\n<link rel=\"canonical\" href=\"https:\/\/www.predsjednik.hr\/en\/news\/president-milanovic-receives-delegation-of-marathoner-association-heroji-ne-umiru\/\" \/>\n<meta property=\"og:locale\" content=\"en_US\" \/>\n<meta property=\"og:type\" content=\"article\" \/>\n<meta property=\"og:title\" content=\"President Milanovi\u0107 Receives Delegation of Marathoner Association \u201cHeroji ne umiru\u201c - President of the Republic of Croatia - Zoran Milanovi\u0107\" \/>\n<meta property=\"og:description\" content=\"The President of the Republic Zoran Milanovi\u0107 received in his office today a delegation of the Marathoner Association of Sisak-Moslavina County \u201cHeroji ne umiru\u201d (Heroes Never Die). Through its activities the Association assembles amateur runners, and promotes the values of the Homeland War and sports as a healthy way of life.\" \/>\n<meta property=\"og:url\" content=\"https:\/\/www.predsjednik.hr\/en\/news\/president-milanovic-receives-delegation-of-marathoner-association-heroji-ne-umiru\/\" \/>\n<meta property=\"og:site_name\" content=\"President of the Republic of Croatia - Zoran Milanovi\u0107\" \/>\n<meta property=\"article:modified_time\" content=\"2021-11-24T12:15:49+00:00\" \/>\n<meta property=\"og:image\" content=\"https:\/\/www.predsjednik.hr\/wp-content\/uploads\/2021\/11\/DSC_7748.jpg\" \/>\n\t<meta property=\"og:image:width\" content=\"5982\" \/>\n\t<meta property=\"og:image:height\" content=\"3365\" \/>\n\t<meta property=\"og:image:type\" content=\"image\/jpeg\" \/>\n<meta name=\"twitter:card\" content=\"summary_large_image\" \/>\n<meta name=\"twitter:label1\" content=\"Est. reading time\" \/>\n\t<meta name=\"twitter:data1\" content=\"2 minutes\" \/>\n<script type=\"application\/ld+json\" class=\"yoast-schema-graph\">{\"@context\":\"https:\\\/\\\/schema.org\",\"@graph\":[{\"@type\":\"WebPage\",\"@id\":\"https:\\\/\\\/www.predsjednik.hr\\\/en\\\/news\\\/president-milanovic-receives-delegation-of-marathoner-association-heroji-ne-umiru\\\/\",\"url\":\"https:\\\/\\\/www.predsjednik.hr\\\/en\\\/news\\\/president-milanovic-receives-delegation-of-marathoner-association-heroji-ne-umiru\\\/\",\"name\":\"President Milanovi\u0107 Receives Delegation of Marathoner Association \u201cHeroji ne umiru\u201c - President of the Republic of Croatia - Zoran Milanovi\u0107\",\"isPartOf\":{\"@id\":\"https:\\\/\\\/www.predsjednik.hr\\\/en\\\/#website\"},\"primaryImageOfPage\":{\"@id\":\"https:\\\/\\\/www.predsjednik.hr\\\/en\\\/news\\\/president-milanovic-receives-delegation-of-marathoner-association-heroji-ne-umiru\\\/#primaryimage\"},\"image\":{\"@id\":\"https:\\\/\\\/www.predsjednik.hr\\\/en\\\/news\\\/president-milanovic-receives-delegation-of-marathoner-association-heroji-ne-umiru\\\/#primaryimage\"},\"thumbnailUrl\":\"https:\\\/\\\/www.predsjednik.hr\\\/wp-content\\\/uploads\\\/2021\\\/11\\\/DSC_7748.jpg\",\"datePublished\":\"2021-11-23T13:40:00+00:00\",\"dateModified\":\"2021-11-24T12:15:49+00:00\",\"breadcrumb\":{\"@id\":\"https:\\\/\\\/www.predsjednik.hr\\\/en\\\/news\\\/president-milanovic-receives-delegation-of-marathoner-association-heroji-ne-umiru\\\/#breadcrumb\"},\"inLanguage\":\"en-US\",\"potentialAction\":[{\"@type\":\"ReadAction\",\"target\":[\"https:\\\/\\\/www.predsjednik.hr\\\/en\\\/news\\\/president-milanovic-receives-delegation-of-marathoner-association-heroji-ne-umiru\\\/\"]}]},{\"@type\":\"ImageObject\",\"inLanguage\":\"en-US\",\"@id\":\"https:\\\/\\\/www.predsjednik.hr\\\/en\\\/news\\\/president-milanovic-receives-delegation-of-marathoner-association-heroji-ne-umiru\\\/#primaryimage\",\"url\":\"https:\\\/\\\/www.predsjednik.hr\\\/wp-content\\\/uploads\\\/2021\\\/11\\\/DSC_7748.jpg\",\"contentUrl\":\"https:\\\/\\\/www.predsjednik.hr\\\/wp-content\\\/uploads\\\/2021\\\/11\\\/DSC_7748.jpg\",\"width\":5982,\"height\":3365,\"caption\":\"President Milanovi\u0107 Receives Delegation of Marathoner Association \u201cHeroji ne umiru\u201c\"},{\"@type\":\"BreadcrumbList\",\"@id\":\"https:\\\/\\\/www.predsjednik.hr\\\/en\\\/news\\\/president-milanovic-receives-delegation-of-marathoner-association-heroji-ne-umiru\\\/#breadcrumb\",\"itemListElement\":[{\"@type\":\"ListItem\",\"position\":1,\"name\":\"Home\",\"item\":\"https:\\\/\\\/www.predsjednik.hr\\\/en\\\/\"},{\"@type\":\"ListItem\",\"position\":2,\"name\":\"Vijesti\",\"item\":\"https:\\\/\\\/www.predsjednik.hr\\\/en\\\/news\\\/\"},{\"@type\":\"ListItem\",\"position\":3,\"name\":\"President Milanovi\u0107 Receives Delegation of Marathoner Association \u201cHeroji ne umiru\u201c\"}]},{\"@type\":\"WebSite\",\"@id\":\"https:\\\/\\\/www.predsjednik.hr\\\/en\\\/#website\",\"url\":\"https:\\\/\\\/www.predsjednik.hr\\\/en\\\/\",\"name\":\"President of the Republic of Croatia - Zoran Milanovi\u0107\",\"description\":\"Just another WordPress site\",\"potentialAction\":[{\"@type\":\"SearchAction\",\"target\":{\"@type\":\"EntryPoint\",\"urlTemplate\":\"https:\\\/\\\/www.predsjednik.hr\\\/en\\\/?s={search_term_string}\"},\"query-input\":{\"@type\":\"PropertyValueSpecification\",\"valueRequired\":true,\"valueName\":\"search_term_string\"}}],\"inLanguage\":\"en-US\"}]}<\/script>\n<!-- \/ Yoast SEO plugin. -->","yoast_head_json":{"title":"President Milanovi\u0107 Receives Delegation of Marathoner Association \u201cHeroji ne umiru\u201c - President of the Republic of Croatia - Zoran Milanovi\u0107","robots":{"index":"index","follow":"follow","max-snippet":"max-snippet:-1","max-image-preview":"max-image-preview:large","max-video-preview":"max-video-preview:-1"},"canonical":"https:\/\/www.predsjednik.hr\/en\/news\/president-milanovic-receives-delegation-of-marathoner-association-heroji-ne-umiru\/","og_locale":"en_US","og_type":"article","og_title":"President Milanovi\u0107 Receives Delegation of Marathoner Association \u201cHeroji ne umiru\u201c - President of the Republic of Croatia - Zoran Milanovi\u0107","og_description":"The President of the Republic Zoran Milanovi\u0107 received in his office today a delegation of the Marathoner Association of Sisak-Moslavina County \u201cHeroji ne umiru\u201d (Heroes Never Die). Through its activities the Association assembles amateur runners, and promotes the values of the Homeland War and sports as a healthy way of life.","og_url":"https:\/\/www.predsjednik.hr\/en\/news\/president-milanovic-receives-delegation-of-marathoner-association-heroji-ne-umiru\/","og_site_name":"President of the Republic of Croatia - Zoran Milanovi\u0107","article_modified_time":"2021-11-24T12:15:49+00:00","og_image":[{"width":5982,"height":3365,"url":"https:\/\/www.predsjednik.hr\/wp-content\/uploads\/2021\/11\/DSC_7748.jpg","type":"image\/jpeg"}],"twitter_card":"summary_large_image","twitter_misc":{"Est. reading time":"2 minutes"},"schema":{"@context":"https:\/\/schema.org","@graph":[{"@type":"WebPage","@id":"https:\/\/www.predsjednik.hr\/en\/news\/president-milanovic-receives-delegation-of-marathoner-association-heroji-ne-umiru\/","url":"https:\/\/www.predsjednik.hr\/en\/news\/president-milanovic-receives-delegation-of-marathoner-association-heroji-ne-umiru\/","name":"President Milanovi\u0107 Receives Delegation of Marathoner Association \u201cHeroji ne umiru\u201c - President of the Republic of Croatia - Zoran Milanovi\u0107","isPartOf":{"@id":"https:\/\/www.predsjednik.hr\/en\/#website"},"primaryImageOfPage":{"@id":"https:\/\/www.predsjednik.hr\/en\/news\/president-milanovic-receives-delegation-of-marathoner-association-heroji-ne-umiru\/#primaryimage"},"image":{"@id":"https:\/\/www.predsjednik.hr\/en\/news\/president-milanovic-receives-delegation-of-marathoner-association-heroji-ne-umiru\/#primaryimage"},"thumbnailUrl":"https:\/\/www.predsjednik.hr\/wp-content\/uploads\/2021\/11\/DSC_7748.jpg","datePublished":"2021-11-23T13:40:00+00:00","dateModified":"2021-11-24T12:15:49+00:00","breadcrumb":{"@id":"https:\/\/www.predsjednik.hr\/en\/news\/president-milanovic-receives-delegation-of-marathoner-association-heroji-ne-umiru\/#breadcrumb"},"inLanguage":"en-US","potentialAction":[{"@type":"ReadAction","target":["https:\/\/www.predsjednik.hr\/en\/news\/president-milanovic-receives-delegation-of-marathoner-association-heroji-ne-umiru\/"]}]},{"@type":"ImageObject","inLanguage":"en-US","@id":"https:\/\/www.predsjednik.hr\/en\/news\/president-milanovic-receives-delegation-of-marathoner-association-heroji-ne-umiru\/#primaryimage","url":"https:\/\/www.predsjednik.hr\/wp-content\/uploads\/2021\/11\/DSC_7748.jpg","contentUrl":"https:\/\/www.predsjednik.hr\/wp-content\/uploads\/2021\/11\/DSC_7748.jpg","width":5982,"height":3365,"caption":"President Milanovi\u0107 Receives Delegation of Marathoner Association \u201cHeroji ne umiru\u201c"},{"@type":"BreadcrumbList","@id":"https:\/\/www.predsjednik.hr\/en\/news\/president-milanovic-receives-delegation-of-marathoner-association-heroji-ne-umiru\/#breadcrumb","itemListElement":[{"@type":"ListItem","position":1,"name":"Home","item":"https:\/\/www.predsjednik.hr\/en\/"},{"@type":"ListItem","position":2,"name":"Vijesti","item":"https:\/\/www.predsjednik.hr\/en\/news\/"},{"@type":"ListItem","position":3,"name":"President Milanovi\u0107 Receives Delegation of Marathoner Association \u201cHeroji ne umiru\u201c"}]},{"@type":"WebSite","@id":"https:\/\/www.predsjednik.hr\/en\/#website","url":"https:\/\/www.predsjednik.hr\/en\/","name":"President of the Republic of Croatia - Zoran Milanovi\u0107","description":"Just another WordPress site","potentialAction":[{"@type":"SearchAction","target":{"@type":"EntryPoint","urlTemplate":"https:\/\/www.predsjednik.hr\/en\/?s={search_term_string}"},"query-input":{"@type":"PropertyValueSpecification","valueRequired":true,"valueName":"search_term_string"}}],"inLanguage":"en-US"}]}},"_links":{"self":[{"href":"https:\/\/www.predsjednik.hr\/en\/wp-json\/wp\/v2\/news\/14039","targetHints":{"allow":["GET"]}}],"collection":[{"href":"https:\/\/www.predsjednik.hr\/en\/wp-json\/wp\/v2\/news"}],"about":[{"href":"https:\/\/www.predsjednik.hr\/en\/wp-json\/wp\/v2\/types\/news"}],"wp:featuredmedia":[{"embeddable":true,"href":"https:\/\/www.predsjednik.hr\/en\/wp-json\/wp\/v2\/media\/14008"}],"wp:attachment":[{"href":"https:\/\/www.predsjednik.hr\/en\/wp-json\/wp\/v2\/media?parent=14039"}],"wp:term":[{"taxonomy":"news-cat","embeddable":true,"href":"https:\/\/www.predsjednik.hr\/en\/wp-json\/wp\/v2\/news-cat?post=14039"}],"curies":[{"name":"wp","href":"https:\/\/api.w.org\/{rel}","templated":true}]}}