{"id":14201,"date":"2021-11-26T13:40:30","date_gmt":"2021-11-26T12:40:30","guid":{"rendered":"https:\/\/www.predsjednik.hr\/?post_type=news&#038;p=14201"},"modified":"2021-11-26T13:40:32","modified_gmt":"2021-11-26T12:40:32","slug":"president-milanovic-presents-first-ranks-to-officers-enrolled-in-12th-generation-of-basic-officer-training","status":"publish","type":"news","link":"https:\/\/www.predsjednik.hr\/en\/news\/president-milanovic-presents-first-ranks-to-officers-enrolled-in-12th-generation-of-basic-officer-training\/","title":{"rendered":"President Milanovi\u0107 Presents First Ranks to Officers Enrolled in 12th Generation of Basic Officer Training"},"content":{"rendered":"\n<p>The President of the Republic and Commander in Chief of the Croatian Armed Forces Zoran Milanovi\u0107 presented today in his Office the first ranks to officers enrolled in the 12<sup>th<\/sup> generation of basic officer training for service in the army medical unit. The ranks were presented to Majors Marinka Dobrila, Ivanka Ercegovac and Lucija Svetina, First Lieutenants Elena Jelavi\u0107 and Andrea Marczi, and Second Lieutenants \u017deljka Gali\u0107 and Mirna Orlovi\u0107.<\/p>\n\n\n\n<p>\u201cCroatian Army officers, doctors, future specialists, this is an example of good and smart planning because in the military there is nothing without financial and personal planning,\u201d President Milanovi\u0107 told army officers in his address at the event, adding that planning, programming and budgeting are among the foundations of military work that were later accepted by corporations. \u201cA lot of what the corporate world is based on was invented and implemented by the military,\u201d he said.<\/p>\n\n\n\n<p>President Milanovi\u0107 welcomed the officers to the Croatian Armed Forces and expressed his conviction and hope that they would remain in the Croatian Army for many years. \u201cThe medical calling is difficult, a lot needs to be invested, it lasts a long time, salaries are lower here, they are higher abroad, but here there is something more important than money \u2013 it is serving the homeland, and of course the good conditions that the homeland must provide for you. My message and what I ask of you \u2013 even when I will no longer be the President and Commander in Chief \u2013 is to stay in the Croatian Army. I hope that you will be repaid, just as you will do your best for its benefit,\u201d President Milanovi\u0107 concluded.<\/p>\n\n\n\n<p>The ranks, officer\u2019s daggers, certificates and proofs of completion of the first level of officer training were presented to officers by President Milanovi\u0107, Deputy Chief of the General Staff of the Croatian Armed Forces Lieutenant General Sini\u0161a Jurkovi\u0107, Deputy Commander of the Croatian Defense Academy Brigadier General Bla\u017e Beretin and Assistant Chief of the General Staff of the Croatian Armed Forces for Health Services Major General Boris Zdilar.<\/p>\n\n\n\n<p>Attending the event alongside President Milanovi\u0107 were Adviser to the President of the Republic for Defense and National Security Dragan Lozan\u010di\u0107, Special Adviser to the President of the Republic for Homeland War Veterans Marijan Marekovi\u0107, Head of the Military Schools Centre Colonel Damir Stru\u010di\u0107 and Commander of the Andrija Matija\u0161 Pauk Officer School Colonel Mirko Sto\u0161i\u0107.<\/p>\n\n\n<!--GALLERY BLOCK-->\n<div class=\"c-lightbox-gallery js-lightbox\">\n                <!--single-->\n            <a data-no-swup class=\"c-lightbox-gallery__single js-lightbox-single\"\n               href=\"https:\/\/www.predsjednik.hr\/wp-content\/uploads\/2021\/11\/DSC_6556-1024x576.jpg\"\n               style=\"background-image: url('https:\/\/www.predsjednik.hr\/wp-content\/uploads\/2021\/11\/DSC_6556-768x432.jpg')\"><\/a>\n            <!--end single-->\n                    <!--single-->\n            <a data-no-swup class=\"c-lightbox-gallery__single js-lightbox-single\"\n               href=\"https:\/\/www.predsjednik.hr\/wp-content\/uploads\/2021\/11\/DSC_6562-1024x576.jpg\"\n               style=\"background-image: url('https:\/\/www.predsjednik.hr\/wp-content\/uploads\/2021\/11\/DSC_6562-768x432.jpg')\"><\/a>\n            <!--end single-->\n                    <!--single-->\n            <a data-no-swup class=\"c-lightbox-gallery__single js-lightbox-single\"\n               href=\"https:\/\/www.predsjednik.hr\/wp-content\/uploads\/2021\/11\/DSC_6570-1-1024x576.jpg\"\n               style=\"background-image: url('https:\/\/www.predsjednik.hr\/wp-content\/uploads\/2021\/11\/DSC_6570-1-768x432.jpg')\"><\/a>\n            <!--end single-->\n                    <!--single-->\n            <a data-no-swup class=\"c-lightbox-gallery__single js-lightbox-single\"\n               href=\"https:\/\/www.predsjednik.hr\/wp-content\/uploads\/2021\/11\/DSC_6600-1024x576.jpg\"\n               style=\"background-image: url('https:\/\/www.predsjednik.hr\/wp-content\/uploads\/2021\/11\/DSC_6600-768x432.jpg')\"><\/a>\n            <!--end single-->\n                    <!--single-->\n            <a data-no-swup class=\"c-lightbox-gallery__single js-lightbox-single\"\n               href=\"https:\/\/www.predsjednik.hr\/wp-content\/uploads\/2021\/11\/DSC_6604-1-1024x576.jpg\"\n               style=\"background-image: url('https:\/\/www.predsjednik.hr\/wp-content\/uploads\/2021\/11\/DSC_6604-1-768x432.jpg')\"><\/a>\n            <!--end single-->\n                    <!--single-->\n            <a data-no-swup class=\"c-lightbox-gallery__single js-lightbox-single\"\n               href=\"https:\/\/www.predsjednik.hr\/wp-content\/uploads\/2021\/11\/DSC_9655-1024x576.jpg\"\n               style=\"background-image: url('https:\/\/www.predsjednik.hr\/wp-content\/uploads\/2021\/11\/DSC_9655-768x432.jpg')\"><\/a>\n            <!--end single-->\n                    <!--single-->\n            <a data-no-swup class=\"c-lightbox-gallery__single js-lightbox-single\"\n               href=\"https:\/\/www.predsjednik.hr\/wp-content\/uploads\/2021\/11\/DSC_9704-1024x731.jpg\"\n               style=\"background-image: url('https:\/\/www.predsjednik.hr\/wp-content\/uploads\/2021\/11\/DSC_9704-768x549.jpg')\"><\/a>\n            <!--end single-->\n                    <!--single-->\n            <a data-no-swup class=\"c-lightbox-gallery__single js-lightbox-single\"\n               href=\"https:\/\/www.predsjednik.hr\/wp-content\/uploads\/2021\/11\/DSC_9740-1024x731.jpg\"\n               style=\"background-image: url('https:\/\/www.predsjednik.hr\/wp-content\/uploads\/2021\/11\/DSC_9740-768x549.jpg')\"><\/a>\n            <!--end single-->\n                    <!--single-->\n            <a data-no-swup class=\"c-lightbox-gallery__single js-lightbox-single\"\n               href=\"https:\/\/www.predsjednik.hr\/wp-content\/uploads\/2021\/11\/DSC_9788-1024x576.jpg\"\n               style=\"background-image: url('https:\/\/www.predsjednik.hr\/wp-content\/uploads\/2021\/11\/DSC_9788-768x432.jpg')\"><\/a>\n            <!--end single-->\n                    <!--single-->\n            <a data-no-swup class=\"c-lightbox-gallery__single js-lightbox-single\"\n               href=\"https:\/\/www.predsjednik.hr\/wp-content\/uploads\/2021\/11\/DSC_9797-1024x576.jpg\"\n               style=\"background-image: url('https:\/\/www.predsjednik.hr\/wp-content\/uploads\/2021\/11\/DSC_9797-768x432.jpg')\"><\/a>\n            <!--end single-->\n                    <!--single-->\n            <a data-no-swup class=\"c-lightbox-gallery__single js-lightbox-single\"\n               href=\"https:\/\/www.predsjednik.hr\/wp-content\/uploads\/2021\/11\/DSC_9825-1024x731.jpg\"\n               style=\"background-image: url('https:\/\/www.predsjednik.hr\/wp-content\/uploads\/2021\/11\/DSC_9825-768x549.jpg')\"><\/a>\n            <!--end single-->\n                    <!--single-->\n            <a data-no-swup class=\"c-lightbox-gallery__single js-lightbox-single\"\n               href=\"https:\/\/www.predsjednik.hr\/wp-content\/uploads\/2021\/11\/DSC_9861-1024x576.jpg\"\n               style=\"background-image: url('https:\/\/www.predsjednik.hr\/wp-content\/uploads\/2021\/11\/DSC_9861-768x432.jpg')\"><\/a>\n            <!--end single-->\n                    <!--single-->\n            <a data-no-swup class=\"c-lightbox-gallery__single js-lightbox-single\"\n               href=\"https:\/\/www.predsjednik.hr\/wp-content\/uploads\/2021\/11\/DSC_9886-1024x732.jpg\"\n               style=\"background-image: url('https:\/\/www.predsjednik.hr\/wp-content\/uploads\/2021\/11\/DSC_9886-768x549.jpg')\"><\/a>\n            <!--end single-->\n                    <!--single-->\n            <a data-no-swup class=\"c-lightbox-gallery__single js-lightbox-single\"\n               href=\"https:\/\/www.predsjednik.hr\/wp-content\/uploads\/2021\/11\/DSC_7073-1024x576.jpg\"\n               style=\"background-image: url('https:\/\/www.predsjednik.hr\/wp-content\/uploads\/2021\/11\/DSC_7073-768x432.jpg')\"><\/a>\n            <!--end single-->\n                    <!--single-->\n            <a data-no-swup class=\"c-lightbox-gallery__single js-lightbox-single\"\n               href=\"https:\/\/www.predsjednik.hr\/wp-content\/uploads\/2021\/11\/DSC_0003-1024x576.jpg\"\n               style=\"background-image: url('https:\/\/www.predsjednik.hr\/wp-content\/uploads\/2021\/11\/DSC_0003-768x432.jpg')\"><\/a>\n            <!--end single-->\n        <\/div>\n<!--end GALLERY BLOCK-->\n\n\n\n<p>PHOTO: Office of the President of the Republic of Croatia \/ Ana Marija Kati\u0107, Marko Beljan<\/p>\n","protected":false},"excerpt":{"rendered":"<p>The President of the Republic and Commander in Chief of the Croatian Armed Forces Zoran Milanovi\u0107 presented today in his Office the first ranks to officers enrolled in the 12th generation of basic officer training for service in the army medical unit. The ranks were presented to Majors Marinka Dobrila, Ivanka Ercegovac and Lucija Svetina, First Lieutenants Elena Jelavi\u0107 and Andrea Marczi, and Second Lieutenants \u017deljka Gali\u0107 and Mirna Orlovi\u0107.<\/p>\n","protected":false},"featured_media":14191,"template":"","news-cat":[12],"class_list":["post-14201","news","type-news","status-publish","has-post-thumbnail","hentry","news-cat-news"],"acf":[],"yoast_head":"<!-- This site is optimized with the Yoast SEO plugin v27.5 - https:\/\/yoast.com\/product\/yoast-seo-wordpress\/ -->\n<title>President Milanovi\u0107 Presents First Ranks to Officers Enrolled in 12th Generation of Basic Officer Training - President of the Republic of Croatia - Zoran Milanovi\u0107<\/title>\n<meta name=\"robots\" content=\"index, follow, max-snippet:-1, max-image-preview:large, max-video-preview:-1\" \/>\n<link rel=\"canonical\" href=\"https:\/\/www.predsjednik.hr\/en\/news\/president-milanovic-presents-first-ranks-to-officers-enrolled-in-12th-generation-of-basic-officer-training\/\" \/>\n<meta property=\"og:locale\" content=\"en_US\" \/>\n<meta property=\"og:type\" content=\"article\" \/>\n<meta property=\"og:title\" content=\"President Milanovi\u0107 Presents First Ranks to Officers Enrolled in 12th Generation of Basic Officer Training - President of the Republic of Croatia - Zoran Milanovi\u0107\" \/>\n<meta property=\"og:description\" content=\"The President of the Republic and Commander in Chief of the Croatian Armed Forces Zoran Milanovi\u0107 presented today in his Office the first ranks to officers enrolled in the 12th generation of basic officer training for service in the army medical unit. The ranks were presented to Majors Marinka Dobrila, Ivanka Ercegovac and Lucija Svetina, First Lieutenants Elena Jelavi\u0107 and Andrea Marczi, and Second Lieutenants \u017deljka Gali\u0107 and Mirna Orlovi\u0107.\" \/>\n<meta property=\"og:url\" content=\"https:\/\/www.predsjednik.hr\/en\/news\/president-milanovic-presents-first-ranks-to-officers-enrolled-in-12th-generation-of-basic-officer-training\/\" \/>\n<meta property=\"og:site_name\" content=\"President of the Republic of Croatia - Zoran Milanovi\u0107\" \/>\n<meta property=\"article:modified_time\" content=\"2021-11-26T12:40:32+00:00\" \/>\n<meta property=\"og:image\" content=\"https:\/\/www.predsjednik.hr\/wp-content\/uploads\/2021\/11\/DSC_0003.jpg\" \/>\n\t<meta property=\"og:image:width\" content=\"5045\" \/>\n\t<meta property=\"og:image:height\" content=\"2838\" \/>\n\t<meta property=\"og:image:type\" content=\"image\/jpeg\" \/>\n<meta name=\"twitter:card\" content=\"summary_large_image\" \/>\n<meta name=\"twitter:label1\" content=\"Est. reading time\" \/>\n\t<meta name=\"twitter:data1\" content=\"2 minutes\" \/>\n<script type=\"application\/ld+json\" class=\"yoast-schema-graph\">{\"@context\":\"https:\\\/\\\/schema.org\",\"@graph\":[{\"@type\":\"WebPage\",\"@id\":\"https:\\\/\\\/www.predsjednik.hr\\\/en\\\/news\\\/president-milanovic-presents-first-ranks-to-officers-enrolled-in-12th-generation-of-basic-officer-training\\\/\",\"url\":\"https:\\\/\\\/www.predsjednik.hr\\\/en\\\/news\\\/president-milanovic-presents-first-ranks-to-officers-enrolled-in-12th-generation-of-basic-officer-training\\\/\",\"name\":\"President Milanovi\u0107 Presents First Ranks to Officers Enrolled in 12th Generation of Basic Officer Training - President of the Republic of Croatia - Zoran Milanovi\u0107\",\"isPartOf\":{\"@id\":\"https:\\\/\\\/www.predsjednik.hr\\\/en\\\/#website\"},\"primaryImageOfPage\":{\"@id\":\"https:\\\/\\\/www.predsjednik.hr\\\/en\\\/news\\\/president-milanovic-presents-first-ranks-to-officers-enrolled-in-12th-generation-of-basic-officer-training\\\/#primaryimage\"},\"image\":{\"@id\":\"https:\\\/\\\/www.predsjednik.hr\\\/en\\\/news\\\/president-milanovic-presents-first-ranks-to-officers-enrolled-in-12th-generation-of-basic-officer-training\\\/#primaryimage\"},\"thumbnailUrl\":\"https:\\\/\\\/www.predsjednik.hr\\\/wp-content\\\/uploads\\\/2021\\\/11\\\/DSC_0003.jpg\",\"datePublished\":\"2021-11-26T12:40:30+00:00\",\"dateModified\":\"2021-11-26T12:40:32+00:00\",\"breadcrumb\":{\"@id\":\"https:\\\/\\\/www.predsjednik.hr\\\/en\\\/news\\\/president-milanovic-presents-first-ranks-to-officers-enrolled-in-12th-generation-of-basic-officer-training\\\/#breadcrumb\"},\"inLanguage\":\"en-US\",\"potentialAction\":[{\"@type\":\"ReadAction\",\"target\":[\"https:\\\/\\\/www.predsjednik.hr\\\/en\\\/news\\\/president-milanovic-presents-first-ranks-to-officers-enrolled-in-12th-generation-of-basic-officer-training\\\/\"]}]},{\"@type\":\"ImageObject\",\"inLanguage\":\"en-US\",\"@id\":\"https:\\\/\\\/www.predsjednik.hr\\\/en\\\/news\\\/president-milanovic-presents-first-ranks-to-officers-enrolled-in-12th-generation-of-basic-officer-training\\\/#primaryimage\",\"url\":\"https:\\\/\\\/www.predsjednik.hr\\\/wp-content\\\/uploads\\\/2021\\\/11\\\/DSC_0003.jpg\",\"contentUrl\":\"https:\\\/\\\/www.predsjednik.hr\\\/wp-content\\\/uploads\\\/2021\\\/11\\\/DSC_0003.jpg\",\"width\":5045,\"height\":2838,\"caption\":\"Predsjednik Milanovi\u0107 uru\u010dio prve \u010dasni\u010dke \u010dinove polaznicama 12. nara\u0161taja temeljne \u010dasni\u010dke izobrazbe\"},{\"@type\":\"BreadcrumbList\",\"@id\":\"https:\\\/\\\/www.predsjednik.hr\\\/en\\\/news\\\/president-milanovic-presents-first-ranks-to-officers-enrolled-in-12th-generation-of-basic-officer-training\\\/#breadcrumb\",\"itemListElement\":[{\"@type\":\"ListItem\",\"position\":1,\"name\":\"Home\",\"item\":\"https:\\\/\\\/www.predsjednik.hr\\\/en\\\/\"},{\"@type\":\"ListItem\",\"position\":2,\"name\":\"Vijesti\",\"item\":\"https:\\\/\\\/www.predsjednik.hr\\\/en\\\/news\\\/\"},{\"@type\":\"ListItem\",\"position\":3,\"name\":\"President Milanovi\u0107 Presents First Ranks to Officers Enrolled in 12th Generation of Basic Officer Training\"}]},{\"@type\":\"WebSite\",\"@id\":\"https:\\\/\\\/www.predsjednik.hr\\\/en\\\/#website\",\"url\":\"https:\\\/\\\/www.predsjednik.hr\\\/en\\\/\",\"name\":\"President of the Republic of Croatia - Zoran Milanovi\u0107\",\"description\":\"Just another WordPress site\",\"potentialAction\":[{\"@type\":\"SearchAction\",\"target\":{\"@type\":\"EntryPoint\",\"urlTemplate\":\"https:\\\/\\\/www.predsjednik.hr\\\/en\\\/?s={search_term_string}\"},\"query-input\":{\"@type\":\"PropertyValueSpecification\",\"valueRequired\":true,\"valueName\":\"search_term_string\"}}],\"inLanguage\":\"en-US\"}]}<\/script>\n<!-- \/ Yoast SEO plugin. -->","yoast_head_json":{"title":"President Milanovi\u0107 Presents First Ranks to Officers Enrolled in 12th Generation of Basic Officer Training - President of the Republic of Croatia - Zoran Milanovi\u0107","robots":{"index":"index","follow":"follow","max-snippet":"max-snippet:-1","max-image-preview":"max-image-preview:large","max-video-preview":"max-video-preview:-1"},"canonical":"https:\/\/www.predsjednik.hr\/en\/news\/president-milanovic-presents-first-ranks-to-officers-enrolled-in-12th-generation-of-basic-officer-training\/","og_locale":"en_US","og_type":"article","og_title":"President Milanovi\u0107 Presents First Ranks to Officers Enrolled in 12th Generation of Basic Officer Training - President of the Republic of Croatia - Zoran Milanovi\u0107","og_description":"The President of the Republic and Commander in Chief of the Croatian Armed Forces Zoran Milanovi\u0107 presented today in his Office the first ranks to officers enrolled in the 12th generation of basic officer training for service in the army medical unit. The ranks were presented to Majors Marinka Dobrila, Ivanka Ercegovac and Lucija Svetina, First Lieutenants Elena Jelavi\u0107 and Andrea Marczi, and Second Lieutenants \u017deljka Gali\u0107 and Mirna Orlovi\u0107.","og_url":"https:\/\/www.predsjednik.hr\/en\/news\/president-milanovic-presents-first-ranks-to-officers-enrolled-in-12th-generation-of-basic-officer-training\/","og_site_name":"President of the Republic of Croatia - Zoran Milanovi\u0107","article_modified_time":"2021-11-26T12:40:32+00:00","og_image":[{"width":5045,"height":2838,"url":"https:\/\/www.predsjednik.hr\/wp-content\/uploads\/2021\/11\/DSC_0003.jpg","type":"image\/jpeg"}],"twitter_card":"summary_large_image","twitter_misc":{"Est. reading time":"2 minutes"},"schema":{"@context":"https:\/\/schema.org","@graph":[{"@type":"WebPage","@id":"https:\/\/www.predsjednik.hr\/en\/news\/president-milanovic-presents-first-ranks-to-officers-enrolled-in-12th-generation-of-basic-officer-training\/","url":"https:\/\/www.predsjednik.hr\/en\/news\/president-milanovic-presents-first-ranks-to-officers-enrolled-in-12th-generation-of-basic-officer-training\/","name":"President Milanovi\u0107 Presents First Ranks to Officers Enrolled in 12th Generation of Basic Officer Training - President of the Republic of Croatia - Zoran Milanovi\u0107","isPartOf":{"@id":"https:\/\/www.predsjednik.hr\/en\/#website"},"primaryImageOfPage":{"@id":"https:\/\/www.predsjednik.hr\/en\/news\/president-milanovic-presents-first-ranks-to-officers-enrolled-in-12th-generation-of-basic-officer-training\/#primaryimage"},"image":{"@id":"https:\/\/www.predsjednik.hr\/en\/news\/president-milanovic-presents-first-ranks-to-officers-enrolled-in-12th-generation-of-basic-officer-training\/#primaryimage"},"thumbnailUrl":"https:\/\/www.predsjednik.hr\/wp-content\/uploads\/2021\/11\/DSC_0003.jpg","datePublished":"2021-11-26T12:40:30+00:00","dateModified":"2021-11-26T12:40:32+00:00","breadcrumb":{"@id":"https:\/\/www.predsjednik.hr\/en\/news\/president-milanovic-presents-first-ranks-to-officers-enrolled-in-12th-generation-of-basic-officer-training\/#breadcrumb"},"inLanguage":"en-US","potentialAction":[{"@type":"ReadAction","target":["https:\/\/www.predsjednik.hr\/en\/news\/president-milanovic-presents-first-ranks-to-officers-enrolled-in-12th-generation-of-basic-officer-training\/"]}]},{"@type":"ImageObject","inLanguage":"en-US","@id":"https:\/\/www.predsjednik.hr\/en\/news\/president-milanovic-presents-first-ranks-to-officers-enrolled-in-12th-generation-of-basic-officer-training\/#primaryimage","url":"https:\/\/www.predsjednik.hr\/wp-content\/uploads\/2021\/11\/DSC_0003.jpg","contentUrl":"https:\/\/www.predsjednik.hr\/wp-content\/uploads\/2021\/11\/DSC_0003.jpg","width":5045,"height":2838,"caption":"Predsjednik Milanovi\u0107 uru\u010dio prve \u010dasni\u010dke \u010dinove polaznicama 12. nara\u0161taja temeljne \u010dasni\u010dke izobrazbe"},{"@type":"BreadcrumbList","@id":"https:\/\/www.predsjednik.hr\/en\/news\/president-milanovic-presents-first-ranks-to-officers-enrolled-in-12th-generation-of-basic-officer-training\/#breadcrumb","itemListElement":[{"@type":"ListItem","position":1,"name":"Home","item":"https:\/\/www.predsjednik.hr\/en\/"},{"@type":"ListItem","position":2,"name":"Vijesti","item":"https:\/\/www.predsjednik.hr\/en\/news\/"},{"@type":"ListItem","position":3,"name":"President Milanovi\u0107 Presents First Ranks to Officers Enrolled in 12th Generation of Basic Officer Training"}]},{"@type":"WebSite","@id":"https:\/\/www.predsjednik.hr\/en\/#website","url":"https:\/\/www.predsjednik.hr\/en\/","name":"President of the Republic of Croatia - Zoran Milanovi\u0107","description":"Just another WordPress site","potentialAction":[{"@type":"SearchAction","target":{"@type":"EntryPoint","urlTemplate":"https:\/\/www.predsjednik.hr\/en\/?s={search_term_string}"},"query-input":{"@type":"PropertyValueSpecification","valueRequired":true,"valueName":"search_term_string"}}],"inLanguage":"en-US"}]}},"_links":{"self":[{"href":"https:\/\/www.predsjednik.hr\/en\/wp-json\/wp\/v2\/news\/14201","targetHints":{"allow":["GET"]}}],"collection":[{"href":"https:\/\/www.predsjednik.hr\/en\/wp-json\/wp\/v2\/news"}],"about":[{"href":"https:\/\/www.predsjednik.hr\/en\/wp-json\/wp\/v2\/types\/news"}],"wp:featuredmedia":[{"embeddable":true,"href":"https:\/\/www.predsjednik.hr\/en\/wp-json\/wp\/v2\/media\/14191"}],"wp:attachment":[{"href":"https:\/\/www.predsjednik.hr\/en\/wp-json\/wp\/v2\/media?parent=14201"}],"wp:term":[{"taxonomy":"news-cat","embeddable":true,"href":"https:\/\/www.predsjednik.hr\/en\/wp-json\/wp\/v2\/news-cat?post=14201"}],"curies":[{"name":"wp","href":"https:\/\/api.w.org\/{rel}","templated":true}]}}