{"id":14298,"date":"2021-12-02T17:16:00","date_gmt":"2021-12-02T16:16:00","guid":{"rendered":"https:\/\/www.predsjednik.hr\/?post_type=news&#038;p=14298"},"modified":"2021-12-03T13:17:18","modified_gmt":"2021-12-03T12:17:18","slug":"president-milanovic-state-attorney-general-should-have-left-two-weeks-ago","status":"publish","type":"news","link":"https:\/\/www.predsjednik.hr\/en\/news\/president-milanovic-state-attorney-general-should-have-left-two-weeks-ago\/","title":{"rendered":"President Milanovi\u0107: State Attorney General Should Have Left Two Weeks Ago"},"content":{"rendered":"\n<p>The President of the Republic Zoran Milanovi\u0107 answered questions from journalists following his visit to the University of Zagreb Faculty of Mechanical Engineering and Naval Architecture, where he commented on the position of the European Commission that EU countries should open a debate about making COVID-19 vaccinations mandatory.<\/p>\n\n\n\n<p>\u201cI think this is the wrong path taken by panicked and short-sighted politicians who are afraid of their shadow and their voters, if they have any at all. I am not a traditionalist and conservative, I will never be. In this attempt to control everything, I see faltering and danger. The EU does not have the competences for that and if it does, let them say what they are. And it must not have such authority. Every further step towards EU bureaucratization is a step towards dystopia. This develops slowly, but when it becomes large-scale, it\u2019s too late. And I am not saying that these people have such intentions and want such an outcome, but their conduct paves the way for that and they have blind support for that, i.e. the obedience of Croatian politicians who don\u2019t understand anything,\u201d the President of the Republic told the members of the press.<\/p>\n\n\n\n<p>Asked by journalists to comment on the proposed adoption of the law envisaging fines for institutions not complying with the COVID-19 certificate mandate, President Milanovi\u0107 replied: \u201cThat makes no sense. It is not based on science. I repeat \u2013 get vaccinated, get booster shots. Omicron will come and go, just as the delta variant came somewhere in the midst of vaccinations. Out of fear and insecurity, people are ready to give bits and pieces of their freedom and then all of a sudden they give an entire canvas.\u201d The President recalled that in the beginning he did not talk that way about the measures taken by the Government, but he said that he now clearly sees what is going on. \u201cMany European countries have succumbed and recoiled. I have an issue with fundamental human freedoms being violated without any argument on the territory of the European Union.\u201d<\/p>\n\n\n\n<p>The President of the Republic commented also on whether the State Attorney General should resign, following a question from a journalist. \u201cShe should have left two weeks ago. She should never have been appointed. She didn\u2019t arrive at this position following a public call, but because of a deal with the HDZ. An unknown person who has never dealt with criminal law was installed in that post and she was then caught several times telling untruths, lies. This was a deliberate attempt to deceive the public. Given that this is a position with enormous power and authority over everyone subordinate and since there is no mechanism of control, this must be a person who enjoys a level of trust at least at the level of Dinko Cvitan \u2013 at least, if not more. This person and her team do not have anyone\u2019s trust and this is yet another stain on the tablecloth placed by the HDZ.\u201d<\/p>\n\n\n\n<p>Since the report of the State Attorney\u2019s Office showed that in the case of the investigation into the wrongdoing of former Minister Gabrijela \u017dalac no one did anything wrong, President Milanovi\u0107 described that as \u201ccynicism\u201d. \u201cThat\u2019s HDZ-level cynicism, when they say they are fighting corruption, and corruption does not exist without them. Systemic corruption does not exist. So, they did nothing wrong. We have a terrible problem \u2013 public trust is zero. Instead of those people being removed, they will go as righteous people. On the contrary, they should leave like thugs \u2013 not to prison, but these are incompetent people for whom this is too difficult; it is too difficult given their knowledge and experience. They are trembling, they are afraid and no one supervises them. The simplest way is to chase them away,\u201d he said.<\/p>\n\n\n\n<p>The President reiterated that \u201cthe public must trust the State Attorney General,\u201d and warned that in this case \u201cwe have another hostage crisis\u201d behind which stands Andrej Plenkovi\u0107, as in the case of the Minister of Defense. \u201cMinister Bano\u017ei\u0107 should not have been appointed to his post, even more so than Ms. Hrvoj \u0160ipek, but he is in that post and will be there as long as Plenkovi\u0107 feels or assesses that he still has the capacity to obstruct. After Macron\u2019s visit, he invited Admiral Robert Hranj for talks and then \u2018took\u2019 him to Bano\u017ei\u0107. He brought a man whom the public trusts, and that is Hranj, and a man whom the public has never trusted, and that is Bano\u017ei\u0107,\u201d President Milanovi\u0107 revealed.<\/p>\n\n\n\n<p>Journalists were interested in whether there was still a problem with the payment of per diems for soldiers whose payments were withheld by the Minister of Defense. \u201cThe only thing he can do at the moment is to ban the payment of per diems to soldiers who went to Vukovar as support to the Commander in Chief. I don\u2019t have the budget for that. I can invite my friends to settle that. That is the path to destruction. What Bano\u017ei\u0107 and Plenkovi\u0107 are doing is destroying the Croatian state. According to the Constitution, the Government is obliged to support the President and no minister will decide how many members of the President\u2019 Honorary and Protection Battalion will go to Vukovar and \u0160kabrnja, but will simply delegate this task to a lower level and it will be implemented. Precisely so the state does not become a private lair, it is the duty of Plenkovi\u0107 and Bano\u017ei\u0107 to finance the will of Croatian citizens. I was not elected by the HDZ, but by Croats, by the citizens of this country,\u201d said the President.<\/p>\n\n\n\n<p>Commenting on the letter sent by the Minister of Defense to the Chief of the General Staff of the Croatian Armed Forces Admiral Robert Hranj, the President warned that the Minister of Defense actually wrote to the Chief of the General Staff that he was a fool. \u201cThat is the summary of the minister\u2019s reply, i.e. of some criminal who wrote the letter for him. That is his response to Robert Hranj, who is Aristotle compared to him, but he is also the Chief of the General Staff. \u201cUntil Bur\u010dul is reinstated and until that leech is removed from the spine and carotid artery of Admiral Hranj, we have nothing to talk about,\u201d he said, explaining that this was not \u201cbickering,\u201d as mentioned by the journalists, but the \u201cprotection of the army from bandits,\u201d the President argued, pointing out the fact that the Minister of Defense first came into conflict with Colonel Bur\u010dul, then with Admiral Hranj and finally with the Commander in Chief.<\/p>\n","protected":false},"excerpt":{"rendered":"<p>The President of the Republic Zoran Milanovi\u0107 answered questions from journalists following his visit to the University of Zagreb Faculty of Mechanical Engineering and Naval Architecture, where he commented on the position of the European Commission that EU countries should open a debate about making COVID-19 vaccinations mandatory.<\/p>\n","protected":false},"featured_media":14283,"template":"","news-cat":[12],"class_list":["post-14298","news","type-news","status-publish","has-post-thumbnail","hentry","news-cat-news"],"acf":[],"yoast_head":"<!-- This site is optimized with the Yoast SEO plugin v27.5 - https:\/\/yoast.com\/product\/yoast-seo-wordpress\/ -->\n<title>President Milanovi\u0107: State Attorney General Should Have Left Two Weeks Ago - President of the Republic of Croatia - Zoran Milanovi\u0107<\/title>\n<meta name=\"robots\" content=\"index, follow, max-snippet:-1, max-image-preview:large, max-video-preview:-1\" \/>\n<link rel=\"canonical\" href=\"https:\/\/www.predsjednik.hr\/en\/news\/president-milanovic-state-attorney-general-should-have-left-two-weeks-ago\/\" \/>\n<meta property=\"og:locale\" content=\"en_US\" \/>\n<meta property=\"og:type\" content=\"article\" \/>\n<meta property=\"og:title\" content=\"President Milanovi\u0107: State Attorney General Should Have Left Two Weeks Ago - President of the Republic of Croatia - Zoran Milanovi\u0107\" \/>\n<meta property=\"og:description\" content=\"The President of the Republic Zoran Milanovi\u0107 answered questions from journalists following his visit to the University of Zagreb Faculty of Mechanical Engineering and Naval Architecture, where he commented on the position of the European Commission that EU countries should open a debate about making COVID-19 vaccinations mandatory.\" \/>\n<meta property=\"og:url\" content=\"https:\/\/www.predsjednik.hr\/en\/news\/president-milanovic-state-attorney-general-should-have-left-two-weeks-ago\/\" \/>\n<meta property=\"og:site_name\" content=\"President of the Republic of Croatia - Zoran Milanovi\u0107\" \/>\n<meta property=\"article:modified_time\" content=\"2021-12-03T12:17:18+00:00\" \/>\n<meta property=\"og:image\" content=\"https:\/\/www.predsjednik.hr\/wp-content\/uploads\/2021\/12\/DSC_0856.jpg\" \/>\n\t<meta property=\"og:image:width\" content=\"5496\" \/>\n\t<meta property=\"og:image:height\" content=\"3092\" \/>\n\t<meta property=\"og:image:type\" content=\"image\/jpeg\" \/>\n<meta name=\"twitter:card\" content=\"summary_large_image\" \/>\n<meta name=\"twitter:label1\" content=\"Est. reading time\" \/>\n\t<meta name=\"twitter:data1\" content=\"5 minutes\" \/>\n<script type=\"application\/ld+json\" class=\"yoast-schema-graph\">{\"@context\":\"https:\\\/\\\/schema.org\",\"@graph\":[{\"@type\":\"WebPage\",\"@id\":\"https:\\\/\\\/www.predsjednik.hr\\\/en\\\/news\\\/president-milanovic-state-attorney-general-should-have-left-two-weeks-ago\\\/\",\"url\":\"https:\\\/\\\/www.predsjednik.hr\\\/en\\\/news\\\/president-milanovic-state-attorney-general-should-have-left-two-weeks-ago\\\/\",\"name\":\"President Milanovi\u0107: State Attorney General Should Have Left Two Weeks Ago - President of the Republic of Croatia - Zoran Milanovi\u0107\",\"isPartOf\":{\"@id\":\"https:\\\/\\\/www.predsjednik.hr\\\/en\\\/#website\"},\"primaryImageOfPage\":{\"@id\":\"https:\\\/\\\/www.predsjednik.hr\\\/en\\\/news\\\/president-milanovic-state-attorney-general-should-have-left-two-weeks-ago\\\/#primaryimage\"},\"image\":{\"@id\":\"https:\\\/\\\/www.predsjednik.hr\\\/en\\\/news\\\/president-milanovic-state-attorney-general-should-have-left-two-weeks-ago\\\/#primaryimage\"},\"thumbnailUrl\":\"https:\\\/\\\/www.predsjednik.hr\\\/wp-content\\\/uploads\\\/2021\\\/12\\\/DSC_0856.jpg\",\"datePublished\":\"2021-12-02T16:16:00+00:00\",\"dateModified\":\"2021-12-03T12:17:18+00:00\",\"breadcrumb\":{\"@id\":\"https:\\\/\\\/www.predsjednik.hr\\\/en\\\/news\\\/president-milanovic-state-attorney-general-should-have-left-two-weeks-ago\\\/#breadcrumb\"},\"inLanguage\":\"en-US\",\"potentialAction\":[{\"@type\":\"ReadAction\",\"target\":[\"https:\\\/\\\/www.predsjednik.hr\\\/en\\\/news\\\/president-milanovic-state-attorney-general-should-have-left-two-weeks-ago\\\/\"]}]},{\"@type\":\"ImageObject\",\"inLanguage\":\"en-US\",\"@id\":\"https:\\\/\\\/www.predsjednik.hr\\\/en\\\/news\\\/president-milanovic-state-attorney-general-should-have-left-two-weeks-ago\\\/#primaryimage\",\"url\":\"https:\\\/\\\/www.predsjednik.hr\\\/wp-content\\\/uploads\\\/2021\\\/12\\\/DSC_0856.jpg\",\"contentUrl\":\"https:\\\/\\\/www.predsjednik.hr\\\/wp-content\\\/uploads\\\/2021\\\/12\\\/DSC_0856.jpg\",\"width\":5496,\"height\":3092},{\"@type\":\"BreadcrumbList\",\"@id\":\"https:\\\/\\\/www.predsjednik.hr\\\/en\\\/news\\\/president-milanovic-state-attorney-general-should-have-left-two-weeks-ago\\\/#breadcrumb\",\"itemListElement\":[{\"@type\":\"ListItem\",\"position\":1,\"name\":\"Home\",\"item\":\"https:\\\/\\\/www.predsjednik.hr\\\/en\\\/\"},{\"@type\":\"ListItem\",\"position\":2,\"name\":\"Vijesti\",\"item\":\"https:\\\/\\\/www.predsjednik.hr\\\/en\\\/news\\\/\"},{\"@type\":\"ListItem\",\"position\":3,\"name\":\"President Milanovi\u0107: State Attorney General Should Have Left Two Weeks Ago\"}]},{\"@type\":\"WebSite\",\"@id\":\"https:\\\/\\\/www.predsjednik.hr\\\/en\\\/#website\",\"url\":\"https:\\\/\\\/www.predsjednik.hr\\\/en\\\/\",\"name\":\"President of the Republic of Croatia - Zoran Milanovi\u0107\",\"description\":\"Just another WordPress site\",\"potentialAction\":[{\"@type\":\"SearchAction\",\"target\":{\"@type\":\"EntryPoint\",\"urlTemplate\":\"https:\\\/\\\/www.predsjednik.hr\\\/en\\\/?s={search_term_string}\"},\"query-input\":{\"@type\":\"PropertyValueSpecification\",\"valueRequired\":true,\"valueName\":\"search_term_string\"}}],\"inLanguage\":\"en-US\"}]}<\/script>\n<!-- \/ Yoast SEO plugin. -->","yoast_head_json":{"title":"President Milanovi\u0107: State Attorney General Should Have Left Two Weeks Ago - President of the Republic of Croatia - Zoran Milanovi\u0107","robots":{"index":"index","follow":"follow","max-snippet":"max-snippet:-1","max-image-preview":"max-image-preview:large","max-video-preview":"max-video-preview:-1"},"canonical":"https:\/\/www.predsjednik.hr\/en\/news\/president-milanovic-state-attorney-general-should-have-left-two-weeks-ago\/","og_locale":"en_US","og_type":"article","og_title":"President Milanovi\u0107: State Attorney General Should Have Left Two Weeks Ago - President of the Republic of Croatia - Zoran Milanovi\u0107","og_description":"The President of the Republic Zoran Milanovi\u0107 answered questions from journalists following his visit to the University of Zagreb Faculty of Mechanical Engineering and Naval Architecture, where he commented on the position of the European Commission that EU countries should open a debate about making COVID-19 vaccinations mandatory.","og_url":"https:\/\/www.predsjednik.hr\/en\/news\/president-milanovic-state-attorney-general-should-have-left-two-weeks-ago\/","og_site_name":"President of the Republic of Croatia - Zoran Milanovi\u0107","article_modified_time":"2021-12-03T12:17:18+00:00","og_image":[{"width":5496,"height":3092,"url":"https:\/\/www.predsjednik.hr\/wp-content\/uploads\/2021\/12\/DSC_0856.jpg","type":"image\/jpeg"}],"twitter_card":"summary_large_image","twitter_misc":{"Est. reading time":"5 minutes"},"schema":{"@context":"https:\/\/schema.org","@graph":[{"@type":"WebPage","@id":"https:\/\/www.predsjednik.hr\/en\/news\/president-milanovic-state-attorney-general-should-have-left-two-weeks-ago\/","url":"https:\/\/www.predsjednik.hr\/en\/news\/president-milanovic-state-attorney-general-should-have-left-two-weeks-ago\/","name":"President Milanovi\u0107: State Attorney General Should Have Left Two Weeks Ago - President of the Republic of Croatia - Zoran Milanovi\u0107","isPartOf":{"@id":"https:\/\/www.predsjednik.hr\/en\/#website"},"primaryImageOfPage":{"@id":"https:\/\/www.predsjednik.hr\/en\/news\/president-milanovic-state-attorney-general-should-have-left-two-weeks-ago\/#primaryimage"},"image":{"@id":"https:\/\/www.predsjednik.hr\/en\/news\/president-milanovic-state-attorney-general-should-have-left-two-weeks-ago\/#primaryimage"},"thumbnailUrl":"https:\/\/www.predsjednik.hr\/wp-content\/uploads\/2021\/12\/DSC_0856.jpg","datePublished":"2021-12-02T16:16:00+00:00","dateModified":"2021-12-03T12:17:18+00:00","breadcrumb":{"@id":"https:\/\/www.predsjednik.hr\/en\/news\/president-milanovic-state-attorney-general-should-have-left-two-weeks-ago\/#breadcrumb"},"inLanguage":"en-US","potentialAction":[{"@type":"ReadAction","target":["https:\/\/www.predsjednik.hr\/en\/news\/president-milanovic-state-attorney-general-should-have-left-two-weeks-ago\/"]}]},{"@type":"ImageObject","inLanguage":"en-US","@id":"https:\/\/www.predsjednik.hr\/en\/news\/president-milanovic-state-attorney-general-should-have-left-two-weeks-ago\/#primaryimage","url":"https:\/\/www.predsjednik.hr\/wp-content\/uploads\/2021\/12\/DSC_0856.jpg","contentUrl":"https:\/\/www.predsjednik.hr\/wp-content\/uploads\/2021\/12\/DSC_0856.jpg","width":5496,"height":3092},{"@type":"BreadcrumbList","@id":"https:\/\/www.predsjednik.hr\/en\/news\/president-milanovic-state-attorney-general-should-have-left-two-weeks-ago\/#breadcrumb","itemListElement":[{"@type":"ListItem","position":1,"name":"Home","item":"https:\/\/www.predsjednik.hr\/en\/"},{"@type":"ListItem","position":2,"name":"Vijesti","item":"https:\/\/www.predsjednik.hr\/en\/news\/"},{"@type":"ListItem","position":3,"name":"President Milanovi\u0107: State Attorney General Should Have Left Two Weeks Ago"}]},{"@type":"WebSite","@id":"https:\/\/www.predsjednik.hr\/en\/#website","url":"https:\/\/www.predsjednik.hr\/en\/","name":"President of the Republic of Croatia - Zoran Milanovi\u0107","description":"Just another WordPress site","potentialAction":[{"@type":"SearchAction","target":{"@type":"EntryPoint","urlTemplate":"https:\/\/www.predsjednik.hr\/en\/?s={search_term_string}"},"query-input":{"@type":"PropertyValueSpecification","valueRequired":true,"valueName":"search_term_string"}}],"inLanguage":"en-US"}]}},"_links":{"self":[{"href":"https:\/\/www.predsjednik.hr\/en\/wp-json\/wp\/v2\/news\/14298","targetHints":{"allow":["GET"]}}],"collection":[{"href":"https:\/\/www.predsjednik.hr\/en\/wp-json\/wp\/v2\/news"}],"about":[{"href":"https:\/\/www.predsjednik.hr\/en\/wp-json\/wp\/v2\/types\/news"}],"wp:featuredmedia":[{"embeddable":true,"href":"https:\/\/www.predsjednik.hr\/en\/wp-json\/wp\/v2\/media\/14283"}],"wp:attachment":[{"href":"https:\/\/www.predsjednik.hr\/en\/wp-json\/wp\/v2\/media?parent=14298"}],"wp:term":[{"taxonomy":"news-cat","embeddable":true,"href":"https:\/\/www.predsjednik.hr\/en\/wp-json\/wp\/v2\/news-cat?post=14298"}],"curies":[{"name":"wp","href":"https:\/\/api.w.org\/{rel}","templated":true}]}}