{"id":14299,"date":"2021-12-03T15:49:14","date_gmt":"2021-12-03T14:49:14","guid":{"rendered":"https:\/\/www.predsjednik.hr\/?post_type=news&#038;p=14299"},"modified":"2021-12-03T15:49:18","modified_gmt":"2021-12-03T14:49:18","slug":"president-milanovic-suvag-polyclinic-is-a-croatian-success-story-of-enthusiasm-and-love-for-this-kind-of-work","status":"publish","type":"news","link":"https:\/\/www.predsjednik.hr\/en\/news\/president-milanovic-suvag-polyclinic-is-a-croatian-success-story-of-enthusiasm-and-love-for-this-kind-of-work\/","title":{"rendered":"President Milanovi\u0107: SUVAG Polyclinic Is a Croatian Success Story of Enthusiasm and Love for this Kind of Work"},"content":{"rendered":"\n<p>On International Day of Persons with Disabilities the President of the Republic Zoran Milanovi\u0107 attended a ceremony marking the 60<sup>th<\/sup> anniversary of work of the SUVAG Polyclinic for the Rehabilitation of Listening and Speech held under his auspices.<\/p>\n\n\n\n<p>In his address at the anniversary celebration of the health institution that deals with the specialist-consultative health care of persons experiencing speech-language problems, President Milanovi\u0107 noted that his experience with the SUVAG Polyclinic was brief and thorough. \u201cYou are aware that you are dealing with a world-class institution\u201d, he said, and explained that he took his son to the Polyclinic because of his speech impairment. \u201cSince we lived abroad long enough to see the advantages and disadvantages of healthcare institutions in the richest European states, we frequently underestimate ourselves, but organizations and institutions such as SUVAG are few and far between\u201d, he added.<\/p>\n\n\n\n<p>\u201cSUVAG is indeed a result of the genius and engagement of one man\u201d, President Milanovi\u0107 stated, adding that throughout history individuals created great things\u201d. The Polyclinic would not exist if it were not for academician Guberina. \u201cThis is an invention, and there are few inventions that distinguish us. When we talk about healthcare, medicine and human health In Zagreb, there is also Andrija \u0160tampar, inventor of the antibiotic Sumamed. Great people are necessary for great things, plus the many little people who maintain and develop them, and do not allow valuable things to be destroyed, but upgrade them continuously. Without such people, meaning you, this institution would be just another story\u201d, President Milanovi\u0107 said.<\/p>\n\n\n\n<p>He concluded by saying that the SUVAG Polyclinic is a success story created with a lot of enthusiasm, love and focus. \u201cConcentration on work, affinity and love for this work evidently exist here, therefore I commend you once again for this\u201d.<\/p>\n\n\n\n<p>Also speaking at the ceremony besides President Milanovi\u0107 were the Director of the SUVAG Polyclinic Katarina Pavi\u010di\u0107 Dokoza, President of the Zagreb City Assembly Jo\u0161ko Klisovi\u0107, the State Secretary in the Ministry of Science and Education Tomislav Paljak, the State Secretary in the Ministry of Health \u017deljko Plazoni\u0107, and the Mayor of Zagreb Tomislav Toma\u0161evi\u0107.<\/p>\n\n\n<!--GALLERY BLOCK-->\n<div class=\"c-lightbox-gallery js-lightbox\">\n                <!--single-->\n            <a data-no-swup class=\"c-lightbox-gallery__single js-lightbox-single\"\n               href=\"https:\/\/www.predsjednik.hr\/wp-content\/uploads\/2021\/12\/DSC_1532-1024x576.jpg\"\n               style=\"background-image: url('https:\/\/www.predsjednik.hr\/wp-content\/uploads\/2021\/12\/DSC_1532-768x432.jpg')\"><\/a>\n            <!--end single-->\n                    <!--single-->\n            <a data-no-swup class=\"c-lightbox-gallery__single js-lightbox-single\"\n               href=\"https:\/\/www.predsjednik.hr\/wp-content\/uploads\/2021\/12\/DSC_1594-1024x576.jpg\"\n               style=\"background-image: url('https:\/\/www.predsjednik.hr\/wp-content\/uploads\/2021\/12\/DSC_1594-768x432.jpg')\"><\/a>\n            <!--end single-->\n                    <!--single-->\n            <a data-no-swup class=\"c-lightbox-gallery__single js-lightbox-single\"\n               href=\"https:\/\/www.predsjednik.hr\/wp-content\/uploads\/2021\/12\/DSC_1630-1024x576.jpg\"\n               style=\"background-image: url('https:\/\/www.predsjednik.hr\/wp-content\/uploads\/2021\/12\/DSC_1630-768x432.jpg')\"><\/a>\n            <!--end single-->\n                    <!--single-->\n            <a data-no-swup class=\"c-lightbox-gallery__single js-lightbox-single\"\n               href=\"https:\/\/www.predsjednik.hr\/wp-content\/uploads\/2021\/12\/DSC_1634-1024x576.jpg\"\n               style=\"background-image: url('https:\/\/www.predsjednik.hr\/wp-content\/uploads\/2021\/12\/DSC_1634-768x432.jpg')\"><\/a>\n            <!--end single-->\n                    <!--single-->\n            <a data-no-swup class=\"c-lightbox-gallery__single js-lightbox-single\"\n               href=\"https:\/\/www.predsjednik.hr\/wp-content\/uploads\/2021\/12\/DSC_1682-1024x576.jpg\"\n               style=\"background-image: url('https:\/\/www.predsjednik.hr\/wp-content\/uploads\/2021\/12\/DSC_1682-768x432.jpg')\"><\/a>\n            <!--end single-->\n        <\/div>\n<!--end GALLERY BLOCK-->\n\n\n\n<p>PHOTO: Office of the President of the Republic of Croatia \/ Ana Marija Kati\u0107<\/p>\n","protected":false},"excerpt":{"rendered":"<p>On International Day of Persons with Disabilities the President of the Republic Zoran Milanovi\u0107 attended a ceremony marking the 60th anniversary of work of the SUVAG Polyclinic for the Rehabilitation of Listening and Speech held under his auspices.<\/p>\n","protected":false},"featured_media":14295,"template":"","news-cat":[12],"class_list":["post-14299","news","type-news","status-publish","has-post-thumbnail","hentry","news-cat-news"],"acf":[],"yoast_head":"<!-- This site is optimized with the Yoast SEO plugin v27.5 - https:\/\/yoast.com\/product\/yoast-seo-wordpress\/ -->\n<title>President Milanovi\u0107: SUVAG Polyclinic Is a Croatian Success Story of Enthusiasm and Love for this Kind of Work - President of the Republic of Croatia - Zoran Milanovi\u0107<\/title>\n<meta name=\"robots\" content=\"index, follow, max-snippet:-1, max-image-preview:large, max-video-preview:-1\" \/>\n<link rel=\"canonical\" href=\"https:\/\/www.predsjednik.hr\/en\/news\/president-milanovic-suvag-polyclinic-is-a-croatian-success-story-of-enthusiasm-and-love-for-this-kind-of-work\/\" \/>\n<meta property=\"og:locale\" content=\"en_US\" \/>\n<meta property=\"og:type\" content=\"article\" \/>\n<meta property=\"og:title\" content=\"President Milanovi\u0107: SUVAG Polyclinic Is a Croatian Success Story of Enthusiasm and Love for this Kind of Work - President of the Republic of Croatia - Zoran Milanovi\u0107\" \/>\n<meta property=\"og:description\" content=\"On International Day of Persons with Disabilities the President of the Republic Zoran Milanovi\u0107 attended a ceremony marking the 60th anniversary of work of the SUVAG Polyclinic for the Rehabilitation of Listening and Speech held under his auspices.\" \/>\n<meta property=\"og:url\" content=\"https:\/\/www.predsjednik.hr\/en\/news\/president-milanovic-suvag-polyclinic-is-a-croatian-success-story-of-enthusiasm-and-love-for-this-kind-of-work\/\" \/>\n<meta property=\"og:site_name\" content=\"President of the Republic of Croatia - Zoran Milanovi\u0107\" \/>\n<meta property=\"article:modified_time\" content=\"2021-12-03T14:49:18+00:00\" \/>\n<meta property=\"og:image\" content=\"https:\/\/www.predsjednik.hr\/wp-content\/uploads\/2021\/12\/DSC_1634.jpg\" \/>\n\t<meta property=\"og:image:width\" content=\"5502\" \/>\n\t<meta property=\"og:image:height\" content=\"3095\" \/>\n\t<meta property=\"og:image:type\" content=\"image\/jpeg\" \/>\n<meta name=\"twitter:card\" content=\"summary_large_image\" \/>\n<meta name=\"twitter:label1\" content=\"Est. reading time\" \/>\n\t<meta name=\"twitter:data1\" content=\"2 minutes\" \/>\n<script type=\"application\/ld+json\" class=\"yoast-schema-graph\">{\"@context\":\"https:\\\/\\\/schema.org\",\"@graph\":[{\"@type\":\"WebPage\",\"@id\":\"https:\\\/\\\/www.predsjednik.hr\\\/en\\\/news\\\/president-milanovic-suvag-polyclinic-is-a-croatian-success-story-of-enthusiasm-and-love-for-this-kind-of-work\\\/\",\"url\":\"https:\\\/\\\/www.predsjednik.hr\\\/en\\\/news\\\/president-milanovic-suvag-polyclinic-is-a-croatian-success-story-of-enthusiasm-and-love-for-this-kind-of-work\\\/\",\"name\":\"President Milanovi\u0107: SUVAG Polyclinic Is a Croatian Success Story of Enthusiasm and Love for this Kind of Work - President of the Republic of Croatia - Zoran Milanovi\u0107\",\"isPartOf\":{\"@id\":\"https:\\\/\\\/www.predsjednik.hr\\\/en\\\/#website\"},\"primaryImageOfPage\":{\"@id\":\"https:\\\/\\\/www.predsjednik.hr\\\/en\\\/news\\\/president-milanovic-suvag-polyclinic-is-a-croatian-success-story-of-enthusiasm-and-love-for-this-kind-of-work\\\/#primaryimage\"},\"image\":{\"@id\":\"https:\\\/\\\/www.predsjednik.hr\\\/en\\\/news\\\/president-milanovic-suvag-polyclinic-is-a-croatian-success-story-of-enthusiasm-and-love-for-this-kind-of-work\\\/#primaryimage\"},\"thumbnailUrl\":\"https:\\\/\\\/www.predsjednik.hr\\\/wp-content\\\/uploads\\\/2021\\\/12\\\/DSC_1634.jpg\",\"datePublished\":\"2021-12-03T14:49:14+00:00\",\"dateModified\":\"2021-12-03T14:49:18+00:00\",\"breadcrumb\":{\"@id\":\"https:\\\/\\\/www.predsjednik.hr\\\/en\\\/news\\\/president-milanovic-suvag-polyclinic-is-a-croatian-success-story-of-enthusiasm-and-love-for-this-kind-of-work\\\/#breadcrumb\"},\"inLanguage\":\"en-US\",\"potentialAction\":[{\"@type\":\"ReadAction\",\"target\":[\"https:\\\/\\\/www.predsjednik.hr\\\/en\\\/news\\\/president-milanovic-suvag-polyclinic-is-a-croatian-success-story-of-enthusiasm-and-love-for-this-kind-of-work\\\/\"]}]},{\"@type\":\"ImageObject\",\"inLanguage\":\"en-US\",\"@id\":\"https:\\\/\\\/www.predsjednik.hr\\\/en\\\/news\\\/president-milanovic-suvag-polyclinic-is-a-croatian-success-story-of-enthusiasm-and-love-for-this-kind-of-work\\\/#primaryimage\",\"url\":\"https:\\\/\\\/www.predsjednik.hr\\\/wp-content\\\/uploads\\\/2021\\\/12\\\/DSC_1634.jpg\",\"contentUrl\":\"https:\\\/\\\/www.predsjednik.hr\\\/wp-content\\\/uploads\\\/2021\\\/12\\\/DSC_1634.jpg\",\"width\":5502,\"height\":3095,\"caption\":\"On International Day of Persons with Disabilities the President of the Republic Zoran Milanovi\u0107 attended a ceremony marking the 60th anniversary of work of the SUVAG Polyclinic for the Rehabilitation of Listening and Speech held under his auspices.\"},{\"@type\":\"BreadcrumbList\",\"@id\":\"https:\\\/\\\/www.predsjednik.hr\\\/en\\\/news\\\/president-milanovic-suvag-polyclinic-is-a-croatian-success-story-of-enthusiasm-and-love-for-this-kind-of-work\\\/#breadcrumb\",\"itemListElement\":[{\"@type\":\"ListItem\",\"position\":1,\"name\":\"Home\",\"item\":\"https:\\\/\\\/www.predsjednik.hr\\\/en\\\/\"},{\"@type\":\"ListItem\",\"position\":2,\"name\":\"Vijesti\",\"item\":\"https:\\\/\\\/www.predsjednik.hr\\\/en\\\/news\\\/\"},{\"@type\":\"ListItem\",\"position\":3,\"name\":\"President Milanovi\u0107: SUVAG Polyclinic Is a Croatian Success Story of Enthusiasm and Love for this Kind of Work\"}]},{\"@type\":\"WebSite\",\"@id\":\"https:\\\/\\\/www.predsjednik.hr\\\/en\\\/#website\",\"url\":\"https:\\\/\\\/www.predsjednik.hr\\\/en\\\/\",\"name\":\"President of the Republic of Croatia - Zoran Milanovi\u0107\",\"description\":\"Just another WordPress site\",\"potentialAction\":[{\"@type\":\"SearchAction\",\"target\":{\"@type\":\"EntryPoint\",\"urlTemplate\":\"https:\\\/\\\/www.predsjednik.hr\\\/en\\\/?s={search_term_string}\"},\"query-input\":{\"@type\":\"PropertyValueSpecification\",\"valueRequired\":true,\"valueName\":\"search_term_string\"}}],\"inLanguage\":\"en-US\"}]}<\/script>\n<!-- \/ Yoast SEO plugin. -->","yoast_head_json":{"title":"President Milanovi\u0107: SUVAG Polyclinic Is a Croatian Success Story of Enthusiasm and Love for this Kind of Work - President of the Republic of Croatia - Zoran Milanovi\u0107","robots":{"index":"index","follow":"follow","max-snippet":"max-snippet:-1","max-image-preview":"max-image-preview:large","max-video-preview":"max-video-preview:-1"},"canonical":"https:\/\/www.predsjednik.hr\/en\/news\/president-milanovic-suvag-polyclinic-is-a-croatian-success-story-of-enthusiasm-and-love-for-this-kind-of-work\/","og_locale":"en_US","og_type":"article","og_title":"President Milanovi\u0107: SUVAG Polyclinic Is a Croatian Success Story of Enthusiasm and Love for this Kind of Work - President of the Republic of Croatia - Zoran Milanovi\u0107","og_description":"On International Day of Persons with Disabilities the President of the Republic Zoran Milanovi\u0107 attended a ceremony marking the 60th anniversary of work of the SUVAG Polyclinic for the Rehabilitation of Listening and Speech held under his auspices.","og_url":"https:\/\/www.predsjednik.hr\/en\/news\/president-milanovic-suvag-polyclinic-is-a-croatian-success-story-of-enthusiasm-and-love-for-this-kind-of-work\/","og_site_name":"President of the Republic of Croatia - Zoran Milanovi\u0107","article_modified_time":"2021-12-03T14:49:18+00:00","og_image":[{"width":5502,"height":3095,"url":"https:\/\/www.predsjednik.hr\/wp-content\/uploads\/2021\/12\/DSC_1634.jpg","type":"image\/jpeg"}],"twitter_card":"summary_large_image","twitter_misc":{"Est. reading time":"2 minutes"},"schema":{"@context":"https:\/\/schema.org","@graph":[{"@type":"WebPage","@id":"https:\/\/www.predsjednik.hr\/en\/news\/president-milanovic-suvag-polyclinic-is-a-croatian-success-story-of-enthusiasm-and-love-for-this-kind-of-work\/","url":"https:\/\/www.predsjednik.hr\/en\/news\/president-milanovic-suvag-polyclinic-is-a-croatian-success-story-of-enthusiasm-and-love-for-this-kind-of-work\/","name":"President Milanovi\u0107: SUVAG Polyclinic Is a Croatian Success Story of Enthusiasm and Love for this Kind of Work - President of the Republic of Croatia - Zoran Milanovi\u0107","isPartOf":{"@id":"https:\/\/www.predsjednik.hr\/en\/#website"},"primaryImageOfPage":{"@id":"https:\/\/www.predsjednik.hr\/en\/news\/president-milanovic-suvag-polyclinic-is-a-croatian-success-story-of-enthusiasm-and-love-for-this-kind-of-work\/#primaryimage"},"image":{"@id":"https:\/\/www.predsjednik.hr\/en\/news\/president-milanovic-suvag-polyclinic-is-a-croatian-success-story-of-enthusiasm-and-love-for-this-kind-of-work\/#primaryimage"},"thumbnailUrl":"https:\/\/www.predsjednik.hr\/wp-content\/uploads\/2021\/12\/DSC_1634.jpg","datePublished":"2021-12-03T14:49:14+00:00","dateModified":"2021-12-03T14:49:18+00:00","breadcrumb":{"@id":"https:\/\/www.predsjednik.hr\/en\/news\/president-milanovic-suvag-polyclinic-is-a-croatian-success-story-of-enthusiasm-and-love-for-this-kind-of-work\/#breadcrumb"},"inLanguage":"en-US","potentialAction":[{"@type":"ReadAction","target":["https:\/\/www.predsjednik.hr\/en\/news\/president-milanovic-suvag-polyclinic-is-a-croatian-success-story-of-enthusiasm-and-love-for-this-kind-of-work\/"]}]},{"@type":"ImageObject","inLanguage":"en-US","@id":"https:\/\/www.predsjednik.hr\/en\/news\/president-milanovic-suvag-polyclinic-is-a-croatian-success-story-of-enthusiasm-and-love-for-this-kind-of-work\/#primaryimage","url":"https:\/\/www.predsjednik.hr\/wp-content\/uploads\/2021\/12\/DSC_1634.jpg","contentUrl":"https:\/\/www.predsjednik.hr\/wp-content\/uploads\/2021\/12\/DSC_1634.jpg","width":5502,"height":3095,"caption":"On International Day of Persons with Disabilities the President of the Republic Zoran Milanovi\u0107 attended a ceremony marking the 60th anniversary of work of the SUVAG Polyclinic for the Rehabilitation of Listening and Speech held under his auspices."},{"@type":"BreadcrumbList","@id":"https:\/\/www.predsjednik.hr\/en\/news\/president-milanovic-suvag-polyclinic-is-a-croatian-success-story-of-enthusiasm-and-love-for-this-kind-of-work\/#breadcrumb","itemListElement":[{"@type":"ListItem","position":1,"name":"Home","item":"https:\/\/www.predsjednik.hr\/en\/"},{"@type":"ListItem","position":2,"name":"Vijesti","item":"https:\/\/www.predsjednik.hr\/en\/news\/"},{"@type":"ListItem","position":3,"name":"President Milanovi\u0107: SUVAG Polyclinic Is a Croatian Success Story of Enthusiasm and Love for this Kind of Work"}]},{"@type":"WebSite","@id":"https:\/\/www.predsjednik.hr\/en\/#website","url":"https:\/\/www.predsjednik.hr\/en\/","name":"President of the Republic of Croatia - Zoran Milanovi\u0107","description":"Just another WordPress site","potentialAction":[{"@type":"SearchAction","target":{"@type":"EntryPoint","urlTemplate":"https:\/\/www.predsjednik.hr\/en\/?s={search_term_string}"},"query-input":{"@type":"PropertyValueSpecification","valueRequired":true,"valueName":"search_term_string"}}],"inLanguage":"en-US"}]}},"_links":{"self":[{"href":"https:\/\/www.predsjednik.hr\/en\/wp-json\/wp\/v2\/news\/14299","targetHints":{"allow":["GET"]}}],"collection":[{"href":"https:\/\/www.predsjednik.hr\/en\/wp-json\/wp\/v2\/news"}],"about":[{"href":"https:\/\/www.predsjednik.hr\/en\/wp-json\/wp\/v2\/types\/news"}],"wp:featuredmedia":[{"embeddable":true,"href":"https:\/\/www.predsjednik.hr\/en\/wp-json\/wp\/v2\/media\/14295"}],"wp:attachment":[{"href":"https:\/\/www.predsjednik.hr\/en\/wp-json\/wp\/v2\/media?parent=14299"}],"wp:term":[{"taxonomy":"news-cat","embeddable":true,"href":"https:\/\/www.predsjednik.hr\/en\/wp-json\/wp\/v2\/news-cat?post=14299"}],"curies":[{"name":"wp","href":"https:\/\/api.w.org\/{rel}","templated":true}]}}