{"id":14396,"date":"2021-12-09T16:00:29","date_gmt":"2021-12-09T15:00:29","guid":{"rendered":"https:\/\/www.predsjednik.hr\/?post_type=news&#038;p=14396"},"modified":"2021-12-09T16:00:32","modified_gmt":"2021-12-09T15:00:32","slug":"president-milanovic-receives-researchers-of-the-institute-of-croatian-language-and-linguistics","status":"publish","type":"news","link":"https:\/\/www.predsjednik.hr\/en\/news\/president-milanovic-receives-researchers-of-the-institute-of-croatian-language-and-linguistics\/","title":{"rendered":"President Milanovi\u0107 Receives Researchers of the Institute of Croatian Language and Linguistics"},"content":{"rendered":"\n<p>The President of the Republic Zoran Milanovi\u0107 met today in the Office of the President with representatives of the Institute of Croatian Language and Linguistics, an official institute in Croatia tasked with preserving and fostering the Croatian language.<\/p>\n\n\n\n<p>The team of researchers of the Institute of Croatian Language and Linguistics comprising its Director Dr. \u017deljko Jozi\u0107, Dr. Vuk-Tadija Barbari\u0107, Dr. Marijana Horvat, Dr. Sanja Peri\u0107 Gavran\u010di\u0107 and Dr. Kristina \u0160trkalj Despot presented to President Milanovi\u0107 the Institute\u2019s latest publication entitled <em>Judita Marka Maruli\u0107a: transkripcija i prilagodba na suvremeni hrvatski jezik<\/em> [<em>Judita<\/em> by Marko Maruli\u0107: transcription and adaptation to the modern Croatian language].<\/p>\n\n\n\n<p>The authors said at the meeting that the book was written on the occasion of the major 500<sup>th<\/sup> anniversary of the printed edition of<em> Judita<\/em> by Marko Maruli\u0107, the first literary work in the Croatian language. Namely, Marko Maruli\u0107\u2019s <em>Judita<\/em> was printed in 1521 in Venice, while in Croatia the year 2021 was declared the Year of Marko Maruli\u0107 and also the Year of Reading. The delegation explained that because this masterpiece of Croatian literature is relatively difficult to understand today, which is why it has remained undiscovered by younger generations of readers, a working group of the Institute of Croatian Language and Linguistics was formed with the task of drafting a text of <em>Judita<\/em> that is adapted to the modern Croatian language.<\/p>\n\n\n\n<p>Adviser to the President of the Republic for Education Jadranka \u017darkovi\u0107 and Special Adviser to the President of the Republic for Culture Zdravko Zima were alongside President Milanovi\u0107 at the meeting.&nbsp;<\/p>\n\n\n<!--GALLERY BLOCK-->\n<div class=\"c-lightbox-gallery js-lightbox\">\n                <!--single-->\n            <a data-no-swup class=\"c-lightbox-gallery__single js-lightbox-single\"\n               href=\"https:\/\/www.predsjednik.hr\/wp-content\/uploads\/2021\/12\/DSC_4474-1024x576.jpg\"\n               style=\"background-image: url('https:\/\/www.predsjednik.hr\/wp-content\/uploads\/2021\/12\/DSC_4474-768x432.jpg')\"><\/a>\n            <!--end single-->\n                    <!--single-->\n            <a data-no-swup class=\"c-lightbox-gallery__single js-lightbox-single\"\n               href=\"https:\/\/www.predsjednik.hr\/wp-content\/uploads\/2021\/12\/DSC_4485-1024x576.jpg\"\n               style=\"background-image: url('https:\/\/www.predsjednik.hr\/wp-content\/uploads\/2021\/12\/DSC_4485-768x432.jpg')\"><\/a>\n            <!--end single-->\n                    <!--single-->\n            <a data-no-swup class=\"c-lightbox-gallery__single js-lightbox-single\"\n               href=\"https:\/\/www.predsjednik.hr\/wp-content\/uploads\/2021\/12\/DSC_4493-1024x576.jpg\"\n               style=\"background-image: url('https:\/\/www.predsjednik.hr\/wp-content\/uploads\/2021\/12\/DSC_4493-768x432.jpg')\"><\/a>\n            <!--end single-->\n                    <!--single-->\n            <a data-no-swup class=\"c-lightbox-gallery__single js-lightbox-single\"\n               href=\"https:\/\/www.predsjednik.hr\/wp-content\/uploads\/2021\/12\/DSC_4499-1024x576.jpg\"\n               style=\"background-image: url('https:\/\/www.predsjednik.hr\/wp-content\/uploads\/2021\/12\/DSC_4499-768x432.jpg')\"><\/a>\n            <!--end single-->\n        <\/div>\n<!--end GALLERY BLOCK-->\n\n\n\n<p>PHOTO: Office of the President of the Republic of Croatia \/ Marko Beljan<\/p>\n","protected":false},"excerpt":{"rendered":"<p>The team of researchers of the Institute of Croatian Language and Linguistics comprising its Director Dr. \u017deljko Jozi\u0107, Dr. Vuk-Tadija Barbari\u0107, Dr. Marijana Horvat, Dr. Sanja Peri\u0107 Gavran\u010di\u0107 and Dr. Kristina \u0160trkalj Despot presented to President Milanovi\u0107 the Institute\u2019s latest publication entitled Judita Marka Maruli\u0107a: transkripcija i prilagodba na suvremeni hrvatski jezik [Judita by Marko Maruli\u0107: transcription and adaptation to the modern Croatian language].<\/p>\n","protected":false},"featured_media":14388,"template":"","news-cat":[12],"class_list":["post-14396","news","type-news","status-publish","has-post-thumbnail","hentry","news-cat-news"],"acf":[],"yoast_head":"<!-- This site is optimized with the Yoast SEO plugin v27.5 - https:\/\/yoast.com\/product\/yoast-seo-wordpress\/ -->\n<title>President Milanovi\u0107 Receives Researchers of the Institute of Croatian Language and Linguistics - President of the Republic of Croatia - Zoran Milanovi\u0107<\/title>\n<meta name=\"robots\" content=\"index, follow, max-snippet:-1, max-image-preview:large, max-video-preview:-1\" \/>\n<link rel=\"canonical\" href=\"https:\/\/www.predsjednik.hr\/en\/news\/president-milanovic-receives-researchers-of-the-institute-of-croatian-language-and-linguistics\/\" \/>\n<meta property=\"og:locale\" content=\"en_US\" \/>\n<meta property=\"og:type\" content=\"article\" \/>\n<meta property=\"og:title\" content=\"President Milanovi\u0107 Receives Researchers of the Institute of Croatian Language and Linguistics - President of the Republic of Croatia - Zoran Milanovi\u0107\" \/>\n<meta property=\"og:description\" content=\"The team of researchers of the Institute of Croatian Language and Linguistics comprising its Director Dr. \u017deljko Jozi\u0107, Dr. Vuk-Tadija Barbari\u0107, Dr. Marijana Horvat, Dr. Sanja Peri\u0107 Gavran\u010di\u0107 and Dr. Kristina \u0160trkalj Despot presented to President Milanovi\u0107 the Institute\u2019s latest publication entitled Judita Marka Maruli\u0107a: transkripcija i prilagodba na suvremeni hrvatski jezik [Judita by Marko Maruli\u0107: transcription and adaptation to the modern Croatian language].\" \/>\n<meta property=\"og:url\" content=\"https:\/\/www.predsjednik.hr\/en\/news\/president-milanovic-receives-researchers-of-the-institute-of-croatian-language-and-linguistics\/\" \/>\n<meta property=\"og:site_name\" content=\"President of the Republic of Croatia - Zoran Milanovi\u0107\" \/>\n<meta property=\"article:modified_time\" content=\"2021-12-09T15:00:32+00:00\" \/>\n<meta property=\"og:image\" content=\"https:\/\/www.predsjednik.hr\/wp-content\/uploads\/2021\/12\/DSC_4485.jpg\" \/>\n\t<meta property=\"og:image:width\" content=\"5572\" \/>\n\t<meta property=\"og:image:height\" content=\"3134\" \/>\n\t<meta property=\"og:image:type\" content=\"image\/jpeg\" \/>\n<meta name=\"twitter:card\" content=\"summary_large_image\" \/>\n<meta name=\"twitter:label1\" content=\"Est. reading time\" \/>\n\t<meta name=\"twitter:data1\" content=\"2 minutes\" \/>\n<script type=\"application\/ld+json\" class=\"yoast-schema-graph\">{\"@context\":\"https:\\\/\\\/schema.org\",\"@graph\":[{\"@type\":\"WebPage\",\"@id\":\"https:\\\/\\\/www.predsjednik.hr\\\/en\\\/news\\\/president-milanovic-receives-researchers-of-the-institute-of-croatian-language-and-linguistics\\\/\",\"url\":\"https:\\\/\\\/www.predsjednik.hr\\\/en\\\/news\\\/president-milanovic-receives-researchers-of-the-institute-of-croatian-language-and-linguistics\\\/\",\"name\":\"President Milanovi\u0107 Receives Researchers of the Institute of Croatian Language and Linguistics - President of the Republic of Croatia - Zoran Milanovi\u0107\",\"isPartOf\":{\"@id\":\"https:\\\/\\\/www.predsjednik.hr\\\/en\\\/#website\"},\"primaryImageOfPage\":{\"@id\":\"https:\\\/\\\/www.predsjednik.hr\\\/en\\\/news\\\/president-milanovic-receives-researchers-of-the-institute-of-croatian-language-and-linguistics\\\/#primaryimage\"},\"image\":{\"@id\":\"https:\\\/\\\/www.predsjednik.hr\\\/en\\\/news\\\/president-milanovic-receives-researchers-of-the-institute-of-croatian-language-and-linguistics\\\/#primaryimage\"},\"thumbnailUrl\":\"https:\\\/\\\/www.predsjednik.hr\\\/wp-content\\\/uploads\\\/2021\\\/12\\\/DSC_4485.jpg\",\"datePublished\":\"2021-12-09T15:00:29+00:00\",\"dateModified\":\"2021-12-09T15:00:32+00:00\",\"breadcrumb\":{\"@id\":\"https:\\\/\\\/www.predsjednik.hr\\\/en\\\/news\\\/president-milanovic-receives-researchers-of-the-institute-of-croatian-language-and-linguistics\\\/#breadcrumb\"},\"inLanguage\":\"en-US\",\"potentialAction\":[{\"@type\":\"ReadAction\",\"target\":[\"https:\\\/\\\/www.predsjednik.hr\\\/en\\\/news\\\/president-milanovic-receives-researchers-of-the-institute-of-croatian-language-and-linguistics\\\/\"]}]},{\"@type\":\"ImageObject\",\"inLanguage\":\"en-US\",\"@id\":\"https:\\\/\\\/www.predsjednik.hr\\\/en\\\/news\\\/president-milanovic-receives-researchers-of-the-institute-of-croatian-language-and-linguistics\\\/#primaryimage\",\"url\":\"https:\\\/\\\/www.predsjednik.hr\\\/wp-content\\\/uploads\\\/2021\\\/12\\\/DSC_4485.jpg\",\"contentUrl\":\"https:\\\/\\\/www.predsjednik.hr\\\/wp-content\\\/uploads\\\/2021\\\/12\\\/DSC_4485.jpg\",\"width\":5572,\"height\":3134,\"caption\":\"President Milanovi\u0107 Receives Researchers of the Institute of Croatian Language and Linguistics\"},{\"@type\":\"BreadcrumbList\",\"@id\":\"https:\\\/\\\/www.predsjednik.hr\\\/en\\\/news\\\/president-milanovic-receives-researchers-of-the-institute-of-croatian-language-and-linguistics\\\/#breadcrumb\",\"itemListElement\":[{\"@type\":\"ListItem\",\"position\":1,\"name\":\"Home\",\"item\":\"https:\\\/\\\/www.predsjednik.hr\\\/en\\\/\"},{\"@type\":\"ListItem\",\"position\":2,\"name\":\"Vijesti\",\"item\":\"https:\\\/\\\/www.predsjednik.hr\\\/en\\\/news\\\/\"},{\"@type\":\"ListItem\",\"position\":3,\"name\":\"President Milanovi\u0107 Receives Researchers of the Institute of Croatian Language and Linguistics\"}]},{\"@type\":\"WebSite\",\"@id\":\"https:\\\/\\\/www.predsjednik.hr\\\/en\\\/#website\",\"url\":\"https:\\\/\\\/www.predsjednik.hr\\\/en\\\/\",\"name\":\"President of the Republic of Croatia - Zoran Milanovi\u0107\",\"description\":\"Just another WordPress site\",\"potentialAction\":[{\"@type\":\"SearchAction\",\"target\":{\"@type\":\"EntryPoint\",\"urlTemplate\":\"https:\\\/\\\/www.predsjednik.hr\\\/en\\\/?s={search_term_string}\"},\"query-input\":{\"@type\":\"PropertyValueSpecification\",\"valueRequired\":true,\"valueName\":\"search_term_string\"}}],\"inLanguage\":\"en-US\"}]}<\/script>\n<!-- \/ Yoast SEO plugin. -->","yoast_head_json":{"title":"President Milanovi\u0107 Receives Researchers of the Institute of Croatian Language and Linguistics - President of the Republic of Croatia - Zoran Milanovi\u0107","robots":{"index":"index","follow":"follow","max-snippet":"max-snippet:-1","max-image-preview":"max-image-preview:large","max-video-preview":"max-video-preview:-1"},"canonical":"https:\/\/www.predsjednik.hr\/en\/news\/president-milanovic-receives-researchers-of-the-institute-of-croatian-language-and-linguistics\/","og_locale":"en_US","og_type":"article","og_title":"President Milanovi\u0107 Receives Researchers of the Institute of Croatian Language and Linguistics - President of the Republic of Croatia - Zoran Milanovi\u0107","og_description":"The team of researchers of the Institute of Croatian Language and Linguistics comprising its Director Dr. \u017deljko Jozi\u0107, Dr. Vuk-Tadija Barbari\u0107, Dr. Marijana Horvat, Dr. Sanja Peri\u0107 Gavran\u010di\u0107 and Dr. Kristina \u0160trkalj Despot presented to President Milanovi\u0107 the Institute\u2019s latest publication entitled Judita Marka Maruli\u0107a: transkripcija i prilagodba na suvremeni hrvatski jezik [Judita by Marko Maruli\u0107: transcription and adaptation to the modern Croatian language].","og_url":"https:\/\/www.predsjednik.hr\/en\/news\/president-milanovic-receives-researchers-of-the-institute-of-croatian-language-and-linguistics\/","og_site_name":"President of the Republic of Croatia - Zoran Milanovi\u0107","article_modified_time":"2021-12-09T15:00:32+00:00","og_image":[{"width":5572,"height":3134,"url":"https:\/\/www.predsjednik.hr\/wp-content\/uploads\/2021\/12\/DSC_4485.jpg","type":"image\/jpeg"}],"twitter_card":"summary_large_image","twitter_misc":{"Est. reading time":"2 minutes"},"schema":{"@context":"https:\/\/schema.org","@graph":[{"@type":"WebPage","@id":"https:\/\/www.predsjednik.hr\/en\/news\/president-milanovic-receives-researchers-of-the-institute-of-croatian-language-and-linguistics\/","url":"https:\/\/www.predsjednik.hr\/en\/news\/president-milanovic-receives-researchers-of-the-institute-of-croatian-language-and-linguistics\/","name":"President Milanovi\u0107 Receives Researchers of the Institute of Croatian Language and Linguistics - President of the Republic of Croatia - Zoran Milanovi\u0107","isPartOf":{"@id":"https:\/\/www.predsjednik.hr\/en\/#website"},"primaryImageOfPage":{"@id":"https:\/\/www.predsjednik.hr\/en\/news\/president-milanovic-receives-researchers-of-the-institute-of-croatian-language-and-linguistics\/#primaryimage"},"image":{"@id":"https:\/\/www.predsjednik.hr\/en\/news\/president-milanovic-receives-researchers-of-the-institute-of-croatian-language-and-linguistics\/#primaryimage"},"thumbnailUrl":"https:\/\/www.predsjednik.hr\/wp-content\/uploads\/2021\/12\/DSC_4485.jpg","datePublished":"2021-12-09T15:00:29+00:00","dateModified":"2021-12-09T15:00:32+00:00","breadcrumb":{"@id":"https:\/\/www.predsjednik.hr\/en\/news\/president-milanovic-receives-researchers-of-the-institute-of-croatian-language-and-linguistics\/#breadcrumb"},"inLanguage":"en-US","potentialAction":[{"@type":"ReadAction","target":["https:\/\/www.predsjednik.hr\/en\/news\/president-milanovic-receives-researchers-of-the-institute-of-croatian-language-and-linguistics\/"]}]},{"@type":"ImageObject","inLanguage":"en-US","@id":"https:\/\/www.predsjednik.hr\/en\/news\/president-milanovic-receives-researchers-of-the-institute-of-croatian-language-and-linguistics\/#primaryimage","url":"https:\/\/www.predsjednik.hr\/wp-content\/uploads\/2021\/12\/DSC_4485.jpg","contentUrl":"https:\/\/www.predsjednik.hr\/wp-content\/uploads\/2021\/12\/DSC_4485.jpg","width":5572,"height":3134,"caption":"President Milanovi\u0107 Receives Researchers of the Institute of Croatian Language and Linguistics"},{"@type":"BreadcrumbList","@id":"https:\/\/www.predsjednik.hr\/en\/news\/president-milanovic-receives-researchers-of-the-institute-of-croatian-language-and-linguistics\/#breadcrumb","itemListElement":[{"@type":"ListItem","position":1,"name":"Home","item":"https:\/\/www.predsjednik.hr\/en\/"},{"@type":"ListItem","position":2,"name":"Vijesti","item":"https:\/\/www.predsjednik.hr\/en\/news\/"},{"@type":"ListItem","position":3,"name":"President Milanovi\u0107 Receives Researchers of the Institute of Croatian Language and Linguistics"}]},{"@type":"WebSite","@id":"https:\/\/www.predsjednik.hr\/en\/#website","url":"https:\/\/www.predsjednik.hr\/en\/","name":"President of the Republic of Croatia - Zoran Milanovi\u0107","description":"Just another WordPress site","potentialAction":[{"@type":"SearchAction","target":{"@type":"EntryPoint","urlTemplate":"https:\/\/www.predsjednik.hr\/en\/?s={search_term_string}"},"query-input":{"@type":"PropertyValueSpecification","valueRequired":true,"valueName":"search_term_string"}}],"inLanguage":"en-US"}]}},"_links":{"self":[{"href":"https:\/\/www.predsjednik.hr\/en\/wp-json\/wp\/v2\/news\/14396","targetHints":{"allow":["GET"]}}],"collection":[{"href":"https:\/\/www.predsjednik.hr\/en\/wp-json\/wp\/v2\/news"}],"about":[{"href":"https:\/\/www.predsjednik.hr\/en\/wp-json\/wp\/v2\/types\/news"}],"wp:featuredmedia":[{"embeddable":true,"href":"https:\/\/www.predsjednik.hr\/en\/wp-json\/wp\/v2\/media\/14388"}],"wp:attachment":[{"href":"https:\/\/www.predsjednik.hr\/en\/wp-json\/wp\/v2\/media?parent=14396"}],"wp:term":[{"taxonomy":"news-cat","embeddable":true,"href":"https:\/\/www.predsjednik.hr\/en\/wp-json\/wp\/v2\/news-cat?post=14396"}],"curies":[{"name":"wp","href":"https:\/\/api.w.org\/{rel}","templated":true}]}}