{"id":14404,"date":"2021-12-10T12:08:11","date_gmt":"2021-12-10T11:08:11","guid":{"rendered":"https:\/\/www.predsjednik.hr\/?post_type=news&#038;p=14404"},"modified":"2021-12-10T12:08:13","modified_gmt":"2021-12-10T11:08:13","slug":"president-milanovic-meets-with-ministry-of-foreign-and-european-affairs-diplomatic-academy-students-2","status":"publish","type":"news","link":"https:\/\/www.predsjednik.hr\/en\/news\/president-milanovic-meets-with-ministry-of-foreign-and-european-affairs-diplomatic-academy-students-2\/","title":{"rendered":"President Milanovi\u0107 Meets with Ministry of Foreign and European Affairs Diplomatic Academy Students"},"content":{"rendered":"\n<p>The students of the 22<sup>nd <\/sup>one-year professional diplomatic study programme at the Diplomatic Academy of the Ministry of Foreign and European Affairs of the Republic of Croatia paid a visit today to the Office of the President. The visit was organized as part of the diplomatic education and training programme that is implemented through lectures, workshops and study visits to institutions of interest to the Foreign Service at home and abroad.<\/p>\n\n\n\n<p>President Milanovi\u0107 gave a lecture to the students of the Diplomatic Academy, with whom he then discussed the positioning of Croatia in current international relations and Croatian foreign policy. In the scope of the visit, the students of the Diplomatic Academy toured the Office of the President.<\/p>\n\n\n\n<p>The students of the Diplomatic Academy were joined in the Office of the President by the Director of the Diplomatic Academy Lada Muraj, the Head of the Diplomatic Training Service Jasmina Kova\u010devi\u0107 \u010cavlovi\u0107, the Head of the one-year professional diplomatic study programme Ivan Miji\u0107 and an official in the Diplomatic Academy Tomislav \u0160imec.<\/p>\n\n\n\n<p>Alongside President Milanovi\u0107 were the Head of the Cabinet of the President of the Republic Bartol \u0160imuni\u0107 and Adviser to the President of the Republic for Foreign and European Policy Neven Pelicari\u0107.<\/p>\n\n\n<!--GALLERY BLOCK-->\n<div class=\"c-lightbox-gallery js-lightbox\">\n                <!--single-->\n            <a data-no-swup class=\"c-lightbox-gallery__single js-lightbox-single\"\n               href=\"https:\/\/www.predsjednik.hr\/wp-content\/uploads\/2021\/12\/DSC_4151-1024x576.jpg\"\n               style=\"background-image: url('https:\/\/www.predsjednik.hr\/wp-content\/uploads\/2021\/12\/DSC_4151-768x432.jpg')\"><\/a>\n            <!--end single-->\n                    <!--single-->\n            <a data-no-swup class=\"c-lightbox-gallery__single js-lightbox-single\"\n               href=\"https:\/\/www.predsjednik.hr\/wp-content\/uploads\/2021\/12\/DSC_4228-1024x576.jpg\"\n               style=\"background-image: url('https:\/\/www.predsjednik.hr\/wp-content\/uploads\/2021\/12\/DSC_4228-768x432.jpg')\"><\/a>\n            <!--end single-->\n                    <!--single-->\n            <a data-no-swup class=\"c-lightbox-gallery__single js-lightbox-single\"\n               href=\"https:\/\/www.predsjednik.hr\/wp-content\/uploads\/2021\/12\/DSC_4284-1024x731.jpg\"\n               style=\"background-image: url('https:\/\/www.predsjednik.hr\/wp-content\/uploads\/2021\/12\/DSC_4284-768x549.jpg')\"><\/a>\n            <!--end single-->\n        <\/div>\n<!--end GALLERY BLOCK-->\n\n\n\n<p>PHOTO: Office of the President of the Republic of Croatia \/ Ana Marija Kati\u0107<\/p>\n","protected":false},"excerpt":{"rendered":"<p>President Milanovi\u0107 gave a lecture to the students of the Diplomatic Academy, with whom he then discussed the positioning of Croatia in current international relations and Croatian foreign policy. In the scope of the visit, the students of the Diplomatic Academy toured the Office of the President.<\/p>\n","protected":false},"featured_media":14399,"template":"","news-cat":[12],"class_list":["post-14404","news","type-news","status-publish","has-post-thumbnail","hentry","news-cat-news"],"acf":[],"yoast_head":"<!-- This site is optimized with the Yoast SEO plugin v27.5 - https:\/\/yoast.com\/product\/yoast-seo-wordpress\/ -->\n<title>President Milanovi\u0107 Meets with Ministry of Foreign and European Affairs Diplomatic Academy Students - President of the Republic of Croatia - Zoran Milanovi\u0107<\/title>\n<meta name=\"robots\" content=\"index, follow, max-snippet:-1, max-image-preview:large, max-video-preview:-1\" \/>\n<link rel=\"canonical\" href=\"https:\/\/www.predsjednik.hr\/en\/news\/president-milanovic-meets-with-ministry-of-foreign-and-european-affairs-diplomatic-academy-students-2\/\" \/>\n<meta property=\"og:locale\" content=\"en_US\" \/>\n<meta property=\"og:type\" content=\"article\" \/>\n<meta property=\"og:title\" content=\"President Milanovi\u0107 Meets with Ministry of Foreign and European Affairs Diplomatic Academy Students - President of the Republic of Croatia - Zoran Milanovi\u0107\" \/>\n<meta property=\"og:description\" content=\"President Milanovi\u0107 gave a lecture to the students of the Diplomatic Academy, with whom he then discussed the positioning of Croatia in current international relations and Croatian foreign policy. In the scope of the visit, the students of the Diplomatic Academy toured the Office of the President.\" \/>\n<meta property=\"og:url\" content=\"https:\/\/www.predsjednik.hr\/en\/news\/president-milanovic-meets-with-ministry-of-foreign-and-european-affairs-diplomatic-academy-students-2\/\" \/>\n<meta property=\"og:site_name\" content=\"President of the Republic of Croatia - Zoran Milanovi\u0107\" \/>\n<meta property=\"article:modified_time\" content=\"2021-12-10T11:08:13+00:00\" \/>\n<meta property=\"og:image\" content=\"https:\/\/www.predsjednik.hr\/wp-content\/uploads\/2021\/12\/DSC_4151.jpg\" \/>\n\t<meta property=\"og:image:width\" content=\"6192\" \/>\n\t<meta property=\"og:image:height\" content=\"3483\" \/>\n\t<meta property=\"og:image:type\" content=\"image\/jpeg\" \/>\n<meta name=\"twitter:card\" content=\"summary_large_image\" \/>\n<meta name=\"twitter:label1\" content=\"Est. reading time\" \/>\n\t<meta name=\"twitter:data1\" content=\"1 minute\" \/>\n<script type=\"application\/ld+json\" class=\"yoast-schema-graph\">{\"@context\":\"https:\\\/\\\/schema.org\",\"@graph\":[{\"@type\":\"WebPage\",\"@id\":\"https:\\\/\\\/www.predsjednik.hr\\\/en\\\/news\\\/president-milanovic-meets-with-ministry-of-foreign-and-european-affairs-diplomatic-academy-students-2\\\/\",\"url\":\"https:\\\/\\\/www.predsjednik.hr\\\/en\\\/news\\\/president-milanovic-meets-with-ministry-of-foreign-and-european-affairs-diplomatic-academy-students-2\\\/\",\"name\":\"President Milanovi\u0107 Meets with Ministry of Foreign and European Affairs Diplomatic Academy Students - President of the Republic of Croatia - Zoran Milanovi\u0107\",\"isPartOf\":{\"@id\":\"https:\\\/\\\/www.predsjednik.hr\\\/en\\\/#website\"},\"primaryImageOfPage\":{\"@id\":\"https:\\\/\\\/www.predsjednik.hr\\\/en\\\/news\\\/president-milanovic-meets-with-ministry-of-foreign-and-european-affairs-diplomatic-academy-students-2\\\/#primaryimage\"},\"image\":{\"@id\":\"https:\\\/\\\/www.predsjednik.hr\\\/en\\\/news\\\/president-milanovic-meets-with-ministry-of-foreign-and-european-affairs-diplomatic-academy-students-2\\\/#primaryimage\"},\"thumbnailUrl\":\"https:\\\/\\\/www.predsjednik.hr\\\/wp-content\\\/uploads\\\/2021\\\/12\\\/DSC_4151.jpg\",\"datePublished\":\"2021-12-10T11:08:11+00:00\",\"dateModified\":\"2021-12-10T11:08:13+00:00\",\"breadcrumb\":{\"@id\":\"https:\\\/\\\/www.predsjednik.hr\\\/en\\\/news\\\/president-milanovic-meets-with-ministry-of-foreign-and-european-affairs-diplomatic-academy-students-2\\\/#breadcrumb\"},\"inLanguage\":\"en-US\",\"potentialAction\":[{\"@type\":\"ReadAction\",\"target\":[\"https:\\\/\\\/www.predsjednik.hr\\\/en\\\/news\\\/president-milanovic-meets-with-ministry-of-foreign-and-european-affairs-diplomatic-academy-students-2\\\/\"]}]},{\"@type\":\"ImageObject\",\"inLanguage\":\"en-US\",\"@id\":\"https:\\\/\\\/www.predsjednik.hr\\\/en\\\/news\\\/president-milanovic-meets-with-ministry-of-foreign-and-european-affairs-diplomatic-academy-students-2\\\/#primaryimage\",\"url\":\"https:\\\/\\\/www.predsjednik.hr\\\/wp-content\\\/uploads\\\/2021\\\/12\\\/DSC_4151.jpg\",\"contentUrl\":\"https:\\\/\\\/www.predsjednik.hr\\\/wp-content\\\/uploads\\\/2021\\\/12\\\/DSC_4151.jpg\",\"width\":6192,\"height\":3483,\"caption\":\"President Milanovi\u0107 Meets with Ministry of Foreign and European Affairs Diplomatic Academy Students\"},{\"@type\":\"BreadcrumbList\",\"@id\":\"https:\\\/\\\/www.predsjednik.hr\\\/en\\\/news\\\/president-milanovic-meets-with-ministry-of-foreign-and-european-affairs-diplomatic-academy-students-2\\\/#breadcrumb\",\"itemListElement\":[{\"@type\":\"ListItem\",\"position\":1,\"name\":\"Home\",\"item\":\"https:\\\/\\\/www.predsjednik.hr\\\/en\\\/\"},{\"@type\":\"ListItem\",\"position\":2,\"name\":\"Vijesti\",\"item\":\"https:\\\/\\\/www.predsjednik.hr\\\/en\\\/news\\\/\"},{\"@type\":\"ListItem\",\"position\":3,\"name\":\"President Milanovi\u0107 Meets with Ministry of Foreign and European Affairs Diplomatic Academy Students\"}]},{\"@type\":\"WebSite\",\"@id\":\"https:\\\/\\\/www.predsjednik.hr\\\/en\\\/#website\",\"url\":\"https:\\\/\\\/www.predsjednik.hr\\\/en\\\/\",\"name\":\"President of the Republic of Croatia - Zoran Milanovi\u0107\",\"description\":\"Just another WordPress site\",\"potentialAction\":[{\"@type\":\"SearchAction\",\"target\":{\"@type\":\"EntryPoint\",\"urlTemplate\":\"https:\\\/\\\/www.predsjednik.hr\\\/en\\\/?s={search_term_string}\"},\"query-input\":{\"@type\":\"PropertyValueSpecification\",\"valueRequired\":true,\"valueName\":\"search_term_string\"}}],\"inLanguage\":\"en-US\"}]}<\/script>\n<!-- \/ Yoast SEO plugin. -->","yoast_head_json":{"title":"President Milanovi\u0107 Meets with Ministry of Foreign and European Affairs Diplomatic Academy Students - President of the Republic of Croatia - Zoran Milanovi\u0107","robots":{"index":"index","follow":"follow","max-snippet":"max-snippet:-1","max-image-preview":"max-image-preview:large","max-video-preview":"max-video-preview:-1"},"canonical":"https:\/\/www.predsjednik.hr\/en\/news\/president-milanovic-meets-with-ministry-of-foreign-and-european-affairs-diplomatic-academy-students-2\/","og_locale":"en_US","og_type":"article","og_title":"President Milanovi\u0107 Meets with Ministry of Foreign and European Affairs Diplomatic Academy Students - President of the Republic of Croatia - Zoran Milanovi\u0107","og_description":"President Milanovi\u0107 gave a lecture to the students of the Diplomatic Academy, with whom he then discussed the positioning of Croatia in current international relations and Croatian foreign policy. In the scope of the visit, the students of the Diplomatic Academy toured the Office of the President.","og_url":"https:\/\/www.predsjednik.hr\/en\/news\/president-milanovic-meets-with-ministry-of-foreign-and-european-affairs-diplomatic-academy-students-2\/","og_site_name":"President of the Republic of Croatia - Zoran Milanovi\u0107","article_modified_time":"2021-12-10T11:08:13+00:00","og_image":[{"width":6192,"height":3483,"url":"https:\/\/www.predsjednik.hr\/wp-content\/uploads\/2021\/12\/DSC_4151.jpg","type":"image\/jpeg"}],"twitter_card":"summary_large_image","twitter_misc":{"Est. reading time":"1 minute"},"schema":{"@context":"https:\/\/schema.org","@graph":[{"@type":"WebPage","@id":"https:\/\/www.predsjednik.hr\/en\/news\/president-milanovic-meets-with-ministry-of-foreign-and-european-affairs-diplomatic-academy-students-2\/","url":"https:\/\/www.predsjednik.hr\/en\/news\/president-milanovic-meets-with-ministry-of-foreign-and-european-affairs-diplomatic-academy-students-2\/","name":"President Milanovi\u0107 Meets with Ministry of Foreign and European Affairs Diplomatic Academy Students - President of the Republic of Croatia - Zoran Milanovi\u0107","isPartOf":{"@id":"https:\/\/www.predsjednik.hr\/en\/#website"},"primaryImageOfPage":{"@id":"https:\/\/www.predsjednik.hr\/en\/news\/president-milanovic-meets-with-ministry-of-foreign-and-european-affairs-diplomatic-academy-students-2\/#primaryimage"},"image":{"@id":"https:\/\/www.predsjednik.hr\/en\/news\/president-milanovic-meets-with-ministry-of-foreign-and-european-affairs-diplomatic-academy-students-2\/#primaryimage"},"thumbnailUrl":"https:\/\/www.predsjednik.hr\/wp-content\/uploads\/2021\/12\/DSC_4151.jpg","datePublished":"2021-12-10T11:08:11+00:00","dateModified":"2021-12-10T11:08:13+00:00","breadcrumb":{"@id":"https:\/\/www.predsjednik.hr\/en\/news\/president-milanovic-meets-with-ministry-of-foreign-and-european-affairs-diplomatic-academy-students-2\/#breadcrumb"},"inLanguage":"en-US","potentialAction":[{"@type":"ReadAction","target":["https:\/\/www.predsjednik.hr\/en\/news\/president-milanovic-meets-with-ministry-of-foreign-and-european-affairs-diplomatic-academy-students-2\/"]}]},{"@type":"ImageObject","inLanguage":"en-US","@id":"https:\/\/www.predsjednik.hr\/en\/news\/president-milanovic-meets-with-ministry-of-foreign-and-european-affairs-diplomatic-academy-students-2\/#primaryimage","url":"https:\/\/www.predsjednik.hr\/wp-content\/uploads\/2021\/12\/DSC_4151.jpg","contentUrl":"https:\/\/www.predsjednik.hr\/wp-content\/uploads\/2021\/12\/DSC_4151.jpg","width":6192,"height":3483,"caption":"President Milanovi\u0107 Meets with Ministry of Foreign and European Affairs Diplomatic Academy Students"},{"@type":"BreadcrumbList","@id":"https:\/\/www.predsjednik.hr\/en\/news\/president-milanovic-meets-with-ministry-of-foreign-and-european-affairs-diplomatic-academy-students-2\/#breadcrumb","itemListElement":[{"@type":"ListItem","position":1,"name":"Home","item":"https:\/\/www.predsjednik.hr\/en\/"},{"@type":"ListItem","position":2,"name":"Vijesti","item":"https:\/\/www.predsjednik.hr\/en\/news\/"},{"@type":"ListItem","position":3,"name":"President Milanovi\u0107 Meets with Ministry of Foreign and European Affairs Diplomatic Academy Students"}]},{"@type":"WebSite","@id":"https:\/\/www.predsjednik.hr\/en\/#website","url":"https:\/\/www.predsjednik.hr\/en\/","name":"President of the Republic of Croatia - Zoran Milanovi\u0107","description":"Just another WordPress site","potentialAction":[{"@type":"SearchAction","target":{"@type":"EntryPoint","urlTemplate":"https:\/\/www.predsjednik.hr\/en\/?s={search_term_string}"},"query-input":{"@type":"PropertyValueSpecification","valueRequired":true,"valueName":"search_term_string"}}],"inLanguage":"en-US"}]}},"_links":{"self":[{"href":"https:\/\/www.predsjednik.hr\/en\/wp-json\/wp\/v2\/news\/14404","targetHints":{"allow":["GET"]}}],"collection":[{"href":"https:\/\/www.predsjednik.hr\/en\/wp-json\/wp\/v2\/news"}],"about":[{"href":"https:\/\/www.predsjednik.hr\/en\/wp-json\/wp\/v2\/types\/news"}],"wp:featuredmedia":[{"embeddable":true,"href":"https:\/\/www.predsjednik.hr\/en\/wp-json\/wp\/v2\/media\/14399"}],"wp:attachment":[{"href":"https:\/\/www.predsjednik.hr\/en\/wp-json\/wp\/v2\/media?parent=14404"}],"wp:term":[{"taxonomy":"news-cat","embeddable":true,"href":"https:\/\/www.predsjednik.hr\/en\/wp-json\/wp\/v2\/news-cat?post=14404"}],"curies":[{"name":"wp","href":"https:\/\/api.w.org\/{rel}","templated":true}]}}