{"id":14523,"date":"2021-12-15T18:54:00","date_gmt":"2021-12-15T17:54:00","guid":{"rendered":"https:\/\/www.predsjednik.hr\/?post_type=news&#038;p=14523"},"modified":"2021-12-16T11:55:41","modified_gmt":"2021-12-16T10:55:41","slug":"president-milanovic-sends-letter-to-prime-minister-plenkovic-due-to-omissions-by-the-croatian-government-in-the-process-of-adoption-of-eu-council-conclusions","status":"publish","type":"news","link":"https:\/\/www.predsjednik.hr\/en\/news\/president-milanovic-sends-letter-to-prime-minister-plenkovic-due-to-omissions-by-the-croatian-government-in-the-process-of-adoption-of-eu-council-conclusions\/","title":{"rendered":"President Milanovi\u0107 Sends Letter to Prime Minister Plenkovi\u0107 Due to Omissions by the Croatian Government in the Process of Adoption of EU Council Conclusions"},"content":{"rendered":"\n<p>The President of the Republic Zoran Milanovi\u0107 has sent a letter today to the Prime Minister of the Republic of Croatia Andrej Plenkovi\u0107 due to omissions that were made by the Government of the Republic of Croatia in the process of the adoption of EU Council conclusions on enlargement and stabilisation and association process. The EU Council conclusions were adopted on Tuesday, the 14<sup>th<\/sup> of December 2021 in Brussels.<\/p>\n\n\n\n<p>In his letter to Prime Minister Plenkovi\u0107, President Milanovi\u0107 expressed dissatisfaction with and opposition to the adopted EU Council conclusions since they do not guarantee rights for Croats in Bosnia and Herzegovina as a constituent people. The support of the EU Council conclusions by the Government of the Republic of Croatia is unacceptable to President Milanovi\u0107, especially because by doing so it has backed down also on the positions agreed and adopted by the National Security Council. President Milanovi\u0107 believes that the Government of the Republic of Croatia, as a full member of the EU, should not have supported the EU Council conclusions that do not guarantee the rights of Croats in Bosnia and Herzegovina as a constituent people.<\/p>\n\n\n\n<p>Being convinced that protecting the status of Croats in Bosnia and Herzegovina as a constituent people is a strategic interest for the Republic of Croatia, President Milanovi\u0107 warned the Prime Minister that in the future the Republic of Croatia will not be able to support any joint document by organisations of which Croatia is a member that will not contain basic elements of protection for Croats of Bosnia and Herzegovina, such as the status of a constituent people and legitimate representation in government bodies. This is the only way to protect the national interest of the Republic of Croatia, reads the letter from President Milanovi\u0107.<\/p>\n","protected":false},"excerpt":{"rendered":"<p>The President of the Republic Zoran Milanovi\u0107 has sent a letter today to the Prime Minister of the Republic of Croatia Andrej Plenkovi\u0107 due to omissions that were made by the Government of the Republic of Croatia in the process of the adoption of EU Council conclusions on enlargement and stabilisation and association process. The EU Council conclusions were adopted on Tuesday, the 14th of December 2021 in Brussels.<\/p>\n","protected":false},"featured_media":14515,"template":"","news-cat":[12],"class_list":["post-14523","news","type-news","status-publish","has-post-thumbnail","hentry","news-cat-news"],"acf":[],"yoast_head":"<!-- This site is optimized with the Yoast SEO plugin v27.5 - https:\/\/yoast.com\/product\/yoast-seo-wordpress\/ -->\n<title>President Milanovi\u0107 Sends Letter to Prime Minister Plenkovi\u0107 Due to Omissions by the Croatian Government in the Process of Adoption of EU Council Conclusions - President of the Republic of Croatia - Zoran Milanovi\u0107<\/title>\n<meta name=\"robots\" content=\"index, follow, max-snippet:-1, max-image-preview:large, max-video-preview:-1\" \/>\n<link rel=\"canonical\" href=\"https:\/\/www.predsjednik.hr\/en\/news\/president-milanovic-sends-letter-to-prime-minister-plenkovic-due-to-omissions-by-the-croatian-government-in-the-process-of-adoption-of-eu-council-conclusions\/\" \/>\n<meta property=\"og:locale\" content=\"en_US\" \/>\n<meta property=\"og:type\" content=\"article\" \/>\n<meta property=\"og:title\" content=\"President Milanovi\u0107 Sends Letter to Prime Minister Plenkovi\u0107 Due to Omissions by the Croatian Government in the Process of Adoption of EU Council Conclusions - President of the Republic of Croatia - Zoran Milanovi\u0107\" \/>\n<meta property=\"og:description\" content=\"The President of the Republic Zoran Milanovi\u0107 has sent a letter today to the Prime Minister of the Republic of Croatia Andrej Plenkovi\u0107 due to omissions that were made by the Government of the Republic of Croatia in the process of the adoption of EU Council conclusions on enlargement and stabilisation and association process. The EU Council conclusions were adopted on Tuesday, the 14th of December 2021 in Brussels.\" \/>\n<meta property=\"og:url\" content=\"https:\/\/www.predsjednik.hr\/en\/news\/president-milanovic-sends-letter-to-prime-minister-plenkovic-due-to-omissions-by-the-croatian-government-in-the-process-of-adoption-of-eu-council-conclusions\/\" \/>\n<meta property=\"og:site_name\" content=\"President of the Republic of Croatia - Zoran Milanovi\u0107\" \/>\n<meta property=\"article:modified_time\" content=\"2021-12-16T10:55:41+00:00\" \/>\n<meta property=\"og:image\" content=\"https:\/\/www.predsjednik.hr\/wp-content\/uploads\/2021\/12\/DSC_0934-1-1024x576.jpg\" \/>\n\t<meta property=\"og:image:width\" content=\"1024\" \/>\n\t<meta property=\"og:image:height\" content=\"576\" \/>\n\t<meta property=\"og:image:type\" content=\"image\/jpeg\" \/>\n<meta name=\"twitter:card\" content=\"summary_large_image\" \/>\n<meta name=\"twitter:label1\" content=\"Est. reading time\" \/>\n\t<meta name=\"twitter:data1\" content=\"2 minutes\" \/>\n<script type=\"application\/ld+json\" class=\"yoast-schema-graph\">{\"@context\":\"https:\\\/\\\/schema.org\",\"@graph\":[{\"@type\":\"WebPage\",\"@id\":\"https:\\\/\\\/www.predsjednik.hr\\\/en\\\/news\\\/president-milanovic-sends-letter-to-prime-minister-plenkovic-due-to-omissions-by-the-croatian-government-in-the-process-of-adoption-of-eu-council-conclusions\\\/\",\"url\":\"https:\\\/\\\/www.predsjednik.hr\\\/en\\\/news\\\/president-milanovic-sends-letter-to-prime-minister-plenkovic-due-to-omissions-by-the-croatian-government-in-the-process-of-adoption-of-eu-council-conclusions\\\/\",\"name\":\"President Milanovi\u0107 Sends Letter to Prime Minister Plenkovi\u0107 Due to Omissions by the Croatian Government in the Process of Adoption of EU Council Conclusions - President of the Republic of Croatia - Zoran Milanovi\u0107\",\"isPartOf\":{\"@id\":\"https:\\\/\\\/www.predsjednik.hr\\\/en\\\/#website\"},\"primaryImageOfPage\":{\"@id\":\"https:\\\/\\\/www.predsjednik.hr\\\/en\\\/news\\\/president-milanovic-sends-letter-to-prime-minister-plenkovic-due-to-omissions-by-the-croatian-government-in-the-process-of-adoption-of-eu-council-conclusions\\\/#primaryimage\"},\"image\":{\"@id\":\"https:\\\/\\\/www.predsjednik.hr\\\/en\\\/news\\\/president-milanovic-sends-letter-to-prime-minister-plenkovic-due-to-omissions-by-the-croatian-government-in-the-process-of-adoption-of-eu-council-conclusions\\\/#primaryimage\"},\"thumbnailUrl\":\"https:\\\/\\\/www.predsjednik.hr\\\/wp-content\\\/uploads\\\/2021\\\/12\\\/DSC_0934-1.jpg\",\"datePublished\":\"2021-12-15T17:54:00+00:00\",\"dateModified\":\"2021-12-16T10:55:41+00:00\",\"breadcrumb\":{\"@id\":\"https:\\\/\\\/www.predsjednik.hr\\\/en\\\/news\\\/president-milanovic-sends-letter-to-prime-minister-plenkovic-due-to-omissions-by-the-croatian-government-in-the-process-of-adoption-of-eu-council-conclusions\\\/#breadcrumb\"},\"inLanguage\":\"en-US\",\"potentialAction\":[{\"@type\":\"ReadAction\",\"target\":[\"https:\\\/\\\/www.predsjednik.hr\\\/en\\\/news\\\/president-milanovic-sends-letter-to-prime-minister-plenkovic-due-to-omissions-by-the-croatian-government-in-the-process-of-adoption-of-eu-council-conclusions\\\/\"]}]},{\"@type\":\"ImageObject\",\"inLanguage\":\"en-US\",\"@id\":\"https:\\\/\\\/www.predsjednik.hr\\\/en\\\/news\\\/president-milanovic-sends-letter-to-prime-minister-plenkovic-due-to-omissions-by-the-croatian-government-in-the-process-of-adoption-of-eu-council-conclusions\\\/#primaryimage\",\"url\":\"https:\\\/\\\/www.predsjednik.hr\\\/wp-content\\\/uploads\\\/2021\\\/12\\\/DSC_0934-1.jpg\",\"contentUrl\":\"https:\\\/\\\/www.predsjednik.hr\\\/wp-content\\\/uploads\\\/2021\\\/12\\\/DSC_0934-1.jpg\",\"width\":6192,\"height\":3483,\"caption\":\"Predsjednik Republike Zoran Milanovi\u0107 uputio je danas pismo predsjedniku Vlade Republike Hrvatske Andreju Plenkovi\u0107u zbog propusta Vlade RH u postupku dono\u0161enja Zaklju\u010daka Vije\u0107a Europske unije o pro\u0161irenju i Procesu stabilizacije i pridru\u017eivanja, a usvojenih u utorak, 14. prosinca 2021., u Bruxellesu.\"},{\"@type\":\"BreadcrumbList\",\"@id\":\"https:\\\/\\\/www.predsjednik.hr\\\/en\\\/news\\\/president-milanovic-sends-letter-to-prime-minister-plenkovic-due-to-omissions-by-the-croatian-government-in-the-process-of-adoption-of-eu-council-conclusions\\\/#breadcrumb\",\"itemListElement\":[{\"@type\":\"ListItem\",\"position\":1,\"name\":\"Home\",\"item\":\"https:\\\/\\\/www.predsjednik.hr\\\/en\\\/\"},{\"@type\":\"ListItem\",\"position\":2,\"name\":\"Vijesti\",\"item\":\"https:\\\/\\\/www.predsjednik.hr\\\/en\\\/news\\\/\"},{\"@type\":\"ListItem\",\"position\":3,\"name\":\"President Milanovi\u0107 Sends Letter to Prime Minister Plenkovi\u0107 Due to Omissions by the Croatian Government in the Process of Adoption of EU Council Conclusions\"}]},{\"@type\":\"WebSite\",\"@id\":\"https:\\\/\\\/www.predsjednik.hr\\\/en\\\/#website\",\"url\":\"https:\\\/\\\/www.predsjednik.hr\\\/en\\\/\",\"name\":\"President of the Republic of Croatia - Zoran Milanovi\u0107\",\"description\":\"Just another WordPress site\",\"potentialAction\":[{\"@type\":\"SearchAction\",\"target\":{\"@type\":\"EntryPoint\",\"urlTemplate\":\"https:\\\/\\\/www.predsjednik.hr\\\/en\\\/?s={search_term_string}\"},\"query-input\":{\"@type\":\"PropertyValueSpecification\",\"valueRequired\":true,\"valueName\":\"search_term_string\"}}],\"inLanguage\":\"en-US\"}]}<\/script>\n<!-- \/ Yoast SEO plugin. -->","yoast_head_json":{"title":"President Milanovi\u0107 Sends Letter to Prime Minister Plenkovi\u0107 Due to Omissions by the Croatian Government in the Process of Adoption of EU Council Conclusions - President of the Republic of Croatia - Zoran Milanovi\u0107","robots":{"index":"index","follow":"follow","max-snippet":"max-snippet:-1","max-image-preview":"max-image-preview:large","max-video-preview":"max-video-preview:-1"},"canonical":"https:\/\/www.predsjednik.hr\/en\/news\/president-milanovic-sends-letter-to-prime-minister-plenkovic-due-to-omissions-by-the-croatian-government-in-the-process-of-adoption-of-eu-council-conclusions\/","og_locale":"en_US","og_type":"article","og_title":"President Milanovi\u0107 Sends Letter to Prime Minister Plenkovi\u0107 Due to Omissions by the Croatian Government in the Process of Adoption of EU Council Conclusions - President of the Republic of Croatia - Zoran Milanovi\u0107","og_description":"The President of the Republic Zoran Milanovi\u0107 has sent a letter today to the Prime Minister of the Republic of Croatia Andrej Plenkovi\u0107 due to omissions that were made by the Government of the Republic of Croatia in the process of the adoption of EU Council conclusions on enlargement and stabilisation and association process. The EU Council conclusions were adopted on Tuesday, the 14th of December 2021 in Brussels.","og_url":"https:\/\/www.predsjednik.hr\/en\/news\/president-milanovic-sends-letter-to-prime-minister-plenkovic-due-to-omissions-by-the-croatian-government-in-the-process-of-adoption-of-eu-council-conclusions\/","og_site_name":"President of the Republic of Croatia - Zoran Milanovi\u0107","article_modified_time":"2021-12-16T10:55:41+00:00","og_image":[{"width":1024,"height":576,"url":"https:\/\/www.predsjednik.hr\/wp-content\/uploads\/2021\/12\/DSC_0934-1-1024x576.jpg","type":"image\/jpeg"}],"twitter_card":"summary_large_image","twitter_misc":{"Est. reading time":"2 minutes"},"schema":{"@context":"https:\/\/schema.org","@graph":[{"@type":"WebPage","@id":"https:\/\/www.predsjednik.hr\/en\/news\/president-milanovic-sends-letter-to-prime-minister-plenkovic-due-to-omissions-by-the-croatian-government-in-the-process-of-adoption-of-eu-council-conclusions\/","url":"https:\/\/www.predsjednik.hr\/en\/news\/president-milanovic-sends-letter-to-prime-minister-plenkovic-due-to-omissions-by-the-croatian-government-in-the-process-of-adoption-of-eu-council-conclusions\/","name":"President Milanovi\u0107 Sends Letter to Prime Minister Plenkovi\u0107 Due to Omissions by the Croatian Government in the Process of Adoption of EU Council Conclusions - President of the Republic of Croatia - Zoran Milanovi\u0107","isPartOf":{"@id":"https:\/\/www.predsjednik.hr\/en\/#website"},"primaryImageOfPage":{"@id":"https:\/\/www.predsjednik.hr\/en\/news\/president-milanovic-sends-letter-to-prime-minister-plenkovic-due-to-omissions-by-the-croatian-government-in-the-process-of-adoption-of-eu-council-conclusions\/#primaryimage"},"image":{"@id":"https:\/\/www.predsjednik.hr\/en\/news\/president-milanovic-sends-letter-to-prime-minister-plenkovic-due-to-omissions-by-the-croatian-government-in-the-process-of-adoption-of-eu-council-conclusions\/#primaryimage"},"thumbnailUrl":"https:\/\/www.predsjednik.hr\/wp-content\/uploads\/2021\/12\/DSC_0934-1.jpg","datePublished":"2021-12-15T17:54:00+00:00","dateModified":"2021-12-16T10:55:41+00:00","breadcrumb":{"@id":"https:\/\/www.predsjednik.hr\/en\/news\/president-milanovic-sends-letter-to-prime-minister-plenkovic-due-to-omissions-by-the-croatian-government-in-the-process-of-adoption-of-eu-council-conclusions\/#breadcrumb"},"inLanguage":"en-US","potentialAction":[{"@type":"ReadAction","target":["https:\/\/www.predsjednik.hr\/en\/news\/president-milanovic-sends-letter-to-prime-minister-plenkovic-due-to-omissions-by-the-croatian-government-in-the-process-of-adoption-of-eu-council-conclusions\/"]}]},{"@type":"ImageObject","inLanguage":"en-US","@id":"https:\/\/www.predsjednik.hr\/en\/news\/president-milanovic-sends-letter-to-prime-minister-plenkovic-due-to-omissions-by-the-croatian-government-in-the-process-of-adoption-of-eu-council-conclusions\/#primaryimage","url":"https:\/\/www.predsjednik.hr\/wp-content\/uploads\/2021\/12\/DSC_0934-1.jpg","contentUrl":"https:\/\/www.predsjednik.hr\/wp-content\/uploads\/2021\/12\/DSC_0934-1.jpg","width":6192,"height":3483,"caption":"Predsjednik Republike Zoran Milanovi\u0107 uputio je danas pismo predsjedniku Vlade Republike Hrvatske Andreju Plenkovi\u0107u zbog propusta Vlade RH u postupku dono\u0161enja Zaklju\u010daka Vije\u0107a Europske unije o pro\u0161irenju i Procesu stabilizacije i pridru\u017eivanja, a usvojenih u utorak, 14. prosinca 2021., u Bruxellesu."},{"@type":"BreadcrumbList","@id":"https:\/\/www.predsjednik.hr\/en\/news\/president-milanovic-sends-letter-to-prime-minister-plenkovic-due-to-omissions-by-the-croatian-government-in-the-process-of-adoption-of-eu-council-conclusions\/#breadcrumb","itemListElement":[{"@type":"ListItem","position":1,"name":"Home","item":"https:\/\/www.predsjednik.hr\/en\/"},{"@type":"ListItem","position":2,"name":"Vijesti","item":"https:\/\/www.predsjednik.hr\/en\/news\/"},{"@type":"ListItem","position":3,"name":"President Milanovi\u0107 Sends Letter to Prime Minister Plenkovi\u0107 Due to Omissions by the Croatian Government in the Process of Adoption of EU Council Conclusions"}]},{"@type":"WebSite","@id":"https:\/\/www.predsjednik.hr\/en\/#website","url":"https:\/\/www.predsjednik.hr\/en\/","name":"President of the Republic of Croatia - Zoran Milanovi\u0107","description":"Just another WordPress site","potentialAction":[{"@type":"SearchAction","target":{"@type":"EntryPoint","urlTemplate":"https:\/\/www.predsjednik.hr\/en\/?s={search_term_string}"},"query-input":{"@type":"PropertyValueSpecification","valueRequired":true,"valueName":"search_term_string"}}],"inLanguage":"en-US"}]}},"_links":{"self":[{"href":"https:\/\/www.predsjednik.hr\/en\/wp-json\/wp\/v2\/news\/14523","targetHints":{"allow":["GET"]}}],"collection":[{"href":"https:\/\/www.predsjednik.hr\/en\/wp-json\/wp\/v2\/news"}],"about":[{"href":"https:\/\/www.predsjednik.hr\/en\/wp-json\/wp\/v2\/types\/news"}],"wp:featuredmedia":[{"embeddable":true,"href":"https:\/\/www.predsjednik.hr\/en\/wp-json\/wp\/v2\/media\/14515"}],"wp:attachment":[{"href":"https:\/\/www.predsjednik.hr\/en\/wp-json\/wp\/v2\/media?parent=14523"}],"wp:term":[{"taxonomy":"news-cat","embeddable":true,"href":"https:\/\/www.predsjednik.hr\/en\/wp-json\/wp\/v2\/news-cat?post=14523"}],"curies":[{"name":"wp","href":"https:\/\/api.w.org\/{rel}","templated":true}]}}