{"id":14652,"date":"2021-12-20T15:14:00","date_gmt":"2021-12-20T14:14:00","guid":{"rendered":"https:\/\/www.predsjednik.hr\/?post_type=news&#038;p=14652"},"modified":"2021-12-21T09:17:48","modified_gmt":"2021-12-21T08:17:48","slug":"president-milanovic-at-croatian-military-academy-we-will-have-to-be-guided-more-and-more-by-our-interests-then-by-solidarity","status":"publish","type":"news","link":"https:\/\/www.predsjednik.hr\/en\/news\/president-milanovic-at-croatian-military-academy-we-will-have-to-be-guided-more-and-more-by-our-interests-then-by-solidarity\/","title":{"rendered":"President Milanovi\u0107 at Croatian Military Academy: we will have to be guided more and more by our interests, then by solidarity"},"content":{"rendered":"\n<p>The President of the Republic and Commander in Chief of the Croatian Armed Forces Zoran Milanovi\u0107 attended a ceremony marking the 30<sup>th<\/sup> anniversary of the Dr. Franjo Tu\u0111man Croatian Defence Academy, and the graduation of students of the Military Engineering and Military Leadership and Management undergraduate and graduate university study programmes.<\/p>\n\n\n\n<p>At the ceremony held in the Dr. Franjo Tu\u0111man Croatian Defence Academy, President Milanovi\u0107 noted that today he is celebrating the thirtieth anniversary of two Croatian institutions: the Croatian National Bank and the Croatian Defence Academy.<\/p>\n\n\n\n<p>\u201cI\u2019m coming straight from an institution that celebrated its thirtieth anniversary this morning \u2013 the Croatian National Bank. That\u2019s not its real anniversary since this institution existed earlier. Your institution and ours did not exist, it emerged out of the whirlwind of war and the creation of the state. It is totally new and in this sense totally ours\u201d, President Milanovi\u0107 stated, emphasizing that these two institutions after thirty years of existence of the Croatian state represent and indeed are the only two institutions that did their work well, honourably and with quality. \u201cOf these two institutions, one is monetary and enjoys a good reputation, but not love. The second one, your and our Croatian army is special, it is ours only, it serves to defend our country and served in the hardest of times, and the citizens and the people respect it and love it. These two institutions, these two pillars do what is good and of quality in the Croatian state\u201d, the President stated.<\/p>\n\n\n\n<p>He announced his Official visit to the Republic of Kosovo, saying, among others, that he is going to visit our troops \u201cwho are there because it is our decision. No solidarity, no force has made us go there, it was our decision and our assessment that it is good for us, it is good for the region. We will have to be guided more and more by our interests first, then by solidarity\u201d, President Milanovi\u0107 added, underlining that NATO is a defence alliance that has to mind that it does not create new crises by its expansion and the messages it conveys.<\/p>\n\n\n\n<p>He told the graduates that they have reason to be proud and that they have chosen the difficult duty of Croatian soldiers in a state that is a NATO and EU member. \u201cI wish you peaceful and dynamic, exciting years in which you will work on yourselves, develop yourselves. We are fighting for European values, but we have to first of all recognize our values, universal human values and Croatian interests. This is the framework in which I wish we will live, work and act. This is an honourable institution and an excellent institution of the Croatian state, which developed in impossible conditions and was created by a small number of good people\u201d, President Milanovi\u0107 said in concluding his address.<\/p>\n\n\n\n<p>On the occasion of the Croatian Defence Academy Day, the President of the Republic and Commander in Chief of the Croatian Armed Forces Zoran Milanovi\u0107 has issued a Decision to Promote Active Officers of the Croatian Armed Forces: Lieutenant &nbsp;Colonel Dalibor Mesi\u0107 has been promoted to the rank of Colonel,&nbsp; Major Ivan Rado\u0161 has been promoted to the rank of Lieutenant Colonel, Lieutenant Commander Jak\u0161a Mi\u0161kovi\u0107 has been promoted to the rank of Commander, Major Marko \u0160imi\u0107 has been promoted to the rank of Lieutenant Colonel, Major Ivan Krezi\u0107 has been promoted to the rank of Lieutenant Colonel, Major Petar Ka\u017eimir has been promoted to the rank of Lieutenant Colonel, Lieutenant Commander Tino Sumi\u0107 has been promoted to the rank of Commander, Major Hrvoje Mik\u0161ik has been promoted to the rank of Lieutenant Colonel, Major Emil Banek has been promoted to the rank of Lieutenant Colonel, Major Jasminka \u0160oi\u0107 has been promoted to the rank of Lieutenant Colonel, Captain Jelena Gudelj and Captain Marijana Maljak have been promoted to the rank of Major, Captain Mislav Kranj\u010dec has been promoted to the rank of Major, Captain Kre\u0161imir Sudari\u0107 has been promoted to the rank of Major, Lieutenant Toni Jureti\u0107 has been promoted to the rank of Lieutenant Commander, Captain Ivan Novokmet has been promoted to the rank of Major, Lieutenant Ana Bulat has been promoted to the rank of Lieutenant Commander, Captain Klaudija Matijevi\u0107 has been promoted to the rank of Major, Second Lieutenant Ivana Cvitkovi\u0107 and Second Lieutenant Sanja Ro\u017eankovi\u0107 Sadikovi\u0107 have been promoted to the rank of First Lieutenant, Second Lieutenant Dino Bajac has been promoted to the rank of First Lieutenant, and Second Lieutenant Anto Tomi\u0107 has been promoted to the rank of First Lieutenant.<\/p>\n\n\n\n<p>At the graduation ceremony of the students of the undergraduate and graduate university study programmes, the Rector of the University of Zagreb Damir Boras presented the Rector\u2019s Award for individual, scientific and artistic work to the best student 2<sup>nd<\/sup> Lt. An\u0111ela Markovi\u0107, and the Commander of the Cadet Battalion Capt. Dinko Frajzman presented the transitional cadet saber to the best student of the 15<sup>th<\/sup> generation of Cadets, Sergeant First Class Josip Lukinac.<\/p>\n\n\n\n<p>Alongside President Milanovi\u0107 at the a ceremony marking the 30<sup>th<\/sup> anniversary of the Dr. Franjo Tu\u0111man Croatian Defence Academy and the graduation of students of the undergraduate and graduate university study programmes Military Engineering and Military Leadership and Management was the Special Adviser to the President for Homeland War Veterans Marijan Marekovi\u0107.<\/p>\n\n\n<!--GALLERY BLOCK-->\n<div class=\"c-lightbox-gallery js-lightbox\">\n                <!--single-->\n            <a data-no-swup class=\"c-lightbox-gallery__single js-lightbox-single\"\n               href=\"https:\/\/www.predsjednik.hr\/wp-content\/uploads\/2021\/12\/DSC_1109-1024x576.jpg\"\n               style=\"background-image: url('https:\/\/www.predsjednik.hr\/wp-content\/uploads\/2021\/12\/DSC_1109-768x432.jpg')\"><\/a>\n            <!--end single-->\n                    <!--single-->\n            <a data-no-swup class=\"c-lightbox-gallery__single js-lightbox-single\"\n               href=\"https:\/\/www.predsjednik.hr\/wp-content\/uploads\/2021\/12\/DSC_1118-1024x576.jpg\"\n               style=\"background-image: url('https:\/\/www.predsjednik.hr\/wp-content\/uploads\/2021\/12\/DSC_1118-768x432.jpg')\"><\/a>\n            <!--end single-->\n                    <!--single-->\n            <a data-no-swup class=\"c-lightbox-gallery__single js-lightbox-single\"\n               href=\"https:\/\/www.predsjednik.hr\/wp-content\/uploads\/2021\/12\/DSC_1146-1024x576.jpg\"\n               style=\"background-image: url('https:\/\/www.predsjednik.hr\/wp-content\/uploads\/2021\/12\/DSC_1146-768x432.jpg')\"><\/a>\n            <!--end single-->\n                    <!--single-->\n            <a data-no-swup class=\"c-lightbox-gallery__single js-lightbox-single\"\n               href=\"https:\/\/www.predsjednik.hr\/wp-content\/uploads\/2021\/12\/DSC_1233-1024x731.jpg\"\n               style=\"background-image: url('https:\/\/www.predsjednik.hr\/wp-content\/uploads\/2021\/12\/DSC_1233-768x549.jpg')\"><\/a>\n            <!--end single-->\n                    <!--single-->\n            <a data-no-swup class=\"c-lightbox-gallery__single js-lightbox-single\"\n               href=\"https:\/\/www.predsjednik.hr\/wp-content\/uploads\/2021\/12\/DSC_1244-1024x731.jpg\"\n               style=\"background-image: url('https:\/\/www.predsjednik.hr\/wp-content\/uploads\/2021\/12\/DSC_1244-768x549.jpg')\"><\/a>\n            <!--end single-->\n                    <!--single-->\n            <a data-no-swup class=\"c-lightbox-gallery__single js-lightbox-single\"\n               href=\"https:\/\/www.predsjednik.hr\/wp-content\/uploads\/2021\/12\/DSC_1328-1024x731.jpg\"\n               style=\"background-image: url('https:\/\/www.predsjednik.hr\/wp-content\/uploads\/2021\/12\/DSC_1328-768x549.jpg')\"><\/a>\n            <!--end single-->\n                    <!--single-->\n            <a data-no-swup class=\"c-lightbox-gallery__single js-lightbox-single\"\n               href=\"https:\/\/www.predsjednik.hr\/wp-content\/uploads\/2021\/12\/DSC_1469-1024x731.jpg\"\n               style=\"background-image: url('https:\/\/www.predsjednik.hr\/wp-content\/uploads\/2021\/12\/DSC_1469-768x548.jpg')\"><\/a>\n            <!--end single-->\n                    <!--single-->\n            <a data-no-swup class=\"c-lightbox-gallery__single js-lightbox-single\"\n               href=\"https:\/\/www.predsjednik.hr\/wp-content\/uploads\/2021\/12\/DSC_1529-1024x731.jpg\"\n               style=\"background-image: url('https:\/\/www.predsjednik.hr\/wp-content\/uploads\/2021\/12\/DSC_1529-768x549.jpg')\"><\/a>\n            <!--end single-->\n                    <!--single-->\n            <a data-no-swup class=\"c-lightbox-gallery__single js-lightbox-single\"\n               href=\"https:\/\/www.predsjednik.hr\/wp-content\/uploads\/2021\/12\/DSC_1583-1024x731.jpg\"\n               style=\"background-image: url('https:\/\/www.predsjednik.hr\/wp-content\/uploads\/2021\/12\/DSC_1583-768x549.jpg')\"><\/a>\n            <!--end single-->\n                    <!--single-->\n            <a data-no-swup class=\"c-lightbox-gallery__single js-lightbox-single\"\n               href=\"https:\/\/www.predsjednik.hr\/wp-content\/uploads\/2021\/12\/DSC_1786-1024x576.jpg\"\n               style=\"background-image: url('https:\/\/www.predsjednik.hr\/wp-content\/uploads\/2021\/12\/DSC_1786-768x432.jpg')\"><\/a>\n            <!--end single-->\n                    <!--single-->\n            <a data-no-swup class=\"c-lightbox-gallery__single js-lightbox-single\"\n               href=\"https:\/\/www.predsjednik.hr\/wp-content\/uploads\/2021\/12\/DSC_1806-1024x731.jpg\"\n               style=\"background-image: url('https:\/\/www.predsjednik.hr\/wp-content\/uploads\/2021\/12\/DSC_1806-768x549.jpg')\"><\/a>\n            <!--end single-->\n        <\/div>\n<!--end GALLERY BLOCK-->\n\n\n\n<p>PHOTO: Office of the President of the Republic of Croatia \/ Marko Beljan<\/p>\n","protected":false},"excerpt":{"rendered":"<p>The President of the Republic and Commander in Chief of the Croatian Armed Forces Zoran Milanovi\u0107 attended a ceremony marking the 30th anniversary of the Dr. Franjo Tu\u0111man Croatian Defence Academy, and the graduation of students of the Military Engineering and Military Leadership and Management undergraduate and graduate university study programmes.<\/p>\n","protected":false},"featured_media":14625,"template":"","news-cat":[12],"class_list":["post-14652","news","type-news","status-publish","has-post-thumbnail","hentry","news-cat-news"],"acf":[],"yoast_head":"<!-- This site is optimized with the Yoast SEO plugin v27.5 - https:\/\/yoast.com\/product\/yoast-seo-wordpress\/ -->\n<title>President Milanovi\u0107 at Croatian Military Academy: we will have to be guided more and more by our interests, then by solidarity - President of the Republic of Croatia - Zoran Milanovi\u0107<\/title>\n<meta name=\"robots\" content=\"index, follow, max-snippet:-1, max-image-preview:large, max-video-preview:-1\" \/>\n<link rel=\"canonical\" href=\"https:\/\/www.predsjednik.hr\/en\/news\/president-milanovic-at-croatian-military-academy-we-will-have-to-be-guided-more-and-more-by-our-interests-then-by-solidarity\/\" \/>\n<meta property=\"og:locale\" content=\"en_US\" \/>\n<meta property=\"og:type\" content=\"article\" \/>\n<meta property=\"og:title\" content=\"President Milanovi\u0107 at Croatian Military Academy: we will have to be guided more and more by our interests, then by solidarity - President of the Republic of Croatia - Zoran Milanovi\u0107\" \/>\n<meta property=\"og:description\" content=\"The President of the Republic and Commander in Chief of the Croatian Armed Forces Zoran Milanovi\u0107 attended a ceremony marking the 30th anniversary of the Dr. Franjo Tu\u0111man Croatian Defence Academy, and the graduation of students of the Military Engineering and Military Leadership and Management undergraduate and graduate university study programmes.\" \/>\n<meta property=\"og:url\" content=\"https:\/\/www.predsjednik.hr\/en\/news\/president-milanovic-at-croatian-military-academy-we-will-have-to-be-guided-more-and-more-by-our-interests-then-by-solidarity\/\" \/>\n<meta property=\"og:site_name\" content=\"President of the Republic of Croatia - Zoran Milanovi\u0107\" \/>\n<meta property=\"article:modified_time\" content=\"2021-12-21T08:17:48+00:00\" \/>\n<meta property=\"og:image\" content=\"https:\/\/www.predsjednik.hr\/wp-content\/uploads\/2021\/12\/DSC_1806.jpg\" \/>\n\t<meta property=\"og:image:width\" content=\"5515\" \/>\n\t<meta property=\"og:image:height\" content=\"3939\" \/>\n\t<meta property=\"og:image:type\" content=\"image\/jpeg\" \/>\n<meta name=\"twitter:card\" content=\"summary_large_image\" \/>\n<meta name=\"twitter:label1\" content=\"Est. reading time\" \/>\n\t<meta name=\"twitter:data1\" content=\"4 minutes\" \/>\n<script type=\"application\/ld+json\" class=\"yoast-schema-graph\">{\"@context\":\"https:\\\/\\\/schema.org\",\"@graph\":[{\"@type\":\"WebPage\",\"@id\":\"https:\\\/\\\/www.predsjednik.hr\\\/en\\\/news\\\/president-milanovic-at-croatian-military-academy-we-will-have-to-be-guided-more-and-more-by-our-interests-then-by-solidarity\\\/\",\"url\":\"https:\\\/\\\/www.predsjednik.hr\\\/en\\\/news\\\/president-milanovic-at-croatian-military-academy-we-will-have-to-be-guided-more-and-more-by-our-interests-then-by-solidarity\\\/\",\"name\":\"President Milanovi\u0107 at Croatian Military Academy: we will have to be guided more and more by our interests, then by solidarity - President of the Republic of Croatia - Zoran Milanovi\u0107\",\"isPartOf\":{\"@id\":\"https:\\\/\\\/www.predsjednik.hr\\\/en\\\/#website\"},\"primaryImageOfPage\":{\"@id\":\"https:\\\/\\\/www.predsjednik.hr\\\/en\\\/news\\\/president-milanovic-at-croatian-military-academy-we-will-have-to-be-guided-more-and-more-by-our-interests-then-by-solidarity\\\/#primaryimage\"},\"image\":{\"@id\":\"https:\\\/\\\/www.predsjednik.hr\\\/en\\\/news\\\/president-milanovic-at-croatian-military-academy-we-will-have-to-be-guided-more-and-more-by-our-interests-then-by-solidarity\\\/#primaryimage\"},\"thumbnailUrl\":\"https:\\\/\\\/www.predsjednik.hr\\\/wp-content\\\/uploads\\\/2021\\\/12\\\/DSC_1806.jpg\",\"datePublished\":\"2021-12-20T14:14:00+00:00\",\"dateModified\":\"2021-12-21T08:17:48+00:00\",\"breadcrumb\":{\"@id\":\"https:\\\/\\\/www.predsjednik.hr\\\/en\\\/news\\\/president-milanovic-at-croatian-military-academy-we-will-have-to-be-guided-more-and-more-by-our-interests-then-by-solidarity\\\/#breadcrumb\"},\"inLanguage\":\"en-US\",\"potentialAction\":[{\"@type\":\"ReadAction\",\"target\":[\"https:\\\/\\\/www.predsjednik.hr\\\/en\\\/news\\\/president-milanovic-at-croatian-military-academy-we-will-have-to-be-guided-more-and-more-by-our-interests-then-by-solidarity\\\/\"]}]},{\"@type\":\"ImageObject\",\"inLanguage\":\"en-US\",\"@id\":\"https:\\\/\\\/www.predsjednik.hr\\\/en\\\/news\\\/president-milanovic-at-croatian-military-academy-we-will-have-to-be-guided-more-and-more-by-our-interests-then-by-solidarity\\\/#primaryimage\",\"url\":\"https:\\\/\\\/www.predsjednik.hr\\\/wp-content\\\/uploads\\\/2021\\\/12\\\/DSC_1806.jpg\",\"contentUrl\":\"https:\\\/\\\/www.predsjednik.hr\\\/wp-content\\\/uploads\\\/2021\\\/12\\\/DSC_1806.jpg\",\"width\":5515,\"height\":3939,\"caption\":\"The President of the Republic and Commander in Chief of the Croatian Armed Forces Zoran Milanovi\u0107 attended a ceremony marking the 30th anniversary of the Dr. Franjo Tu\u0111man Croatian Defence Academy, and the graduation of students of the Military Engineering and Military Leadership and Management undergraduate and graduate university study programmes.\"},{\"@type\":\"BreadcrumbList\",\"@id\":\"https:\\\/\\\/www.predsjednik.hr\\\/en\\\/news\\\/president-milanovic-at-croatian-military-academy-we-will-have-to-be-guided-more-and-more-by-our-interests-then-by-solidarity\\\/#breadcrumb\",\"itemListElement\":[{\"@type\":\"ListItem\",\"position\":1,\"name\":\"Home\",\"item\":\"https:\\\/\\\/www.predsjednik.hr\\\/en\\\/\"},{\"@type\":\"ListItem\",\"position\":2,\"name\":\"Vijesti\",\"item\":\"https:\\\/\\\/www.predsjednik.hr\\\/en\\\/news\\\/\"},{\"@type\":\"ListItem\",\"position\":3,\"name\":\"President Milanovi\u0107 at Croatian Military Academy: we will have to be guided more and more by our interests, then by solidarity\"}]},{\"@type\":\"WebSite\",\"@id\":\"https:\\\/\\\/www.predsjednik.hr\\\/en\\\/#website\",\"url\":\"https:\\\/\\\/www.predsjednik.hr\\\/en\\\/\",\"name\":\"President of the Republic of Croatia - Zoran Milanovi\u0107\",\"description\":\"Just another WordPress site\",\"potentialAction\":[{\"@type\":\"SearchAction\",\"target\":{\"@type\":\"EntryPoint\",\"urlTemplate\":\"https:\\\/\\\/www.predsjednik.hr\\\/en\\\/?s={search_term_string}\"},\"query-input\":{\"@type\":\"PropertyValueSpecification\",\"valueRequired\":true,\"valueName\":\"search_term_string\"}}],\"inLanguage\":\"en-US\"}]}<\/script>\n<!-- \/ Yoast SEO plugin. -->","yoast_head_json":{"title":"President Milanovi\u0107 at Croatian Military Academy: we will have to be guided more and more by our interests, then by solidarity - President of the Republic of Croatia - Zoran Milanovi\u0107","robots":{"index":"index","follow":"follow","max-snippet":"max-snippet:-1","max-image-preview":"max-image-preview:large","max-video-preview":"max-video-preview:-1"},"canonical":"https:\/\/www.predsjednik.hr\/en\/news\/president-milanovic-at-croatian-military-academy-we-will-have-to-be-guided-more-and-more-by-our-interests-then-by-solidarity\/","og_locale":"en_US","og_type":"article","og_title":"President Milanovi\u0107 at Croatian Military Academy: we will have to be guided more and more by our interests, then by solidarity - President of the Republic of Croatia - Zoran Milanovi\u0107","og_description":"The President of the Republic and Commander in Chief of the Croatian Armed Forces Zoran Milanovi\u0107 attended a ceremony marking the 30th anniversary of the Dr. Franjo Tu\u0111man Croatian Defence Academy, and the graduation of students of the Military Engineering and Military Leadership and Management undergraduate and graduate university study programmes.","og_url":"https:\/\/www.predsjednik.hr\/en\/news\/president-milanovic-at-croatian-military-academy-we-will-have-to-be-guided-more-and-more-by-our-interests-then-by-solidarity\/","og_site_name":"President of the Republic of Croatia - Zoran Milanovi\u0107","article_modified_time":"2021-12-21T08:17:48+00:00","og_image":[{"width":5515,"height":3939,"url":"https:\/\/www.predsjednik.hr\/wp-content\/uploads\/2021\/12\/DSC_1806.jpg","type":"image\/jpeg"}],"twitter_card":"summary_large_image","twitter_misc":{"Est. reading time":"4 minutes"},"schema":{"@context":"https:\/\/schema.org","@graph":[{"@type":"WebPage","@id":"https:\/\/www.predsjednik.hr\/en\/news\/president-milanovic-at-croatian-military-academy-we-will-have-to-be-guided-more-and-more-by-our-interests-then-by-solidarity\/","url":"https:\/\/www.predsjednik.hr\/en\/news\/president-milanovic-at-croatian-military-academy-we-will-have-to-be-guided-more-and-more-by-our-interests-then-by-solidarity\/","name":"President Milanovi\u0107 at Croatian Military Academy: we will have to be guided more and more by our interests, then by solidarity - President of the Republic of Croatia - Zoran Milanovi\u0107","isPartOf":{"@id":"https:\/\/www.predsjednik.hr\/en\/#website"},"primaryImageOfPage":{"@id":"https:\/\/www.predsjednik.hr\/en\/news\/president-milanovic-at-croatian-military-academy-we-will-have-to-be-guided-more-and-more-by-our-interests-then-by-solidarity\/#primaryimage"},"image":{"@id":"https:\/\/www.predsjednik.hr\/en\/news\/president-milanovic-at-croatian-military-academy-we-will-have-to-be-guided-more-and-more-by-our-interests-then-by-solidarity\/#primaryimage"},"thumbnailUrl":"https:\/\/www.predsjednik.hr\/wp-content\/uploads\/2021\/12\/DSC_1806.jpg","datePublished":"2021-12-20T14:14:00+00:00","dateModified":"2021-12-21T08:17:48+00:00","breadcrumb":{"@id":"https:\/\/www.predsjednik.hr\/en\/news\/president-milanovic-at-croatian-military-academy-we-will-have-to-be-guided-more-and-more-by-our-interests-then-by-solidarity\/#breadcrumb"},"inLanguage":"en-US","potentialAction":[{"@type":"ReadAction","target":["https:\/\/www.predsjednik.hr\/en\/news\/president-milanovic-at-croatian-military-academy-we-will-have-to-be-guided-more-and-more-by-our-interests-then-by-solidarity\/"]}]},{"@type":"ImageObject","inLanguage":"en-US","@id":"https:\/\/www.predsjednik.hr\/en\/news\/president-milanovic-at-croatian-military-academy-we-will-have-to-be-guided-more-and-more-by-our-interests-then-by-solidarity\/#primaryimage","url":"https:\/\/www.predsjednik.hr\/wp-content\/uploads\/2021\/12\/DSC_1806.jpg","contentUrl":"https:\/\/www.predsjednik.hr\/wp-content\/uploads\/2021\/12\/DSC_1806.jpg","width":5515,"height":3939,"caption":"The President of the Republic and Commander in Chief of the Croatian Armed Forces Zoran Milanovi\u0107 attended a ceremony marking the 30th anniversary of the Dr. Franjo Tu\u0111man Croatian Defence Academy, and the graduation of students of the Military Engineering and Military Leadership and Management undergraduate and graduate university study programmes."},{"@type":"BreadcrumbList","@id":"https:\/\/www.predsjednik.hr\/en\/news\/president-milanovic-at-croatian-military-academy-we-will-have-to-be-guided-more-and-more-by-our-interests-then-by-solidarity\/#breadcrumb","itemListElement":[{"@type":"ListItem","position":1,"name":"Home","item":"https:\/\/www.predsjednik.hr\/en\/"},{"@type":"ListItem","position":2,"name":"Vijesti","item":"https:\/\/www.predsjednik.hr\/en\/news\/"},{"@type":"ListItem","position":3,"name":"President Milanovi\u0107 at Croatian Military Academy: we will have to be guided more and more by our interests, then by solidarity"}]},{"@type":"WebSite","@id":"https:\/\/www.predsjednik.hr\/en\/#website","url":"https:\/\/www.predsjednik.hr\/en\/","name":"President of the Republic of Croatia - Zoran Milanovi\u0107","description":"Just another WordPress site","potentialAction":[{"@type":"SearchAction","target":{"@type":"EntryPoint","urlTemplate":"https:\/\/www.predsjednik.hr\/en\/?s={search_term_string}"},"query-input":{"@type":"PropertyValueSpecification","valueRequired":true,"valueName":"search_term_string"}}],"inLanguage":"en-US"}]}},"_links":{"self":[{"href":"https:\/\/www.predsjednik.hr\/en\/wp-json\/wp\/v2\/news\/14652","targetHints":{"allow":["GET"]}}],"collection":[{"href":"https:\/\/www.predsjednik.hr\/en\/wp-json\/wp\/v2\/news"}],"about":[{"href":"https:\/\/www.predsjednik.hr\/en\/wp-json\/wp\/v2\/types\/news"}],"wp:featuredmedia":[{"embeddable":true,"href":"https:\/\/www.predsjednik.hr\/en\/wp-json\/wp\/v2\/media\/14625"}],"wp:attachment":[{"href":"https:\/\/www.predsjednik.hr\/en\/wp-json\/wp\/v2\/media?parent=14652"}],"wp:term":[{"taxonomy":"news-cat","embeddable":true,"href":"https:\/\/www.predsjednik.hr\/en\/wp-json\/wp\/v2\/news-cat?post=14652"}],"curies":[{"name":"wp","href":"https:\/\/api.w.org\/{rel}","templated":true}]}}