{"id":14663,"date":"2021-12-20T20:12:00","date_gmt":"2021-12-20T19:12:00","guid":{"rendered":"https:\/\/www.predsjednik.hr\/?post_type=news&#038;p=14663"},"modified":"2021-12-21T15:14:42","modified_gmt":"2021-12-21T14:14:42","slug":"president-milanovic-attends-145th-anniversary-celebration-of-croatian-firefighting-association","status":"publish","type":"news","link":"https:\/\/www.predsjednik.hr\/en\/news\/president-milanovic-attends-145th-anniversary-celebration-of-croatian-firefighting-association\/","title":{"rendered":"President Milanovi\u0107 Attends 145th Anniversary Celebration of Croatian Firefighting Association"},"content":{"rendered":"\n<p>The President of the Republic Zoran Milanovi\u0107 attended a celebration marking the 145<sup>th<\/sup> anniversary of the Croatian Firefighting Association, on the occasion of which he congratulated the firefighters, telling them there is no nobler and more dangerous job than firefighting. &nbsp;&nbsp;<\/p>\n\n\n\n<p>\u201cIn this line of work, Croatia is the upper elite. We are good because of our tradition and because of investments. We are also good due to the latest measure by which firefighting became part of the public administration, something that perhaps should have been done earlier. That was a good decision,\u201d President Milanovi\u0107 said in his address at the event.<\/p>\n\n\n\n<p>He underscored that as a politician and formerly as the Prime Minister, he grew aware of the importance, boldness and bravery of people involved in firefighting, emphasizing that there are a total of some 1,800 volunteer fire brigades in Croatia. \u201cThese associations of local men and women are so often unjustly the butt of a joke, since those who tell them have no clue what they are talking about. Croatia has at least 400 municipalities that are constantly the target of administrative, legal and conceptual tutors who claim there are too many. Why don\u2019t they say there are too many volunteer associations? There are not too many of them, just as there are not too many municipalities. Volunteer fire associations are needed just as much as the municipalities are needed,\u201d President Milanovi\u0107 concluded.<\/p>\n\n\n\n<p>Speaking at the 145<sup>th<\/sup> anniversary celebration of the Croatian Firefighting Association apart from President Milanovi\u0107 were Chief Fire Commander Slavko Tucakovi\u0107, the President of the Croatian Firefighting Association, Member of the Croatian Parliament and envoy of the Speaker of the Croatian Parliament Ante Sanader and Prime Minister Andrej Plenkovi\u0107.<\/p>\n\n\n\n<p>Adviser to the President of the Republic for Defense and National Security Dragan Lozan\u010di\u0107 and Adviser to the President of the Republic for Human Rights and Civil Society Melita Muli\u0107 were alongside President Milanovi\u0107.<\/p>\n\n\n<!--GALLERY BLOCK-->\n<div class=\"c-lightbox-gallery js-lightbox\">\n                <!--single-->\n            <a data-no-swup class=\"c-lightbox-gallery__single js-lightbox-single\"\n               href=\"https:\/\/www.predsjednik.hr\/wp-content\/uploads\/2021\/12\/DSC_1970-1024x683.jpg\"\n               style=\"background-image: url('https:\/\/www.predsjednik.hr\/wp-content\/uploads\/2021\/12\/DSC_1970-768x512.jpg')\"><\/a>\n            <!--end single-->\n                    <!--single-->\n            <a data-no-swup class=\"c-lightbox-gallery__single js-lightbox-single\"\n               href=\"https:\/\/www.predsjednik.hr\/wp-content\/uploads\/2021\/12\/DSC_1981-1024x683.jpg\"\n               style=\"background-image: url('https:\/\/www.predsjednik.hr\/wp-content\/uploads\/2021\/12\/DSC_1981-768x512.jpg')\"><\/a>\n            <!--end single-->\n                    <!--single-->\n            <a data-no-swup class=\"c-lightbox-gallery__single js-lightbox-single\"\n               href=\"https:\/\/www.predsjednik.hr\/wp-content\/uploads\/2021\/12\/DSC_1997-1024x683.jpg\"\n               style=\"background-image: url('https:\/\/www.predsjednik.hr\/wp-content\/uploads\/2021\/12\/DSC_1997-768x512.jpg')\"><\/a>\n            <!--end single-->\n                    <!--single-->\n            <a data-no-swup class=\"c-lightbox-gallery__single js-lightbox-single\"\n               href=\"https:\/\/www.predsjednik.hr\/wp-content\/uploads\/2021\/12\/DSC_2002-1024x683.jpg\"\n               style=\"background-image: url('https:\/\/www.predsjednik.hr\/wp-content\/uploads\/2021\/12\/DSC_2002-768x512.jpg')\"><\/a>\n            <!--end single-->\n                    <!--single-->\n            <a data-no-swup class=\"c-lightbox-gallery__single js-lightbox-single\"\n               href=\"https:\/\/www.predsjednik.hr\/wp-content\/uploads\/2021\/12\/DSC_2056-1024x683.jpg\"\n               style=\"background-image: url('https:\/\/www.predsjednik.hr\/wp-content\/uploads\/2021\/12\/DSC_2056-768x512.jpg')\"><\/a>\n            <!--end single-->\n                    <!--single-->\n            <a data-no-swup class=\"c-lightbox-gallery__single js-lightbox-single\"\n               href=\"https:\/\/www.predsjednik.hr\/wp-content\/uploads\/2021\/12\/DSC_2141-1024x683.jpg\"\n               style=\"background-image: url('https:\/\/www.predsjednik.hr\/wp-content\/uploads\/2021\/12\/DSC_2141-768x512.jpg')\"><\/a>\n            <!--end single-->\n                    <!--single-->\n            <a data-no-swup class=\"c-lightbox-gallery__single js-lightbox-single\"\n               href=\"https:\/\/www.predsjednik.hr\/wp-content\/uploads\/2021\/12\/DSC_2195-1024x683.jpg\"\n               style=\"background-image: url('https:\/\/www.predsjednik.hr\/wp-content\/uploads\/2021\/12\/DSC_2195-768x512.jpg')\"><\/a>\n            <!--end single-->\n                    <!--single-->\n            <a data-no-swup class=\"c-lightbox-gallery__single js-lightbox-single\"\n               href=\"https:\/\/www.predsjednik.hr\/wp-content\/uploads\/2021\/12\/DSC_2246-1024x683.jpg\"\n               style=\"background-image: url('https:\/\/www.predsjednik.hr\/wp-content\/uploads\/2021\/12\/DSC_2246-768x512.jpg')\"><\/a>\n            <!--end single-->\n                    <!--single-->\n            <a data-no-swup class=\"c-lightbox-gallery__single js-lightbox-single\"\n               href=\"https:\/\/www.predsjednik.hr\/wp-content\/uploads\/2021\/12\/DSC_2262-1024x683.jpg\"\n               style=\"background-image: url('https:\/\/www.predsjednik.hr\/wp-content\/uploads\/2021\/12\/DSC_2262-768x512.jpg')\"><\/a>\n            <!--end single-->\n                    <!--single-->\n            <a data-no-swup class=\"c-lightbox-gallery__single js-lightbox-single\"\n               href=\"https:\/\/www.predsjednik.hr\/wp-content\/uploads\/2021\/12\/DSC_2281-1024x576.jpg\"\n               style=\"background-image: url('https:\/\/www.predsjednik.hr\/wp-content\/uploads\/2021\/12\/DSC_2281-768x432.jpg')\"><\/a>\n            <!--end single-->\n        <\/div>\n<!--end GALLERY BLOCK-->\n\n\n\n<p>PHOTO: Office of the President of the Republic of Croatia \/ Filip Glas<\/p>\n","protected":false},"excerpt":{"rendered":"<p>The President of the Republic Zoran Milanovi\u0107 attended a celebration marking the 145th anniversary of the Croatian Firefighting Association, on the occasion of which he congratulated the firefighters, telling them there is no nobler and more dangerous job than firefighting. \u00a0\u00a0<\/p>\n","protected":false},"featured_media":14639,"template":"","news-cat":[12],"class_list":["post-14663","news","type-news","status-publish","has-post-thumbnail","hentry","news-cat-news"],"acf":[],"yoast_head":"<!-- This site is optimized with the Yoast SEO plugin v27.5 - https:\/\/yoast.com\/product\/yoast-seo-wordpress\/ -->\n<title>President Milanovi\u0107 Attends 145th Anniversary Celebration of Croatian Firefighting Association - President of the Republic of Croatia - Zoran Milanovi\u0107<\/title>\n<meta name=\"robots\" content=\"index, follow, max-snippet:-1, max-image-preview:large, max-video-preview:-1\" \/>\n<link rel=\"canonical\" href=\"https:\/\/www.predsjednik.hr\/en\/news\/president-milanovic-attends-145th-anniversary-celebration-of-croatian-firefighting-association\/\" \/>\n<meta property=\"og:locale\" content=\"en_US\" \/>\n<meta property=\"og:type\" content=\"article\" \/>\n<meta property=\"og:title\" content=\"President Milanovi\u0107 Attends 145th Anniversary Celebration of Croatian Firefighting Association - President of the Republic of Croatia - Zoran Milanovi\u0107\" \/>\n<meta property=\"og:description\" content=\"The President of the Republic Zoran Milanovi\u0107 attended a celebration marking the 145th anniversary of the Croatian Firefighting Association, on the occasion of which he congratulated the firefighters, telling them there is no nobler and more dangerous job than firefighting. \u00a0\u00a0\" \/>\n<meta property=\"og:url\" content=\"https:\/\/www.predsjednik.hr\/en\/news\/president-milanovic-attends-145th-anniversary-celebration-of-croatian-firefighting-association\/\" \/>\n<meta property=\"og:site_name\" content=\"President of the Republic of Croatia - Zoran Milanovi\u0107\" \/>\n<meta property=\"article:modified_time\" content=\"2021-12-21T14:14:42+00:00\" \/>\n<meta property=\"og:image\" content=\"https:\/\/www.predsjednik.hr\/wp-content\/uploads\/2021\/12\/DSC_2002.jpg\" \/>\n\t<meta property=\"og:image:width\" content=\"4096\" \/>\n\t<meta property=\"og:image:height\" content=\"2731\" \/>\n\t<meta property=\"og:image:type\" content=\"image\/jpeg\" \/>\n<meta name=\"twitter:card\" content=\"summary_large_image\" \/>\n<meta name=\"twitter:label1\" content=\"Est. reading time\" \/>\n\t<meta name=\"twitter:data1\" content=\"2 minutes\" \/>\n<script type=\"application\/ld+json\" class=\"yoast-schema-graph\">{\"@context\":\"https:\\\/\\\/schema.org\",\"@graph\":[{\"@type\":\"WebPage\",\"@id\":\"https:\\\/\\\/www.predsjednik.hr\\\/en\\\/news\\\/president-milanovic-attends-145th-anniversary-celebration-of-croatian-firefighting-association\\\/\",\"url\":\"https:\\\/\\\/www.predsjednik.hr\\\/en\\\/news\\\/president-milanovic-attends-145th-anniversary-celebration-of-croatian-firefighting-association\\\/\",\"name\":\"President Milanovi\u0107 Attends 145th Anniversary Celebration of Croatian Firefighting Association - President of the Republic of Croatia - Zoran Milanovi\u0107\",\"isPartOf\":{\"@id\":\"https:\\\/\\\/www.predsjednik.hr\\\/en\\\/#website\"},\"primaryImageOfPage\":{\"@id\":\"https:\\\/\\\/www.predsjednik.hr\\\/en\\\/news\\\/president-milanovic-attends-145th-anniversary-celebration-of-croatian-firefighting-association\\\/#primaryimage\"},\"image\":{\"@id\":\"https:\\\/\\\/www.predsjednik.hr\\\/en\\\/news\\\/president-milanovic-attends-145th-anniversary-celebration-of-croatian-firefighting-association\\\/#primaryimage\"},\"thumbnailUrl\":\"https:\\\/\\\/www.predsjednik.hr\\\/wp-content\\\/uploads\\\/2021\\\/12\\\/DSC_2002.jpg\",\"datePublished\":\"2021-12-20T19:12:00+00:00\",\"dateModified\":\"2021-12-21T14:14:42+00:00\",\"breadcrumb\":{\"@id\":\"https:\\\/\\\/www.predsjednik.hr\\\/en\\\/news\\\/president-milanovic-attends-145th-anniversary-celebration-of-croatian-firefighting-association\\\/#breadcrumb\"},\"inLanguage\":\"en-US\",\"potentialAction\":[{\"@type\":\"ReadAction\",\"target\":[\"https:\\\/\\\/www.predsjednik.hr\\\/en\\\/news\\\/president-milanovic-attends-145th-anniversary-celebration-of-croatian-firefighting-association\\\/\"]}]},{\"@type\":\"ImageObject\",\"inLanguage\":\"en-US\",\"@id\":\"https:\\\/\\\/www.predsjednik.hr\\\/en\\\/news\\\/president-milanovic-attends-145th-anniversary-celebration-of-croatian-firefighting-association\\\/#primaryimage\",\"url\":\"https:\\\/\\\/www.predsjednik.hr\\\/wp-content\\\/uploads\\\/2021\\\/12\\\/DSC_2002.jpg\",\"contentUrl\":\"https:\\\/\\\/www.predsjednik.hr\\\/wp-content\\\/uploads\\\/2021\\\/12\\\/DSC_2002.jpg\",\"width\":4096,\"height\":2731,\"caption\":\"President Milanovi\u0107 Attends 145th Anniversary Celebration of Croatian Firefighting Association\"},{\"@type\":\"BreadcrumbList\",\"@id\":\"https:\\\/\\\/www.predsjednik.hr\\\/en\\\/news\\\/president-milanovic-attends-145th-anniversary-celebration-of-croatian-firefighting-association\\\/#breadcrumb\",\"itemListElement\":[{\"@type\":\"ListItem\",\"position\":1,\"name\":\"Home\",\"item\":\"https:\\\/\\\/www.predsjednik.hr\\\/en\\\/\"},{\"@type\":\"ListItem\",\"position\":2,\"name\":\"Vijesti\",\"item\":\"https:\\\/\\\/www.predsjednik.hr\\\/en\\\/news\\\/\"},{\"@type\":\"ListItem\",\"position\":3,\"name\":\"President Milanovi\u0107 Attends 145th Anniversary Celebration of Croatian Firefighting Association\"}]},{\"@type\":\"WebSite\",\"@id\":\"https:\\\/\\\/www.predsjednik.hr\\\/en\\\/#website\",\"url\":\"https:\\\/\\\/www.predsjednik.hr\\\/en\\\/\",\"name\":\"President of the Republic of Croatia - Zoran Milanovi\u0107\",\"description\":\"Just another WordPress site\",\"potentialAction\":[{\"@type\":\"SearchAction\",\"target\":{\"@type\":\"EntryPoint\",\"urlTemplate\":\"https:\\\/\\\/www.predsjednik.hr\\\/en\\\/?s={search_term_string}\"},\"query-input\":{\"@type\":\"PropertyValueSpecification\",\"valueRequired\":true,\"valueName\":\"search_term_string\"}}],\"inLanguage\":\"en-US\"}]}<\/script>\n<!-- \/ Yoast SEO plugin. -->","yoast_head_json":{"title":"President Milanovi\u0107 Attends 145th Anniversary Celebration of Croatian Firefighting Association - President of the Republic of Croatia - Zoran Milanovi\u0107","robots":{"index":"index","follow":"follow","max-snippet":"max-snippet:-1","max-image-preview":"max-image-preview:large","max-video-preview":"max-video-preview:-1"},"canonical":"https:\/\/www.predsjednik.hr\/en\/news\/president-milanovic-attends-145th-anniversary-celebration-of-croatian-firefighting-association\/","og_locale":"en_US","og_type":"article","og_title":"President Milanovi\u0107 Attends 145th Anniversary Celebration of Croatian Firefighting Association - President of the Republic of Croatia - Zoran Milanovi\u0107","og_description":"The President of the Republic Zoran Milanovi\u0107 attended a celebration marking the 145th anniversary of the Croatian Firefighting Association, on the occasion of which he congratulated the firefighters, telling them there is no nobler and more dangerous job than firefighting. \u00a0\u00a0","og_url":"https:\/\/www.predsjednik.hr\/en\/news\/president-milanovic-attends-145th-anniversary-celebration-of-croatian-firefighting-association\/","og_site_name":"President of the Republic of Croatia - Zoran Milanovi\u0107","article_modified_time":"2021-12-21T14:14:42+00:00","og_image":[{"width":4096,"height":2731,"url":"https:\/\/www.predsjednik.hr\/wp-content\/uploads\/2021\/12\/DSC_2002.jpg","type":"image\/jpeg"}],"twitter_card":"summary_large_image","twitter_misc":{"Est. reading time":"2 minutes"},"schema":{"@context":"https:\/\/schema.org","@graph":[{"@type":"WebPage","@id":"https:\/\/www.predsjednik.hr\/en\/news\/president-milanovic-attends-145th-anniversary-celebration-of-croatian-firefighting-association\/","url":"https:\/\/www.predsjednik.hr\/en\/news\/president-milanovic-attends-145th-anniversary-celebration-of-croatian-firefighting-association\/","name":"President Milanovi\u0107 Attends 145th Anniversary Celebration of Croatian Firefighting Association - President of the Republic of Croatia - Zoran Milanovi\u0107","isPartOf":{"@id":"https:\/\/www.predsjednik.hr\/en\/#website"},"primaryImageOfPage":{"@id":"https:\/\/www.predsjednik.hr\/en\/news\/president-milanovic-attends-145th-anniversary-celebration-of-croatian-firefighting-association\/#primaryimage"},"image":{"@id":"https:\/\/www.predsjednik.hr\/en\/news\/president-milanovic-attends-145th-anniversary-celebration-of-croatian-firefighting-association\/#primaryimage"},"thumbnailUrl":"https:\/\/www.predsjednik.hr\/wp-content\/uploads\/2021\/12\/DSC_2002.jpg","datePublished":"2021-12-20T19:12:00+00:00","dateModified":"2021-12-21T14:14:42+00:00","breadcrumb":{"@id":"https:\/\/www.predsjednik.hr\/en\/news\/president-milanovic-attends-145th-anniversary-celebration-of-croatian-firefighting-association\/#breadcrumb"},"inLanguage":"en-US","potentialAction":[{"@type":"ReadAction","target":["https:\/\/www.predsjednik.hr\/en\/news\/president-milanovic-attends-145th-anniversary-celebration-of-croatian-firefighting-association\/"]}]},{"@type":"ImageObject","inLanguage":"en-US","@id":"https:\/\/www.predsjednik.hr\/en\/news\/president-milanovic-attends-145th-anniversary-celebration-of-croatian-firefighting-association\/#primaryimage","url":"https:\/\/www.predsjednik.hr\/wp-content\/uploads\/2021\/12\/DSC_2002.jpg","contentUrl":"https:\/\/www.predsjednik.hr\/wp-content\/uploads\/2021\/12\/DSC_2002.jpg","width":4096,"height":2731,"caption":"President Milanovi\u0107 Attends 145th Anniversary Celebration of Croatian Firefighting Association"},{"@type":"BreadcrumbList","@id":"https:\/\/www.predsjednik.hr\/en\/news\/president-milanovic-attends-145th-anniversary-celebration-of-croatian-firefighting-association\/#breadcrumb","itemListElement":[{"@type":"ListItem","position":1,"name":"Home","item":"https:\/\/www.predsjednik.hr\/en\/"},{"@type":"ListItem","position":2,"name":"Vijesti","item":"https:\/\/www.predsjednik.hr\/en\/news\/"},{"@type":"ListItem","position":3,"name":"President Milanovi\u0107 Attends 145th Anniversary Celebration of Croatian Firefighting Association"}]},{"@type":"WebSite","@id":"https:\/\/www.predsjednik.hr\/en\/#website","url":"https:\/\/www.predsjednik.hr\/en\/","name":"President of the Republic of Croatia - Zoran Milanovi\u0107","description":"Just another WordPress site","potentialAction":[{"@type":"SearchAction","target":{"@type":"EntryPoint","urlTemplate":"https:\/\/www.predsjednik.hr\/en\/?s={search_term_string}"},"query-input":{"@type":"PropertyValueSpecification","valueRequired":true,"valueName":"search_term_string"}}],"inLanguage":"en-US"}]}},"_links":{"self":[{"href":"https:\/\/www.predsjednik.hr\/en\/wp-json\/wp\/v2\/news\/14663","targetHints":{"allow":["GET"]}}],"collection":[{"href":"https:\/\/www.predsjednik.hr\/en\/wp-json\/wp\/v2\/news"}],"about":[{"href":"https:\/\/www.predsjednik.hr\/en\/wp-json\/wp\/v2\/types\/news"}],"wp:featuredmedia":[{"embeddable":true,"href":"https:\/\/www.predsjednik.hr\/en\/wp-json\/wp\/v2\/media\/14639"}],"wp:attachment":[{"href":"https:\/\/www.predsjednik.hr\/en\/wp-json\/wp\/v2\/media?parent=14663"}],"wp:term":[{"taxonomy":"news-cat","embeddable":true,"href":"https:\/\/www.predsjednik.hr\/en\/wp-json\/wp\/v2\/news-cat?post=14663"}],"curies":[{"name":"wp","href":"https:\/\/api.w.org\/{rel}","templated":true}]}}