{"id":14682,"date":"2021-12-21T15:57:00","date_gmt":"2021-12-21T14:57:00","guid":{"rendered":"https:\/\/www.predsjednik.hr\/?post_type=news&#038;p=14682"},"modified":"2021-12-22T08:59:34","modified_gmt":"2021-12-22T07:59:34","slug":"president-milanovic-takes-part-in-round-table-on-regional-inequality","status":"publish","type":"news","link":"https:\/\/www.predsjednik.hr\/en\/news\/president-milanovic-takes-part-in-round-table-on-regional-inequality\/","title":{"rendered":"President Milanovi\u0107 Takes Part in Round Table on Regional Inequality"},"content":{"rendered":"\n<p>The President of the Republic Zoran Milanovi\u0107 took part in a round table on regional inequality organized by the Economic Council of the President of the Republic held today in the Office of the President of the Republic.<\/p>\n\n\n\n<p>Presented at the round table were current research findings on regional distribution of real and financial assets of households in Croatia, long-term socioeconomic features of assisted areas and mountain areas in Croatia, the importance of quality management and spatial dimensions for the improvement of economic effects of decentralization as well as corrections to calculation of the Gini coefficient on the basis of available microdata from the Revenue Office.<\/p>\n\n\n\n<p>In addition to members of the Economic Council of the President of the Republic and officials of the Office of the President also taking part in the round table were research associate of the Institute of Economics, Zagreb Ivica Rubil, PhD, Professor in the Department of Economic Theory of the Faculty of Economics and Business of Zagreb Marko Ledi\u0107, PhD, and senior adviser in the Financial Stability Directorate Marina Kunovac.<\/p>\n\n\n\n<p>President Milanovi\u0107 underlined the problem of inequality as an important topic that should be addressed by public policies, therefore the Economic Council of the President of the Republic will organize a series of round tables during 2022 aimed at analyzing all the causes and consequences of inequality in Croatia. It should be noted that the Economic Council of the President of the Republic drafted and presented to the public earlier this year a document entitled \u201cLong-term Banija Development Vision\u201d.<\/p>\n\n\n\n<p>Participating at the round table were members of the Economic Council of the President of the Republic Prof. \u0110ula Borozan, PhD, from the Faculty of Economics in Osijek, Prof. Boris Cota, PhD, of the Faculty of Economics and Business in Zagreb, Prof. Sa\u0161a Drezgi\u0107, PhD, of the Faculty of Economics in Rijeka, Assoc. Prof. Tomislav Hernaus, PhD, of Faculty of Economics and Business in Zagreb, Igor Matutinovi\u0107, PhD, of the Zagreb School of Economics and Management, Assoc. Prof. Vinko Mu\u0161tra, PhD, of the Faculty of Economics in Split, and Marina Tkalec, PhD, of the Institute of Economics, Zagreb.<\/p>\n\n\n\n<p>Alongside President Milanovi\u0107 were the Special Adviser to the President of the Republic for the Economy and President of the Economic Council of the President of the Republic Velibor Ma\u010dki\u0107, PhD, Adviser to the President of the Republic for Human Rights and Civil Society Melita Muli\u0107, and Assistant Adviser for the Economy Martina Ciglevi\u0107, MSc.<\/p>\n\n\n<!--GALLERY BLOCK-->\n<div class=\"c-lightbox-gallery js-lightbox\">\n                <!--single-->\n            <a data-no-swup class=\"c-lightbox-gallery__single js-lightbox-single\"\n               href=\"https:\/\/www.predsjednik.hr\/wp-content\/uploads\/2021\/12\/DSC_2405-1024x576.jpg\"\n               style=\"background-image: url('https:\/\/www.predsjednik.hr\/wp-content\/uploads\/2021\/12\/DSC_2405-768x432.jpg')\"><\/a>\n            <!--end single-->\n                    <!--single-->\n            <a data-no-swup class=\"c-lightbox-gallery__single js-lightbox-single\"\n               href=\"https:\/\/www.predsjednik.hr\/wp-content\/uploads\/2021\/12\/DSC_2458-1024x576.jpg\"\n               style=\"background-image: url('https:\/\/www.predsjednik.hr\/wp-content\/uploads\/2021\/12\/DSC_2458-768x432.jpg')\"><\/a>\n            <!--end single-->\n                    <!--single-->\n            <a data-no-swup class=\"c-lightbox-gallery__single js-lightbox-single\"\n               href=\"https:\/\/www.predsjednik.hr\/wp-content\/uploads\/2021\/12\/DSC_2469-1024x576.jpg\"\n               style=\"background-image: url('https:\/\/www.predsjednik.hr\/wp-content\/uploads\/2021\/12\/DSC_2469-768x432.jpg')\"><\/a>\n            <!--end single-->\n                    <!--single-->\n            <a data-no-swup class=\"c-lightbox-gallery__single js-lightbox-single\"\n               href=\"https:\/\/www.predsjednik.hr\/wp-content\/uploads\/2021\/12\/DSC_2471-1024x576.jpg\"\n               style=\"background-image: url('https:\/\/www.predsjednik.hr\/wp-content\/uploads\/2021\/12\/DSC_2471-768x432.jpg')\"><\/a>\n            <!--end single-->\n        <\/div>\n<!--end GALLERY BLOCK-->\n\n\n\n<p>PHOTO: Office of the President of the Republic of Croatia \/ Ana Marija Kati\u0107<\/p>\n","protected":false},"excerpt":{"rendered":"<p>The President of the Republic Zoran Milanovi\u0107 took part in a round table on regional inequality organized by the Economic Council of the President of the Republic held today in the Office of the President of the Republic.<\/p>\n","protected":false},"featured_media":14659,"template":"","news-cat":[12],"class_list":["post-14682","news","type-news","status-publish","has-post-thumbnail","hentry","news-cat-news"],"acf":[],"yoast_head":"<!-- This site is optimized with the Yoast SEO plugin v27.5 - https:\/\/yoast.com\/product\/yoast-seo-wordpress\/ -->\n<title>President Milanovi\u0107 Takes Part in Round Table on Regional Inequality - President of the Republic of Croatia - Zoran Milanovi\u0107<\/title>\n<meta name=\"robots\" content=\"index, follow, max-snippet:-1, max-image-preview:large, max-video-preview:-1\" \/>\n<link rel=\"canonical\" href=\"https:\/\/www.predsjednik.hr\/en\/news\/president-milanovic-takes-part-in-round-table-on-regional-inequality\/\" \/>\n<meta property=\"og:locale\" content=\"en_US\" \/>\n<meta property=\"og:type\" content=\"article\" \/>\n<meta property=\"og:title\" content=\"President Milanovi\u0107 Takes Part in Round Table on Regional Inequality - President of the Republic of Croatia - Zoran Milanovi\u0107\" \/>\n<meta property=\"og:description\" content=\"The President of the Republic Zoran Milanovi\u0107 took part in a round table on regional inequality organized by the Economic Council of the President of the Republic held today in the Office of the President of the Republic.\" \/>\n<meta property=\"og:url\" content=\"https:\/\/www.predsjednik.hr\/en\/news\/president-milanovic-takes-part-in-round-table-on-regional-inequality\/\" \/>\n<meta property=\"og:site_name\" content=\"President of the Republic of Croatia - Zoran Milanovi\u0107\" \/>\n<meta property=\"article:modified_time\" content=\"2021-12-22T07:59:34+00:00\" \/>\n<meta property=\"og:image\" content=\"https:\/\/www.predsjednik.hr\/wp-content\/uploads\/2021\/12\/DSC_2469.jpg\" \/>\n\t<meta property=\"og:image:width\" content=\"5570\" \/>\n\t<meta property=\"og:image:height\" content=\"3133\" \/>\n\t<meta property=\"og:image:type\" content=\"image\/jpeg\" \/>\n<meta name=\"twitter:card\" content=\"summary_large_image\" \/>\n<meta name=\"twitter:label1\" content=\"Est. reading time\" \/>\n\t<meta name=\"twitter:data1\" content=\"2 minutes\" \/>\n<script type=\"application\/ld+json\" class=\"yoast-schema-graph\">{\"@context\":\"https:\\\/\\\/schema.org\",\"@graph\":[{\"@type\":\"WebPage\",\"@id\":\"https:\\\/\\\/www.predsjednik.hr\\\/en\\\/news\\\/president-milanovic-takes-part-in-round-table-on-regional-inequality\\\/\",\"url\":\"https:\\\/\\\/www.predsjednik.hr\\\/en\\\/news\\\/president-milanovic-takes-part-in-round-table-on-regional-inequality\\\/\",\"name\":\"President Milanovi\u0107 Takes Part in Round Table on Regional Inequality - President of the Republic of Croatia - Zoran Milanovi\u0107\",\"isPartOf\":{\"@id\":\"https:\\\/\\\/www.predsjednik.hr\\\/en\\\/#website\"},\"primaryImageOfPage\":{\"@id\":\"https:\\\/\\\/www.predsjednik.hr\\\/en\\\/news\\\/president-milanovic-takes-part-in-round-table-on-regional-inequality\\\/#primaryimage\"},\"image\":{\"@id\":\"https:\\\/\\\/www.predsjednik.hr\\\/en\\\/news\\\/president-milanovic-takes-part-in-round-table-on-regional-inequality\\\/#primaryimage\"},\"thumbnailUrl\":\"https:\\\/\\\/www.predsjednik.hr\\\/wp-content\\\/uploads\\\/2021\\\/12\\\/DSC_2469.jpg\",\"datePublished\":\"2021-12-21T14:57:00+00:00\",\"dateModified\":\"2021-12-22T07:59:34+00:00\",\"breadcrumb\":{\"@id\":\"https:\\\/\\\/www.predsjednik.hr\\\/en\\\/news\\\/president-milanovic-takes-part-in-round-table-on-regional-inequality\\\/#breadcrumb\"},\"inLanguage\":\"en-US\",\"potentialAction\":[{\"@type\":\"ReadAction\",\"target\":[\"https:\\\/\\\/www.predsjednik.hr\\\/en\\\/news\\\/president-milanovic-takes-part-in-round-table-on-regional-inequality\\\/\"]}]},{\"@type\":\"ImageObject\",\"inLanguage\":\"en-US\",\"@id\":\"https:\\\/\\\/www.predsjednik.hr\\\/en\\\/news\\\/president-milanovic-takes-part-in-round-table-on-regional-inequality\\\/#primaryimage\",\"url\":\"https:\\\/\\\/www.predsjednik.hr\\\/wp-content\\\/uploads\\\/2021\\\/12\\\/DSC_2469.jpg\",\"contentUrl\":\"https:\\\/\\\/www.predsjednik.hr\\\/wp-content\\\/uploads\\\/2021\\\/12\\\/DSC_2469.jpg\",\"width\":5570,\"height\":3133,\"caption\":\"President Milanovi\u0107 Takes Part in Round Table on Regional Inequality\"},{\"@type\":\"BreadcrumbList\",\"@id\":\"https:\\\/\\\/www.predsjednik.hr\\\/en\\\/news\\\/president-milanovic-takes-part-in-round-table-on-regional-inequality\\\/#breadcrumb\",\"itemListElement\":[{\"@type\":\"ListItem\",\"position\":1,\"name\":\"Home\",\"item\":\"https:\\\/\\\/www.predsjednik.hr\\\/en\\\/\"},{\"@type\":\"ListItem\",\"position\":2,\"name\":\"Vijesti\",\"item\":\"https:\\\/\\\/www.predsjednik.hr\\\/en\\\/news\\\/\"},{\"@type\":\"ListItem\",\"position\":3,\"name\":\"President Milanovi\u0107 Takes Part in Round Table on Regional Inequality\"}]},{\"@type\":\"WebSite\",\"@id\":\"https:\\\/\\\/www.predsjednik.hr\\\/en\\\/#website\",\"url\":\"https:\\\/\\\/www.predsjednik.hr\\\/en\\\/\",\"name\":\"President of the Republic of Croatia - Zoran Milanovi\u0107\",\"description\":\"Just another WordPress site\",\"potentialAction\":[{\"@type\":\"SearchAction\",\"target\":{\"@type\":\"EntryPoint\",\"urlTemplate\":\"https:\\\/\\\/www.predsjednik.hr\\\/en\\\/?s={search_term_string}\"},\"query-input\":{\"@type\":\"PropertyValueSpecification\",\"valueRequired\":true,\"valueName\":\"search_term_string\"}}],\"inLanguage\":\"en-US\"}]}<\/script>\n<!-- \/ Yoast SEO plugin. -->","yoast_head_json":{"title":"President Milanovi\u0107 Takes Part in Round Table on Regional Inequality - President of the Republic of Croatia - Zoran Milanovi\u0107","robots":{"index":"index","follow":"follow","max-snippet":"max-snippet:-1","max-image-preview":"max-image-preview:large","max-video-preview":"max-video-preview:-1"},"canonical":"https:\/\/www.predsjednik.hr\/en\/news\/president-milanovic-takes-part-in-round-table-on-regional-inequality\/","og_locale":"en_US","og_type":"article","og_title":"President Milanovi\u0107 Takes Part in Round Table on Regional Inequality - President of the Republic of Croatia - Zoran Milanovi\u0107","og_description":"The President of the Republic Zoran Milanovi\u0107 took part in a round table on regional inequality organized by the Economic Council of the President of the Republic held today in the Office of the President of the Republic.","og_url":"https:\/\/www.predsjednik.hr\/en\/news\/president-milanovic-takes-part-in-round-table-on-regional-inequality\/","og_site_name":"President of the Republic of Croatia - Zoran Milanovi\u0107","article_modified_time":"2021-12-22T07:59:34+00:00","og_image":[{"width":5570,"height":3133,"url":"https:\/\/www.predsjednik.hr\/wp-content\/uploads\/2021\/12\/DSC_2469.jpg","type":"image\/jpeg"}],"twitter_card":"summary_large_image","twitter_misc":{"Est. reading time":"2 minutes"},"schema":{"@context":"https:\/\/schema.org","@graph":[{"@type":"WebPage","@id":"https:\/\/www.predsjednik.hr\/en\/news\/president-milanovic-takes-part-in-round-table-on-regional-inequality\/","url":"https:\/\/www.predsjednik.hr\/en\/news\/president-milanovic-takes-part-in-round-table-on-regional-inequality\/","name":"President Milanovi\u0107 Takes Part in Round Table on Regional Inequality - President of the Republic of Croatia - Zoran Milanovi\u0107","isPartOf":{"@id":"https:\/\/www.predsjednik.hr\/en\/#website"},"primaryImageOfPage":{"@id":"https:\/\/www.predsjednik.hr\/en\/news\/president-milanovic-takes-part-in-round-table-on-regional-inequality\/#primaryimage"},"image":{"@id":"https:\/\/www.predsjednik.hr\/en\/news\/president-milanovic-takes-part-in-round-table-on-regional-inequality\/#primaryimage"},"thumbnailUrl":"https:\/\/www.predsjednik.hr\/wp-content\/uploads\/2021\/12\/DSC_2469.jpg","datePublished":"2021-12-21T14:57:00+00:00","dateModified":"2021-12-22T07:59:34+00:00","breadcrumb":{"@id":"https:\/\/www.predsjednik.hr\/en\/news\/president-milanovic-takes-part-in-round-table-on-regional-inequality\/#breadcrumb"},"inLanguage":"en-US","potentialAction":[{"@type":"ReadAction","target":["https:\/\/www.predsjednik.hr\/en\/news\/president-milanovic-takes-part-in-round-table-on-regional-inequality\/"]}]},{"@type":"ImageObject","inLanguage":"en-US","@id":"https:\/\/www.predsjednik.hr\/en\/news\/president-milanovic-takes-part-in-round-table-on-regional-inequality\/#primaryimage","url":"https:\/\/www.predsjednik.hr\/wp-content\/uploads\/2021\/12\/DSC_2469.jpg","contentUrl":"https:\/\/www.predsjednik.hr\/wp-content\/uploads\/2021\/12\/DSC_2469.jpg","width":5570,"height":3133,"caption":"President Milanovi\u0107 Takes Part in Round Table on Regional Inequality"},{"@type":"BreadcrumbList","@id":"https:\/\/www.predsjednik.hr\/en\/news\/president-milanovic-takes-part-in-round-table-on-regional-inequality\/#breadcrumb","itemListElement":[{"@type":"ListItem","position":1,"name":"Home","item":"https:\/\/www.predsjednik.hr\/en\/"},{"@type":"ListItem","position":2,"name":"Vijesti","item":"https:\/\/www.predsjednik.hr\/en\/news\/"},{"@type":"ListItem","position":3,"name":"President Milanovi\u0107 Takes Part in Round Table on Regional Inequality"}]},{"@type":"WebSite","@id":"https:\/\/www.predsjednik.hr\/en\/#website","url":"https:\/\/www.predsjednik.hr\/en\/","name":"President of the Republic of Croatia - Zoran Milanovi\u0107","description":"Just another WordPress site","potentialAction":[{"@type":"SearchAction","target":{"@type":"EntryPoint","urlTemplate":"https:\/\/www.predsjednik.hr\/en\/?s={search_term_string}"},"query-input":{"@type":"PropertyValueSpecification","valueRequired":true,"valueName":"search_term_string"}}],"inLanguage":"en-US"}]}},"_links":{"self":[{"href":"https:\/\/www.predsjednik.hr\/en\/wp-json\/wp\/v2\/news\/14682","targetHints":{"allow":["GET"]}}],"collection":[{"href":"https:\/\/www.predsjednik.hr\/en\/wp-json\/wp\/v2\/news"}],"about":[{"href":"https:\/\/www.predsjednik.hr\/en\/wp-json\/wp\/v2\/types\/news"}],"wp:featuredmedia":[{"embeddable":true,"href":"https:\/\/www.predsjednik.hr\/en\/wp-json\/wp\/v2\/media\/14659"}],"wp:attachment":[{"href":"https:\/\/www.predsjednik.hr\/en\/wp-json\/wp\/v2\/media?parent=14682"}],"wp:term":[{"taxonomy":"news-cat","embeddable":true,"href":"https:\/\/www.predsjednik.hr\/en\/wp-json\/wp\/v2\/news-cat?post=14682"}],"curies":[{"name":"wp","href":"https:\/\/api.w.org\/{rel}","templated":true}]}}