{"id":14684,"date":"2021-12-21T17:01:00","date_gmt":"2021-12-21T16:01:00","guid":{"rendered":"https:\/\/www.predsjednik.hr\/?post_type=news&#038;p=14684"},"modified":"2021-12-22T10:02:09","modified_gmt":"2021-12-22T09:02:09","slug":"president-milanovic-meets-with-montenegrin-president-milo-dukanovic","status":"publish","type":"news","link":"https:\/\/www.predsjednik.hr\/en\/news\/president-milanovic-meets-with-montenegrin-president-milo-dukanovic\/","title":{"rendered":"President Milanovi\u0107 Meets with Montenegrin President Milo \u0110ukanovi\u0107"},"content":{"rendered":"\n<p>The President of the Republic Zoran Milanovi\u0107 met today in the Office of the President of the Republic with the President of Montenegro Milo \u0110ukanovi\u0107 who is on a working visit to the Republic of Croatia on the occasion of the 30<sup>th<\/sup> anniversary of the foundation and activity of the National Community of Montenegrins of Croatia.<\/p>\n\n\n\n<p>Presidents Milanovi\u0107 and \u0110ukanovi\u0107 discussed relations between the two states, Montenegro\u2019s European path and the situation in South East Europe. The two presidents will also attend the celebration of the 30<sup>th<\/sup> anniversary of the foundation and activity of the National Community of Montenegrins of Croatia being held under their patronage this evening in Vatroslav Lisinski concert hall.<\/p>\n","protected":false},"excerpt":{"rendered":"<p>The President of the Republic Zoran Milanovi\u0107 met today in the Office of the President of the Republic with the President of Montenegro Milo \u0110ukanovi\u0107 who is on a working visit to the Republic of Croatia on the occasion of the 30th anniversary of the foundation and activity of the National Community of Montenegrins of Croatia.<\/p>\n","protected":false},"featured_media":14666,"template":"","news-cat":[12],"class_list":["post-14684","news","type-news","status-publish","has-post-thumbnail","hentry","news-cat-news"],"acf":[],"yoast_head":"<!-- This site is optimized with the Yoast SEO plugin v27.5 - https:\/\/yoast.com\/product\/yoast-seo-wordpress\/ -->\n<title>President Milanovi\u0107 Meets with Montenegrin President Milo \u0110ukanovi\u0107 - President of the Republic of Croatia - Zoran Milanovi\u0107<\/title>\n<meta name=\"robots\" content=\"index, follow, max-snippet:-1, max-image-preview:large, max-video-preview:-1\" \/>\n<link rel=\"canonical\" href=\"https:\/\/www.predsjednik.hr\/en\/news\/president-milanovic-meets-with-montenegrin-president-milo-dukanovic\/\" \/>\n<meta property=\"og:locale\" content=\"en_US\" \/>\n<meta property=\"og:type\" content=\"article\" \/>\n<meta property=\"og:title\" content=\"President Milanovi\u0107 Meets with Montenegrin President Milo \u0110ukanovi\u0107 - President of the Republic of Croatia - Zoran Milanovi\u0107\" \/>\n<meta property=\"og:description\" content=\"The President of the Republic Zoran Milanovi\u0107 met today in the Office of the President of the Republic with the President of Montenegro Milo \u0110ukanovi\u0107 who is on a working visit to the Republic of Croatia on the occasion of the 30th anniversary of the foundation and activity of the National Community of Montenegrins of Croatia.\" \/>\n<meta property=\"og:url\" content=\"https:\/\/www.predsjednik.hr\/en\/news\/president-milanovic-meets-with-montenegrin-president-milo-dukanovic\/\" \/>\n<meta property=\"og:site_name\" content=\"President of the Republic of Croatia - Zoran Milanovi\u0107\" \/>\n<meta property=\"article:modified_time\" content=\"2021-12-22T09:02:09+00:00\" \/>\n<meta property=\"og:image\" content=\"https:\/\/www.predsjednik.hr\/wp-content\/uploads\/2021\/12\/DSC_2511.jpg\" \/>\n\t<meta property=\"og:image:width\" content=\"5673\" \/>\n\t<meta property=\"og:image:height\" content=\"4052\" \/>\n\t<meta property=\"og:image:type\" content=\"image\/jpeg\" \/>\n<meta name=\"twitter:card\" content=\"summary_large_image\" \/>\n<meta name=\"twitter:label1\" content=\"Est. reading time\" \/>\n\t<meta name=\"twitter:data1\" content=\"1 minute\" \/>\n<script type=\"application\/ld+json\" class=\"yoast-schema-graph\">{\"@context\":\"https:\\\/\\\/schema.org\",\"@graph\":[{\"@type\":\"WebPage\",\"@id\":\"https:\\\/\\\/www.predsjednik.hr\\\/en\\\/news\\\/president-milanovic-meets-with-montenegrin-president-milo-dukanovic\\\/\",\"url\":\"https:\\\/\\\/www.predsjednik.hr\\\/en\\\/news\\\/president-milanovic-meets-with-montenegrin-president-milo-dukanovic\\\/\",\"name\":\"President Milanovi\u0107 Meets with Montenegrin President Milo \u0110ukanovi\u0107 - President of the Republic of Croatia - Zoran Milanovi\u0107\",\"isPartOf\":{\"@id\":\"https:\\\/\\\/www.predsjednik.hr\\\/en\\\/#website\"},\"primaryImageOfPage\":{\"@id\":\"https:\\\/\\\/www.predsjednik.hr\\\/en\\\/news\\\/president-milanovic-meets-with-montenegrin-president-milo-dukanovic\\\/#primaryimage\"},\"image\":{\"@id\":\"https:\\\/\\\/www.predsjednik.hr\\\/en\\\/news\\\/president-milanovic-meets-with-montenegrin-president-milo-dukanovic\\\/#primaryimage\"},\"thumbnailUrl\":\"https:\\\/\\\/www.predsjednik.hr\\\/wp-content\\\/uploads\\\/2021\\\/12\\\/DSC_2511.jpg\",\"datePublished\":\"2021-12-21T16:01:00+00:00\",\"dateModified\":\"2021-12-22T09:02:09+00:00\",\"breadcrumb\":{\"@id\":\"https:\\\/\\\/www.predsjednik.hr\\\/en\\\/news\\\/president-milanovic-meets-with-montenegrin-president-milo-dukanovic\\\/#breadcrumb\"},\"inLanguage\":\"en-US\",\"potentialAction\":[{\"@type\":\"ReadAction\",\"target\":[\"https:\\\/\\\/www.predsjednik.hr\\\/en\\\/news\\\/president-milanovic-meets-with-montenegrin-president-milo-dukanovic\\\/\"]}]},{\"@type\":\"ImageObject\",\"inLanguage\":\"en-US\",\"@id\":\"https:\\\/\\\/www.predsjednik.hr\\\/en\\\/news\\\/president-milanovic-meets-with-montenegrin-president-milo-dukanovic\\\/#primaryimage\",\"url\":\"https:\\\/\\\/www.predsjednik.hr\\\/wp-content\\\/uploads\\\/2021\\\/12\\\/DSC_2511.jpg\",\"contentUrl\":\"https:\\\/\\\/www.predsjednik.hr\\\/wp-content\\\/uploads\\\/2021\\\/12\\\/DSC_2511.jpg\",\"width\":5673,\"height\":4052},{\"@type\":\"BreadcrumbList\",\"@id\":\"https:\\\/\\\/www.predsjednik.hr\\\/en\\\/news\\\/president-milanovic-meets-with-montenegrin-president-milo-dukanovic\\\/#breadcrumb\",\"itemListElement\":[{\"@type\":\"ListItem\",\"position\":1,\"name\":\"Home\",\"item\":\"https:\\\/\\\/www.predsjednik.hr\\\/en\\\/\"},{\"@type\":\"ListItem\",\"position\":2,\"name\":\"Vijesti\",\"item\":\"https:\\\/\\\/www.predsjednik.hr\\\/en\\\/news\\\/\"},{\"@type\":\"ListItem\",\"position\":3,\"name\":\"President Milanovi\u0107 Meets with Montenegrin President Milo \u0110ukanovi\u0107\"}]},{\"@type\":\"WebSite\",\"@id\":\"https:\\\/\\\/www.predsjednik.hr\\\/en\\\/#website\",\"url\":\"https:\\\/\\\/www.predsjednik.hr\\\/en\\\/\",\"name\":\"President of the Republic of Croatia - Zoran Milanovi\u0107\",\"description\":\"Just another WordPress site\",\"potentialAction\":[{\"@type\":\"SearchAction\",\"target\":{\"@type\":\"EntryPoint\",\"urlTemplate\":\"https:\\\/\\\/www.predsjednik.hr\\\/en\\\/?s={search_term_string}\"},\"query-input\":{\"@type\":\"PropertyValueSpecification\",\"valueRequired\":true,\"valueName\":\"search_term_string\"}}],\"inLanguage\":\"en-US\"}]}<\/script>\n<!-- \/ Yoast SEO plugin. -->","yoast_head_json":{"title":"President Milanovi\u0107 Meets with Montenegrin President Milo \u0110ukanovi\u0107 - President of the Republic of Croatia - Zoran Milanovi\u0107","robots":{"index":"index","follow":"follow","max-snippet":"max-snippet:-1","max-image-preview":"max-image-preview:large","max-video-preview":"max-video-preview:-1"},"canonical":"https:\/\/www.predsjednik.hr\/en\/news\/president-milanovic-meets-with-montenegrin-president-milo-dukanovic\/","og_locale":"en_US","og_type":"article","og_title":"President Milanovi\u0107 Meets with Montenegrin President Milo \u0110ukanovi\u0107 - President of the Republic of Croatia - Zoran Milanovi\u0107","og_description":"The President of the Republic Zoran Milanovi\u0107 met today in the Office of the President of the Republic with the President of Montenegro Milo \u0110ukanovi\u0107 who is on a working visit to the Republic of Croatia on the occasion of the 30th anniversary of the foundation and activity of the National Community of Montenegrins of Croatia.","og_url":"https:\/\/www.predsjednik.hr\/en\/news\/president-milanovic-meets-with-montenegrin-president-milo-dukanovic\/","og_site_name":"President of the Republic of Croatia - Zoran Milanovi\u0107","article_modified_time":"2021-12-22T09:02:09+00:00","og_image":[{"width":5673,"height":4052,"url":"https:\/\/www.predsjednik.hr\/wp-content\/uploads\/2021\/12\/DSC_2511.jpg","type":"image\/jpeg"}],"twitter_card":"summary_large_image","twitter_misc":{"Est. reading time":"1 minute"},"schema":{"@context":"https:\/\/schema.org","@graph":[{"@type":"WebPage","@id":"https:\/\/www.predsjednik.hr\/en\/news\/president-milanovic-meets-with-montenegrin-president-milo-dukanovic\/","url":"https:\/\/www.predsjednik.hr\/en\/news\/president-milanovic-meets-with-montenegrin-president-milo-dukanovic\/","name":"President Milanovi\u0107 Meets with Montenegrin President Milo \u0110ukanovi\u0107 - President of the Republic of Croatia - Zoran Milanovi\u0107","isPartOf":{"@id":"https:\/\/www.predsjednik.hr\/en\/#website"},"primaryImageOfPage":{"@id":"https:\/\/www.predsjednik.hr\/en\/news\/president-milanovic-meets-with-montenegrin-president-milo-dukanovic\/#primaryimage"},"image":{"@id":"https:\/\/www.predsjednik.hr\/en\/news\/president-milanovic-meets-with-montenegrin-president-milo-dukanovic\/#primaryimage"},"thumbnailUrl":"https:\/\/www.predsjednik.hr\/wp-content\/uploads\/2021\/12\/DSC_2511.jpg","datePublished":"2021-12-21T16:01:00+00:00","dateModified":"2021-12-22T09:02:09+00:00","breadcrumb":{"@id":"https:\/\/www.predsjednik.hr\/en\/news\/president-milanovic-meets-with-montenegrin-president-milo-dukanovic\/#breadcrumb"},"inLanguage":"en-US","potentialAction":[{"@type":"ReadAction","target":["https:\/\/www.predsjednik.hr\/en\/news\/president-milanovic-meets-with-montenegrin-president-milo-dukanovic\/"]}]},{"@type":"ImageObject","inLanguage":"en-US","@id":"https:\/\/www.predsjednik.hr\/en\/news\/president-milanovic-meets-with-montenegrin-president-milo-dukanovic\/#primaryimage","url":"https:\/\/www.predsjednik.hr\/wp-content\/uploads\/2021\/12\/DSC_2511.jpg","contentUrl":"https:\/\/www.predsjednik.hr\/wp-content\/uploads\/2021\/12\/DSC_2511.jpg","width":5673,"height":4052},{"@type":"BreadcrumbList","@id":"https:\/\/www.predsjednik.hr\/en\/news\/president-milanovic-meets-with-montenegrin-president-milo-dukanovic\/#breadcrumb","itemListElement":[{"@type":"ListItem","position":1,"name":"Home","item":"https:\/\/www.predsjednik.hr\/en\/"},{"@type":"ListItem","position":2,"name":"Vijesti","item":"https:\/\/www.predsjednik.hr\/en\/news\/"},{"@type":"ListItem","position":3,"name":"President Milanovi\u0107 Meets with Montenegrin President Milo \u0110ukanovi\u0107"}]},{"@type":"WebSite","@id":"https:\/\/www.predsjednik.hr\/en\/#website","url":"https:\/\/www.predsjednik.hr\/en\/","name":"President of the Republic of Croatia - Zoran Milanovi\u0107","description":"Just another WordPress site","potentialAction":[{"@type":"SearchAction","target":{"@type":"EntryPoint","urlTemplate":"https:\/\/www.predsjednik.hr\/en\/?s={search_term_string}"},"query-input":{"@type":"PropertyValueSpecification","valueRequired":true,"valueName":"search_term_string"}}],"inLanguage":"en-US"}]}},"_links":{"self":[{"href":"https:\/\/www.predsjednik.hr\/en\/wp-json\/wp\/v2\/news\/14684","targetHints":{"allow":["GET"]}}],"collection":[{"href":"https:\/\/www.predsjednik.hr\/en\/wp-json\/wp\/v2\/news"}],"about":[{"href":"https:\/\/www.predsjednik.hr\/en\/wp-json\/wp\/v2\/types\/news"}],"wp:featuredmedia":[{"embeddable":true,"href":"https:\/\/www.predsjednik.hr\/en\/wp-json\/wp\/v2\/media\/14666"}],"wp:attachment":[{"href":"https:\/\/www.predsjednik.hr\/en\/wp-json\/wp\/v2\/media?parent=14684"}],"wp:term":[{"taxonomy":"news-cat","embeddable":true,"href":"https:\/\/www.predsjednik.hr\/en\/wp-json\/wp\/v2\/news-cat?post=14684"}],"curies":[{"name":"wp","href":"https:\/\/api.w.org\/{rel}","templated":true}]}}