{"id":14693,"date":"2021-12-21T22:03:00","date_gmt":"2021-12-21T21:03:00","guid":{"rendered":"https:\/\/www.predsjednik.hr\/?post_type=news&#038;p=14693"},"modified":"2021-12-22T11:06:20","modified_gmt":"2021-12-22T10:06:20","slug":"president-milanovic-montenegro-deserves-its-place-in-the-european-union","status":"publish","type":"news","link":"https:\/\/www.predsjednik.hr\/en\/news\/president-milanovic-montenegro-deserves-its-place-in-the-european-union\/","title":{"rendered":"President Milanovi\u0107: Montenegro Deserves its Place in the European Union"},"content":{"rendered":"\n<p>The President of the Republic of Croatia Zoran Milanovi\u0107 attended together with his counterpart the President of Montenegro Milo \u0110ukanovi\u0107 a ceremony marking the 30<sup>th<\/sup> anniversary of the establishment of the National Community of Montenegrins in Croatia.<\/p>\n\n\n\n<p>Addressing the guests at the ceremony, which was held in the Vatroslav Lisinski concert hall under the auspices of the two presidents, President Milanovi\u0107 highlighted the European identity and values characteristic of the Montenegrins. \u201cTo me this identity is something so special, unique and ineradicable, and it in no way threatens the endurance of an idea and a path that is inevitably and unshakeably European,\u201d said the Croatian President.<\/p>\n\n\n\n<p>Speaking in regard to the European path of Montenegro, President Milanovi\u0107 said that Croatia has experience in the EU accession process and that it had knowledge, perseverance and also some luck. \u201cYou can count on my support and on the support of the Croatian Government for that process to be completed as soon as possible because your country deserves membership. It has made huge progress in the last 20 years,\u201d emphasized President Milanovi\u0107.<\/p>\n\n\n\n<p>\u201cMontenegro deserves its place in the European Union. Montenegro is a member of NATO and it is good that it is so. There have been some attempts to depreciate and undermine that recently. I do not want that a delicate situation may endanger the stability of Montenegro. You are neighbours and I have an understanding for the sentiment of those who are members of your society, who feel different and who believe that their prospects are northeast. That is a social and political fact. Agreement, conversation and persuasion \u2013 that is what I want to see in a modern, special, beautiful and in every way unique Montenegro, in the country and among its people,\u201d said President Milanovi\u0107.<\/p>\n\n\n\n<p>President Milanovi\u0107 pointed out that he was happy with the presence of Montenegrins in the Croatian society, whom he said he doesn\u2019t perceive as a minority. \u201cIt is a special community, it is not autochthonous in the way that some other communities are, but these people are part of our space and our cities. They came here, gave their all and received something in return. For such a small people, the knowledge, experience and contribution of ethnic Montenegrins to the Croatian society, culture, economy, the business sector and arts is great,\u201d President Milanovi\u0107 said at the ceremony.<\/p>\n\n\n\n<p>\u201cI wish you many more happy anniversaries. You have established a state and now I want it to progress. Preserve your culture and identity, it is part of Europe and part of the eastern Christian heritage, it is part of the Orthodox denomination \u2013 without it the <em>Mountain Wreath<\/em> does not exist \u2013 it is modern and secular. All that is the present-day European Montenegro,\u201d concluded President Milanovi\u0107.<\/p>\n\n\n\n<p>The President of Montenegro Milo \u0110ukanovi\u0107 also addressed the guests at the ceremony. He spoke about the role of Montenegrins in Croatia and thanked the Republic of Croatia for its support during Montenegro\u2019s accession to NATO and the ongoing EU integration process. Speaking at the event apart from the two presidents were the President of the National Community of Montenegrins in Croatia Danilo Ivezi\u0107 and the President of the Council for National Minorities of the Republic of Croatia Aleksandar Tolnauer. Adviser to the President of the Republic for Human Rights and Civil Society Melita Muli\u0107 was alongside President Milanovi\u0107. &nbsp;&nbsp;&nbsp;&nbsp;&nbsp;&nbsp;&nbsp;&nbsp;&nbsp;&nbsp;&nbsp;&nbsp;<\/p>\n\n\n<!--GALLERY BLOCK-->\n<div class=\"c-lightbox-gallery js-lightbox\">\n                <!--single-->\n            <a data-no-swup class=\"c-lightbox-gallery__single js-lightbox-single\"\n               href=\"https:\/\/www.predsjednik.hr\/wp-content\/uploads\/2021\/12\/DSC_2533-1024x683.jpg\"\n               style=\"background-image: url('https:\/\/www.predsjednik.hr\/wp-content\/uploads\/2021\/12\/DSC_2533-768x512.jpg')\"><\/a>\n            <!--end single-->\n                    <!--single-->\n            <a data-no-swup class=\"c-lightbox-gallery__single js-lightbox-single\"\n               href=\"https:\/\/www.predsjednik.hr\/wp-content\/uploads\/2021\/12\/DSC_2555-1024x683.jpg\"\n               style=\"background-image: url('https:\/\/www.predsjednik.hr\/wp-content\/uploads\/2021\/12\/DSC_2555-768x512.jpg')\"><\/a>\n            <!--end single-->\n                    <!--single-->\n            <a data-no-swup class=\"c-lightbox-gallery__single js-lightbox-single\"\n               href=\"https:\/\/www.predsjednik.hr\/wp-content\/uploads\/2021\/12\/DSC_2566-1024x683.jpg\"\n               style=\"background-image: url('https:\/\/www.predsjednik.hr\/wp-content\/uploads\/2021\/12\/DSC_2566-768x512.jpg')\"><\/a>\n            <!--end single-->\n                    <!--single-->\n            <a data-no-swup class=\"c-lightbox-gallery__single js-lightbox-single\"\n               href=\"https:\/\/www.predsjednik.hr\/wp-content\/uploads\/2021\/12\/DSC_2600-1024x683.jpg\"\n               style=\"background-image: url('https:\/\/www.predsjednik.hr\/wp-content\/uploads\/2021\/12\/DSC_2600-768x512.jpg')\"><\/a>\n            <!--end single-->\n                    <!--single-->\n            <a data-no-swup class=\"c-lightbox-gallery__single js-lightbox-single\"\n               href=\"https:\/\/www.predsjednik.hr\/wp-content\/uploads\/2021\/12\/DSC_2664-1024x576.jpg\"\n               style=\"background-image: url('https:\/\/www.predsjednik.hr\/wp-content\/uploads\/2021\/12\/DSC_2664-768x432.jpg')\"><\/a>\n            <!--end single-->\n                    <!--single-->\n            <a data-no-swup class=\"c-lightbox-gallery__single js-lightbox-single\"\n               href=\"https:\/\/www.predsjednik.hr\/wp-content\/uploads\/2021\/12\/DSC_2713-1024x683.jpg\"\n               style=\"background-image: url('https:\/\/www.predsjednik.hr\/wp-content\/uploads\/2021\/12\/DSC_2713-768x512.jpg')\"><\/a>\n            <!--end single-->\n                    <!--single-->\n            <a data-no-swup class=\"c-lightbox-gallery__single js-lightbox-single\"\n               href=\"https:\/\/www.predsjednik.hr\/wp-content\/uploads\/2021\/12\/DSC_2771-1024x683.jpg\"\n               style=\"background-image: url('https:\/\/www.predsjednik.hr\/wp-content\/uploads\/2021\/12\/DSC_2771-768x512.jpg')\"><\/a>\n            <!--end single-->\n        <\/div>\n<!--end GALLERY BLOCK-->\n\n\n\n<p>PHOTO: Office of the President of the Republic of Croatia \/ Filip Glas<\/p>\n","protected":false},"excerpt":{"rendered":"<p>The President of the Republic of Croatia Zoran Milanovi\u0107 attended together with his counterpart the President of Montenegro Milo \u0110ukanovi\u0107 a ceremony marking the 30th anniversary of the establishment of the National Community of Montenegrins in Croatia.<\/p>\n","protected":false},"featured_media":14669,"template":"","news-cat":[12],"class_list":["post-14693","news","type-news","status-publish","has-post-thumbnail","hentry","news-cat-news"],"acf":[],"yoast_head":"<!-- This site is optimized with the Yoast SEO plugin v27.5 - https:\/\/yoast.com\/product\/yoast-seo-wordpress\/ -->\n<title>President Milanovi\u0107: Montenegro Deserves its Place in the European Union - President of the Republic of Croatia - Zoran Milanovi\u0107<\/title>\n<meta name=\"robots\" content=\"index, follow, max-snippet:-1, max-image-preview:large, max-video-preview:-1\" \/>\n<link rel=\"canonical\" href=\"https:\/\/www.predsjednik.hr\/en\/news\/president-milanovic-montenegro-deserves-its-place-in-the-european-union\/\" \/>\n<meta property=\"og:locale\" content=\"en_US\" \/>\n<meta property=\"og:type\" content=\"article\" \/>\n<meta property=\"og:title\" content=\"President Milanovi\u0107: Montenegro Deserves its Place in the European Union - President of the Republic of Croatia - Zoran Milanovi\u0107\" \/>\n<meta property=\"og:description\" content=\"The President of the Republic of Croatia Zoran Milanovi\u0107 attended together with his counterpart the President of Montenegro Milo \u0110ukanovi\u0107 a ceremony marking the 30th anniversary of the establishment of the National Community of Montenegrins in Croatia.\" \/>\n<meta property=\"og:url\" content=\"https:\/\/www.predsjednik.hr\/en\/news\/president-milanovic-montenegro-deserves-its-place-in-the-european-union\/\" \/>\n<meta property=\"og:site_name\" content=\"President of the Republic of Croatia - Zoran Milanovi\u0107\" \/>\n<meta property=\"article:modified_time\" content=\"2021-12-22T10:06:20+00:00\" \/>\n<meta property=\"og:image\" content=\"https:\/\/www.predsjednik.hr\/wp-content\/uploads\/2021\/12\/DSC_2533.jpg\" \/>\n\t<meta property=\"og:image:width\" content=\"3459\" \/>\n\t<meta property=\"og:image:height\" content=\"2306\" \/>\n\t<meta property=\"og:image:type\" content=\"image\/jpeg\" \/>\n<meta name=\"twitter:card\" content=\"summary_large_image\" \/>\n<meta name=\"twitter:label1\" content=\"Est. reading time\" \/>\n\t<meta name=\"twitter:data1\" content=\"3 minutes\" \/>\n<script type=\"application\/ld+json\" class=\"yoast-schema-graph\">{\"@context\":\"https:\\\/\\\/schema.org\",\"@graph\":[{\"@type\":\"WebPage\",\"@id\":\"https:\\\/\\\/www.predsjednik.hr\\\/en\\\/news\\\/president-milanovic-montenegro-deserves-its-place-in-the-european-union\\\/\",\"url\":\"https:\\\/\\\/www.predsjednik.hr\\\/en\\\/news\\\/president-milanovic-montenegro-deserves-its-place-in-the-european-union\\\/\",\"name\":\"President Milanovi\u0107: Montenegro Deserves its Place in the European Union - President of the Republic of Croatia - Zoran Milanovi\u0107\",\"isPartOf\":{\"@id\":\"https:\\\/\\\/www.predsjednik.hr\\\/en\\\/#website\"},\"primaryImageOfPage\":{\"@id\":\"https:\\\/\\\/www.predsjednik.hr\\\/en\\\/news\\\/president-milanovic-montenegro-deserves-its-place-in-the-european-union\\\/#primaryimage\"},\"image\":{\"@id\":\"https:\\\/\\\/www.predsjednik.hr\\\/en\\\/news\\\/president-milanovic-montenegro-deserves-its-place-in-the-european-union\\\/#primaryimage\"},\"thumbnailUrl\":\"https:\\\/\\\/www.predsjednik.hr\\\/wp-content\\\/uploads\\\/2021\\\/12\\\/DSC_2533.jpg\",\"datePublished\":\"2021-12-21T21:03:00+00:00\",\"dateModified\":\"2021-12-22T10:06:20+00:00\",\"breadcrumb\":{\"@id\":\"https:\\\/\\\/www.predsjednik.hr\\\/en\\\/news\\\/president-milanovic-montenegro-deserves-its-place-in-the-european-union\\\/#breadcrumb\"},\"inLanguage\":\"en-US\",\"potentialAction\":[{\"@type\":\"ReadAction\",\"target\":[\"https:\\\/\\\/www.predsjednik.hr\\\/en\\\/news\\\/president-milanovic-montenegro-deserves-its-place-in-the-european-union\\\/\"]}]},{\"@type\":\"ImageObject\",\"inLanguage\":\"en-US\",\"@id\":\"https:\\\/\\\/www.predsjednik.hr\\\/en\\\/news\\\/president-milanovic-montenegro-deserves-its-place-in-the-european-union\\\/#primaryimage\",\"url\":\"https:\\\/\\\/www.predsjednik.hr\\\/wp-content\\\/uploads\\\/2021\\\/12\\\/DSC_2533.jpg\",\"contentUrl\":\"https:\\\/\\\/www.predsjednik.hr\\\/wp-content\\\/uploads\\\/2021\\\/12\\\/DSC_2533.jpg\",\"width\":3459,\"height\":2306,\"caption\":\"The President of the Republic of Croatia Zoran Milanovi\u0107 attended together with his counterpart the President of Montenegro Milo \u0110ukanovi\u0107 a ceremony marking the 30th anniversary of the establishment of the National Community of Montenegrins in Croatia.\"},{\"@type\":\"BreadcrumbList\",\"@id\":\"https:\\\/\\\/www.predsjednik.hr\\\/en\\\/news\\\/president-milanovic-montenegro-deserves-its-place-in-the-european-union\\\/#breadcrumb\",\"itemListElement\":[{\"@type\":\"ListItem\",\"position\":1,\"name\":\"Home\",\"item\":\"https:\\\/\\\/www.predsjednik.hr\\\/en\\\/\"},{\"@type\":\"ListItem\",\"position\":2,\"name\":\"Vijesti\",\"item\":\"https:\\\/\\\/www.predsjednik.hr\\\/en\\\/news\\\/\"},{\"@type\":\"ListItem\",\"position\":3,\"name\":\"President Milanovi\u0107: Montenegro Deserves its Place in the European Union\"}]},{\"@type\":\"WebSite\",\"@id\":\"https:\\\/\\\/www.predsjednik.hr\\\/en\\\/#website\",\"url\":\"https:\\\/\\\/www.predsjednik.hr\\\/en\\\/\",\"name\":\"President of the Republic of Croatia - Zoran Milanovi\u0107\",\"description\":\"Just another WordPress site\",\"potentialAction\":[{\"@type\":\"SearchAction\",\"target\":{\"@type\":\"EntryPoint\",\"urlTemplate\":\"https:\\\/\\\/www.predsjednik.hr\\\/en\\\/?s={search_term_string}\"},\"query-input\":{\"@type\":\"PropertyValueSpecification\",\"valueRequired\":true,\"valueName\":\"search_term_string\"}}],\"inLanguage\":\"en-US\"}]}<\/script>\n<!-- \/ Yoast SEO plugin. -->","yoast_head_json":{"title":"President Milanovi\u0107: Montenegro Deserves its Place in the European Union - President of the Republic of Croatia - Zoran Milanovi\u0107","robots":{"index":"index","follow":"follow","max-snippet":"max-snippet:-1","max-image-preview":"max-image-preview:large","max-video-preview":"max-video-preview:-1"},"canonical":"https:\/\/www.predsjednik.hr\/en\/news\/president-milanovic-montenegro-deserves-its-place-in-the-european-union\/","og_locale":"en_US","og_type":"article","og_title":"President Milanovi\u0107: Montenegro Deserves its Place in the European Union - President of the Republic of Croatia - Zoran Milanovi\u0107","og_description":"The President of the Republic of Croatia Zoran Milanovi\u0107 attended together with his counterpart the President of Montenegro Milo \u0110ukanovi\u0107 a ceremony marking the 30th anniversary of the establishment of the National Community of Montenegrins in Croatia.","og_url":"https:\/\/www.predsjednik.hr\/en\/news\/president-milanovic-montenegro-deserves-its-place-in-the-european-union\/","og_site_name":"President of the Republic of Croatia - Zoran Milanovi\u0107","article_modified_time":"2021-12-22T10:06:20+00:00","og_image":[{"width":3459,"height":2306,"url":"https:\/\/www.predsjednik.hr\/wp-content\/uploads\/2021\/12\/DSC_2533.jpg","type":"image\/jpeg"}],"twitter_card":"summary_large_image","twitter_misc":{"Est. reading time":"3 minutes"},"schema":{"@context":"https:\/\/schema.org","@graph":[{"@type":"WebPage","@id":"https:\/\/www.predsjednik.hr\/en\/news\/president-milanovic-montenegro-deserves-its-place-in-the-european-union\/","url":"https:\/\/www.predsjednik.hr\/en\/news\/president-milanovic-montenegro-deserves-its-place-in-the-european-union\/","name":"President Milanovi\u0107: Montenegro Deserves its Place in the European Union - President of the Republic of Croatia - Zoran Milanovi\u0107","isPartOf":{"@id":"https:\/\/www.predsjednik.hr\/en\/#website"},"primaryImageOfPage":{"@id":"https:\/\/www.predsjednik.hr\/en\/news\/president-milanovic-montenegro-deserves-its-place-in-the-european-union\/#primaryimage"},"image":{"@id":"https:\/\/www.predsjednik.hr\/en\/news\/president-milanovic-montenegro-deserves-its-place-in-the-european-union\/#primaryimage"},"thumbnailUrl":"https:\/\/www.predsjednik.hr\/wp-content\/uploads\/2021\/12\/DSC_2533.jpg","datePublished":"2021-12-21T21:03:00+00:00","dateModified":"2021-12-22T10:06:20+00:00","breadcrumb":{"@id":"https:\/\/www.predsjednik.hr\/en\/news\/president-milanovic-montenegro-deserves-its-place-in-the-european-union\/#breadcrumb"},"inLanguage":"en-US","potentialAction":[{"@type":"ReadAction","target":["https:\/\/www.predsjednik.hr\/en\/news\/president-milanovic-montenegro-deserves-its-place-in-the-european-union\/"]}]},{"@type":"ImageObject","inLanguage":"en-US","@id":"https:\/\/www.predsjednik.hr\/en\/news\/president-milanovic-montenegro-deserves-its-place-in-the-european-union\/#primaryimage","url":"https:\/\/www.predsjednik.hr\/wp-content\/uploads\/2021\/12\/DSC_2533.jpg","contentUrl":"https:\/\/www.predsjednik.hr\/wp-content\/uploads\/2021\/12\/DSC_2533.jpg","width":3459,"height":2306,"caption":"The President of the Republic of Croatia Zoran Milanovi\u0107 attended together with his counterpart the President of Montenegro Milo \u0110ukanovi\u0107 a ceremony marking the 30th anniversary of the establishment of the National Community of Montenegrins in Croatia."},{"@type":"BreadcrumbList","@id":"https:\/\/www.predsjednik.hr\/en\/news\/president-milanovic-montenegro-deserves-its-place-in-the-european-union\/#breadcrumb","itemListElement":[{"@type":"ListItem","position":1,"name":"Home","item":"https:\/\/www.predsjednik.hr\/en\/"},{"@type":"ListItem","position":2,"name":"Vijesti","item":"https:\/\/www.predsjednik.hr\/en\/news\/"},{"@type":"ListItem","position":3,"name":"President Milanovi\u0107: Montenegro Deserves its Place in the European Union"}]},{"@type":"WebSite","@id":"https:\/\/www.predsjednik.hr\/en\/#website","url":"https:\/\/www.predsjednik.hr\/en\/","name":"President of the Republic of Croatia - Zoran Milanovi\u0107","description":"Just another WordPress site","potentialAction":[{"@type":"SearchAction","target":{"@type":"EntryPoint","urlTemplate":"https:\/\/www.predsjednik.hr\/en\/?s={search_term_string}"},"query-input":{"@type":"PropertyValueSpecification","valueRequired":true,"valueName":"search_term_string"}}],"inLanguage":"en-US"}]}},"_links":{"self":[{"href":"https:\/\/www.predsjednik.hr\/en\/wp-json\/wp\/v2\/news\/14693","targetHints":{"allow":["GET"]}}],"collection":[{"href":"https:\/\/www.predsjednik.hr\/en\/wp-json\/wp\/v2\/news"}],"about":[{"href":"https:\/\/www.predsjednik.hr\/en\/wp-json\/wp\/v2\/types\/news"}],"wp:featuredmedia":[{"embeddable":true,"href":"https:\/\/www.predsjednik.hr\/en\/wp-json\/wp\/v2\/media\/14669"}],"wp:attachment":[{"href":"https:\/\/www.predsjednik.hr\/en\/wp-json\/wp\/v2\/media?parent=14693"}],"wp:term":[{"taxonomy":"news-cat","embeddable":true,"href":"https:\/\/www.predsjednik.hr\/en\/wp-json\/wp\/v2\/news-cat?post=14693"}],"curies":[{"name":"wp","href":"https:\/\/api.w.org\/{rel}","templated":true}]}}