{"id":14814,"date":"2021-12-23T20:18:00","date_gmt":"2021-12-23T19:18:00","guid":{"rendered":"https:\/\/www.predsjednik.hr\/?post_type=news&#038;p=14814"},"modified":"2021-12-24T09:21:54","modified_gmt":"2021-12-24T08:21:54","slug":"president-milanovic-with-croats-in-janjevo-croatia-is-thinking-of-you-we-will-help-as-much-as-we-can","status":"publish","type":"news","link":"https:\/\/www.predsjednik.hr\/en\/news\/president-milanovic-with-croats-in-janjevo-croatia-is-thinking-of-you-we-will-help-as-much-as-we-can\/","title":{"rendered":"President Milanovi\u0107 with Croats in Janjevo: Croatia is thinking of you, we will help as much as we can"},"content":{"rendered":"\n<p>On the first day of his Official visit to the Republic of Kosovo, the President of the Republic Zoran Milanovi\u0107 paid a visit to the Croats in Janjevo. There President Milanovi\u0107 spoke with Rev. Mato Pali\u0107, pastor in Janjevo and met with members of the Croatian minority with whom he discussed living conditions in Kosovo.<\/p>\n\n\n\n<p>The visit of President Milanovi\u0107 with members of the Croatian community was held in St. Nicholas Church. \u201cDear fellow Croats! I rarely say this in Croatia because that is Croatia, but this is Kosovo, another state, a friendly and dear one. I hope that you feel at home here, I think that the relation of people in this state towards our homeland is good and vice versa\u201d, President Milanovi\u0107 said among others.<\/p>\n\n\n\n<p>Talking about Croatianhood he said that it is not an issue of race or origin but an issue of reason and belonging \u201cto one idea, to a circle of people who are not the same, are not of the same origin, and are even not of the same native soil\u201d.<\/p>\n\n\n\n<p>\u201cThis small enclave of Croatianhood, these are people who have never forgotten who they are, where they are from. This is such a big accomplishment because the people left Dubrovnik so many centuries ago and to this day live in an environment that is friendly, is not Croatian, but that identity has been preserved. This is not an easy task and is full of uncertainty\u201d, the President added.<\/p>\n\n\n\n<p>\u201cWe are with you and we are thinking of you. We will help as much as we can, and you yourselves know what is best for you. We would like you to remain here, but the Homeland has a large embrace\u201d, President Milanovi\u0107 told the Croats in Janjevo, and expressed confidence that the government will help as much as it should and even more. \u201cSince my childhood the term Janjevac was a synonym for successful people, with a lot of money, but now I see that you have a difficult and demanding life. I can wish you all the best and pass on the ideas and messages to Zagreb, to the people who can help you. I wish you a Merry Christmas, a healthy New Year and I hope to see you again\u201d, President Milanovi\u0107 concluded his address.<\/p>\n\n\n<!--GALLERY BLOCK-->\n<div class=\"c-lightbox-gallery js-lightbox\">\n                <!--single-->\n            <a data-no-swup class=\"c-lightbox-gallery__single js-lightbox-single\"\n               href=\"https:\/\/www.predsjednik.hr\/wp-content\/uploads\/2021\/12\/DSC_5606-1-1024x576.jpg\"\n               style=\"background-image: url('https:\/\/www.predsjednik.hr\/wp-content\/uploads\/2021\/12\/DSC_5606-1-768x432.jpg')\"><\/a>\n            <!--end single-->\n                    <!--single-->\n            <a data-no-swup class=\"c-lightbox-gallery__single js-lightbox-single\"\n               href=\"https:\/\/www.predsjednik.hr\/wp-content\/uploads\/2021\/12\/DSC_5646-1-1024x576.jpg\"\n               style=\"background-image: url('https:\/\/www.predsjednik.hr\/wp-content\/uploads\/2021\/12\/DSC_5646-1-768x432.jpg')\"><\/a>\n            <!--end single-->\n                    <!--single-->\n            <a data-no-swup class=\"c-lightbox-gallery__single js-lightbox-single\"\n               href=\"https:\/\/www.predsjednik.hr\/wp-content\/uploads\/2021\/12\/DSC_5650-1-1024x576.jpg\"\n               style=\"background-image: url('https:\/\/www.predsjednik.hr\/wp-content\/uploads\/2021\/12\/DSC_5650-1-768x432.jpg')\"><\/a>\n            <!--end single-->\n                    <!--single-->\n            <a data-no-swup class=\"c-lightbox-gallery__single js-lightbox-single\"\n               href=\"https:\/\/www.predsjednik.hr\/wp-content\/uploads\/2021\/12\/DSC_5662-1-1024x576.jpg\"\n               style=\"background-image: url('https:\/\/www.predsjednik.hr\/wp-content\/uploads\/2021\/12\/DSC_5662-1-768x432.jpg')\"><\/a>\n            <!--end single-->\n                    <!--single-->\n            <a data-no-swup class=\"c-lightbox-gallery__single js-lightbox-single\"\n               href=\"https:\/\/www.predsjednik.hr\/wp-content\/uploads\/2021\/12\/DSC_5680-1024x576.jpg\"\n               style=\"background-image: url('https:\/\/www.predsjednik.hr\/wp-content\/uploads\/2021\/12\/DSC_5680-768x432.jpg')\"><\/a>\n            <!--end single-->\n                    <!--single-->\n            <a data-no-swup class=\"c-lightbox-gallery__single js-lightbox-single\"\n               href=\"https:\/\/www.predsjednik.hr\/wp-content\/uploads\/2021\/12\/DSC_5686-1-1024x576.jpg\"\n               style=\"background-image: url('https:\/\/www.predsjednik.hr\/wp-content\/uploads\/2021\/12\/DSC_5686-1-768x432.jpg')\"><\/a>\n            <!--end single-->\n                    <!--single-->\n            <a data-no-swup class=\"c-lightbox-gallery__single js-lightbox-single\"\n               href=\"https:\/\/www.predsjednik.hr\/wp-content\/uploads\/2021\/12\/DSC_5710-1024x576.jpg\"\n               style=\"background-image: url('https:\/\/www.predsjednik.hr\/wp-content\/uploads\/2021\/12\/DSC_5710-768x432.jpg')\"><\/a>\n            <!--end single-->\n                    <!--single-->\n            <a data-no-swup class=\"c-lightbox-gallery__single js-lightbox-single\"\n               href=\"https:\/\/www.predsjednik.hr\/wp-content\/uploads\/2021\/12\/DSC_5751-1024x576.jpg\"\n               style=\"background-image: url('https:\/\/www.predsjednik.hr\/wp-content\/uploads\/2021\/12\/DSC_5751-768x432.jpg')\"><\/a>\n            <!--end single-->\n                    <!--single-->\n            <a data-no-swup class=\"c-lightbox-gallery__single js-lightbox-single\"\n               href=\"https:\/\/www.predsjednik.hr\/wp-content\/uploads\/2021\/12\/DSC_5761-1024x576.jpg\"\n               style=\"background-image: url('https:\/\/www.predsjednik.hr\/wp-content\/uploads\/2021\/12\/DSC_5761-768x432.jpg')\"><\/a>\n            <!--end single-->\n                    <!--single-->\n            <a data-no-swup class=\"c-lightbox-gallery__single js-lightbox-single\"\n               href=\"https:\/\/www.predsjednik.hr\/wp-content\/uploads\/2021\/12\/DSC_5771-1024x576.jpg\"\n               style=\"background-image: url('https:\/\/www.predsjednik.hr\/wp-content\/uploads\/2021\/12\/DSC_5771-768x432.jpg')\"><\/a>\n            <!--end single-->\n                    <!--single-->\n            <a data-no-swup class=\"c-lightbox-gallery__single js-lightbox-single\"\n               href=\"https:\/\/www.predsjednik.hr\/wp-content\/uploads\/2021\/12\/DSC_5802-1-1024x576.jpg\"\n               style=\"background-image: url('https:\/\/www.predsjednik.hr\/wp-content\/uploads\/2021\/12\/DSC_5802-1-768x432.jpg')\"><\/a>\n            <!--end single-->\n                    <!--single-->\n            <a data-no-swup class=\"c-lightbox-gallery__single js-lightbox-single\"\n               href=\"https:\/\/www.predsjednik.hr\/wp-content\/uploads\/2021\/12\/DSC_5808-1024x576.jpg\"\n               style=\"background-image: url('https:\/\/www.predsjednik.hr\/wp-content\/uploads\/2021\/12\/DSC_5808-768x432.jpg')\"><\/a>\n            <!--end single-->\n                    <!--single-->\n            <a data-no-swup class=\"c-lightbox-gallery__single js-lightbox-single\"\n               href=\"https:\/\/www.predsjednik.hr\/wp-content\/uploads\/2021\/12\/DSC_5847-1024x576.jpg\"\n               style=\"background-image: url('https:\/\/www.predsjednik.hr\/wp-content\/uploads\/2021\/12\/DSC_5847-768x432.jpg')\"><\/a>\n            <!--end single-->\n                    <!--single-->\n            <a data-no-swup class=\"c-lightbox-gallery__single js-lightbox-single\"\n               href=\"https:\/\/www.predsjednik.hr\/wp-content\/uploads\/2021\/12\/DSC_5848-1024x576.jpg\"\n               style=\"background-image: url('https:\/\/www.predsjednik.hr\/wp-content\/uploads\/2021\/12\/DSC_5848-768x432.jpg')\"><\/a>\n            <!--end single-->\n        <\/div>\n<!--end GALLERY BLOCK-->\n\n\n\n<p>PHOTO: Office of the President of the Republic of Croatia \/ Marko Beljan<\/p>\n","protected":false},"excerpt":{"rendered":"<p>On the first day of his Official visit to the Republic of Kosovo, the President of the Republic Zoran Milanovi\u0107 paid a visit to the Croats in Janjevo. There President Milanovi\u0107 spoke with Rev. Mato Pali\u0107, pastor in Janjevo and met with members of the Croatian minority with whom he discussed living conditions in Kosovo.<\/p>\n","protected":false},"featured_media":14809,"template":"","news-cat":[12],"class_list":["post-14814","news","type-news","status-publish","has-post-thumbnail","hentry","news-cat-news"],"acf":[],"yoast_head":"<!-- This site is optimized with the Yoast SEO plugin v27.5 - https:\/\/yoast.com\/product\/yoast-seo-wordpress\/ -->\n<title>President Milanovi\u0107 with Croats in Janjevo: Croatia is thinking of you, we will help as much as we can - President of the Republic of Croatia - Zoran Milanovi\u0107<\/title>\n<meta name=\"robots\" content=\"index, follow, max-snippet:-1, max-image-preview:large, max-video-preview:-1\" \/>\n<link rel=\"canonical\" href=\"https:\/\/www.predsjednik.hr\/en\/news\/president-milanovic-with-croats-in-janjevo-croatia-is-thinking-of-you-we-will-help-as-much-as-we-can\/\" \/>\n<meta property=\"og:locale\" content=\"en_US\" \/>\n<meta property=\"og:type\" content=\"article\" \/>\n<meta property=\"og:title\" content=\"President Milanovi\u0107 with Croats in Janjevo: Croatia is thinking of you, we will help as much as we can - President of the Republic of Croatia - Zoran Milanovi\u0107\" \/>\n<meta property=\"og:description\" content=\"On the first day of his Official visit to the Republic of Kosovo, the President of the Republic Zoran Milanovi\u0107 paid a visit to the Croats in Janjevo. There President Milanovi\u0107 spoke with Rev. Mato Pali\u0107, pastor in Janjevo and met with members of the Croatian minority with whom he discussed living conditions in Kosovo.\" \/>\n<meta property=\"og:url\" content=\"https:\/\/www.predsjednik.hr\/en\/news\/president-milanovic-with-croats-in-janjevo-croatia-is-thinking-of-you-we-will-help-as-much-as-we-can\/\" \/>\n<meta property=\"og:site_name\" content=\"President of the Republic of Croatia - Zoran Milanovi\u0107\" \/>\n<meta property=\"article:modified_time\" content=\"2021-12-24T08:21:54+00:00\" \/>\n<meta property=\"og:image\" content=\"https:\/\/www.predsjednik.hr\/wp-content\/uploads\/2021\/12\/DSC_5808.jpg\" \/>\n\t<meta property=\"og:image:width\" content=\"4096\" \/>\n\t<meta property=\"og:image:height\" content=\"2304\" \/>\n\t<meta property=\"og:image:type\" content=\"image\/jpeg\" \/>\n<meta name=\"twitter:card\" content=\"summary_large_image\" \/>\n<meta name=\"twitter:label1\" content=\"Est. reading time\" \/>\n\t<meta name=\"twitter:data1\" content=\"2 minutes\" \/>\n<script type=\"application\/ld+json\" class=\"yoast-schema-graph\">{\"@context\":\"https:\\\/\\\/schema.org\",\"@graph\":[{\"@type\":\"WebPage\",\"@id\":\"https:\\\/\\\/www.predsjednik.hr\\\/en\\\/news\\\/president-milanovic-with-croats-in-janjevo-croatia-is-thinking-of-you-we-will-help-as-much-as-we-can\\\/\",\"url\":\"https:\\\/\\\/www.predsjednik.hr\\\/en\\\/news\\\/president-milanovic-with-croats-in-janjevo-croatia-is-thinking-of-you-we-will-help-as-much-as-we-can\\\/\",\"name\":\"President Milanovi\u0107 with Croats in Janjevo: Croatia is thinking of you, we will help as much as we can - President of the Republic of Croatia - Zoran Milanovi\u0107\",\"isPartOf\":{\"@id\":\"https:\\\/\\\/www.predsjednik.hr\\\/en\\\/#website\"},\"primaryImageOfPage\":{\"@id\":\"https:\\\/\\\/www.predsjednik.hr\\\/en\\\/news\\\/president-milanovic-with-croats-in-janjevo-croatia-is-thinking-of-you-we-will-help-as-much-as-we-can\\\/#primaryimage\"},\"image\":{\"@id\":\"https:\\\/\\\/www.predsjednik.hr\\\/en\\\/news\\\/president-milanovic-with-croats-in-janjevo-croatia-is-thinking-of-you-we-will-help-as-much-as-we-can\\\/#primaryimage\"},\"thumbnailUrl\":\"https:\\\/\\\/www.predsjednik.hr\\\/wp-content\\\/uploads\\\/2021\\\/12\\\/DSC_5808.jpg\",\"datePublished\":\"2021-12-23T19:18:00+00:00\",\"dateModified\":\"2021-12-24T08:21:54+00:00\",\"breadcrumb\":{\"@id\":\"https:\\\/\\\/www.predsjednik.hr\\\/en\\\/news\\\/president-milanovic-with-croats-in-janjevo-croatia-is-thinking-of-you-we-will-help-as-much-as-we-can\\\/#breadcrumb\"},\"inLanguage\":\"en-US\",\"potentialAction\":[{\"@type\":\"ReadAction\",\"target\":[\"https:\\\/\\\/www.predsjednik.hr\\\/en\\\/news\\\/president-milanovic-with-croats-in-janjevo-croatia-is-thinking-of-you-we-will-help-as-much-as-we-can\\\/\"]}]},{\"@type\":\"ImageObject\",\"inLanguage\":\"en-US\",\"@id\":\"https:\\\/\\\/www.predsjednik.hr\\\/en\\\/news\\\/president-milanovic-with-croats-in-janjevo-croatia-is-thinking-of-you-we-will-help-as-much-as-we-can\\\/#primaryimage\",\"url\":\"https:\\\/\\\/www.predsjednik.hr\\\/wp-content\\\/uploads\\\/2021\\\/12\\\/DSC_5808.jpg\",\"contentUrl\":\"https:\\\/\\\/www.predsjednik.hr\\\/wp-content\\\/uploads\\\/2021\\\/12\\\/DSC_5808.jpg\",\"width\":4096,\"height\":2304,\"caption\":\"On the first day of his Official visit to the Republic of Kosovo, the President of the Republic Zoran Milanovi\u0107 paid a visit to the Croats in Janjevo.\"},{\"@type\":\"BreadcrumbList\",\"@id\":\"https:\\\/\\\/www.predsjednik.hr\\\/en\\\/news\\\/president-milanovic-with-croats-in-janjevo-croatia-is-thinking-of-you-we-will-help-as-much-as-we-can\\\/#breadcrumb\",\"itemListElement\":[{\"@type\":\"ListItem\",\"position\":1,\"name\":\"Home\",\"item\":\"https:\\\/\\\/www.predsjednik.hr\\\/en\\\/\"},{\"@type\":\"ListItem\",\"position\":2,\"name\":\"Vijesti\",\"item\":\"https:\\\/\\\/www.predsjednik.hr\\\/en\\\/news\\\/\"},{\"@type\":\"ListItem\",\"position\":3,\"name\":\"President Milanovi\u0107 with Croats in Janjevo: Croatia is thinking of you, we will help as much as we can\"}]},{\"@type\":\"WebSite\",\"@id\":\"https:\\\/\\\/www.predsjednik.hr\\\/en\\\/#website\",\"url\":\"https:\\\/\\\/www.predsjednik.hr\\\/en\\\/\",\"name\":\"President of the Republic of Croatia - Zoran Milanovi\u0107\",\"description\":\"Just another WordPress site\",\"potentialAction\":[{\"@type\":\"SearchAction\",\"target\":{\"@type\":\"EntryPoint\",\"urlTemplate\":\"https:\\\/\\\/www.predsjednik.hr\\\/en\\\/?s={search_term_string}\"},\"query-input\":{\"@type\":\"PropertyValueSpecification\",\"valueRequired\":true,\"valueName\":\"search_term_string\"}}],\"inLanguage\":\"en-US\"}]}<\/script>\n<!-- \/ Yoast SEO plugin. -->","yoast_head_json":{"title":"President Milanovi\u0107 with Croats in Janjevo: Croatia is thinking of you, we will help as much as we can - President of the Republic of Croatia - Zoran Milanovi\u0107","robots":{"index":"index","follow":"follow","max-snippet":"max-snippet:-1","max-image-preview":"max-image-preview:large","max-video-preview":"max-video-preview:-1"},"canonical":"https:\/\/www.predsjednik.hr\/en\/news\/president-milanovic-with-croats-in-janjevo-croatia-is-thinking-of-you-we-will-help-as-much-as-we-can\/","og_locale":"en_US","og_type":"article","og_title":"President Milanovi\u0107 with Croats in Janjevo: Croatia is thinking of you, we will help as much as we can - President of the Republic of Croatia - Zoran Milanovi\u0107","og_description":"On the first day of his Official visit to the Republic of Kosovo, the President of the Republic Zoran Milanovi\u0107 paid a visit to the Croats in Janjevo. There President Milanovi\u0107 spoke with Rev. Mato Pali\u0107, pastor in Janjevo and met with members of the Croatian minority with whom he discussed living conditions in Kosovo.","og_url":"https:\/\/www.predsjednik.hr\/en\/news\/president-milanovic-with-croats-in-janjevo-croatia-is-thinking-of-you-we-will-help-as-much-as-we-can\/","og_site_name":"President of the Republic of Croatia - Zoran Milanovi\u0107","article_modified_time":"2021-12-24T08:21:54+00:00","og_image":[{"width":4096,"height":2304,"url":"https:\/\/www.predsjednik.hr\/wp-content\/uploads\/2021\/12\/DSC_5808.jpg","type":"image\/jpeg"}],"twitter_card":"summary_large_image","twitter_misc":{"Est. reading time":"2 minutes"},"schema":{"@context":"https:\/\/schema.org","@graph":[{"@type":"WebPage","@id":"https:\/\/www.predsjednik.hr\/en\/news\/president-milanovic-with-croats-in-janjevo-croatia-is-thinking-of-you-we-will-help-as-much-as-we-can\/","url":"https:\/\/www.predsjednik.hr\/en\/news\/president-milanovic-with-croats-in-janjevo-croatia-is-thinking-of-you-we-will-help-as-much-as-we-can\/","name":"President Milanovi\u0107 with Croats in Janjevo: Croatia is thinking of you, we will help as much as we can - President of the Republic of Croatia - Zoran Milanovi\u0107","isPartOf":{"@id":"https:\/\/www.predsjednik.hr\/en\/#website"},"primaryImageOfPage":{"@id":"https:\/\/www.predsjednik.hr\/en\/news\/president-milanovic-with-croats-in-janjevo-croatia-is-thinking-of-you-we-will-help-as-much-as-we-can\/#primaryimage"},"image":{"@id":"https:\/\/www.predsjednik.hr\/en\/news\/president-milanovic-with-croats-in-janjevo-croatia-is-thinking-of-you-we-will-help-as-much-as-we-can\/#primaryimage"},"thumbnailUrl":"https:\/\/www.predsjednik.hr\/wp-content\/uploads\/2021\/12\/DSC_5808.jpg","datePublished":"2021-12-23T19:18:00+00:00","dateModified":"2021-12-24T08:21:54+00:00","breadcrumb":{"@id":"https:\/\/www.predsjednik.hr\/en\/news\/president-milanovic-with-croats-in-janjevo-croatia-is-thinking-of-you-we-will-help-as-much-as-we-can\/#breadcrumb"},"inLanguage":"en-US","potentialAction":[{"@type":"ReadAction","target":["https:\/\/www.predsjednik.hr\/en\/news\/president-milanovic-with-croats-in-janjevo-croatia-is-thinking-of-you-we-will-help-as-much-as-we-can\/"]}]},{"@type":"ImageObject","inLanguage":"en-US","@id":"https:\/\/www.predsjednik.hr\/en\/news\/president-milanovic-with-croats-in-janjevo-croatia-is-thinking-of-you-we-will-help-as-much-as-we-can\/#primaryimage","url":"https:\/\/www.predsjednik.hr\/wp-content\/uploads\/2021\/12\/DSC_5808.jpg","contentUrl":"https:\/\/www.predsjednik.hr\/wp-content\/uploads\/2021\/12\/DSC_5808.jpg","width":4096,"height":2304,"caption":"On the first day of his Official visit to the Republic of Kosovo, the President of the Republic Zoran Milanovi\u0107 paid a visit to the Croats in Janjevo."},{"@type":"BreadcrumbList","@id":"https:\/\/www.predsjednik.hr\/en\/news\/president-milanovic-with-croats-in-janjevo-croatia-is-thinking-of-you-we-will-help-as-much-as-we-can\/#breadcrumb","itemListElement":[{"@type":"ListItem","position":1,"name":"Home","item":"https:\/\/www.predsjednik.hr\/en\/"},{"@type":"ListItem","position":2,"name":"Vijesti","item":"https:\/\/www.predsjednik.hr\/en\/news\/"},{"@type":"ListItem","position":3,"name":"President Milanovi\u0107 with Croats in Janjevo: Croatia is thinking of you, we will help as much as we can"}]},{"@type":"WebSite","@id":"https:\/\/www.predsjednik.hr\/en\/#website","url":"https:\/\/www.predsjednik.hr\/en\/","name":"President of the Republic of Croatia - Zoran Milanovi\u0107","description":"Just another WordPress site","potentialAction":[{"@type":"SearchAction","target":{"@type":"EntryPoint","urlTemplate":"https:\/\/www.predsjednik.hr\/en\/?s={search_term_string}"},"query-input":{"@type":"PropertyValueSpecification","valueRequired":true,"valueName":"search_term_string"}}],"inLanguage":"en-US"}]}},"_links":{"self":[{"href":"https:\/\/www.predsjednik.hr\/en\/wp-json\/wp\/v2\/news\/14814","targetHints":{"allow":["GET"]}}],"collection":[{"href":"https:\/\/www.predsjednik.hr\/en\/wp-json\/wp\/v2\/news"}],"about":[{"href":"https:\/\/www.predsjednik.hr\/en\/wp-json\/wp\/v2\/types\/news"}],"wp:featuredmedia":[{"embeddable":true,"href":"https:\/\/www.predsjednik.hr\/en\/wp-json\/wp\/v2\/media\/14809"}],"wp:attachment":[{"href":"https:\/\/www.predsjednik.hr\/en\/wp-json\/wp\/v2\/media?parent=14814"}],"wp:term":[{"taxonomy":"news-cat","embeddable":true,"href":"https:\/\/www.predsjednik.hr\/en\/wp-json\/wp\/v2\/news-cat?post=14814"}],"curies":[{"name":"wp","href":"https:\/\/api.w.org\/{rel}","templated":true}]}}