{"id":15001,"date":"2022-01-15T20:42:00","date_gmt":"2022-01-15T19:42:00","guid":{"rendered":"https:\/\/www.predsjednik.hr\/?post_type=news&#038;p=15001"},"modified":"2022-01-17T10:44:07","modified_gmt":"2022-01-17T09:44:07","slug":"president-milanovic-meets-with-president-of-croatian-national-assembly-of-bosnia-and-herzegovina-dragan-covic","status":"publish","type":"news","link":"https:\/\/www.predsjednik.hr\/en\/news\/president-milanovic-meets-with-president-of-croatian-national-assembly-of-bosnia-and-herzegovina-dragan-covic\/","title":{"rendered":"President Milanovi\u0107 Meets with President of Croatian National Assembly of Bosnia and Herzegovina Dragan \u010covi\u0107"},"content":{"rendered":"\n<p>The President of the Republic Zoran Milanovi\u0107 met today in Zagreb with Dragan \u010covi\u0107, the President of the Croatian National Assembly of Bosnia and Herzegovina.<\/p>\n\n\n\n<p>President Milanovi\u0107 and Dragan \u010covi\u0107 discussed the months-long political crisis in Bosnia and Herzegovina and the need to end the open issue of electoral law reform. The electoral law reform would help achieve the necessary internal inter-ethnic consolidation. <\/p>\n\n\n\n<p>The Dayton Agreement enabled the sovereignty of Bosnia and Herzegovina based on the legitimate representation of all its constituent peoples. The two leaders concluded that constitutional equality and legitimate representation in the upper house of Parliament and the Presidency must be implemented through the electoral law of Bosnia and Herzegovina.\u00a0<\/p>\n","protected":false},"excerpt":{"rendered":"<p>President Milanovi\u0107 and Dragan \u010covi\u0107 discussed the months-long political crisis in Bosnia and Herzegovina and the need to end the open issue of electoral law reform. The electoral law reform would help achieve the necessary internal inter-ethnic consolidation. <\/p>\n","protected":false},"featured_media":13453,"template":"","news-cat":[12],"class_list":["post-15001","news","type-news","status-publish","has-post-thumbnail","hentry","news-cat-news"],"acf":[],"yoast_head":"<!-- This site is optimized with the Yoast SEO plugin v27.5 - https:\/\/yoast.com\/product\/yoast-seo-wordpress\/ -->\n<title>President Milanovi\u0107 Meets with President of Croatian National Assembly of Bosnia and Herzegovina Dragan \u010covi\u0107 - President of the Republic of Croatia - Zoran Milanovi\u0107<\/title>\n<meta name=\"robots\" content=\"index, follow, max-snippet:-1, max-image-preview:large, max-video-preview:-1\" \/>\n<link rel=\"canonical\" href=\"https:\/\/www.predsjednik.hr\/en\/news\/president-milanovic-meets-with-president-of-croatian-national-assembly-of-bosnia-and-herzegovina-dragan-covic\/\" \/>\n<meta property=\"og:locale\" content=\"en_US\" \/>\n<meta property=\"og:type\" content=\"article\" \/>\n<meta property=\"og:title\" content=\"President Milanovi\u0107 Meets with President of Croatian National Assembly of Bosnia and Herzegovina Dragan \u010covi\u0107 - President of the Republic of Croatia - Zoran Milanovi\u0107\" \/>\n<meta property=\"og:description\" content=\"President Milanovi\u0107 and Dragan \u010covi\u0107 discussed the months-long political crisis in Bosnia and Herzegovina and the need to end the open issue of electoral law reform. The electoral law reform would help achieve the necessary internal inter-ethnic consolidation.\" \/>\n<meta property=\"og:url\" content=\"https:\/\/www.predsjednik.hr\/en\/news\/president-milanovic-meets-with-president-of-croatian-national-assembly-of-bosnia-and-herzegovina-dragan-covic\/\" \/>\n<meta property=\"og:site_name\" content=\"President of the Republic of Croatia - Zoran Milanovi\u0107\" \/>\n<meta property=\"article:modified_time\" content=\"2022-01-17T09:44:07+00:00\" \/>\n<meta property=\"og:image\" content=\"https:\/\/www.predsjednik.hr\/wp-content\/uploads\/2021\/11\/DSC_9430.jpg\" \/>\n\t<meta property=\"og:image:width\" content=\"3556\" \/>\n\t<meta property=\"og:image:height\" content=\"2540\" \/>\n\t<meta property=\"og:image:type\" content=\"image\/jpeg\" \/>\n<meta name=\"twitter:card\" content=\"summary_large_image\" \/>\n<meta name=\"twitter:label1\" content=\"Est. reading time\" \/>\n\t<meta name=\"twitter:data1\" content=\"1 minute\" \/>\n<script type=\"application\/ld+json\" class=\"yoast-schema-graph\">{\"@context\":\"https:\\\/\\\/schema.org\",\"@graph\":[{\"@type\":\"WebPage\",\"@id\":\"https:\\\/\\\/www.predsjednik.hr\\\/en\\\/news\\\/president-milanovic-meets-with-president-of-croatian-national-assembly-of-bosnia-and-herzegovina-dragan-covic\\\/\",\"url\":\"https:\\\/\\\/www.predsjednik.hr\\\/en\\\/news\\\/president-milanovic-meets-with-president-of-croatian-national-assembly-of-bosnia-and-herzegovina-dragan-covic\\\/\",\"name\":\"President Milanovi\u0107 Meets with President of Croatian National Assembly of Bosnia and Herzegovina Dragan \u010covi\u0107 - President of the Republic of Croatia - Zoran Milanovi\u0107\",\"isPartOf\":{\"@id\":\"https:\\\/\\\/www.predsjednik.hr\\\/en\\\/#website\"},\"primaryImageOfPage\":{\"@id\":\"https:\\\/\\\/www.predsjednik.hr\\\/en\\\/news\\\/president-milanovic-meets-with-president-of-croatian-national-assembly-of-bosnia-and-herzegovina-dragan-covic\\\/#primaryimage\"},\"image\":{\"@id\":\"https:\\\/\\\/www.predsjednik.hr\\\/en\\\/news\\\/president-milanovic-meets-with-president-of-croatian-national-assembly-of-bosnia-and-herzegovina-dragan-covic\\\/#primaryimage\"},\"thumbnailUrl\":\"https:\\\/\\\/www.predsjednik.hr\\\/wp-content\\\/uploads\\\/2021\\\/11\\\/DSC_9430.jpg\",\"datePublished\":\"2022-01-15T19:42:00+00:00\",\"dateModified\":\"2022-01-17T09:44:07+00:00\",\"breadcrumb\":{\"@id\":\"https:\\\/\\\/www.predsjednik.hr\\\/en\\\/news\\\/president-milanovic-meets-with-president-of-croatian-national-assembly-of-bosnia-and-herzegovina-dragan-covic\\\/#breadcrumb\"},\"inLanguage\":\"en-US\",\"potentialAction\":[{\"@type\":\"ReadAction\",\"target\":[\"https:\\\/\\\/www.predsjednik.hr\\\/en\\\/news\\\/president-milanovic-meets-with-president-of-croatian-national-assembly-of-bosnia-and-herzegovina-dragan-covic\\\/\"]}]},{\"@type\":\"ImageObject\",\"inLanguage\":\"en-US\",\"@id\":\"https:\\\/\\\/www.predsjednik.hr\\\/en\\\/news\\\/president-milanovic-meets-with-president-of-croatian-national-assembly-of-bosnia-and-herzegovina-dragan-covic\\\/#primaryimage\",\"url\":\"https:\\\/\\\/www.predsjednik.hr\\\/wp-content\\\/uploads\\\/2021\\\/11\\\/DSC_9430.jpg\",\"contentUrl\":\"https:\\\/\\\/www.predsjednik.hr\\\/wp-content\\\/uploads\\\/2021\\\/11\\\/DSC_9430.jpg\",\"width\":3556,\"height\":2540,\"caption\":\"President Milanovi\u0107 Meets with Representative of the Croatian People in Bosnia and Herzegovina Dragan \u010covi\u0107\"},{\"@type\":\"BreadcrumbList\",\"@id\":\"https:\\\/\\\/www.predsjednik.hr\\\/en\\\/news\\\/president-milanovic-meets-with-president-of-croatian-national-assembly-of-bosnia-and-herzegovina-dragan-covic\\\/#breadcrumb\",\"itemListElement\":[{\"@type\":\"ListItem\",\"position\":1,\"name\":\"Home\",\"item\":\"https:\\\/\\\/www.predsjednik.hr\\\/en\\\/\"},{\"@type\":\"ListItem\",\"position\":2,\"name\":\"Vijesti\",\"item\":\"https:\\\/\\\/www.predsjednik.hr\\\/en\\\/news\\\/\"},{\"@type\":\"ListItem\",\"position\":3,\"name\":\"President Milanovi\u0107 Meets with President of Croatian National Assembly of Bosnia and Herzegovina Dragan \u010covi\u0107\"}]},{\"@type\":\"WebSite\",\"@id\":\"https:\\\/\\\/www.predsjednik.hr\\\/en\\\/#website\",\"url\":\"https:\\\/\\\/www.predsjednik.hr\\\/en\\\/\",\"name\":\"President of the Republic of Croatia - Zoran Milanovi\u0107\",\"description\":\"Just another WordPress site\",\"potentialAction\":[{\"@type\":\"SearchAction\",\"target\":{\"@type\":\"EntryPoint\",\"urlTemplate\":\"https:\\\/\\\/www.predsjednik.hr\\\/en\\\/?s={search_term_string}\"},\"query-input\":{\"@type\":\"PropertyValueSpecification\",\"valueRequired\":true,\"valueName\":\"search_term_string\"}}],\"inLanguage\":\"en-US\"}]}<\/script>\n<!-- \/ Yoast SEO plugin. -->","yoast_head_json":{"title":"President Milanovi\u0107 Meets with President of Croatian National Assembly of Bosnia and Herzegovina Dragan \u010covi\u0107 - President of the Republic of Croatia - Zoran Milanovi\u0107","robots":{"index":"index","follow":"follow","max-snippet":"max-snippet:-1","max-image-preview":"max-image-preview:large","max-video-preview":"max-video-preview:-1"},"canonical":"https:\/\/www.predsjednik.hr\/en\/news\/president-milanovic-meets-with-president-of-croatian-national-assembly-of-bosnia-and-herzegovina-dragan-covic\/","og_locale":"en_US","og_type":"article","og_title":"President Milanovi\u0107 Meets with President of Croatian National Assembly of Bosnia and Herzegovina Dragan \u010covi\u0107 - President of the Republic of Croatia - Zoran Milanovi\u0107","og_description":"President Milanovi\u0107 and Dragan \u010covi\u0107 discussed the months-long political crisis in Bosnia and Herzegovina and the need to end the open issue of electoral law reform. The electoral law reform would help achieve the necessary internal inter-ethnic consolidation.","og_url":"https:\/\/www.predsjednik.hr\/en\/news\/president-milanovic-meets-with-president-of-croatian-national-assembly-of-bosnia-and-herzegovina-dragan-covic\/","og_site_name":"President of the Republic of Croatia - Zoran Milanovi\u0107","article_modified_time":"2022-01-17T09:44:07+00:00","og_image":[{"width":3556,"height":2540,"url":"https:\/\/www.predsjednik.hr\/wp-content\/uploads\/2021\/11\/DSC_9430.jpg","type":"image\/jpeg"}],"twitter_card":"summary_large_image","twitter_misc":{"Est. reading time":"1 minute"},"schema":{"@context":"https:\/\/schema.org","@graph":[{"@type":"WebPage","@id":"https:\/\/www.predsjednik.hr\/en\/news\/president-milanovic-meets-with-president-of-croatian-national-assembly-of-bosnia-and-herzegovina-dragan-covic\/","url":"https:\/\/www.predsjednik.hr\/en\/news\/president-milanovic-meets-with-president-of-croatian-national-assembly-of-bosnia-and-herzegovina-dragan-covic\/","name":"President Milanovi\u0107 Meets with President of Croatian National Assembly of Bosnia and Herzegovina Dragan \u010covi\u0107 - President of the Republic of Croatia - Zoran Milanovi\u0107","isPartOf":{"@id":"https:\/\/www.predsjednik.hr\/en\/#website"},"primaryImageOfPage":{"@id":"https:\/\/www.predsjednik.hr\/en\/news\/president-milanovic-meets-with-president-of-croatian-national-assembly-of-bosnia-and-herzegovina-dragan-covic\/#primaryimage"},"image":{"@id":"https:\/\/www.predsjednik.hr\/en\/news\/president-milanovic-meets-with-president-of-croatian-national-assembly-of-bosnia-and-herzegovina-dragan-covic\/#primaryimage"},"thumbnailUrl":"https:\/\/www.predsjednik.hr\/wp-content\/uploads\/2021\/11\/DSC_9430.jpg","datePublished":"2022-01-15T19:42:00+00:00","dateModified":"2022-01-17T09:44:07+00:00","breadcrumb":{"@id":"https:\/\/www.predsjednik.hr\/en\/news\/president-milanovic-meets-with-president-of-croatian-national-assembly-of-bosnia-and-herzegovina-dragan-covic\/#breadcrumb"},"inLanguage":"en-US","potentialAction":[{"@type":"ReadAction","target":["https:\/\/www.predsjednik.hr\/en\/news\/president-milanovic-meets-with-president-of-croatian-national-assembly-of-bosnia-and-herzegovina-dragan-covic\/"]}]},{"@type":"ImageObject","inLanguage":"en-US","@id":"https:\/\/www.predsjednik.hr\/en\/news\/president-milanovic-meets-with-president-of-croatian-national-assembly-of-bosnia-and-herzegovina-dragan-covic\/#primaryimage","url":"https:\/\/www.predsjednik.hr\/wp-content\/uploads\/2021\/11\/DSC_9430.jpg","contentUrl":"https:\/\/www.predsjednik.hr\/wp-content\/uploads\/2021\/11\/DSC_9430.jpg","width":3556,"height":2540,"caption":"President Milanovi\u0107 Meets with Representative of the Croatian People in Bosnia and Herzegovina Dragan \u010covi\u0107"},{"@type":"BreadcrumbList","@id":"https:\/\/www.predsjednik.hr\/en\/news\/president-milanovic-meets-with-president-of-croatian-national-assembly-of-bosnia-and-herzegovina-dragan-covic\/#breadcrumb","itemListElement":[{"@type":"ListItem","position":1,"name":"Home","item":"https:\/\/www.predsjednik.hr\/en\/"},{"@type":"ListItem","position":2,"name":"Vijesti","item":"https:\/\/www.predsjednik.hr\/en\/news\/"},{"@type":"ListItem","position":3,"name":"President Milanovi\u0107 Meets with President of Croatian National Assembly of Bosnia and Herzegovina Dragan \u010covi\u0107"}]},{"@type":"WebSite","@id":"https:\/\/www.predsjednik.hr\/en\/#website","url":"https:\/\/www.predsjednik.hr\/en\/","name":"President of the Republic of Croatia - Zoran Milanovi\u0107","description":"Just another WordPress site","potentialAction":[{"@type":"SearchAction","target":{"@type":"EntryPoint","urlTemplate":"https:\/\/www.predsjednik.hr\/en\/?s={search_term_string}"},"query-input":{"@type":"PropertyValueSpecification","valueRequired":true,"valueName":"search_term_string"}}],"inLanguage":"en-US"}]}},"_links":{"self":[{"href":"https:\/\/www.predsjednik.hr\/en\/wp-json\/wp\/v2\/news\/15001","targetHints":{"allow":["GET"]}}],"collection":[{"href":"https:\/\/www.predsjednik.hr\/en\/wp-json\/wp\/v2\/news"}],"about":[{"href":"https:\/\/www.predsjednik.hr\/en\/wp-json\/wp\/v2\/types\/news"}],"wp:featuredmedia":[{"embeddable":true,"href":"https:\/\/www.predsjednik.hr\/en\/wp-json\/wp\/v2\/media\/13453"}],"wp:attachment":[{"href":"https:\/\/www.predsjednik.hr\/en\/wp-json\/wp\/v2\/media?parent=15001"}],"wp:term":[{"taxonomy":"news-cat","embeddable":true,"href":"https:\/\/www.predsjednik.hr\/en\/wp-json\/wp\/v2\/news-cat?post=15001"}],"curies":[{"name":"wp","href":"https:\/\/api.w.org\/{rel}","templated":true}]}}