{"id":15127,"date":"2022-01-25T15:35:19","date_gmt":"2022-01-25T14:35:19","guid":{"rendered":"https:\/\/www.predsjednik.hr\/?post_type=news&#038;p=15127"},"modified":"2022-01-25T15:35:22","modified_gmt":"2022-01-25T14:35:22","slug":"president-milanovic-visits-kras-company-celebrating-110-years-of-business","status":"publish","type":"news","link":"https:\/\/www.predsjednik.hr\/en\/news\/president-milanovic-visits-kras-company-celebrating-110-years-of-business\/","title":{"rendered":"President Milanovi\u0107 Visits KRA\u0160 Company Celebrating 110 Years of Business"},"content":{"rendered":"\n<p>On Tuesday 25 January, the President of the Republic Zoran Milanovi\u0107 visited the KRA\u0160 food company on the occasion of its 110<sup>th<\/sup> anniversary. He started his visit to the oldest Croatian confectionery manufacturer by meeting with members of the Management and Supervisory Boards of the KRA\u0160 food company.<\/p>\n\n\n\n<p>KRA\u0160 Management Board president Slavko Ledi\u0107, Board members Damir Buli\u0107 and Davor Bo\u0161njakovi\u0107, Supervisory Board chairman Zoran Para\u0107, member of the Supervisory Board Nevena Pivac and head of Management Board Office Goran Lovrek acquainted President Milanovi\u0107 with company results and plans for the company\u2019s development, which can boast of being a leader in Croatia\u2019s economy. Today KRA\u0160 is a modern company successfully adapting to challenges and demands of the market, and bases its business on high quality standards, a wide selection of goods, well-known brands and a century-old tradition.<\/p>\n\n\n\n<p>After touring the factory\u2019s production line President Milanovi\u0107 said that he wishes KRA\u0160 to have two, not one billion kunas of business. \u201cThis ambition seems high to me, but realistic. The company has held quite a strong position on the market and has kept it. However, one has to advance. The same goes for Podravka, those are companies I am rooting for because I think they are necessary\u201d, President Milanovi\u0107 told reporters when asked to comment the company\u2019s success.<\/p>\n\n\n\n<p>Asked if it matters who the owner is, President Milanovi\u0107 replied that it always has some influence, but that the company is \u201cevidently in good shape, it can do more. There are other manufacturers in the confectionary industry and that is why I should stop here\u201d, the President noted.<\/p>\n\n\n\n<p>Alongside President Milanovi\u0107 were the Head of the Cabinet of the President Bartol \u0160imuni\u0107, the Special Adviser to the President for the Economy Velibor Ma\u010dki\u0107 and the Assistant Adviser to the President for the Economy Martina Ciglevi\u0107.<\/p>\n\n\n<!--GALLERY BLOCK-->\n<div class=\"c-lightbox-gallery js-lightbox\">\n                <!--single-->\n            <a data-no-swup class=\"c-lightbox-gallery__single js-lightbox-single\"\n               href=\"https:\/\/www.predsjednik.hr\/wp-content\/uploads\/2022\/01\/DSC_0116-1024x683.jpg\"\n               style=\"background-image: url('https:\/\/www.predsjednik.hr\/wp-content\/uploads\/2022\/01\/DSC_0116-768x512.jpg')\"><\/a>\n            <!--end single-->\n                    <!--single-->\n            <a data-no-swup class=\"c-lightbox-gallery__single js-lightbox-single\"\n               href=\"https:\/\/www.predsjednik.hr\/wp-content\/uploads\/2022\/01\/DSC_0160-1024x576.jpg\"\n               style=\"background-image: url('https:\/\/www.predsjednik.hr\/wp-content\/uploads\/2022\/01\/DSC_0160-768x432.jpg')\"><\/a>\n            <!--end single-->\n                    <!--single-->\n            <a data-no-swup class=\"c-lightbox-gallery__single js-lightbox-single\"\n               href=\"https:\/\/www.predsjednik.hr\/wp-content\/uploads\/2022\/01\/DSC_0285-1024x683.jpg\"\n               style=\"background-image: url('https:\/\/www.predsjednik.hr\/wp-content\/uploads\/2022\/01\/DSC_0285-768x512.jpg')\"><\/a>\n            <!--end single-->\n                    <!--single-->\n            <a data-no-swup class=\"c-lightbox-gallery__single js-lightbox-single\"\n               href=\"https:\/\/www.predsjednik.hr\/wp-content\/uploads\/2022\/01\/DSC_0380-1024x683.jpg\"\n               style=\"background-image: url('https:\/\/www.predsjednik.hr\/wp-content\/uploads\/2022\/01\/DSC_0380-768x512.jpg')\"><\/a>\n            <!--end single-->\n                    <!--single-->\n            <a data-no-swup class=\"c-lightbox-gallery__single js-lightbox-single\"\n               href=\"https:\/\/www.predsjednik.hr\/wp-content\/uploads\/2022\/01\/DSC_0504-1024x683.jpg\"\n               style=\"background-image: url('https:\/\/www.predsjednik.hr\/wp-content\/uploads\/2022\/01\/DSC_0504-768x512.jpg')\"><\/a>\n            <!--end single-->\n                    <!--single-->\n            <a data-no-swup class=\"c-lightbox-gallery__single js-lightbox-single\"\n               href=\"https:\/\/www.predsjednik.hr\/wp-content\/uploads\/2022\/01\/DSC_0530-1024x683.jpg\"\n               style=\"background-image: url('https:\/\/www.predsjednik.hr\/wp-content\/uploads\/2022\/01\/DSC_0530-768x512.jpg')\"><\/a>\n            <!--end single-->\n                    <!--single-->\n            <a data-no-swup class=\"c-lightbox-gallery__single js-lightbox-single\"\n               href=\"https:\/\/www.predsjednik.hr\/wp-content\/uploads\/2022\/01\/DSC_0687-1024x576.jpg\"\n               style=\"background-image: url('https:\/\/www.predsjednik.hr\/wp-content\/uploads\/2022\/01\/DSC_0687-768x432.jpg')\"><\/a>\n            <!--end single-->\n                    <!--single-->\n            <a data-no-swup class=\"c-lightbox-gallery__single js-lightbox-single\"\n               href=\"https:\/\/www.predsjednik.hr\/wp-content\/uploads\/2022\/01\/DSC_0710-1024x683.jpg\"\n               style=\"background-image: url('https:\/\/www.predsjednik.hr\/wp-content\/uploads\/2022\/01\/DSC_0710-768x512.jpg')\"><\/a>\n            <!--end single-->\n        <\/div>\n<!--end GALLERY BLOCK-->\n\n\n\n<p>PHOTO: Office of the President of the Republic of Croatia \/ Dario Andri\u0161ek<\/p>\n","protected":false},"excerpt":{"rendered":"<p>On Tuesday 25 January, the President of the Republic Zoran Milanovi\u0107 visited the KRA\u0160 food company on the occasion of its 110th anniversary. He started his visit to the oldest Croatian confectionery manufacturer by meeting with members of the Management and Supervisory Boards of the KRA\u0160 food company.<\/p>\n","protected":false},"featured_media":15126,"template":"","news-cat":[12],"class_list":["post-15127","news","type-news","status-publish","has-post-thumbnail","hentry","news-cat-news"],"acf":[],"yoast_head":"<!-- This site is optimized with the Yoast SEO plugin v27.5 - https:\/\/yoast.com\/product\/yoast-seo-wordpress\/ -->\n<title>President Milanovi\u0107 Visits KRA\u0160 Company Celebrating 110 Years of Business - President of the Republic of Croatia - Zoran Milanovi\u0107<\/title>\n<meta name=\"robots\" content=\"index, follow, max-snippet:-1, max-image-preview:large, max-video-preview:-1\" \/>\n<link rel=\"canonical\" href=\"https:\/\/www.predsjednik.hr\/en\/news\/president-milanovic-visits-kras-company-celebrating-110-years-of-business\/\" \/>\n<meta property=\"og:locale\" content=\"en_US\" \/>\n<meta property=\"og:type\" content=\"article\" \/>\n<meta property=\"og:title\" content=\"President Milanovi\u0107 Visits KRA\u0160 Company Celebrating 110 Years of Business - President of the Republic of Croatia - Zoran Milanovi\u0107\" \/>\n<meta property=\"og:description\" content=\"On Tuesday 25 January, the President of the Republic Zoran Milanovi\u0107 visited the KRA\u0160 food company on the occasion of its 110th anniversary. He started his visit to the oldest Croatian confectionery manufacturer by meeting with members of the Management and Supervisory Boards of the KRA\u0160 food company.\" \/>\n<meta property=\"og:url\" content=\"https:\/\/www.predsjednik.hr\/en\/news\/president-milanovic-visits-kras-company-celebrating-110-years-of-business\/\" \/>\n<meta property=\"og:site_name\" content=\"President of the Republic of Croatia - Zoran Milanovi\u0107\" \/>\n<meta property=\"article:modified_time\" content=\"2022-01-25T14:35:22+00:00\" \/>\n<meta property=\"og:image\" content=\"https:\/\/www.predsjednik.hr\/wp-content\/uploads\/2022\/01\/DSC_0710.jpg\" \/>\n\t<meta property=\"og:image:width\" content=\"5318\" \/>\n\t<meta property=\"og:image:height\" content=\"3545\" \/>\n\t<meta property=\"og:image:type\" content=\"image\/jpeg\" \/>\n<meta name=\"twitter:card\" content=\"summary_large_image\" \/>\n<meta name=\"twitter:label1\" content=\"Est. reading time\" \/>\n\t<meta name=\"twitter:data1\" content=\"2 minutes\" \/>\n<script type=\"application\/ld+json\" class=\"yoast-schema-graph\">{\"@context\":\"https:\\\/\\\/schema.org\",\"@graph\":[{\"@type\":\"WebPage\",\"@id\":\"https:\\\/\\\/www.predsjednik.hr\\\/en\\\/news\\\/president-milanovic-visits-kras-company-celebrating-110-years-of-business\\\/\",\"url\":\"https:\\\/\\\/www.predsjednik.hr\\\/en\\\/news\\\/president-milanovic-visits-kras-company-celebrating-110-years-of-business\\\/\",\"name\":\"President Milanovi\u0107 Visits KRA\u0160 Company Celebrating 110 Years of Business - President of the Republic of Croatia - Zoran Milanovi\u0107\",\"isPartOf\":{\"@id\":\"https:\\\/\\\/www.predsjednik.hr\\\/en\\\/#website\"},\"primaryImageOfPage\":{\"@id\":\"https:\\\/\\\/www.predsjednik.hr\\\/en\\\/news\\\/president-milanovic-visits-kras-company-celebrating-110-years-of-business\\\/#primaryimage\"},\"image\":{\"@id\":\"https:\\\/\\\/www.predsjednik.hr\\\/en\\\/news\\\/president-milanovic-visits-kras-company-celebrating-110-years-of-business\\\/#primaryimage\"},\"thumbnailUrl\":\"https:\\\/\\\/www.predsjednik.hr\\\/wp-content\\\/uploads\\\/2022\\\/01\\\/DSC_0710.jpg\",\"datePublished\":\"2022-01-25T14:35:19+00:00\",\"dateModified\":\"2022-01-25T14:35:22+00:00\",\"breadcrumb\":{\"@id\":\"https:\\\/\\\/www.predsjednik.hr\\\/en\\\/news\\\/president-milanovic-visits-kras-company-celebrating-110-years-of-business\\\/#breadcrumb\"},\"inLanguage\":\"en-US\",\"potentialAction\":[{\"@type\":\"ReadAction\",\"target\":[\"https:\\\/\\\/www.predsjednik.hr\\\/en\\\/news\\\/president-milanovic-visits-kras-company-celebrating-110-years-of-business\\\/\"]}]},{\"@type\":\"ImageObject\",\"inLanguage\":\"en-US\",\"@id\":\"https:\\\/\\\/www.predsjednik.hr\\\/en\\\/news\\\/president-milanovic-visits-kras-company-celebrating-110-years-of-business\\\/#primaryimage\",\"url\":\"https:\\\/\\\/www.predsjednik.hr\\\/wp-content\\\/uploads\\\/2022\\\/01\\\/DSC_0710.jpg\",\"contentUrl\":\"https:\\\/\\\/www.predsjednik.hr\\\/wp-content\\\/uploads\\\/2022\\\/01\\\/DSC_0710.jpg\",\"width\":5318,\"height\":3545,\"caption\":\"President Milanovi\u0107 Visits KRA\u0160 Company Celebrating 110 Years of Business\"},{\"@type\":\"BreadcrumbList\",\"@id\":\"https:\\\/\\\/www.predsjednik.hr\\\/en\\\/news\\\/president-milanovic-visits-kras-company-celebrating-110-years-of-business\\\/#breadcrumb\",\"itemListElement\":[{\"@type\":\"ListItem\",\"position\":1,\"name\":\"Home\",\"item\":\"https:\\\/\\\/www.predsjednik.hr\\\/en\\\/\"},{\"@type\":\"ListItem\",\"position\":2,\"name\":\"Vijesti\",\"item\":\"https:\\\/\\\/www.predsjednik.hr\\\/en\\\/news\\\/\"},{\"@type\":\"ListItem\",\"position\":3,\"name\":\"President Milanovi\u0107 Visits KRA\u0160 Company Celebrating 110 Years of Business\"}]},{\"@type\":\"WebSite\",\"@id\":\"https:\\\/\\\/www.predsjednik.hr\\\/en\\\/#website\",\"url\":\"https:\\\/\\\/www.predsjednik.hr\\\/en\\\/\",\"name\":\"President of the Republic of Croatia - Zoran Milanovi\u0107\",\"description\":\"Just another WordPress site\",\"potentialAction\":[{\"@type\":\"SearchAction\",\"target\":{\"@type\":\"EntryPoint\",\"urlTemplate\":\"https:\\\/\\\/www.predsjednik.hr\\\/en\\\/?s={search_term_string}\"},\"query-input\":{\"@type\":\"PropertyValueSpecification\",\"valueRequired\":true,\"valueName\":\"search_term_string\"}}],\"inLanguage\":\"en-US\"}]}<\/script>\n<!-- \/ Yoast SEO plugin. -->","yoast_head_json":{"title":"President Milanovi\u0107 Visits KRA\u0160 Company Celebrating 110 Years of Business - President of the Republic of Croatia - Zoran Milanovi\u0107","robots":{"index":"index","follow":"follow","max-snippet":"max-snippet:-1","max-image-preview":"max-image-preview:large","max-video-preview":"max-video-preview:-1"},"canonical":"https:\/\/www.predsjednik.hr\/en\/news\/president-milanovic-visits-kras-company-celebrating-110-years-of-business\/","og_locale":"en_US","og_type":"article","og_title":"President Milanovi\u0107 Visits KRA\u0160 Company Celebrating 110 Years of Business - President of the Republic of Croatia - Zoran Milanovi\u0107","og_description":"On Tuesday 25 January, the President of the Republic Zoran Milanovi\u0107 visited the KRA\u0160 food company on the occasion of its 110th anniversary. He started his visit to the oldest Croatian confectionery manufacturer by meeting with members of the Management and Supervisory Boards of the KRA\u0160 food company.","og_url":"https:\/\/www.predsjednik.hr\/en\/news\/president-milanovic-visits-kras-company-celebrating-110-years-of-business\/","og_site_name":"President of the Republic of Croatia - Zoran Milanovi\u0107","article_modified_time":"2022-01-25T14:35:22+00:00","og_image":[{"width":5318,"height":3545,"url":"https:\/\/www.predsjednik.hr\/wp-content\/uploads\/2022\/01\/DSC_0710.jpg","type":"image\/jpeg"}],"twitter_card":"summary_large_image","twitter_misc":{"Est. reading time":"2 minutes"},"schema":{"@context":"https:\/\/schema.org","@graph":[{"@type":"WebPage","@id":"https:\/\/www.predsjednik.hr\/en\/news\/president-milanovic-visits-kras-company-celebrating-110-years-of-business\/","url":"https:\/\/www.predsjednik.hr\/en\/news\/president-milanovic-visits-kras-company-celebrating-110-years-of-business\/","name":"President Milanovi\u0107 Visits KRA\u0160 Company Celebrating 110 Years of Business - President of the Republic of Croatia - Zoran Milanovi\u0107","isPartOf":{"@id":"https:\/\/www.predsjednik.hr\/en\/#website"},"primaryImageOfPage":{"@id":"https:\/\/www.predsjednik.hr\/en\/news\/president-milanovic-visits-kras-company-celebrating-110-years-of-business\/#primaryimage"},"image":{"@id":"https:\/\/www.predsjednik.hr\/en\/news\/president-milanovic-visits-kras-company-celebrating-110-years-of-business\/#primaryimage"},"thumbnailUrl":"https:\/\/www.predsjednik.hr\/wp-content\/uploads\/2022\/01\/DSC_0710.jpg","datePublished":"2022-01-25T14:35:19+00:00","dateModified":"2022-01-25T14:35:22+00:00","breadcrumb":{"@id":"https:\/\/www.predsjednik.hr\/en\/news\/president-milanovic-visits-kras-company-celebrating-110-years-of-business\/#breadcrumb"},"inLanguage":"en-US","potentialAction":[{"@type":"ReadAction","target":["https:\/\/www.predsjednik.hr\/en\/news\/president-milanovic-visits-kras-company-celebrating-110-years-of-business\/"]}]},{"@type":"ImageObject","inLanguage":"en-US","@id":"https:\/\/www.predsjednik.hr\/en\/news\/president-milanovic-visits-kras-company-celebrating-110-years-of-business\/#primaryimage","url":"https:\/\/www.predsjednik.hr\/wp-content\/uploads\/2022\/01\/DSC_0710.jpg","contentUrl":"https:\/\/www.predsjednik.hr\/wp-content\/uploads\/2022\/01\/DSC_0710.jpg","width":5318,"height":3545,"caption":"President Milanovi\u0107 Visits KRA\u0160 Company Celebrating 110 Years of Business"},{"@type":"BreadcrumbList","@id":"https:\/\/www.predsjednik.hr\/en\/news\/president-milanovic-visits-kras-company-celebrating-110-years-of-business\/#breadcrumb","itemListElement":[{"@type":"ListItem","position":1,"name":"Home","item":"https:\/\/www.predsjednik.hr\/en\/"},{"@type":"ListItem","position":2,"name":"Vijesti","item":"https:\/\/www.predsjednik.hr\/en\/news\/"},{"@type":"ListItem","position":3,"name":"President Milanovi\u0107 Visits KRA\u0160 Company Celebrating 110 Years of Business"}]},{"@type":"WebSite","@id":"https:\/\/www.predsjednik.hr\/en\/#website","url":"https:\/\/www.predsjednik.hr\/en\/","name":"President of the Republic of Croatia - Zoran Milanovi\u0107","description":"Just another WordPress site","potentialAction":[{"@type":"SearchAction","target":{"@type":"EntryPoint","urlTemplate":"https:\/\/www.predsjednik.hr\/en\/?s={search_term_string}"},"query-input":{"@type":"PropertyValueSpecification","valueRequired":true,"valueName":"search_term_string"}}],"inLanguage":"en-US"}]}},"_links":{"self":[{"href":"https:\/\/www.predsjednik.hr\/en\/wp-json\/wp\/v2\/news\/15127","targetHints":{"allow":["GET"]}}],"collection":[{"href":"https:\/\/www.predsjednik.hr\/en\/wp-json\/wp\/v2\/news"}],"about":[{"href":"https:\/\/www.predsjednik.hr\/en\/wp-json\/wp\/v2\/types\/news"}],"wp:featuredmedia":[{"embeddable":true,"href":"https:\/\/www.predsjednik.hr\/en\/wp-json\/wp\/v2\/media\/15126"}],"wp:attachment":[{"href":"https:\/\/www.predsjednik.hr\/en\/wp-json\/wp\/v2\/media?parent=15127"}],"wp:term":[{"taxonomy":"news-cat","embeddable":true,"href":"https:\/\/www.predsjednik.hr\/en\/wp-json\/wp\/v2\/news-cat?post=15127"}],"curies":[{"name":"wp","href":"https:\/\/api.w.org\/{rel}","templated":true}]}}