{"id":15139,"date":"2022-01-26T15:47:51","date_gmt":"2022-01-26T14:47:51","guid":{"rendered":"https:\/\/www.predsjednik.hr\/?post_type=news&#038;p=15139"},"modified":"2022-01-26T15:47:55","modified_gmt":"2022-01-26T14:47:55","slug":"president-milanovic-discusses-zagreb-post-earthquake-reconstruction-issues-with-members-of-sos-zagreb-association","status":"publish","type":"news","link":"https:\/\/www.predsjednik.hr\/en\/news\/president-milanovic-discusses-zagreb-post-earthquake-reconstruction-issues-with-members-of-sos-zagreb-association\/","title":{"rendered":"President Milanovi\u0107 Discusses Zagreb Post-Earthquake Reconstruction Issues with Members of SOS Zagreb Association"},"content":{"rendered":"\n<p>The President of the Republic Zoran Milanovi\u0107 held a meeting today at the Office of the President with members of the SOS Zagreb Association, an alliance of Zagreb residents founded a year ago that seeks to accelerate and improve the quality of post-earthquake reconstruction efforts in the city of Zagreb.<\/p>\n\n\n\n<p>Members of the SOS Zagreb Association \u2013 Vice Presidents of the Governing Board Vesna Bla\u0161kovi\u0107, Vedrana Likan and Igor Kordi\u0107, and members of the Supervisory Board Tomislav Bartoli\u0107, Ana Petri\u010di\u0107 Gojanovi\u0107 and Andrej \u0160oo\u0161 Maceljski \u2013 discussed with President Milanovi\u0107 the state of reconstruction efforts in Zagreb and informed him of the obstacles and issues that citizens face in undertaking such efforts. They also warned of the impending situation in which many Zagreb hospitals, schools and preschools will not be reconstructed within the set deadline through the EU Solidarity Fund but rather by taxpayers\u2019 money, i.e. by the citizens themselves.<\/p>\n\n\n\n<p>The fact that there was no central body established in Croatia to direct post-earthquake reconstruction efforts was highlighted at the meeting as the key reason behind slow and inefficient reconstruction. As a result, two years after the earthquake there are only 75 buildings in Zagreb being reconstructed, the SOS Zagreb Association members said at the meeting. Although self-reconstruction is encouraged, many building owners are not creditworthy, which is a problem that requires government intervention, i.e. the faster return of invested funds to building co-owners, while reconstruction should be mandatory, the SOS Zagreb Association members said.<\/p>\n\n\n\n<p>Special Adviser to the President of the Republic for the Economy Velibor Ma\u010dki\u0107 and Assistant Adviser to the President of the Republic for the Economy Martina Ciglevi\u0107 were alongside President Milanovi\u0107.<\/p>\n\n\n<!--GALLERY BLOCK-->\n<div class=\"c-lightbox-gallery js-lightbox\">\n                <!--single-->\n            <a data-no-swup class=\"c-lightbox-gallery__single js-lightbox-single\"\n               href=\"https:\/\/www.predsjednik.hr\/wp-content\/uploads\/2022\/01\/DSC_0833-1024x576.jpg\"\n               style=\"background-image: url('https:\/\/www.predsjednik.hr\/wp-content\/uploads\/2022\/01\/DSC_0833-768x432.jpg')\"><\/a>\n            <!--end single-->\n                    <!--single-->\n            <a data-no-swup class=\"c-lightbox-gallery__single js-lightbox-single\"\n               href=\"https:\/\/www.predsjednik.hr\/wp-content\/uploads\/2022\/01\/DSC_0843-1024x683.jpg\"\n               style=\"background-image: url('https:\/\/www.predsjednik.hr\/wp-content\/uploads\/2022\/01\/DSC_0843-768x512.jpg')\"><\/a>\n            <!--end single-->\n                    <!--single-->\n            <a data-no-swup class=\"c-lightbox-gallery__single js-lightbox-single\"\n               href=\"https:\/\/www.predsjednik.hr\/wp-content\/uploads\/2022\/01\/DSC_0858-1024x683.jpg\"\n               style=\"background-image: url('https:\/\/www.predsjednik.hr\/wp-content\/uploads\/2022\/01\/DSC_0858-768x512.jpg')\"><\/a>\n            <!--end single-->\n        <\/div>\n<!--end GALLERY BLOCK-->\n\n\n\n<p>PHOTO: Office of the President of the Republic of Croatia \/ Tomislav Bu\u0161ljeta<\/p>\n","protected":false},"excerpt":{"rendered":"<p>The President of the Republic Zoran Milanovi\u0107 held a meeting today at the Office of the President with members of the SOS Zagreb Association, an alliance of Zagreb residents founded a year ago that seeks to accelerate and improve the quality of post-earthquake reconstruction efforts in the city of Zagreb.<\/p>\n","protected":false},"featured_media":15135,"template":"","news-cat":[12],"class_list":["post-15139","news","type-news","status-publish","has-post-thumbnail","hentry","news-cat-news"],"acf":[],"yoast_head":"<!-- This site is optimized with the Yoast SEO plugin v27.5 - https:\/\/yoast.com\/product\/yoast-seo-wordpress\/ -->\n<title>President Milanovi\u0107 Discusses Zagreb Post-Earthquake Reconstruction Issues with Members of SOS Zagreb Association - President of the Republic of Croatia - Zoran Milanovi\u0107<\/title>\n<meta name=\"robots\" content=\"index, follow, max-snippet:-1, max-image-preview:large, max-video-preview:-1\" \/>\n<link rel=\"canonical\" href=\"https:\/\/www.predsjednik.hr\/en\/news\/president-milanovic-discusses-zagreb-post-earthquake-reconstruction-issues-with-members-of-sos-zagreb-association\/\" \/>\n<meta property=\"og:locale\" content=\"en_US\" \/>\n<meta property=\"og:type\" content=\"article\" \/>\n<meta property=\"og:title\" content=\"President Milanovi\u0107 Discusses Zagreb Post-Earthquake Reconstruction Issues with Members of SOS Zagreb Association - President of the Republic of Croatia - Zoran Milanovi\u0107\" \/>\n<meta property=\"og:description\" content=\"The President of the Republic Zoran Milanovi\u0107 held a meeting today at the Office of the President with members of the SOS Zagreb Association, an alliance of Zagreb residents founded a year ago that seeks to accelerate and improve the quality of post-earthquake reconstruction efforts in the city of Zagreb.\" \/>\n<meta property=\"og:url\" content=\"https:\/\/www.predsjednik.hr\/en\/news\/president-milanovic-discusses-zagreb-post-earthquake-reconstruction-issues-with-members-of-sos-zagreb-association\/\" \/>\n<meta property=\"og:site_name\" content=\"President of the Republic of Croatia - Zoran Milanovi\u0107\" \/>\n<meta property=\"article:modified_time\" content=\"2022-01-26T14:47:55+00:00\" \/>\n<meta property=\"og:image\" content=\"https:\/\/www.predsjednik.hr\/wp-content\/uploads\/2022\/01\/DSC_0858.jpg\" \/>\n\t<meta property=\"og:image:width\" content=\"6037\" \/>\n\t<meta property=\"og:image:height\" content=\"4024\" \/>\n\t<meta property=\"og:image:type\" content=\"image\/jpeg\" \/>\n<meta name=\"twitter:card\" content=\"summary_large_image\" \/>\n<meta name=\"twitter:label1\" content=\"Est. reading time\" \/>\n\t<meta name=\"twitter:data1\" content=\"2 minutes\" \/>\n<script type=\"application\/ld+json\" class=\"yoast-schema-graph\">{\"@context\":\"https:\\\/\\\/schema.org\",\"@graph\":[{\"@type\":\"WebPage\",\"@id\":\"https:\\\/\\\/www.predsjednik.hr\\\/en\\\/news\\\/president-milanovic-discusses-zagreb-post-earthquake-reconstruction-issues-with-members-of-sos-zagreb-association\\\/\",\"url\":\"https:\\\/\\\/www.predsjednik.hr\\\/en\\\/news\\\/president-milanovic-discusses-zagreb-post-earthquake-reconstruction-issues-with-members-of-sos-zagreb-association\\\/\",\"name\":\"President Milanovi\u0107 Discusses Zagreb Post-Earthquake Reconstruction Issues with Members of SOS Zagreb Association - President of the Republic of Croatia - Zoran Milanovi\u0107\",\"isPartOf\":{\"@id\":\"https:\\\/\\\/www.predsjednik.hr\\\/en\\\/#website\"},\"primaryImageOfPage\":{\"@id\":\"https:\\\/\\\/www.predsjednik.hr\\\/en\\\/news\\\/president-milanovic-discusses-zagreb-post-earthquake-reconstruction-issues-with-members-of-sos-zagreb-association\\\/#primaryimage\"},\"image\":{\"@id\":\"https:\\\/\\\/www.predsjednik.hr\\\/en\\\/news\\\/president-milanovic-discusses-zagreb-post-earthquake-reconstruction-issues-with-members-of-sos-zagreb-association\\\/#primaryimage\"},\"thumbnailUrl\":\"https:\\\/\\\/www.predsjednik.hr\\\/wp-content\\\/uploads\\\/2022\\\/01\\\/DSC_0858.jpg\",\"datePublished\":\"2022-01-26T14:47:51+00:00\",\"dateModified\":\"2022-01-26T14:47:55+00:00\",\"breadcrumb\":{\"@id\":\"https:\\\/\\\/www.predsjednik.hr\\\/en\\\/news\\\/president-milanovic-discusses-zagreb-post-earthquake-reconstruction-issues-with-members-of-sos-zagreb-association\\\/#breadcrumb\"},\"inLanguage\":\"en-US\",\"potentialAction\":[{\"@type\":\"ReadAction\",\"target\":[\"https:\\\/\\\/www.predsjednik.hr\\\/en\\\/news\\\/president-milanovic-discusses-zagreb-post-earthquake-reconstruction-issues-with-members-of-sos-zagreb-association\\\/\"]}]},{\"@type\":\"ImageObject\",\"inLanguage\":\"en-US\",\"@id\":\"https:\\\/\\\/www.predsjednik.hr\\\/en\\\/news\\\/president-milanovic-discusses-zagreb-post-earthquake-reconstruction-issues-with-members-of-sos-zagreb-association\\\/#primaryimage\",\"url\":\"https:\\\/\\\/www.predsjednik.hr\\\/wp-content\\\/uploads\\\/2022\\\/01\\\/DSC_0858.jpg\",\"contentUrl\":\"https:\\\/\\\/www.predsjednik.hr\\\/wp-content\\\/uploads\\\/2022\\\/01\\\/DSC_0858.jpg\",\"width\":6037,\"height\":4024,\"caption\":\"The President of the Republic Zoran Milanovi\u0107 held a meeting today at the Office of the President with members of the SOS Zagreb Association, an alliance of Zagreb residents founded a year ago that seeks to accelerate and improve the quality of post-earthquake reconstruction efforts in the city of Zagreb.\"},{\"@type\":\"BreadcrumbList\",\"@id\":\"https:\\\/\\\/www.predsjednik.hr\\\/en\\\/news\\\/president-milanovic-discusses-zagreb-post-earthquake-reconstruction-issues-with-members-of-sos-zagreb-association\\\/#breadcrumb\",\"itemListElement\":[{\"@type\":\"ListItem\",\"position\":1,\"name\":\"Home\",\"item\":\"https:\\\/\\\/www.predsjednik.hr\\\/en\\\/\"},{\"@type\":\"ListItem\",\"position\":2,\"name\":\"Vijesti\",\"item\":\"https:\\\/\\\/www.predsjednik.hr\\\/en\\\/news\\\/\"},{\"@type\":\"ListItem\",\"position\":3,\"name\":\"President Milanovi\u0107 Discusses Zagreb Post-Earthquake Reconstruction Issues with Members of SOS Zagreb Association\"}]},{\"@type\":\"WebSite\",\"@id\":\"https:\\\/\\\/www.predsjednik.hr\\\/en\\\/#website\",\"url\":\"https:\\\/\\\/www.predsjednik.hr\\\/en\\\/\",\"name\":\"President of the Republic of Croatia - Zoran Milanovi\u0107\",\"description\":\"Just another WordPress site\",\"potentialAction\":[{\"@type\":\"SearchAction\",\"target\":{\"@type\":\"EntryPoint\",\"urlTemplate\":\"https:\\\/\\\/www.predsjednik.hr\\\/en\\\/?s={search_term_string}\"},\"query-input\":{\"@type\":\"PropertyValueSpecification\",\"valueRequired\":true,\"valueName\":\"search_term_string\"}}],\"inLanguage\":\"en-US\"}]}<\/script>\n<!-- \/ Yoast SEO plugin. -->","yoast_head_json":{"title":"President Milanovi\u0107 Discusses Zagreb Post-Earthquake Reconstruction Issues with Members of SOS Zagreb Association - President of the Republic of Croatia - Zoran Milanovi\u0107","robots":{"index":"index","follow":"follow","max-snippet":"max-snippet:-1","max-image-preview":"max-image-preview:large","max-video-preview":"max-video-preview:-1"},"canonical":"https:\/\/www.predsjednik.hr\/en\/news\/president-milanovic-discusses-zagreb-post-earthquake-reconstruction-issues-with-members-of-sos-zagreb-association\/","og_locale":"en_US","og_type":"article","og_title":"President Milanovi\u0107 Discusses Zagreb Post-Earthquake Reconstruction Issues with Members of SOS Zagreb Association - President of the Republic of Croatia - Zoran Milanovi\u0107","og_description":"The President of the Republic Zoran Milanovi\u0107 held a meeting today at the Office of the President with members of the SOS Zagreb Association, an alliance of Zagreb residents founded a year ago that seeks to accelerate and improve the quality of post-earthquake reconstruction efforts in the city of Zagreb.","og_url":"https:\/\/www.predsjednik.hr\/en\/news\/president-milanovic-discusses-zagreb-post-earthquake-reconstruction-issues-with-members-of-sos-zagreb-association\/","og_site_name":"President of the Republic of Croatia - Zoran Milanovi\u0107","article_modified_time":"2022-01-26T14:47:55+00:00","og_image":[{"width":6037,"height":4024,"url":"https:\/\/www.predsjednik.hr\/wp-content\/uploads\/2022\/01\/DSC_0858.jpg","type":"image\/jpeg"}],"twitter_card":"summary_large_image","twitter_misc":{"Est. reading time":"2 minutes"},"schema":{"@context":"https:\/\/schema.org","@graph":[{"@type":"WebPage","@id":"https:\/\/www.predsjednik.hr\/en\/news\/president-milanovic-discusses-zagreb-post-earthquake-reconstruction-issues-with-members-of-sos-zagreb-association\/","url":"https:\/\/www.predsjednik.hr\/en\/news\/president-milanovic-discusses-zagreb-post-earthquake-reconstruction-issues-with-members-of-sos-zagreb-association\/","name":"President Milanovi\u0107 Discusses Zagreb Post-Earthquake Reconstruction Issues with Members of SOS Zagreb Association - President of the Republic of Croatia - Zoran Milanovi\u0107","isPartOf":{"@id":"https:\/\/www.predsjednik.hr\/en\/#website"},"primaryImageOfPage":{"@id":"https:\/\/www.predsjednik.hr\/en\/news\/president-milanovic-discusses-zagreb-post-earthquake-reconstruction-issues-with-members-of-sos-zagreb-association\/#primaryimage"},"image":{"@id":"https:\/\/www.predsjednik.hr\/en\/news\/president-milanovic-discusses-zagreb-post-earthquake-reconstruction-issues-with-members-of-sos-zagreb-association\/#primaryimage"},"thumbnailUrl":"https:\/\/www.predsjednik.hr\/wp-content\/uploads\/2022\/01\/DSC_0858.jpg","datePublished":"2022-01-26T14:47:51+00:00","dateModified":"2022-01-26T14:47:55+00:00","breadcrumb":{"@id":"https:\/\/www.predsjednik.hr\/en\/news\/president-milanovic-discusses-zagreb-post-earthquake-reconstruction-issues-with-members-of-sos-zagreb-association\/#breadcrumb"},"inLanguage":"en-US","potentialAction":[{"@type":"ReadAction","target":["https:\/\/www.predsjednik.hr\/en\/news\/president-milanovic-discusses-zagreb-post-earthquake-reconstruction-issues-with-members-of-sos-zagreb-association\/"]}]},{"@type":"ImageObject","inLanguage":"en-US","@id":"https:\/\/www.predsjednik.hr\/en\/news\/president-milanovic-discusses-zagreb-post-earthquake-reconstruction-issues-with-members-of-sos-zagreb-association\/#primaryimage","url":"https:\/\/www.predsjednik.hr\/wp-content\/uploads\/2022\/01\/DSC_0858.jpg","contentUrl":"https:\/\/www.predsjednik.hr\/wp-content\/uploads\/2022\/01\/DSC_0858.jpg","width":6037,"height":4024,"caption":"The President of the Republic Zoran Milanovi\u0107 held a meeting today at the Office of the President with members of the SOS Zagreb Association, an alliance of Zagreb residents founded a year ago that seeks to accelerate and improve the quality of post-earthquake reconstruction efforts in the city of Zagreb."},{"@type":"BreadcrumbList","@id":"https:\/\/www.predsjednik.hr\/en\/news\/president-milanovic-discusses-zagreb-post-earthquake-reconstruction-issues-with-members-of-sos-zagreb-association\/#breadcrumb","itemListElement":[{"@type":"ListItem","position":1,"name":"Home","item":"https:\/\/www.predsjednik.hr\/en\/"},{"@type":"ListItem","position":2,"name":"Vijesti","item":"https:\/\/www.predsjednik.hr\/en\/news\/"},{"@type":"ListItem","position":3,"name":"President Milanovi\u0107 Discusses Zagreb Post-Earthquake Reconstruction Issues with Members of SOS Zagreb Association"}]},{"@type":"WebSite","@id":"https:\/\/www.predsjednik.hr\/en\/#website","url":"https:\/\/www.predsjednik.hr\/en\/","name":"President of the Republic of Croatia - Zoran Milanovi\u0107","description":"Just another WordPress site","potentialAction":[{"@type":"SearchAction","target":{"@type":"EntryPoint","urlTemplate":"https:\/\/www.predsjednik.hr\/en\/?s={search_term_string}"},"query-input":{"@type":"PropertyValueSpecification","valueRequired":true,"valueName":"search_term_string"}}],"inLanguage":"en-US"}]}},"_links":{"self":[{"href":"https:\/\/www.predsjednik.hr\/en\/wp-json\/wp\/v2\/news\/15139","targetHints":{"allow":["GET"]}}],"collection":[{"href":"https:\/\/www.predsjednik.hr\/en\/wp-json\/wp\/v2\/news"}],"about":[{"href":"https:\/\/www.predsjednik.hr\/en\/wp-json\/wp\/v2\/types\/news"}],"wp:featuredmedia":[{"embeddable":true,"href":"https:\/\/www.predsjednik.hr\/en\/wp-json\/wp\/v2\/media\/15135"}],"wp:attachment":[{"href":"https:\/\/www.predsjednik.hr\/en\/wp-json\/wp\/v2\/media?parent=15139"}],"wp:term":[{"taxonomy":"news-cat","embeddable":true,"href":"https:\/\/www.predsjednik.hr\/en\/wp-json\/wp\/v2\/news-cat?post=15139"}],"curies":[{"name":"wp","href":"https:\/\/api.w.org\/{rel}","templated":true}]}}