{"id":15198,"date":"2022-01-31T16:30:00","date_gmt":"2022-01-31T15:30:00","guid":{"rendered":"https:\/\/www.predsjednik.hr\/?post_type=news&#038;p=15198"},"modified":"2022-01-31T16:30:02","modified_gmt":"2022-01-31T15:30:02","slug":"president-milanovic-meets-with-members-of-native-community-of-borovica-from-bosnia-and-herzegovina","status":"publish","type":"news","link":"https:\/\/www.predsjednik.hr\/en\/news\/president-milanovic-meets-with-members-of-native-community-of-borovica-from-bosnia-and-herzegovina\/","title":{"rendered":"President Milanovi\u0107 Meets with Members of Native Community of Borovica from Bosnia and Herzegovina"},"content":{"rendered":"\n<p>The President of the Republic Zoran Milanovi\u0107 met today at the Office of the President with members of the Native Community of Borovica from Bosnia and Herzegovina.<\/p>\n\n\n\n<p>Members of the Native Community of Borovica thanked President Milanovi\u0107 for genuinely fighting for the rights of Croats in Bosnia and Herzegovina and informed him about the group\u2019s activities. According to the Native Community members, their goal is to encourage Croats from Bosnia and Herzegovina, especially those who live in the central part of the country, to remain there. Through various activities, their goal is to show that Croats in central Bosnia and Herzegovina have not been forgotten or abandoned.<\/p>\n\n\n\n<p>They drew special attention to their project of erecting a statue of Saint Hedwig in Borovica, which would give Borovica a well-deserved place and lasting significance in the history of the Croats in Bosnia and Herzegovina. The Native Community of Borovica, in cooperation with the associations of Poles in Bosnia and Herzegovina, has already raised part of the funds needed for completing the project, and assistance is also expected from the Republic of Croatia, it was said at the meeting.<\/p>\n\n\n\n<p>Members also discussed with President Milanovi\u0107 the plight of the population of Borovica during the war in Bosnia and Herzegovina, the circumstances of Croats living in that area today and also the general position of Croats in the country. According to the last census, a total of 146 Croats live in Borovica, while in 1991 there were over 1,500.<\/p>\n\n\n\n<p>The delegation of the Native Community of Borovica included the Native Community and Parish of Borovica coordinator of the Saint Hedwig-Borovica worship project Mladen Miletovi\u0107, priest of the Transfiguration of the Lord Parish in Borovica Vlado Vrebac, member of the Native Community of Borovica Governing Board Tomislav Mato\u0161evi\u0107 and members of the Native Community of Borovica Zdenko \u0160imi\u0107, Sla\u0111an Be\u0161li\u0107 and Vid Vu\u010dak.<\/p>\n\n\n\n<p>Adviser to the President of the Republic for Foreign and European Policy Neven Pelicari\u0107 attended the meeting alongside President Milanovi\u0107.&nbsp;&nbsp;&nbsp;&nbsp;<\/p>\n\n\n<!--GALLERY BLOCK-->\n<div class=\"c-lightbox-gallery js-lightbox\">\n                <!--single-->\n            <a data-no-swup class=\"c-lightbox-gallery__single js-lightbox-single\"\n               href=\"https:\/\/www.predsjednik.hr\/wp-content\/uploads\/2022\/01\/DSC_1853-Copy-1024x576.jpg\"\n               style=\"background-image: url('https:\/\/www.predsjednik.hr\/wp-content\/uploads\/2022\/01\/DSC_1853-Copy-768x432.jpg')\"><\/a>\n            <!--end single-->\n                    <!--single-->\n            <a data-no-swup class=\"c-lightbox-gallery__single js-lightbox-single\"\n               href=\"https:\/\/www.predsjednik.hr\/wp-content\/uploads\/2022\/01\/DSC_1862-Copy-1024x576.jpg\"\n               style=\"background-image: url('https:\/\/www.predsjednik.hr\/wp-content\/uploads\/2022\/01\/DSC_1862-Copy-768x432.jpg')\"><\/a>\n            <!--end single-->\n                    <!--single-->\n            <a data-no-swup class=\"c-lightbox-gallery__single js-lightbox-single\"\n               href=\"https:\/\/www.predsjednik.hr\/wp-content\/uploads\/2022\/01\/DSC_1870-Copy-1024x576.jpg\"\n               style=\"background-image: url('https:\/\/www.predsjednik.hr\/wp-content\/uploads\/2022\/01\/DSC_1870-Copy-768x432.jpg')\"><\/a>\n            <!--end single-->\n        <\/div>\n<!--end GALLERY BLOCK-->\n\n\n\n<p>PHOTO: Office of the President of the Republic of Croatia \/ Tomislav Bu\u0161ljeta<\/p>\n","protected":false},"excerpt":{"rendered":"<p>Members of the Native Community of Borovica thanked President Milanovi\u0107 for genuinely fighting for the rights of Croats in Bosnia and Herzegovina and informed him about the group\u2019s activities. According to the Native Community members, their goal is to encourage Croats from Bosnia and Herzegovina, especially those who live in the central part of the country, to remain there. Through various activities, their goal is to show that Croats in central Bosnia and Herzegovina have not been forgotten or abandoned.<\/p>\n","protected":false},"featured_media":15185,"template":"","news-cat":[12],"class_list":["post-15198","news","type-news","status-publish","has-post-thumbnail","hentry","news-cat-news"],"acf":[],"yoast_head":"<!-- This site is optimized with the Yoast SEO plugin v27.5 - https:\/\/yoast.com\/product\/yoast-seo-wordpress\/ -->\n<title>President Milanovi\u0107 Meets with Members of Native Community of Borovica from Bosnia and Herzegovina - President of the Republic of Croatia - Zoran Milanovi\u0107<\/title>\n<meta name=\"robots\" content=\"index, follow, max-snippet:-1, max-image-preview:large, max-video-preview:-1\" \/>\n<link rel=\"canonical\" href=\"https:\/\/www.predsjednik.hr\/en\/news\/president-milanovic-meets-with-members-of-native-community-of-borovica-from-bosnia-and-herzegovina\/\" \/>\n<meta property=\"og:locale\" content=\"en_US\" \/>\n<meta property=\"og:type\" content=\"article\" \/>\n<meta property=\"og:title\" content=\"President Milanovi\u0107 Meets with Members of Native Community of Borovica from Bosnia and Herzegovina - President of the Republic of Croatia - Zoran Milanovi\u0107\" \/>\n<meta property=\"og:description\" content=\"Members of the Native Community of Borovica thanked President Milanovi\u0107 for genuinely fighting for the rights of Croats in Bosnia and Herzegovina and informed him about the group\u2019s activities. According to the Native Community members, their goal is to encourage Croats from Bosnia and Herzegovina, especially those who live in the central part of the country, to remain there. Through various activities, their goal is to show that Croats in central Bosnia and Herzegovina have not been forgotten or abandoned.\" \/>\n<meta property=\"og:url\" content=\"https:\/\/www.predsjednik.hr\/en\/news\/president-milanovic-meets-with-members-of-native-community-of-borovica-from-bosnia-and-herzegovina\/\" \/>\n<meta property=\"og:site_name\" content=\"President of the Republic of Croatia - Zoran Milanovi\u0107\" \/>\n<meta property=\"article:modified_time\" content=\"2022-01-31T15:30:02+00:00\" \/>\n<meta property=\"og:image\" content=\"https:\/\/www.predsjednik.hr\/wp-content\/uploads\/2022\/01\/DSC_1870-Copy.jpg\" \/>\n\t<meta property=\"og:image:width\" content=\"5826\" \/>\n\t<meta property=\"og:image:height\" content=\"3277\" \/>\n\t<meta property=\"og:image:type\" content=\"image\/jpeg\" \/>\n<meta name=\"twitter:card\" content=\"summary_large_image\" \/>\n<meta name=\"twitter:label1\" content=\"Est. reading time\" \/>\n\t<meta name=\"twitter:data1\" content=\"2 minutes\" \/>\n<script type=\"application\/ld+json\" class=\"yoast-schema-graph\">{\"@context\":\"https:\\\/\\\/schema.org\",\"@graph\":[{\"@type\":\"WebPage\",\"@id\":\"https:\\\/\\\/www.predsjednik.hr\\\/en\\\/news\\\/president-milanovic-meets-with-members-of-native-community-of-borovica-from-bosnia-and-herzegovina\\\/\",\"url\":\"https:\\\/\\\/www.predsjednik.hr\\\/en\\\/news\\\/president-milanovic-meets-with-members-of-native-community-of-borovica-from-bosnia-and-herzegovina\\\/\",\"name\":\"President Milanovi\u0107 Meets with Members of Native Community of Borovica from Bosnia and Herzegovina - President of the Republic of Croatia - Zoran Milanovi\u0107\",\"isPartOf\":{\"@id\":\"https:\\\/\\\/www.predsjednik.hr\\\/en\\\/#website\"},\"primaryImageOfPage\":{\"@id\":\"https:\\\/\\\/www.predsjednik.hr\\\/en\\\/news\\\/president-milanovic-meets-with-members-of-native-community-of-borovica-from-bosnia-and-herzegovina\\\/#primaryimage\"},\"image\":{\"@id\":\"https:\\\/\\\/www.predsjednik.hr\\\/en\\\/news\\\/president-milanovic-meets-with-members-of-native-community-of-borovica-from-bosnia-and-herzegovina\\\/#primaryimage\"},\"thumbnailUrl\":\"https:\\\/\\\/www.predsjednik.hr\\\/wp-content\\\/uploads\\\/2022\\\/01\\\/DSC_1870-Copy.jpg\",\"datePublished\":\"2022-01-31T15:30:00+00:00\",\"dateModified\":\"2022-01-31T15:30:02+00:00\",\"breadcrumb\":{\"@id\":\"https:\\\/\\\/www.predsjednik.hr\\\/en\\\/news\\\/president-milanovic-meets-with-members-of-native-community-of-borovica-from-bosnia-and-herzegovina\\\/#breadcrumb\"},\"inLanguage\":\"en-US\",\"potentialAction\":[{\"@type\":\"ReadAction\",\"target\":[\"https:\\\/\\\/www.predsjednik.hr\\\/en\\\/news\\\/president-milanovic-meets-with-members-of-native-community-of-borovica-from-bosnia-and-herzegovina\\\/\"]}]},{\"@type\":\"ImageObject\",\"inLanguage\":\"en-US\",\"@id\":\"https:\\\/\\\/www.predsjednik.hr\\\/en\\\/news\\\/president-milanovic-meets-with-members-of-native-community-of-borovica-from-bosnia-and-herzegovina\\\/#primaryimage\",\"url\":\"https:\\\/\\\/www.predsjednik.hr\\\/wp-content\\\/uploads\\\/2022\\\/01\\\/DSC_1870-Copy.jpg\",\"contentUrl\":\"https:\\\/\\\/www.predsjednik.hr\\\/wp-content\\\/uploads\\\/2022\\\/01\\\/DSC_1870-Copy.jpg\",\"width\":5826,\"height\":3277,\"caption\":\"President Milanovi\u0107 Meets with Members of Native Community of Borovica from Bosnia and Herzegovina\"},{\"@type\":\"BreadcrumbList\",\"@id\":\"https:\\\/\\\/www.predsjednik.hr\\\/en\\\/news\\\/president-milanovic-meets-with-members-of-native-community-of-borovica-from-bosnia-and-herzegovina\\\/#breadcrumb\",\"itemListElement\":[{\"@type\":\"ListItem\",\"position\":1,\"name\":\"Home\",\"item\":\"https:\\\/\\\/www.predsjednik.hr\\\/en\\\/\"},{\"@type\":\"ListItem\",\"position\":2,\"name\":\"Vijesti\",\"item\":\"https:\\\/\\\/www.predsjednik.hr\\\/en\\\/news\\\/\"},{\"@type\":\"ListItem\",\"position\":3,\"name\":\"President Milanovi\u0107 Meets with Members of Native Community of Borovica from Bosnia and Herzegovina\"}]},{\"@type\":\"WebSite\",\"@id\":\"https:\\\/\\\/www.predsjednik.hr\\\/en\\\/#website\",\"url\":\"https:\\\/\\\/www.predsjednik.hr\\\/en\\\/\",\"name\":\"President of the Republic of Croatia - Zoran Milanovi\u0107\",\"description\":\"Just another WordPress site\",\"potentialAction\":[{\"@type\":\"SearchAction\",\"target\":{\"@type\":\"EntryPoint\",\"urlTemplate\":\"https:\\\/\\\/www.predsjednik.hr\\\/en\\\/?s={search_term_string}\"},\"query-input\":{\"@type\":\"PropertyValueSpecification\",\"valueRequired\":true,\"valueName\":\"search_term_string\"}}],\"inLanguage\":\"en-US\"}]}<\/script>\n<!-- \/ Yoast SEO plugin. -->","yoast_head_json":{"title":"President Milanovi\u0107 Meets with Members of Native Community of Borovica from Bosnia and Herzegovina - President of the Republic of Croatia - Zoran Milanovi\u0107","robots":{"index":"index","follow":"follow","max-snippet":"max-snippet:-1","max-image-preview":"max-image-preview:large","max-video-preview":"max-video-preview:-1"},"canonical":"https:\/\/www.predsjednik.hr\/en\/news\/president-milanovic-meets-with-members-of-native-community-of-borovica-from-bosnia-and-herzegovina\/","og_locale":"en_US","og_type":"article","og_title":"President Milanovi\u0107 Meets with Members of Native Community of Borovica from Bosnia and Herzegovina - President of the Republic of Croatia - Zoran Milanovi\u0107","og_description":"Members of the Native Community of Borovica thanked President Milanovi\u0107 for genuinely fighting for the rights of Croats in Bosnia and Herzegovina and informed him about the group\u2019s activities. According to the Native Community members, their goal is to encourage Croats from Bosnia and Herzegovina, especially those who live in the central part of the country, to remain there. Through various activities, their goal is to show that Croats in central Bosnia and Herzegovina have not been forgotten or abandoned.","og_url":"https:\/\/www.predsjednik.hr\/en\/news\/president-milanovic-meets-with-members-of-native-community-of-borovica-from-bosnia-and-herzegovina\/","og_site_name":"President of the Republic of Croatia - Zoran Milanovi\u0107","article_modified_time":"2022-01-31T15:30:02+00:00","og_image":[{"width":5826,"height":3277,"url":"https:\/\/www.predsjednik.hr\/wp-content\/uploads\/2022\/01\/DSC_1870-Copy.jpg","type":"image\/jpeg"}],"twitter_card":"summary_large_image","twitter_misc":{"Est. reading time":"2 minutes"},"schema":{"@context":"https:\/\/schema.org","@graph":[{"@type":"WebPage","@id":"https:\/\/www.predsjednik.hr\/en\/news\/president-milanovic-meets-with-members-of-native-community-of-borovica-from-bosnia-and-herzegovina\/","url":"https:\/\/www.predsjednik.hr\/en\/news\/president-milanovic-meets-with-members-of-native-community-of-borovica-from-bosnia-and-herzegovina\/","name":"President Milanovi\u0107 Meets with Members of Native Community of Borovica from Bosnia and Herzegovina - President of the Republic of Croatia - Zoran Milanovi\u0107","isPartOf":{"@id":"https:\/\/www.predsjednik.hr\/en\/#website"},"primaryImageOfPage":{"@id":"https:\/\/www.predsjednik.hr\/en\/news\/president-milanovic-meets-with-members-of-native-community-of-borovica-from-bosnia-and-herzegovina\/#primaryimage"},"image":{"@id":"https:\/\/www.predsjednik.hr\/en\/news\/president-milanovic-meets-with-members-of-native-community-of-borovica-from-bosnia-and-herzegovina\/#primaryimage"},"thumbnailUrl":"https:\/\/www.predsjednik.hr\/wp-content\/uploads\/2022\/01\/DSC_1870-Copy.jpg","datePublished":"2022-01-31T15:30:00+00:00","dateModified":"2022-01-31T15:30:02+00:00","breadcrumb":{"@id":"https:\/\/www.predsjednik.hr\/en\/news\/president-milanovic-meets-with-members-of-native-community-of-borovica-from-bosnia-and-herzegovina\/#breadcrumb"},"inLanguage":"en-US","potentialAction":[{"@type":"ReadAction","target":["https:\/\/www.predsjednik.hr\/en\/news\/president-milanovic-meets-with-members-of-native-community-of-borovica-from-bosnia-and-herzegovina\/"]}]},{"@type":"ImageObject","inLanguage":"en-US","@id":"https:\/\/www.predsjednik.hr\/en\/news\/president-milanovic-meets-with-members-of-native-community-of-borovica-from-bosnia-and-herzegovina\/#primaryimage","url":"https:\/\/www.predsjednik.hr\/wp-content\/uploads\/2022\/01\/DSC_1870-Copy.jpg","contentUrl":"https:\/\/www.predsjednik.hr\/wp-content\/uploads\/2022\/01\/DSC_1870-Copy.jpg","width":5826,"height":3277,"caption":"President Milanovi\u0107 Meets with Members of Native Community of Borovica from Bosnia and Herzegovina"},{"@type":"BreadcrumbList","@id":"https:\/\/www.predsjednik.hr\/en\/news\/president-milanovic-meets-with-members-of-native-community-of-borovica-from-bosnia-and-herzegovina\/#breadcrumb","itemListElement":[{"@type":"ListItem","position":1,"name":"Home","item":"https:\/\/www.predsjednik.hr\/en\/"},{"@type":"ListItem","position":2,"name":"Vijesti","item":"https:\/\/www.predsjednik.hr\/en\/news\/"},{"@type":"ListItem","position":3,"name":"President Milanovi\u0107 Meets with Members of Native Community of Borovica from Bosnia and Herzegovina"}]},{"@type":"WebSite","@id":"https:\/\/www.predsjednik.hr\/en\/#website","url":"https:\/\/www.predsjednik.hr\/en\/","name":"President of the Republic of Croatia - Zoran Milanovi\u0107","description":"Just another WordPress site","potentialAction":[{"@type":"SearchAction","target":{"@type":"EntryPoint","urlTemplate":"https:\/\/www.predsjednik.hr\/en\/?s={search_term_string}"},"query-input":{"@type":"PropertyValueSpecification","valueRequired":true,"valueName":"search_term_string"}}],"inLanguage":"en-US"}]}},"_links":{"self":[{"href":"https:\/\/www.predsjednik.hr\/en\/wp-json\/wp\/v2\/news\/15198","targetHints":{"allow":["GET"]}}],"collection":[{"href":"https:\/\/www.predsjednik.hr\/en\/wp-json\/wp\/v2\/news"}],"about":[{"href":"https:\/\/www.predsjednik.hr\/en\/wp-json\/wp\/v2\/types\/news"}],"wp:featuredmedia":[{"embeddable":true,"href":"https:\/\/www.predsjednik.hr\/en\/wp-json\/wp\/v2\/media\/15185"}],"wp:attachment":[{"href":"https:\/\/www.predsjednik.hr\/en\/wp-json\/wp\/v2\/media?parent=15198"}],"wp:term":[{"taxonomy":"news-cat","embeddable":true,"href":"https:\/\/www.predsjednik.hr\/en\/wp-json\/wp\/v2\/news-cat?post=15198"}],"curies":[{"name":"wp","href":"https:\/\/api.w.org\/{rel}","templated":true}]}}